{"id":6167,"date":"2025-10-06T00:05:28","date_gmt":"2025-10-06T03:05:28","guid":{"rendered":"https:\/\/fmgente.com.ar\/el-drama-que-sufre-tamara-baez-tras-separarse-de-su-novio-que-alarmo-a-todos-depresiva\/"},"modified":"2025-10-06T00:05:28","modified_gmt":"2025-10-06T03:05:28","slug":"el-drama-que-sufre-tamara-baez-tras-separarse-de-su-novio-que-alarmo-a-todos-depresiva","status":"publish","type":"post","link":"https:\/\/fmgente.com.ar\/web\/el-drama-que-sufre-tamara-baez-tras-separarse-de-su-novio-que-alarmo-a-todos-depresiva\/","title":{"rendered":"El drama que sufre Tamara B\u00e1ez tras separarse de su novio que alarm\u00f3 a todos: &quot;Depresiva&quot;"},"content":{"rendered":"<p><strong><a href=\"https:\/\/www.paparazzi.com.ar\/?s=Tamara+B%C3%A1ez\">Tamara B\u00e1ez<\/a><\/strong>, ex pareja de <strong><a href=\"https:\/\/www.paparazzi.com.ar\/?s=L-Gante\">L-Gante<\/a><\/strong>, sorprendi\u00f3 a sus seguidores al sincerarse sobre su estado emocional en redes sociales. A casi dos meses de su separaci\u00f3n de <strong><a href=\"https:\/\/www.paparazzi.com.ar\/?s=Thiago+Mart%C3%ADnez\">Thiago Mart\u00ednez<\/a><\/strong>, la influencer comparti\u00f3 detalles de la situaci\u00f3n que la tiene atravesando un momento delicado.<\/p>\n<p>A trav\u00e9s de historias de Instagram, Tamara cont\u00f3 que decidi\u00f3 quedarse en su casa tras experimentar algunos d\u00edas de tristeza. En ese contexto, abri\u00f3 una cajita de preguntas y respuestas para recibir apoyo de sus fans. Una seguidora le coment\u00f3: <em>\u201cSe viene la lluvia\u201d<\/em>.<\/p>\n<p>A lo que B\u00e1ez respondi\u00f3: <em>\u201cLo s\u00e9. Tambi\u00e9n hay que permitirse estar triste, llorar y largar todo lo que hace mal\u00bb<\/em>. La influencer recibi\u00f3 numerosos mensajes de contenci\u00f3n. <em>\u201cTodo va a estar bien, Tami. A veces las malas rachas suelen ser el comienzo de algo mejor\u201d<\/em>, le aconsej\u00f3 una usuaria. <\/p>\n<div class=\"mt-box \">\n<h4 class=\"mt-heading\">Mir\u00e1 Tambi\u00e9n<\/h4>\n<p><a href=\"https:\/\/www.paparazzi.com.ar\/looks\/exclusivo-los-looks-de-los-famosos-en-los-martin-fierro-de-television-2025\/\"><\/p>\n<div class=\"mt-content\">\n<div class=\"mt-image-container\"><img decoding=\"async\" src=\"https:\/\/www.paparazzi.com.ar\/wp-content\/uploads\/2025\/09\/Martin-Fierro-359x226.jpg\" alt=\"\u00a1Exclusivo! Los looks de los famosos en los Mart\u00edn Fierro de Televisi\u00f3n 2025\" class=\"mt-image\" loading=\"lazy\" \/><\/div>\n<h5 class=\"mt-title\">\u00a1Exclusivo! Los looks de los famosos en los Mart\u00edn Fierro de Televisi\u00f3n 2025<\/h5>\n<\/div>\n<p><\/a><\/div>\n<p>Tamara agradeci\u00f3 el apoyo y respondi\u00f3:<em> \u201cLas amo\u201d<\/em>. La interacci\u00f3n evidencia la cercan\u00eda que mantiene la figura p\u00fablica con su comunidad y c\u00f3mo las redes sociales se convierten en un espacio de contenci\u00f3n para quienes atraviesan dificultades personales.<\/p>\n<p>Adem\u00e1s de su sinceridad emocional, Tamara comparti\u00f3 un mensaje m\u00e1s enigm\u00e1tico relacionado con su expareja. Public\u00f3 un clip en el que una pareja aparece con gestos muy compinches mientras viaja en auto y escribi\u00f3:<em> \u201cTodo me recuerda a \u00e9l\u201d<\/em>.<\/p>\n<div class=\"mt-box \">\n<h4 class=\"mt-heading\">Mir\u00e1 Tambi\u00e9n<\/h4>\n<p><a href=\"https:\/\/www.paparazzi.com.ar\/teve\/el-emotivo-gesto-de-l-gante-y-tamara-baez-por-los-4-anos-de-su-hija-jamaica\/\"><\/p>\n<div class=\"mt-content\">\n<div class=\"mt-image-container\"><img decoding=\"async\" src=\"https:\/\/www.paparazzi.com.ar\/wp-content\/uploads\/2024\/10\/l-gante-tamara-baez-multas-11.png.webp\" alt=\"\u00bfReconciliados? El gesto de amor de L-Gante y Tamara B\u00e1ez por los 4 a\u00f1os de su hija\" class=\"mt-image\" loading=\"lazy\" \/><\/div>\n<h5 class=\"mt-title\">\u00bfReconciliados? El gesto de amor de L-Gante y Tamara B\u00e1ez por los 4 a\u00f1os de su hija<\/h5>\n<\/div>\n<p><\/a><\/div>\n<p>La publicaci\u00f3n gener\u00f3 especulaciones sobre sus sentimientos hacia Thiago Mart\u00ednez, a pesar de que previamente hab\u00eda dejado claro que disfruta de su solter\u00eda y que prioriza su v\u00ednculo familiar con L-Gante por el bienestar de su hija Jamaica.<\/p>\n<p>La separaci\u00f3n se hizo evidente cuando Tamara borr\u00f3 de su Instagram todas las fotos con Thiago y comenz\u00f3 a publicar frases sugestivas y de cuentas motivacionales que daban a entender el fin de la relaci\u00f3n. <\/p>\n<div class=\"mt-box \">\n<h4 class=\"mt-heading\">Mir\u00e1 Tambi\u00e9n<\/h4>\n<p><a href=\"https:\/\/www.paparazzi.com.ar\/romances\/y-wanda-nara-l-gante-confirmo-que-quiere-salir-con-evangelina-anderson-y-armo-un-escandalo\/\"><\/p>\n<div class=\"mt-content\">\n<div class=\"mt-image-container\"><img decoding=\"async\" src=\"https:\/\/www.paparazzi.com.ar\/wp-content\/uploads\/2025\/09\/L-Gante-y-Eva-Anderson-359x226.jpg\" alt=\"\u00bfY Wanda Nara? L-Gante confirm\u00f3 que quiere salir con Evangelina Anderson y arm\u00f3 un esc\u00e1ndalo\" class=\"mt-image\" loading=\"lazy\" \/><\/div>\n<h5 class=\"mt-title\">\u00bfY Wanda Nara? L-Gante confirm\u00f3 que quiere salir con Evangelina Anderson y arm\u00f3 un esc\u00e1ndalo<\/h5>\n<\/div>\n<p><\/a><\/div>\n<p>Por su parte, L-Gante comparti\u00f3 una postal que algunos interpretaron como una posible reconciliaci\u00f3n de la cual se habl\u00f3 por semanas, aunque posteriormente aclararon que solo buscan mantener una relaci\u00f3n cordial por la hija en com\u00fan.<\/p>\n<p>Tamara B\u00e1ez atraviesa un momento emocionalmente complejo que decidi\u00f3 compartir con sus seguidores. Entre reflexiones sobre la tristeza y mensajes enigm\u00e1ticos relacionados con su expareja, la influencer mantiene una relaci\u00f3n cercana con su comunidad, que no dud\u00f3 en brindarle apoyo. <\/p>\n<figure class=\"wp-block-image size-large\"><img decoding=\"async\" src=\"https:\/\/www.paparazzi.com.ar\/wp-content\/uploads\/2025\/10\/image-52-1024x574.png.webp\" loading=\"lazy\" alt=\"\" class=\"wp-image-446522\" \/><\/figure>\n<figure class=\"wp-block-image size-large\"><img decoding=\"async\" src=\"https:\/\/www.paparazzi.com.ar\/wp-content\/uploads\/2025\/10\/image-53-619x1024.png.webp\" loading=\"lazy\" alt=\"\" class=\"wp-image-446523\" \/><\/figure>\n<figure class=\"wp-block-image size-large\"><img decoding=\"async\" src=\"https:\/\/www.paparazzi.com.ar\/wp-content\/uploads\/2025\/10\/image-54-581x1024.png.webp\" loading=\"lazy\" alt=\"\" class=\"wp-image-446524\" \/><\/figure>\n<div class=\"mt-box \">\n<h4 class=\"mt-heading\">Mir\u00e1 Tambi\u00e9n<\/h4>\n<p><a href=\"https:\/\/www.paparazzi.com.ar\/teve\/como-es-el-polemico-acuerdo-economico-de-l-gante-y-su-ex-tamara-baez\/\"><\/p>\n<div class=\"mt-content\">\n<div class=\"mt-image-container\"><img decoding=\"async\" src=\"https:\/\/www.paparazzi.com.ar\/wp-content\/uploads\/2025\/09\/image-10-359x226.png\" alt=\"C\u00f3mo es el pol\u00e9mico acuerdo econ\u00f3mico de L-Gante y su ex Tamara B\u00e1ez\" class=\"mt-image\" loading=\"lazy\" \/><\/div>\n<h5 class=\"mt-title\">C\u00f3mo es el pol\u00e9mico acuerdo econ\u00f3mico de L-Gante y su ex Tamara B\u00e1ez<\/h5>\n<\/div>\n<p><\/a><\/div>\n<div class=\"mt-box \">\n<h4 class=\"mt-heading\">Mir\u00e1 Tambi\u00e9n<\/h4>\n<p><a href=\"https:\/\/www.paparazzi.com.ar\/teve\/la-foto-de-l-gante-firmando-un-acuerdo-privado-con-tamara-baez-que-causo-polemica\/\"><\/p>\n<div class=\"mt-content\">\n<div class=\"mt-image-container\"><img decoding=\"async\" src=\"https:\/\/www.paparazzi.com.ar\/wp-content\/uploads\/2025\/08\/image-189-359x226.png\" alt=\"La foto de L-Gante firmando un acuerdo privado con Tamara B\u00e1ez que caus\u00f3 pol\u00e9mica\" class=\"mt-image\" loading=\"lazy\" \/><\/div>\n<h5 class=\"mt-title\">La foto de L-Gante firmando un acuerdo privado con Tamara B\u00e1ez que caus\u00f3 pol\u00e9mica<\/h5>\n<\/div>\n<p><\/a><\/div>\n<p>The post <a href=\"https:\/\/www.paparazzi.com.ar\/romances\/el-drama-que-sufre-tamara-baez-tras-separarse-de-su-novio-que-alarmo-a-todos-depresiva\/\">El drama que sufre Tamara B\u00e1ez tras separarse de su novio que alarm\u00f3 a todos: &quot;Depresiva&quot;<\/a> appeared first on <a href=\"https:\/\/www.paparazzi.com.ar\">Revista Paparazzi<\/a>.<\/p>\n","protected":false},"excerpt":{"rendered":"<p>Tamara B\u00e1ez, ex pareja de L-Gante, sorprendi\u00f3 a sus seguidores al sincerarse sobre su estado<\/p>\n","protected":false},"author":0,"featured_media":6168,"comment_status":"","ping_status":"","sticky":false,"template":"","format":"standard","meta":{"footnotes":""},"categories":[11],"tags":[],"class_list":["post-6167","post","type-post","status-publish","format-standard","has-post-thumbnail","hentry","category-destacadas"],"yoast_head":"<!-- This site is optimized with the Yoast SEO plugin v28.3 - https:\/\/yoast.com\/product\/yoast-seo-wordpress\/ -->\n<title>El drama que sufre Tamara B\u00e1ez tras separarse de su novio que alarm\u00f3 a todos: &quot;Depresiva&quot; - Fm Gente<\/title>\n<meta name=\"robots\" content=\"index, follow, max-snippet:-1, max-image-preview:large, max-video-preview:-1\" \/>\n<link rel=\"canonical\" href=\"https:\/\/fmgente.com.ar\/web\/el-drama-que-sufre-tamara-baez-tras-separarse-de-su-novio-que-alarmo-a-todos-depresiva\/\" \/>\n<meta property=\"og:locale\" content=\"es_ES\" \/>\n<meta property=\"og:type\" content=\"article\" \/>\n<meta property=\"og:title\" content=\"El drama que sufre Tamara B\u00e1ez tras separarse de su novio que alarm\u00f3 a todos: &quot;Depresiva&quot; - Fm Gente\" \/>\n<meta property=\"og:description\" content=\"Tamara B\u00e1ez, ex pareja de L-Gante, sorprendi\u00f3 a sus seguidores al sincerarse sobre su estado\" \/>\n<meta property=\"og:url\" content=\"https:\/\/fmgente.com.ar\/web\/el-drama-que-sufre-tamara-baez-tras-separarse-de-su-novio-que-alarmo-a-todos-depresiva\/\" \/>\n<meta property=\"og:site_name\" content=\"Fm Gente\" \/>\n<meta property=\"article:published_time\" content=\"2025-10-06T03:05:28+00:00\" \/>\n<meta property=\"og:image\" content=\"https:\/\/fmgente.com.ar\/web\/wp-content\/uploads\/2025\/10\/Martin-Fierro-359x226-4.jpg\" \/>\n\t<meta property=\"og:image:width\" content=\"359\" \/>\n\t<meta property=\"og:image:height\" content=\"226\" \/>\n\t<meta property=\"og:image:type\" content=\"image\/jpeg\" \/>\n<meta name=\"twitter:card\" content=\"summary_large_image\" \/>\n<meta name=\"twitter:label1\" content=\"Tiempo de lectura\" \/>\n\t<meta name=\"twitter:data1\" content=\"3 minutos\" \/>\n<script type=\"application\/ld+json\" class=\"yoast-schema-graph\">{\"@context\":\"https:\\\/\\\/schema.org\",\"@graph\":[{\"@type\":\"Article\",\"@id\":\"https:\\\/\\\/fmgente.com.ar\\\/web\\\/el-drama-que-sufre-tamara-baez-tras-separarse-de-su-novio-que-alarmo-a-todos-depresiva\\\/#article\",\"isPartOf\":{\"@id\":\"https:\\\/\\\/fmgente.com.ar\\\/web\\\/el-drama-que-sufre-tamara-baez-tras-separarse-de-su-novio-que-alarmo-a-todos-depresiva\\\/\"},\"author\":{\"name\":\"\",\"@id\":\"\"},\"headline\":\"El drama que sufre Tamara B\u00e1ez tras separarse de su novio que alarm\u00f3 a todos: &quot;Depresiva&quot;\",\"datePublished\":\"2025-10-06T03:05:28+00:00\",\"mainEntityOfPage\":{\"@id\":\"https:\\\/\\\/fmgente.com.ar\\\/web\\\/el-drama-que-sufre-tamara-baez-tras-separarse-de-su-novio-que-alarmo-a-todos-depresiva\\\/\"},\"wordCount\":534,\"publisher\":{\"@id\":\"https:\\\/\\\/fmgente.com.ar\\\/web\\\/#organization\"},\"image\":{\"@id\":\"https:\\\/\\\/fmgente.com.ar\\\/web\\\/el-drama-que-sufre-tamara-baez-tras-separarse-de-su-novio-que-alarmo-a-todos-depresiva\\\/#primaryimage\"},\"thumbnailUrl\":\"https:\\\/\\\/fmgente.com.ar\\\/web\\\/wp-content\\\/uploads\\\/2025\\\/10\\\/Martin-Fierro-359x226-4.jpg\",\"articleSection\":[\"DESTACADAS\"],\"inLanguage\":\"es\"},{\"@type\":\"WebPage\",\"@id\":\"https:\\\/\\\/fmgente.com.ar\\\/web\\\/el-drama-que-sufre-tamara-baez-tras-separarse-de-su-novio-que-alarmo-a-todos-depresiva\\\/\",\"url\":\"https:\\\/\\\/fmgente.com.ar\\\/web\\\/el-drama-que-sufre-tamara-baez-tras-separarse-de-su-novio-que-alarmo-a-todos-depresiva\\\/\",\"name\":\"El drama que sufre Tamara B\u00e1ez tras separarse de su novio que alarm\u00f3 a todos: &quot;Depresiva&quot; - Fm Gente\",\"isPartOf\":{\"@id\":\"https:\\\/\\\/fmgente.com.ar\\\/web\\\/#website\"},\"primaryImageOfPage\":{\"@id\":\"https:\\\/\\\/fmgente.com.ar\\\/web\\\/el-drama-que-sufre-tamara-baez-tras-separarse-de-su-novio-que-alarmo-a-todos-depresiva\\\/#primaryimage\"},\"image\":{\"@id\":\"https:\\\/\\\/fmgente.com.ar\\\/web\\\/el-drama-que-sufre-tamara-baez-tras-separarse-de-su-novio-que-alarmo-a-todos-depresiva\\\/#primaryimage\"},\"thumbnailUrl\":\"https:\\\/\\\/fmgente.com.ar\\\/web\\\/wp-content\\\/uploads\\\/2025\\\/10\\\/Martin-Fierro-359x226-4.jpg\",\"datePublished\":\"2025-10-06T03:05:28+00:00\",\"inLanguage\":\"es\",\"potentialAction\":[{\"@type\":\"ReadAction\",\"target\":[\"https:\\\/\\\/fmgente.com.ar\\\/web\\\/el-drama-que-sufre-tamara-baez-tras-separarse-de-su-novio-que-alarmo-a-todos-depresiva\\\/\"]}]},{\"@type\":\"ImageObject\",\"inLanguage\":\"es\",\"@id\":\"https:\\\/\\\/fmgente.com.ar\\\/web\\\/el-drama-que-sufre-tamara-baez-tras-separarse-de-su-novio-que-alarmo-a-todos-depresiva\\\/#primaryimage\",\"url\":\"https:\\\/\\\/fmgente.com.ar\\\/web\\\/wp-content\\\/uploads\\\/2025\\\/10\\\/Martin-Fierro-359x226-4.jpg\",\"contentUrl\":\"https:\\\/\\\/fmgente.com.ar\\\/web\\\/wp-content\\\/uploads\\\/2025\\\/10\\\/Martin-Fierro-359x226-4.jpg\",\"width\":359,\"height\":226},{\"@type\":\"WebSite\",\"@id\":\"https:\\\/\\\/fmgente.com.ar\\\/web\\\/#website\",\"url\":\"https:\\\/\\\/fmgente.com.ar\\\/web\\\/\",\"name\":\"Fm Gente\",\"description\":\"- Jes\u00fas Mar\u00eda\",\"publisher\":{\"@id\":\"https:\\\/\\\/fmgente.com.ar\\\/web\\\/#organization\"},\"potentialAction\":[{\"@type\":\"SearchAction\",\"target\":{\"@type\":\"EntryPoint\",\"urlTemplate\":\"https:\\\/\\\/fmgente.com.ar\\\/web\\\/?s={search_term_string}\"},\"query-input\":{\"@type\":\"PropertyValueSpecification\",\"valueRequired\":true,\"valueName\":\"search_term_string\"}}],\"inLanguage\":\"es\"},{\"@type\":\"Organization\",\"@id\":\"https:\\\/\\\/fmgente.com.ar\\\/web\\\/#organization\",\"name\":\"Fm Gente\",\"url\":\"https:\\\/\\\/fmgente.com.ar\\\/web\\\/\",\"logo\":{\"@type\":\"ImageObject\",\"inLanguage\":\"es\",\"@id\":\"https:\\\/\\\/fmgente.com.ar\\\/web\\\/#\\\/schema\\\/logo\\\/image\\\/\",\"url\":\"https:\\\/\\\/fmgente.com.ar\\\/web\\\/wp-content\\\/uploads\\\/2023\\\/07\\\/cropped-cropped-logo-sombra2.png\",\"contentUrl\":\"https:\\\/\\\/fmgente.com.ar\\\/web\\\/wp-content\\\/uploads\\\/2023\\\/07\\\/cropped-cropped-logo-sombra2.png\",\"width\":1782,\"height\":1782,\"caption\":\"Fm Gente\"},\"image\":{\"@id\":\"https:\\\/\\\/fmgente.com.ar\\\/web\\\/#\\\/schema\\\/logo\\\/image\\\/\"}}]}<\/script>\n<!-- \/ Yoast SEO plugin. -->","yoast_head_json":{"title":"El drama que sufre Tamara B\u00e1ez tras separarse de su novio que alarm\u00f3 a todos: &quot;Depresiva&quot; - Fm Gente","robots":{"index":"index","follow":"follow","max-snippet":"max-snippet:-1","max-image-preview":"max-image-preview:large","max-video-preview":"max-video-preview:-1"},"canonical":"https:\/\/fmgente.com.ar\/web\/el-drama-que-sufre-tamara-baez-tras-separarse-de-su-novio-que-alarmo-a-todos-depresiva\/","og_locale":"es_ES","og_type":"article","og_title":"El drama que sufre Tamara B\u00e1ez tras separarse de su novio que alarm\u00f3 a todos: &quot;Depresiva&quot; - Fm Gente","og_description":"Tamara B\u00e1ez, ex pareja de L-Gante, sorprendi\u00f3 a sus seguidores al sincerarse sobre su estado","og_url":"https:\/\/fmgente.com.ar\/web\/el-drama-que-sufre-tamara-baez-tras-separarse-de-su-novio-que-alarmo-a-todos-depresiva\/","og_site_name":"Fm Gente","article_published_time":"2025-10-06T03:05:28+00:00","og_image":[{"width":359,"height":226,"url":"https:\/\/fmgente.com.ar\/web\/wp-content\/uploads\/2025\/10\/Martin-Fierro-359x226-4.jpg","type":"image\/jpeg"}],"twitter_card":"summary_large_image","twitter_misc":{"Tiempo de lectura":"3 minutos"},"schema":{"@context":"https:\/\/schema.org","@graph":[{"@type":"Article","@id":"https:\/\/fmgente.com.ar\/web\/el-drama-que-sufre-tamara-baez-tras-separarse-de-su-novio-que-alarmo-a-todos-depresiva\/#article","isPartOf":{"@id":"https:\/\/fmgente.com.ar\/web\/el-drama-que-sufre-tamara-baez-tras-separarse-de-su-novio-que-alarmo-a-todos-depresiva\/"},"author":{"name":"","@id":""},"headline":"El drama que sufre Tamara B\u00e1ez tras separarse de su novio que alarm\u00f3 a todos: &quot;Depresiva&quot;","datePublished":"2025-10-06T03:05:28+00:00","mainEntityOfPage":{"@id":"https:\/\/fmgente.com.ar\/web\/el-drama-que-sufre-tamara-baez-tras-separarse-de-su-novio-que-alarmo-a-todos-depresiva\/"},"wordCount":534,"publisher":{"@id":"https:\/\/fmgente.com.ar\/web\/#organization"},"image":{"@id":"https:\/\/fmgente.com.ar\/web\/el-drama-que-sufre-tamara-baez-tras-separarse-de-su-novio-que-alarmo-a-todos-depresiva\/#primaryimage"},"thumbnailUrl":"https:\/\/fmgente.com.ar\/web\/wp-content\/uploads\/2025\/10\/Martin-Fierro-359x226-4.jpg","articleSection":["DESTACADAS"],"inLanguage":"es"},{"@type":"WebPage","@id":"https:\/\/fmgente.com.ar\/web\/el-drama-que-sufre-tamara-baez-tras-separarse-de-su-novio-que-alarmo-a-todos-depresiva\/","url":"https:\/\/fmgente.com.ar\/web\/el-drama-que-sufre-tamara-baez-tras-separarse-de-su-novio-que-alarmo-a-todos-depresiva\/","name":"El drama que sufre Tamara B\u00e1ez tras separarse de su novio que alarm\u00f3 a todos: &quot;Depresiva&quot; - Fm Gente","isPartOf":{"@id":"https:\/\/fmgente.com.ar\/web\/#website"},"primaryImageOfPage":{"@id":"https:\/\/fmgente.com.ar\/web\/el-drama-que-sufre-tamara-baez-tras-separarse-de-su-novio-que-alarmo-a-todos-depresiva\/#primaryimage"},"image":{"@id":"https:\/\/fmgente.com.ar\/web\/el-drama-que-sufre-tamara-baez-tras-separarse-de-su-novio-que-alarmo-a-todos-depresiva\/#primaryimage"},"thumbnailUrl":"https:\/\/fmgente.com.ar\/web\/wp-content\/uploads\/2025\/10\/Martin-Fierro-359x226-4.jpg","datePublished":"2025-10-06T03:05:28+00:00","inLanguage":"es","potentialAction":[{"@type":"ReadAction","target":["https:\/\/fmgente.com.ar\/web\/el-drama-que-sufre-tamara-baez-tras-separarse-de-su-novio-que-alarmo-a-todos-depresiva\/"]}]},{"@type":"ImageObject","inLanguage":"es","@id":"https:\/\/fmgente.com.ar\/web\/el-drama-que-sufre-tamara-baez-tras-separarse-de-su-novio-que-alarmo-a-todos-depresiva\/#primaryimage","url":"https:\/\/fmgente.com.ar\/web\/wp-content\/uploads\/2025\/10\/Martin-Fierro-359x226-4.jpg","contentUrl":"https:\/\/fmgente.com.ar\/web\/wp-content\/uploads\/2025\/10\/Martin-Fierro-359x226-4.jpg","width":359,"height":226},{"@type":"WebSite","@id":"https:\/\/fmgente.com.ar\/web\/#website","url":"https:\/\/fmgente.com.ar\/web\/","name":"Fm Gente","description":"- Jes\u00fas Mar\u00eda","publisher":{"@id":"https:\/\/fmgente.com.ar\/web\/#organization"},"potentialAction":[{"@type":"SearchAction","target":{"@type":"EntryPoint","urlTemplate":"https:\/\/fmgente.com.ar\/web\/?s={search_term_string}"},"query-input":{"@type":"PropertyValueSpecification","valueRequired":true,"valueName":"search_term_string"}}],"inLanguage":"es"},{"@type":"Organization","@id":"https:\/\/fmgente.com.ar\/web\/#organization","name":"Fm Gente","url":"https:\/\/fmgente.com.ar\/web\/","logo":{"@type":"ImageObject","inLanguage":"es","@id":"https:\/\/fmgente.com.ar\/web\/#\/schema\/logo\/image\/","url":"https:\/\/fmgente.com.ar\/web\/wp-content\/uploads\/2023\/07\/cropped-cropped-logo-sombra2.png","contentUrl":"https:\/\/fmgente.com.ar\/web\/wp-content\/uploads\/2023\/07\/cropped-cropped-logo-sombra2.png","width":1782,"height":1782,"caption":"Fm Gente"},"image":{"@id":"https:\/\/fmgente.com.ar\/web\/#\/schema\/logo\/image\/"}}]}},"_links":{"self":[{"href":"https:\/\/fmgente.com.ar\/web\/wp-json\/wp\/v2\/posts\/6167","targetHints":{"allow":["GET"]}}],"collection":[{"href":"https:\/\/fmgente.com.ar\/web\/wp-json\/wp\/v2\/posts"}],"about":[{"href":"https:\/\/fmgente.com.ar\/web\/wp-json\/wp\/v2\/types\/post"}],"replies":[{"embeddable":true,"href":"https:\/\/fmgente.com.ar\/web\/wp-json\/wp\/v2\/comments?post=6167"}],"version-history":[{"count":0,"href":"https:\/\/fmgente.com.ar\/web\/wp-json\/wp\/v2\/posts\/6167\/revisions"}],"wp:featuredmedia":[{"embeddable":true,"href":"https:\/\/fmgente.com.ar\/web\/wp-json\/wp\/v2\/media\/6168"}],"wp:attachment":[{"href":"https:\/\/fmgente.com.ar\/web\/wp-json\/wp\/v2\/media?parent=6167"}],"wp:term":[{"taxonomy":"category","embeddable":true,"href":"https:\/\/fmgente.com.ar\/web\/wp-json\/wp\/v2\/categories?post=6167"},{"taxonomy":"post_tag","embeddable":true,"href":"https:\/\/fmgente.com.ar\/web\/wp-json\/wp\/v2\/tags?post=6167"}],"curies":[{"name":"wp","href":"https:\/\/api.w.org\/{rel}","templated":true}]}}