{"id":6165,"date":"2025-10-05T23:05:40","date_gmt":"2025-10-06T02:05:40","guid":{"rendered":"https:\/\/fmgente.com.ar\/pampita-confeso-como-se-siente-tras-enterarse-del-fracaso-de-los-8-escalones\/"},"modified":"2025-10-05T23:05:40","modified_gmt":"2025-10-06T02:05:40","slug":"pampita-confeso-como-se-siente-tras-enterarse-del-fracaso-de-los-8-escalones","status":"publish","type":"post","link":"https:\/\/fmgente.com.ar\/web\/pampita-confeso-como-se-siente-tras-enterarse-del-fracaso-de-los-8-escalones\/","title":{"rendered":"Pampita confes\u00f3 c\u00f3mo se siente tras enterarse del fracaso de Los 8 Escalones"},"content":{"rendered":"<p>El inesperado final de <strong>Los 8 Escalones<\/strong> tom\u00f3 por sorpresa a muchos fan\u00e1ticos del entretenimiento. <strong><a href=\"https:\/\/www.paparazzi.com.ar\/tag\/pampita\/\">Pampita<\/a><\/strong>, conductora del programa, se mostr\u00f3 tranquila frente a la cancelaci\u00f3n y destac\u00f3 que, a pesar de la noticia, mantiene una actitud positiva respecto a su trabajo y los proyectos que encara.<\/p>\n<p><em>\u201cEstoy bien. Lo disfruto mucho. Adem\u00e1s es un aprendizaje muy valioso, y las cr\u00edticas que recibimos fueron muy buenas. A veces, cuando uno lanza algo nuevo, teme las reacciones, pero en este caso todo fue muy favorable\u201d<\/em>, confes\u00f3 en su charla con Implacables.<\/p>\n<p>M\u00e1s all\u00e1 de la cancelaci\u00f3n, <strong><a href=\"https:\/\/www.paparazzi.com.ar\/teve\/pampita-recibio-una-terrible-noticia-que-la-dejo-destrozada-en-el-momento-menos-esperado\/\">Pampita<\/a><\/strong> enfatiz\u00f3 el impacto que su trabajo tiene en su entorno. <em>\u201cMe fijo mucho en lo que dicen, pero sobre todo me gusta aprovechar que hay trabajo y que le damos trabajo a tanta gente\u201d<\/em>, explic\u00f3, dejando entrever su mirada profesional y solidaria con el medio.<\/p>\n<div class=\"mt-box \">\n<h4 class=\"mt-heading\">Mir\u00e1 Tambi\u00e9n<\/h4>\n<p><a href=\"https:\/\/www.paparazzi.com.ar\/romances\/exclusivo-la-china-suarez-volvio-al-pais-sin-mauro-icardi-y-confirmo-que-va-a-hacer-me-encanta-turquia-para\/\"><\/p>\n<div class=\"mt-content\">\n<div class=\"mt-image-container\"><img decoding=\"async\" src=\"https:\/\/www.paparazzi.com.ar\/wp-content\/uploads\/2025\/07\/China-Suarez-ezeiza-1-359x226.jpg\" alt=\"\u00a1Exclusivo! La China Su\u00e1rez volvi\u00f3 al pa\u00eds sin Mauro Icardi y confirm\u00f3 qu\u00e9 va a hacer: \u201cMe encanta Turqu\u00eda para\u2026\u201d\" class=\"mt-image\" loading=\"lazy\" \/><\/div>\n<h5 class=\"mt-title\">\u00a1Exclusivo! La China Su\u00e1rez volvi\u00f3 al pa\u00eds sin Mauro Icardi y confirm\u00f3 qu\u00e9 va a hacer: \u201cMe encanta Turqu\u00eda para\u2026\u201d<\/h5>\n<\/div>\n<p><\/a><\/div>\n<p>La relaci\u00f3n con su equipo tambi\u00e9n fue motivo de elogios. <strong>Guido Kaczka<\/strong>, productor del programa, recibi\u00f3 un reconocimiento especial por parte de <strong>Carolina<\/strong>, quien destac\u00f3 la excelencia y la dedicaci\u00f3n que el conductor aport\u00f3 al proyecto. <em>\u201cGuido dej\u00f3 la vara alt\u00edsima, obviamente, pero con paciencia y con amor voy haciendo el proyecto propio tambi\u00e9n\u201d<\/em>, agreg\u00f3 con una sonrisa que reflejaba complicidad y respeto.<\/p>\n<h2 class=\"wp-block-heading\">PAMPITA Y LA CANCELACI\u00d3N DE LOS 8 ESCALONES<\/h2>\n<p>Adem\u00e1s, la conductora subray\u00f3 que cada experiencia televisiva representa un aprendizaje constante. La cancelaci\u00f3n no disminuye su entusiasmo ni su compromiso con futuros desaf\u00edos. <em>\u201cEs un ciclo que cierra, pero me llevo la satisfacci\u00f3n de haber dado lo mejor y de que el p\u00fablico lo reconozca\u201d<\/em>, remarc\u00f3, dejando en claro que su mirada sigue puesta en lo positivo.<\/p>\n<p>El ciclo de <strong>Los 8 Escalones<\/strong> finalizar\u00e1 oficialmente en noviembre, cerrando as\u00ed una etapa televisiva que, aunque breve, dej\u00f3 una huella en la pantalla y en la carrera de <strong><a href=\"https:\/\/www.paparazzi.com.ar\/teve\/cual-fue-el-consejo-que-pampita-le-dio-a-evangelina-anderson-tras-separarse-por-una-infidelidad\/\">Pampita<\/a><\/strong>, quien seguir\u00e1 enfocada en nuevos proyectos y desaf\u00edos profesionales.<\/p>\n<div class=\"mt-box \">\n<h4 class=\"mt-heading\">Mir\u00e1 Tambi\u00e9n<\/h4>\n<p><a href=\"https:\/\/www.paparazzi.com.ar\/teve\/el-desgarrador-testimonio-de-la-tana-de-gran-hermano-sobre-sus-adicciones-pedia-que-dios-me-lleve\/\"><\/p>\n<div class=\"mt-content\">\n<div class=\"mt-image-container\"><img decoding=\"async\" src=\"https:\/\/www.paparazzi.com.ar\/wp-content\/uploads\/2025\/10\/La-Tana-de-GH--359x226.jpg\" alt=\"El desgarrador testimonio de La Tana de Gran Hermano sobre sus adicciones: &quot;Ped\u00eda que Dios me lleve&quot;\" class=\"mt-image\" loading=\"lazy\" \/><\/div>\n<h5 class=\"mt-title\">El desgarrador testimonio de La Tana de Gran Hermano sobre sus adicciones: \u00abPed\u00eda que Dios me lleve\u00bb<\/h5>\n<\/div>\n<p><\/a><\/div>\n<div class=\"mt-box \">\n<h4 class=\"mt-heading\">Mir\u00e1 Tambi\u00e9n<\/h4>\n<p><a href=\"https:\/\/www.paparazzi.com.ar\/looks\/el-polemico-look-de-juana-viale-que-genero-polemica-desnuda\/\"><\/p>\n<div class=\"mt-content\">\n<div class=\"mt-image-container\"><img decoding=\"async\" src=\"https:\/\/www.paparazzi.com.ar\/wp-content\/uploads\/2025\/10\/juana-viale-desnuda-359x226.png\" alt=\"El pol\u00e9mico look de Juana Viale que gener\u00f3 pol\u00e9mica: &quot;Desnuda&quot;\" class=\"mt-image\" loading=\"lazy\" \/><\/div>\n<h5 class=\"mt-title\">El pol\u00e9mico look de Juana Viale que gener\u00f3 pol\u00e9mica: \u00abDesnuda\u00bb<\/h5>\n<\/div>\n<p><\/a><\/div>\n<p>The post <a href=\"https:\/\/www.paparazzi.com.ar\/teve\/pampita-confeso-como-se-siente-tras-enterarse-del-fracaso-de-los-8-escalones\/\">Pampita confes\u00f3 c\u00f3mo se siente tras enterarse del fracaso de Los 8 Escalones<\/a> appeared first on <a href=\"https:\/\/www.paparazzi.com.ar\">Revista Paparazzi<\/a>.<\/p>\n","protected":false},"excerpt":{"rendered":"<p>El inesperado final de Los 8 Escalones tom\u00f3 por sorpresa a muchos fan\u00e1ticos del entretenimiento.<\/p>\n","protected":false},"author":0,"featured_media":6166,"comment_status":"","ping_status":"","sticky":false,"template":"","format":"standard","meta":{"footnotes":""},"categories":[11],"tags":[],"class_list":["post-6165","post","type-post","status-publish","format-standard","has-post-thumbnail","hentry","category-destacadas"],"yoast_head":"<!-- This site is optimized with the Yoast SEO plugin v28.3 - https:\/\/yoast.com\/product\/yoast-seo-wordpress\/ -->\n<title>Pampita confes\u00f3 c\u00f3mo se siente tras enterarse del fracaso de Los 8 Escalones - Fm Gente<\/title>\n<meta name=\"robots\" content=\"index, follow, max-snippet:-1, max-image-preview:large, max-video-preview:-1\" \/>\n<link rel=\"canonical\" href=\"https:\/\/fmgente.com.ar\/web\/pampita-confeso-como-se-siente-tras-enterarse-del-fracaso-de-los-8-escalones\/\" \/>\n<meta property=\"og:locale\" content=\"es_ES\" \/>\n<meta property=\"og:type\" content=\"article\" \/>\n<meta property=\"og:title\" content=\"Pampita confes\u00f3 c\u00f3mo se siente tras enterarse del fracaso de Los 8 Escalones - Fm Gente\" \/>\n<meta property=\"og:description\" content=\"El inesperado final de Los 8 Escalones tom\u00f3 por sorpresa a muchos fan\u00e1ticos del entretenimiento.\" \/>\n<meta property=\"og:url\" content=\"https:\/\/fmgente.com.ar\/web\/pampita-confeso-como-se-siente-tras-enterarse-del-fracaso-de-los-8-escalones\/\" \/>\n<meta property=\"og:site_name\" content=\"Fm Gente\" \/>\n<meta property=\"article:published_time\" content=\"2025-10-06T02:05:40+00:00\" \/>\n<meta property=\"og:image\" content=\"https:\/\/fmgente.com.ar\/web\/wp-content\/uploads\/2025\/10\/China-Suarez-ezeiza-1-359x226-2.jpg\" \/>\n\t<meta property=\"og:image:width\" content=\"359\" \/>\n\t<meta property=\"og:image:height\" content=\"226\" \/>\n\t<meta property=\"og:image:type\" content=\"image\/jpeg\" \/>\n<meta name=\"twitter:card\" content=\"summary_large_image\" \/>\n<meta name=\"twitter:label1\" content=\"Tiempo de lectura\" \/>\n\t<meta name=\"twitter:data1\" content=\"2 minutos\" \/>\n<script type=\"application\/ld+json\" class=\"yoast-schema-graph\">{\"@context\":\"https:\\\/\\\/schema.org\",\"@graph\":[{\"@type\":\"Article\",\"@id\":\"https:\\\/\\\/fmgente.com.ar\\\/web\\\/pampita-confeso-como-se-siente-tras-enterarse-del-fracaso-de-los-8-escalones\\\/#article\",\"isPartOf\":{\"@id\":\"https:\\\/\\\/fmgente.com.ar\\\/web\\\/pampita-confeso-como-se-siente-tras-enterarse-del-fracaso-de-los-8-escalones\\\/\"},\"author\":{\"name\":\"\",\"@id\":\"\"},\"headline\":\"Pampita confes\u00f3 c\u00f3mo se siente tras enterarse del fracaso de Los 8 Escalones\",\"datePublished\":\"2025-10-06T02:05:40+00:00\",\"mainEntityOfPage\":{\"@id\":\"https:\\\/\\\/fmgente.com.ar\\\/web\\\/pampita-confeso-como-se-siente-tras-enterarse-del-fracaso-de-los-8-escalones\\\/\"},\"wordCount\":419,\"publisher\":{\"@id\":\"https:\\\/\\\/fmgente.com.ar\\\/web\\\/#organization\"},\"image\":{\"@id\":\"https:\\\/\\\/fmgente.com.ar\\\/web\\\/pampita-confeso-como-se-siente-tras-enterarse-del-fracaso-de-los-8-escalones\\\/#primaryimage\"},\"thumbnailUrl\":\"https:\\\/\\\/fmgente.com.ar\\\/web\\\/wp-content\\\/uploads\\\/2025\\\/10\\\/China-Suarez-ezeiza-1-359x226-2.jpg\",\"articleSection\":[\"DESTACADAS\"],\"inLanguage\":\"es\"},{\"@type\":\"WebPage\",\"@id\":\"https:\\\/\\\/fmgente.com.ar\\\/web\\\/pampita-confeso-como-se-siente-tras-enterarse-del-fracaso-de-los-8-escalones\\\/\",\"url\":\"https:\\\/\\\/fmgente.com.ar\\\/web\\\/pampita-confeso-como-se-siente-tras-enterarse-del-fracaso-de-los-8-escalones\\\/\",\"name\":\"Pampita confes\u00f3 c\u00f3mo se siente tras enterarse del fracaso de Los 8 Escalones - Fm Gente\",\"isPartOf\":{\"@id\":\"https:\\\/\\\/fmgente.com.ar\\\/web\\\/#website\"},\"primaryImageOfPage\":{\"@id\":\"https:\\\/\\\/fmgente.com.ar\\\/web\\\/pampita-confeso-como-se-siente-tras-enterarse-del-fracaso-de-los-8-escalones\\\/#primaryimage\"},\"image\":{\"@id\":\"https:\\\/\\\/fmgente.com.ar\\\/web\\\/pampita-confeso-como-se-siente-tras-enterarse-del-fracaso-de-los-8-escalones\\\/#primaryimage\"},\"thumbnailUrl\":\"https:\\\/\\\/fmgente.com.ar\\\/web\\\/wp-content\\\/uploads\\\/2025\\\/10\\\/China-Suarez-ezeiza-1-359x226-2.jpg\",\"datePublished\":\"2025-10-06T02:05:40+00:00\",\"inLanguage\":\"es\",\"potentialAction\":[{\"@type\":\"ReadAction\",\"target\":[\"https:\\\/\\\/fmgente.com.ar\\\/web\\\/pampita-confeso-como-se-siente-tras-enterarse-del-fracaso-de-los-8-escalones\\\/\"]}]},{\"@type\":\"ImageObject\",\"inLanguage\":\"es\",\"@id\":\"https:\\\/\\\/fmgente.com.ar\\\/web\\\/pampita-confeso-como-se-siente-tras-enterarse-del-fracaso-de-los-8-escalones\\\/#primaryimage\",\"url\":\"https:\\\/\\\/fmgente.com.ar\\\/web\\\/wp-content\\\/uploads\\\/2025\\\/10\\\/China-Suarez-ezeiza-1-359x226-2.jpg\",\"contentUrl\":\"https:\\\/\\\/fmgente.com.ar\\\/web\\\/wp-content\\\/uploads\\\/2025\\\/10\\\/China-Suarez-ezeiza-1-359x226-2.jpg\",\"width\":359,\"height\":226},{\"@type\":\"WebSite\",\"@id\":\"https:\\\/\\\/fmgente.com.ar\\\/web\\\/#website\",\"url\":\"https:\\\/\\\/fmgente.com.ar\\\/web\\\/\",\"name\":\"Fm Gente\",\"description\":\"- Jes\u00fas Mar\u00eda\",\"publisher\":{\"@id\":\"https:\\\/\\\/fmgente.com.ar\\\/web\\\/#organization\"},\"potentialAction\":[{\"@type\":\"SearchAction\",\"target\":{\"@type\":\"EntryPoint\",\"urlTemplate\":\"https:\\\/\\\/fmgente.com.ar\\\/web\\\/?s={search_term_string}\"},\"query-input\":{\"@type\":\"PropertyValueSpecification\",\"valueRequired\":true,\"valueName\":\"search_term_string\"}}],\"inLanguage\":\"es\"},{\"@type\":\"Organization\",\"@id\":\"https:\\\/\\\/fmgente.com.ar\\\/web\\\/#organization\",\"name\":\"Fm Gente\",\"url\":\"https:\\\/\\\/fmgente.com.ar\\\/web\\\/\",\"logo\":{\"@type\":\"ImageObject\",\"inLanguage\":\"es\",\"@id\":\"https:\\\/\\\/fmgente.com.ar\\\/web\\\/#\\\/schema\\\/logo\\\/image\\\/\",\"url\":\"https:\\\/\\\/fmgente.com.ar\\\/web\\\/wp-content\\\/uploads\\\/2023\\\/07\\\/cropped-cropped-logo-sombra2.png\",\"contentUrl\":\"https:\\\/\\\/fmgente.com.ar\\\/web\\\/wp-content\\\/uploads\\\/2023\\\/07\\\/cropped-cropped-logo-sombra2.png\",\"width\":1782,\"height\":1782,\"caption\":\"Fm Gente\"},\"image\":{\"@id\":\"https:\\\/\\\/fmgente.com.ar\\\/web\\\/#\\\/schema\\\/logo\\\/image\\\/\"}}]}<\/script>\n<!-- \/ Yoast SEO plugin. -->","yoast_head_json":{"title":"Pampita confes\u00f3 c\u00f3mo se siente tras enterarse del fracaso de Los 8 Escalones - Fm Gente","robots":{"index":"index","follow":"follow","max-snippet":"max-snippet:-1","max-image-preview":"max-image-preview:large","max-video-preview":"max-video-preview:-1"},"canonical":"https:\/\/fmgente.com.ar\/web\/pampita-confeso-como-se-siente-tras-enterarse-del-fracaso-de-los-8-escalones\/","og_locale":"es_ES","og_type":"article","og_title":"Pampita confes\u00f3 c\u00f3mo se siente tras enterarse del fracaso de Los 8 Escalones - Fm Gente","og_description":"El inesperado final de Los 8 Escalones tom\u00f3 por sorpresa a muchos fan\u00e1ticos del entretenimiento.","og_url":"https:\/\/fmgente.com.ar\/web\/pampita-confeso-como-se-siente-tras-enterarse-del-fracaso-de-los-8-escalones\/","og_site_name":"Fm Gente","article_published_time":"2025-10-06T02:05:40+00:00","og_image":[{"width":359,"height":226,"url":"https:\/\/fmgente.com.ar\/web\/wp-content\/uploads\/2025\/10\/China-Suarez-ezeiza-1-359x226-2.jpg","type":"image\/jpeg"}],"twitter_card":"summary_large_image","twitter_misc":{"Tiempo de lectura":"2 minutos"},"schema":{"@context":"https:\/\/schema.org","@graph":[{"@type":"Article","@id":"https:\/\/fmgente.com.ar\/web\/pampita-confeso-como-se-siente-tras-enterarse-del-fracaso-de-los-8-escalones\/#article","isPartOf":{"@id":"https:\/\/fmgente.com.ar\/web\/pampita-confeso-como-se-siente-tras-enterarse-del-fracaso-de-los-8-escalones\/"},"author":{"name":"","@id":""},"headline":"Pampita confes\u00f3 c\u00f3mo se siente tras enterarse del fracaso de Los 8 Escalones","datePublished":"2025-10-06T02:05:40+00:00","mainEntityOfPage":{"@id":"https:\/\/fmgente.com.ar\/web\/pampita-confeso-como-se-siente-tras-enterarse-del-fracaso-de-los-8-escalones\/"},"wordCount":419,"publisher":{"@id":"https:\/\/fmgente.com.ar\/web\/#organization"},"image":{"@id":"https:\/\/fmgente.com.ar\/web\/pampita-confeso-como-se-siente-tras-enterarse-del-fracaso-de-los-8-escalones\/#primaryimage"},"thumbnailUrl":"https:\/\/fmgente.com.ar\/web\/wp-content\/uploads\/2025\/10\/China-Suarez-ezeiza-1-359x226-2.jpg","articleSection":["DESTACADAS"],"inLanguage":"es"},{"@type":"WebPage","@id":"https:\/\/fmgente.com.ar\/web\/pampita-confeso-como-se-siente-tras-enterarse-del-fracaso-de-los-8-escalones\/","url":"https:\/\/fmgente.com.ar\/web\/pampita-confeso-como-se-siente-tras-enterarse-del-fracaso-de-los-8-escalones\/","name":"Pampita confes\u00f3 c\u00f3mo se siente tras enterarse del fracaso de Los 8 Escalones - Fm Gente","isPartOf":{"@id":"https:\/\/fmgente.com.ar\/web\/#website"},"primaryImageOfPage":{"@id":"https:\/\/fmgente.com.ar\/web\/pampita-confeso-como-se-siente-tras-enterarse-del-fracaso-de-los-8-escalones\/#primaryimage"},"image":{"@id":"https:\/\/fmgente.com.ar\/web\/pampita-confeso-como-se-siente-tras-enterarse-del-fracaso-de-los-8-escalones\/#primaryimage"},"thumbnailUrl":"https:\/\/fmgente.com.ar\/web\/wp-content\/uploads\/2025\/10\/China-Suarez-ezeiza-1-359x226-2.jpg","datePublished":"2025-10-06T02:05:40+00:00","inLanguage":"es","potentialAction":[{"@type":"ReadAction","target":["https:\/\/fmgente.com.ar\/web\/pampita-confeso-como-se-siente-tras-enterarse-del-fracaso-de-los-8-escalones\/"]}]},{"@type":"ImageObject","inLanguage":"es","@id":"https:\/\/fmgente.com.ar\/web\/pampita-confeso-como-se-siente-tras-enterarse-del-fracaso-de-los-8-escalones\/#primaryimage","url":"https:\/\/fmgente.com.ar\/web\/wp-content\/uploads\/2025\/10\/China-Suarez-ezeiza-1-359x226-2.jpg","contentUrl":"https:\/\/fmgente.com.ar\/web\/wp-content\/uploads\/2025\/10\/China-Suarez-ezeiza-1-359x226-2.jpg","width":359,"height":226},{"@type":"WebSite","@id":"https:\/\/fmgente.com.ar\/web\/#website","url":"https:\/\/fmgente.com.ar\/web\/","name":"Fm Gente","description":"- Jes\u00fas Mar\u00eda","publisher":{"@id":"https:\/\/fmgente.com.ar\/web\/#organization"},"potentialAction":[{"@type":"SearchAction","target":{"@type":"EntryPoint","urlTemplate":"https:\/\/fmgente.com.ar\/web\/?s={search_term_string}"},"query-input":{"@type":"PropertyValueSpecification","valueRequired":true,"valueName":"search_term_string"}}],"inLanguage":"es"},{"@type":"Organization","@id":"https:\/\/fmgente.com.ar\/web\/#organization","name":"Fm Gente","url":"https:\/\/fmgente.com.ar\/web\/","logo":{"@type":"ImageObject","inLanguage":"es","@id":"https:\/\/fmgente.com.ar\/web\/#\/schema\/logo\/image\/","url":"https:\/\/fmgente.com.ar\/web\/wp-content\/uploads\/2023\/07\/cropped-cropped-logo-sombra2.png","contentUrl":"https:\/\/fmgente.com.ar\/web\/wp-content\/uploads\/2023\/07\/cropped-cropped-logo-sombra2.png","width":1782,"height":1782,"caption":"Fm Gente"},"image":{"@id":"https:\/\/fmgente.com.ar\/web\/#\/schema\/logo\/image\/"}}]}},"_links":{"self":[{"href":"https:\/\/fmgente.com.ar\/web\/wp-json\/wp\/v2\/posts\/6165","targetHints":{"allow":["GET"]}}],"collection":[{"href":"https:\/\/fmgente.com.ar\/web\/wp-json\/wp\/v2\/posts"}],"about":[{"href":"https:\/\/fmgente.com.ar\/web\/wp-json\/wp\/v2\/types\/post"}],"replies":[{"embeddable":true,"href":"https:\/\/fmgente.com.ar\/web\/wp-json\/wp\/v2\/comments?post=6165"}],"version-history":[{"count":0,"href":"https:\/\/fmgente.com.ar\/web\/wp-json\/wp\/v2\/posts\/6165\/revisions"}],"wp:featuredmedia":[{"embeddable":true,"href":"https:\/\/fmgente.com.ar\/web\/wp-json\/wp\/v2\/media\/6166"}],"wp:attachment":[{"href":"https:\/\/fmgente.com.ar\/web\/wp-json\/wp\/v2\/media?parent=6165"}],"wp:term":[{"taxonomy":"category","embeddable":true,"href":"https:\/\/fmgente.com.ar\/web\/wp-json\/wp\/v2\/categories?post=6165"},{"taxonomy":"post_tag","embeddable":true,"href":"https:\/\/fmgente.com.ar\/web\/wp-json\/wp\/v2\/tags?post=6165"}],"curies":[{"name":"wp","href":"https:\/\/api.w.org\/{rel}","templated":true}]}}