{"id":6161,"date":"2025-10-05T22:05:21","date_gmt":"2025-10-06T01:05:21","guid":{"rendered":"https:\/\/fmgente.com.ar\/la-china-suarez-confirmo-la-noticia-mas-triste-de-todas-se-retiro-de-la-musica-porque\/"},"modified":"2025-10-05T22:05:21","modified_gmt":"2025-10-06T01:05:21","slug":"la-china-suarez-confirmo-la-noticia-mas-triste-de-todas-se-retiro-de-la-musica-porque","status":"publish","type":"post","link":"https:\/\/fmgente.com.ar\/web\/la-china-suarez-confirmo-la-noticia-mas-triste-de-todas-se-retiro-de-la-musica-porque\/","title":{"rendered":"La China Su\u00e1rez confirm\u00f3 la noticia m\u00e1s triste de todas: &quot;Se retir\u00f3 de la m\u00fasica porque&#8230;&quot;"},"content":{"rendered":"<p>La <strong><a href=\"https:\/\/www.paparazzi.com.ar\/tag\/china-suarez\/\">China Su\u00e1rez<\/a><\/strong> sorprendi\u00f3 al mundo de las redes sociales al confirmar su retiro de la m\u00fasica y anunciar, de manera impl\u00edcita, que volver\u00e1 a centrarse en la actuaci\u00f3n. La noticia se viraliz\u00f3 r\u00e1pidamente, ya que su faceta musical siempre estuvo rodeada de cr\u00edticas y burlas, y ahora la actriz decidi\u00f3 dejar esa etapa en el pasado de forma definitiva.<\/p>\n<p>El retiro se hizo evidente a trav\u00e9s de su cuenta de Instagram, donde actualiz\u00f3 su biograf\u00eda. Durante a\u00f1os, la ex-<em>Casi \u00c1ngeles<\/em> hab\u00eda incluido \u201cActriz y cantante\u201d, pero de un d\u00eda para otro elimin\u00f3 la segunda parte y agreg\u00f3 su usuario personal de TikTok, un cambio que no pas\u00f3 desapercibido entre sus casi 8 millones de seguidores.<\/p>\n<p>Adem\u00e1s, <strong><a href=\"https:\/\/www.paparazzi.com.ar\/romances\/el-ultimatum-de-zoe-bogach-por-su-romance-con-mauro-icardi-que-destrozo-a-la-china-suarez-tapa-su-infidelidad-y\/\">China Su\u00e1rez<\/a><\/strong> borr\u00f3 la etiqueta de <strong>Carolina Nolte<\/strong> (@caronolte_), agente de modelos, actores e influencers que trabaja para Multitalent Agency. La decisi\u00f3n sugiere un posible quiebre en su relaci\u00f3n profesional, pese a que Nolte hab\u00eda declarado en reiteradas ocasiones ser amiga personal de la actriz.<\/p>\n<div class=\"mt-box \">\n<h4 class=\"mt-heading\">Mir\u00e1 Tambi\u00e9n<\/h4>\n<p><a href=\"https:\/\/www.paparazzi.com.ar\/romances\/exclusivo-el-video-de-roberto-garcia-moritan-con-su-nueva-novia-en-plena-calle\/\"><\/p>\n<div class=\"mt-content\">\n<div class=\"mt-image-container\"><img decoding=\"async\" src=\"https:\/\/www.paparazzi.com.ar\/wp-content\/uploads\/2025\/08\/Garcia-Moritan-359x226.jpg\" alt=\"\u00a1Exclusivo! El video de Roberto Garc\u00eda Morit\u00e1n con su nueva novia en plena calle\" class=\"mt-image\" loading=\"lazy\" \/><\/div>\n<h5 class=\"mt-title\">\u00a1Exclusivo! El video de Roberto Garc\u00eda Morit\u00e1n con su nueva novia en plena calle<\/h5>\n<\/div>\n<p><\/a><\/div>\n<p>Si bien la carrera musical de la artista comenz\u00f3 en <em>Casi \u00c1ngeles<\/em>, sus proyectos como solista fueron los que m\u00e1s la expusieron a cr\u00edticas. Entre sus lanzamientos se destacan <em>Nada es igual<\/em> (2012), <em>All of Me<\/em> y <em>Tr\u00e1tame suavemente<\/em> para la pel\u00edcula <em>Abzurdah<\/em> (2015), <em>You Know I\u2019m No Good<\/em> para <em>El hilo rojo<\/em> (2016), <em>Tuyo<\/em> (2018), <em>El juego del amor<\/em>, <em>Lo que dicen de m\u00ed<\/em> y <em>Ya no quiero verte<\/em> ft. El Polaco (2022), y <em>Hipnotizados<\/em> ft. Rusherking (2023).<\/p>\n<h2 class=\"wp-block-heading\">EL RETIRO DE LA CHINA SU\u00c1REZ<\/h2>\n<p>El cambio en su biograf\u00eda y la eliminaci\u00f3n de ciertas etiquetas reflejan un cierre definitivo de su etapa musical y un regreso decidido al mundo de la actuaci\u00f3n. Al mismo tiempo, la incorporaci\u00f3n de su cuenta de TikTok marca un giro hacia la comunicaci\u00f3n directa con su p\u00fablico y las redes sociales.<\/p>\n<p>Con este paso, <strong><a href=\"https:\/\/www.paparazzi.com.ar\/romances\/zoe-bogach-confirmo-si-estuvo-con-mauro-icardi-y-le-fue-infiel-a-la-china-suarez\/\">China Su\u00e1rez<\/a><\/strong> deja atr\u00e1s la m\u00fasica y se enfoca en proyectos que la representen mejor. Su decisi\u00f3n qued\u00f3 clara a trav\u00e9s de los cambios visibles en sus plataformas digitales: su biograf\u00eda ahora solo la define como actriz y elimina cualquier referencia a su carrera como cantante.<\/p>\n<div class=\"mt-box \">\n<h4 class=\"mt-heading\">Mir\u00e1 Tambi\u00e9n<\/h4>\n<p><a href=\"https:\/\/www.paparazzi.com.ar\/looks\/el-polemico-look-de-juana-viale-que-genero-polemica-desnuda\/\"><\/p>\n<div class=\"mt-content\">\n<div class=\"mt-image-container\"><img decoding=\"async\" src=\"https:\/\/www.paparazzi.com.ar\/wp-content\/uploads\/2025\/10\/juana-viale-desnuda-359x226.png\" alt=\"El pol\u00e9mico look de Juana Viale que gener\u00f3 pol\u00e9mica: &quot;Desnuda&quot;\" class=\"mt-image\" loading=\"lazy\" \/><\/div>\n<h5 class=\"mt-title\">El pol\u00e9mico look de Juana Viale que gener\u00f3 pol\u00e9mica: \u00abDesnuda\u00bb<\/h5>\n<\/div>\n<p><\/a><\/div>\n<div class=\"mt-box \">\n<h4 class=\"mt-heading\">Mir\u00e1 Tambi\u00e9n<\/h4>\n<p><a href=\"https:\/\/www.paparazzi.com.ar\/teve\/mirtha-legrand-se-harto-de-las-mentiras-de-fede-bal-y-lo-arrincono-por-sus-infidelidades\/\"><\/p>\n<div class=\"mt-content\">\n<div class=\"mt-image-container\"><img decoding=\"async\" src=\"https:\/\/www.paparazzi.com.ar\/wp-content\/uploads\/2025\/10\/mirtha-legrand-fede-bal-359x226.png\" alt=\"Mirtha Legrand se hart\u00f3 de las mentiras de Fede Bal y lo arrincon\u00f3 por sus infidelidades\" class=\"mt-image\" loading=\"lazy\" \/><\/div>\n<h5 class=\"mt-title\">Mirtha Legrand se hart\u00f3 de las mentiras de Fede Bal y lo arrincon\u00f3 por sus infidelidades<\/h5>\n<\/div>\n<p><\/a><\/div>\n<p>The post <a href=\"https:\/\/www.paparazzi.com.ar\/teve\/la-china-suarez-confirmo-la-noticia-mas-triste-de-todas-se-retiro-de-la-musica-porque\/\">La China Su\u00e1rez confirm\u00f3 la noticia m\u00e1s triste de todas: &quot;Se retir\u00f3 de la m\u00fasica porque&#8230;&quot;<\/a> appeared first on <a href=\"https:\/\/www.paparazzi.com.ar\">Revista Paparazzi<\/a>.<\/p>\n","protected":false},"excerpt":{"rendered":"<p>La China Su\u00e1rez sorprendi\u00f3 al mundo de las redes sociales al confirmar su retiro de<\/p>\n","protected":false},"author":0,"featured_media":6162,"comment_status":"","ping_status":"","sticky":false,"template":"","format":"standard","meta":{"footnotes":""},"categories":[11],"tags":[],"class_list":["post-6161","post","type-post","status-publish","format-standard","has-post-thumbnail","hentry","category-destacadas"],"yoast_head":"<!-- This site is optimized with the Yoast SEO plugin v28.3 - https:\/\/yoast.com\/product\/yoast-seo-wordpress\/ -->\n<title>La China Su\u00e1rez confirm\u00f3 la noticia m\u00e1s triste de todas: &quot;Se retir\u00f3 de la m\u00fasica porque...&quot; - Fm Gente<\/title>\n<meta name=\"robots\" content=\"index, follow, max-snippet:-1, max-image-preview:large, max-video-preview:-1\" \/>\n<link rel=\"canonical\" href=\"https:\/\/fmgente.com.ar\/web\/la-china-suarez-confirmo-la-noticia-mas-triste-de-todas-se-retiro-de-la-musica-porque\/\" \/>\n<meta property=\"og:locale\" content=\"es_ES\" \/>\n<meta property=\"og:type\" content=\"article\" \/>\n<meta property=\"og:title\" content=\"La China Su\u00e1rez confirm\u00f3 la noticia m\u00e1s triste de todas: &quot;Se retir\u00f3 de la m\u00fasica porque...&quot; - Fm Gente\" \/>\n<meta property=\"og:description\" content=\"La China Su\u00e1rez sorprendi\u00f3 al mundo de las redes sociales al confirmar su retiro de\" \/>\n<meta property=\"og:url\" content=\"https:\/\/fmgente.com.ar\/web\/la-china-suarez-confirmo-la-noticia-mas-triste-de-todas-se-retiro-de-la-musica-porque\/\" \/>\n<meta property=\"og:site_name\" content=\"Fm Gente\" \/>\n<meta property=\"article:published_time\" content=\"2025-10-06T01:05:21+00:00\" \/>\n<meta property=\"og:image\" content=\"https:\/\/fmgente.com.ar\/web\/wp-content\/uploads\/2025\/10\/Garcia-Moritan-359x226-3.jpg\" \/>\n\t<meta property=\"og:image:width\" content=\"359\" \/>\n\t<meta property=\"og:image:height\" content=\"226\" \/>\n\t<meta property=\"og:image:type\" content=\"image\/jpeg\" \/>\n<meta name=\"twitter:card\" content=\"summary_large_image\" \/>\n<meta name=\"twitter:label1\" content=\"Tiempo de lectura\" \/>\n\t<meta name=\"twitter:data1\" content=\"2 minutos\" \/>\n<script type=\"application\/ld+json\" class=\"yoast-schema-graph\">{\"@context\":\"https:\\\/\\\/schema.org\",\"@graph\":[{\"@type\":\"Article\",\"@id\":\"https:\\\/\\\/fmgente.com.ar\\\/web\\\/la-china-suarez-confirmo-la-noticia-mas-triste-de-todas-se-retiro-de-la-musica-porque\\\/#article\",\"isPartOf\":{\"@id\":\"https:\\\/\\\/fmgente.com.ar\\\/web\\\/la-china-suarez-confirmo-la-noticia-mas-triste-de-todas-se-retiro-de-la-musica-porque\\\/\"},\"author\":{\"name\":\"\",\"@id\":\"\"},\"headline\":\"La China Su\u00e1rez confirm\u00f3 la noticia m\u00e1s triste de todas: &quot;Se retir\u00f3 de la m\u00fasica porque&#8230;&quot;\",\"datePublished\":\"2025-10-06T01:05:21+00:00\",\"mainEntityOfPage\":{\"@id\":\"https:\\\/\\\/fmgente.com.ar\\\/web\\\/la-china-suarez-confirmo-la-noticia-mas-triste-de-todas-se-retiro-de-la-musica-porque\\\/\"},\"wordCount\":477,\"publisher\":{\"@id\":\"https:\\\/\\\/fmgente.com.ar\\\/web\\\/#organization\"},\"image\":{\"@id\":\"https:\\\/\\\/fmgente.com.ar\\\/web\\\/la-china-suarez-confirmo-la-noticia-mas-triste-de-todas-se-retiro-de-la-musica-porque\\\/#primaryimage\"},\"thumbnailUrl\":\"https:\\\/\\\/fmgente.com.ar\\\/web\\\/wp-content\\\/uploads\\\/2025\\\/10\\\/Garcia-Moritan-359x226-3.jpg\",\"articleSection\":[\"DESTACADAS\"],\"inLanguage\":\"es\"},{\"@type\":\"WebPage\",\"@id\":\"https:\\\/\\\/fmgente.com.ar\\\/web\\\/la-china-suarez-confirmo-la-noticia-mas-triste-de-todas-se-retiro-de-la-musica-porque\\\/\",\"url\":\"https:\\\/\\\/fmgente.com.ar\\\/web\\\/la-china-suarez-confirmo-la-noticia-mas-triste-de-todas-se-retiro-de-la-musica-porque\\\/\",\"name\":\"La China Su\u00e1rez confirm\u00f3 la noticia m\u00e1s triste de todas: &quot;Se retir\u00f3 de la m\u00fasica porque...&quot; - Fm Gente\",\"isPartOf\":{\"@id\":\"https:\\\/\\\/fmgente.com.ar\\\/web\\\/#website\"},\"primaryImageOfPage\":{\"@id\":\"https:\\\/\\\/fmgente.com.ar\\\/web\\\/la-china-suarez-confirmo-la-noticia-mas-triste-de-todas-se-retiro-de-la-musica-porque\\\/#primaryimage\"},\"image\":{\"@id\":\"https:\\\/\\\/fmgente.com.ar\\\/web\\\/la-china-suarez-confirmo-la-noticia-mas-triste-de-todas-se-retiro-de-la-musica-porque\\\/#primaryimage\"},\"thumbnailUrl\":\"https:\\\/\\\/fmgente.com.ar\\\/web\\\/wp-content\\\/uploads\\\/2025\\\/10\\\/Garcia-Moritan-359x226-3.jpg\",\"datePublished\":\"2025-10-06T01:05:21+00:00\",\"inLanguage\":\"es\",\"potentialAction\":[{\"@type\":\"ReadAction\",\"target\":[\"https:\\\/\\\/fmgente.com.ar\\\/web\\\/la-china-suarez-confirmo-la-noticia-mas-triste-de-todas-se-retiro-de-la-musica-porque\\\/\"]}]},{\"@type\":\"ImageObject\",\"inLanguage\":\"es\",\"@id\":\"https:\\\/\\\/fmgente.com.ar\\\/web\\\/la-china-suarez-confirmo-la-noticia-mas-triste-de-todas-se-retiro-de-la-musica-porque\\\/#primaryimage\",\"url\":\"https:\\\/\\\/fmgente.com.ar\\\/web\\\/wp-content\\\/uploads\\\/2025\\\/10\\\/Garcia-Moritan-359x226-3.jpg\",\"contentUrl\":\"https:\\\/\\\/fmgente.com.ar\\\/web\\\/wp-content\\\/uploads\\\/2025\\\/10\\\/Garcia-Moritan-359x226-3.jpg\",\"width\":359,\"height\":226},{\"@type\":\"WebSite\",\"@id\":\"https:\\\/\\\/fmgente.com.ar\\\/web\\\/#website\",\"url\":\"https:\\\/\\\/fmgente.com.ar\\\/web\\\/\",\"name\":\"Fm Gente\",\"description\":\"- Jes\u00fas Mar\u00eda\",\"publisher\":{\"@id\":\"https:\\\/\\\/fmgente.com.ar\\\/web\\\/#organization\"},\"potentialAction\":[{\"@type\":\"SearchAction\",\"target\":{\"@type\":\"EntryPoint\",\"urlTemplate\":\"https:\\\/\\\/fmgente.com.ar\\\/web\\\/?s={search_term_string}\"},\"query-input\":{\"@type\":\"PropertyValueSpecification\",\"valueRequired\":true,\"valueName\":\"search_term_string\"}}],\"inLanguage\":\"es\"},{\"@type\":\"Organization\",\"@id\":\"https:\\\/\\\/fmgente.com.ar\\\/web\\\/#organization\",\"name\":\"Fm Gente\",\"url\":\"https:\\\/\\\/fmgente.com.ar\\\/web\\\/\",\"logo\":{\"@type\":\"ImageObject\",\"inLanguage\":\"es\",\"@id\":\"https:\\\/\\\/fmgente.com.ar\\\/web\\\/#\\\/schema\\\/logo\\\/image\\\/\",\"url\":\"https:\\\/\\\/fmgente.com.ar\\\/web\\\/wp-content\\\/uploads\\\/2023\\\/07\\\/cropped-cropped-logo-sombra2.png\",\"contentUrl\":\"https:\\\/\\\/fmgente.com.ar\\\/web\\\/wp-content\\\/uploads\\\/2023\\\/07\\\/cropped-cropped-logo-sombra2.png\",\"width\":1782,\"height\":1782,\"caption\":\"Fm Gente\"},\"image\":{\"@id\":\"https:\\\/\\\/fmgente.com.ar\\\/web\\\/#\\\/schema\\\/logo\\\/image\\\/\"}}]}<\/script>\n<!-- \/ Yoast SEO plugin. -->","yoast_head_json":{"title":"La China Su\u00e1rez confirm\u00f3 la noticia m\u00e1s triste de todas: &quot;Se retir\u00f3 de la m\u00fasica porque...&quot; - Fm Gente","robots":{"index":"index","follow":"follow","max-snippet":"max-snippet:-1","max-image-preview":"max-image-preview:large","max-video-preview":"max-video-preview:-1"},"canonical":"https:\/\/fmgente.com.ar\/web\/la-china-suarez-confirmo-la-noticia-mas-triste-de-todas-se-retiro-de-la-musica-porque\/","og_locale":"es_ES","og_type":"article","og_title":"La China Su\u00e1rez confirm\u00f3 la noticia m\u00e1s triste de todas: &quot;Se retir\u00f3 de la m\u00fasica porque...&quot; - Fm Gente","og_description":"La China Su\u00e1rez sorprendi\u00f3 al mundo de las redes sociales al confirmar su retiro de","og_url":"https:\/\/fmgente.com.ar\/web\/la-china-suarez-confirmo-la-noticia-mas-triste-de-todas-se-retiro-de-la-musica-porque\/","og_site_name":"Fm Gente","article_published_time":"2025-10-06T01:05:21+00:00","og_image":[{"width":359,"height":226,"url":"https:\/\/fmgente.com.ar\/web\/wp-content\/uploads\/2025\/10\/Garcia-Moritan-359x226-3.jpg","type":"image\/jpeg"}],"twitter_card":"summary_large_image","twitter_misc":{"Tiempo de lectura":"2 minutos"},"schema":{"@context":"https:\/\/schema.org","@graph":[{"@type":"Article","@id":"https:\/\/fmgente.com.ar\/web\/la-china-suarez-confirmo-la-noticia-mas-triste-de-todas-se-retiro-de-la-musica-porque\/#article","isPartOf":{"@id":"https:\/\/fmgente.com.ar\/web\/la-china-suarez-confirmo-la-noticia-mas-triste-de-todas-se-retiro-de-la-musica-porque\/"},"author":{"name":"","@id":""},"headline":"La China Su\u00e1rez confirm\u00f3 la noticia m\u00e1s triste de todas: &quot;Se retir\u00f3 de la m\u00fasica porque&#8230;&quot;","datePublished":"2025-10-06T01:05:21+00:00","mainEntityOfPage":{"@id":"https:\/\/fmgente.com.ar\/web\/la-china-suarez-confirmo-la-noticia-mas-triste-de-todas-se-retiro-de-la-musica-porque\/"},"wordCount":477,"publisher":{"@id":"https:\/\/fmgente.com.ar\/web\/#organization"},"image":{"@id":"https:\/\/fmgente.com.ar\/web\/la-china-suarez-confirmo-la-noticia-mas-triste-de-todas-se-retiro-de-la-musica-porque\/#primaryimage"},"thumbnailUrl":"https:\/\/fmgente.com.ar\/web\/wp-content\/uploads\/2025\/10\/Garcia-Moritan-359x226-3.jpg","articleSection":["DESTACADAS"],"inLanguage":"es"},{"@type":"WebPage","@id":"https:\/\/fmgente.com.ar\/web\/la-china-suarez-confirmo-la-noticia-mas-triste-de-todas-se-retiro-de-la-musica-porque\/","url":"https:\/\/fmgente.com.ar\/web\/la-china-suarez-confirmo-la-noticia-mas-triste-de-todas-se-retiro-de-la-musica-porque\/","name":"La China Su\u00e1rez confirm\u00f3 la noticia m\u00e1s triste de todas: &quot;Se retir\u00f3 de la m\u00fasica porque...&quot; - Fm Gente","isPartOf":{"@id":"https:\/\/fmgente.com.ar\/web\/#website"},"primaryImageOfPage":{"@id":"https:\/\/fmgente.com.ar\/web\/la-china-suarez-confirmo-la-noticia-mas-triste-de-todas-se-retiro-de-la-musica-porque\/#primaryimage"},"image":{"@id":"https:\/\/fmgente.com.ar\/web\/la-china-suarez-confirmo-la-noticia-mas-triste-de-todas-se-retiro-de-la-musica-porque\/#primaryimage"},"thumbnailUrl":"https:\/\/fmgente.com.ar\/web\/wp-content\/uploads\/2025\/10\/Garcia-Moritan-359x226-3.jpg","datePublished":"2025-10-06T01:05:21+00:00","inLanguage":"es","potentialAction":[{"@type":"ReadAction","target":["https:\/\/fmgente.com.ar\/web\/la-china-suarez-confirmo-la-noticia-mas-triste-de-todas-se-retiro-de-la-musica-porque\/"]}]},{"@type":"ImageObject","inLanguage":"es","@id":"https:\/\/fmgente.com.ar\/web\/la-china-suarez-confirmo-la-noticia-mas-triste-de-todas-se-retiro-de-la-musica-porque\/#primaryimage","url":"https:\/\/fmgente.com.ar\/web\/wp-content\/uploads\/2025\/10\/Garcia-Moritan-359x226-3.jpg","contentUrl":"https:\/\/fmgente.com.ar\/web\/wp-content\/uploads\/2025\/10\/Garcia-Moritan-359x226-3.jpg","width":359,"height":226},{"@type":"WebSite","@id":"https:\/\/fmgente.com.ar\/web\/#website","url":"https:\/\/fmgente.com.ar\/web\/","name":"Fm Gente","description":"- Jes\u00fas Mar\u00eda","publisher":{"@id":"https:\/\/fmgente.com.ar\/web\/#organization"},"potentialAction":[{"@type":"SearchAction","target":{"@type":"EntryPoint","urlTemplate":"https:\/\/fmgente.com.ar\/web\/?s={search_term_string}"},"query-input":{"@type":"PropertyValueSpecification","valueRequired":true,"valueName":"search_term_string"}}],"inLanguage":"es"},{"@type":"Organization","@id":"https:\/\/fmgente.com.ar\/web\/#organization","name":"Fm Gente","url":"https:\/\/fmgente.com.ar\/web\/","logo":{"@type":"ImageObject","inLanguage":"es","@id":"https:\/\/fmgente.com.ar\/web\/#\/schema\/logo\/image\/","url":"https:\/\/fmgente.com.ar\/web\/wp-content\/uploads\/2023\/07\/cropped-cropped-logo-sombra2.png","contentUrl":"https:\/\/fmgente.com.ar\/web\/wp-content\/uploads\/2023\/07\/cropped-cropped-logo-sombra2.png","width":1782,"height":1782,"caption":"Fm Gente"},"image":{"@id":"https:\/\/fmgente.com.ar\/web\/#\/schema\/logo\/image\/"}}]}},"_links":{"self":[{"href":"https:\/\/fmgente.com.ar\/web\/wp-json\/wp\/v2\/posts\/6161","targetHints":{"allow":["GET"]}}],"collection":[{"href":"https:\/\/fmgente.com.ar\/web\/wp-json\/wp\/v2\/posts"}],"about":[{"href":"https:\/\/fmgente.com.ar\/web\/wp-json\/wp\/v2\/types\/post"}],"replies":[{"embeddable":true,"href":"https:\/\/fmgente.com.ar\/web\/wp-json\/wp\/v2\/comments?post=6161"}],"version-history":[{"count":0,"href":"https:\/\/fmgente.com.ar\/web\/wp-json\/wp\/v2\/posts\/6161\/revisions"}],"wp:featuredmedia":[{"embeddable":true,"href":"https:\/\/fmgente.com.ar\/web\/wp-json\/wp\/v2\/media\/6162"}],"wp:attachment":[{"href":"https:\/\/fmgente.com.ar\/web\/wp-json\/wp\/v2\/media?parent=6161"}],"wp:term":[{"taxonomy":"category","embeddable":true,"href":"https:\/\/fmgente.com.ar\/web\/wp-json\/wp\/v2\/categories?post=6161"},{"taxonomy":"post_tag","embeddable":true,"href":"https:\/\/fmgente.com.ar\/web\/wp-json\/wp\/v2\/tags?post=6161"}],"curies":[{"name":"wp","href":"https:\/\/api.w.org\/{rel}","templated":true}]}}