{"id":6159,"date":"2025-10-05T22:05:21","date_gmt":"2025-10-06T01:05:21","guid":{"rendered":"https:\/\/fmgente.com.ar\/la-tajante-decision-de-la-china-suarez-que-preocupa-a-benjamin-vicuna-y-alegra-a-mauro-icardi\/"},"modified":"2025-10-05T22:05:21","modified_gmt":"2025-10-06T01:05:21","slug":"la-tajante-decision-de-la-china-suarez-que-preocupa-a-benjamin-vicuna-y-alegra-a-mauro-icardi","status":"publish","type":"post","link":"https:\/\/fmgente.com.ar\/web\/la-tajante-decision-de-la-china-suarez-que-preocupa-a-benjamin-vicuna-y-alegra-a-mauro-icardi\/","title":{"rendered":"La tajante decisi\u00f3n de la China Su\u00e1rez que preocupa a Benjam\u00edn Vicu\u00f1a y alegra a Mauro Icardi"},"content":{"rendered":"<p>La <strong><a href=\"https:\/\/www.paparazzi.com.ar\/?s=China+Su%C3%A1rez\">China Su\u00e1rez<\/a><\/strong> volvi\u00f3 a estar en el centro de la escena medi\u00e1tica por una ola de novedades que, seg\u00fan contaron hoy en <em><a href=\"https:\/\/www.paparazzi.com.ar\/?s=Infama\">Infama<\/a><\/em>, marcar\u00edan un verdadero cambio de vida para la actriz. Entre los rumores y las confirmaciones p\u00fablicas aparecen tres ejes: la venta de una propiedad, supuestas mudanzas y ajustes en su perfil profesional.<\/p>\n<p>La venta no es rumor: semanas atr\u00e1s la venta de su chacra en Chacras de Murray (Pilar) fue reportada por varios medios y confirmada en programas de espect\u00e1culos. Seg\u00fan las cr\u00f3nicas, la operaci\u00f3n se concret\u00f3 por alrededor de 690 mil d\u00f3lares y la actriz habr\u00eda decidido desprenderse de la casa que comparti\u00f3 a\u00f1os atr\u00e1s con Benjam\u00edn Vicu\u00f1a.<\/p>\n<p>Las versiones indican que parte del dinero se habr\u00eda destinado a una nueva propiedad en San Jorge. Hoy en <em>Infama<\/em> los panelistas ampliaron el panorama. Contaron que La China ya habr\u00eda puesto a la venta tambi\u00e9n un piso en la Ciudad (ubicado en una de las zonas top, cercano a la embajada de Estados Unidos) y mostraron im\u00e1genes del cartel. <\/p>\n<div class=\"mt-box \">\n<h4 class=\"mt-heading\">Mir\u00e1 Tambi\u00e9n<\/h4>\n<p><a href=\"https:\/\/www.paparazzi.com.ar\/looks\/exclusivo-los-looks-de-los-famosos-en-los-martin-fierro-de-television-2025\/\"><\/p>\n<div class=\"mt-content\">\n<div class=\"mt-image-container\"><img decoding=\"async\" src=\"https:\/\/www.paparazzi.com.ar\/wp-content\/uploads\/2025\/09\/Martin-Fierro-359x226.jpg\" alt=\"\u00a1Exclusivo! Los looks de los famosos en los Mart\u00edn Fierro de Televisi\u00f3n 2025\" class=\"mt-image\" loading=\"lazy\" \/><\/div>\n<h5 class=\"mt-title\">\u00a1Exclusivo! Los looks de los famosos en los Mart\u00edn Fierro de Televisi\u00f3n 2025<\/h5>\n<\/div>\n<p><\/a><\/div>\n<p>Adem\u00e1s, se\u00f1alaron cambios en su presencia online: seg\u00fan el ciclo, la actriz habr\u00eda eliminado la etiqueta \u201ccantante\u201d de su perfil de Instagram y tambi\u00e9n borrado a su manager (apuntan a una salida de su c\u00edrculo de representaci\u00f3n), movimientos que suelen anticipar una decisi\u00f3n de reposicionamiento profesional.<\/p>\n<p>Otro dato que trascendi\u00f3 al aire fue la relaci\u00f3n de la actriz con la agencia Multitalent: desde un curso de <em>\u201cmarketing personal\u201d <\/em>de la academia habr\u00edan usado su caso como ejemplo de<em> \u201cqu\u00e9 no hacer\u201d<\/em> en manejo de imagen. En el programa sostuvieron que eso molest\u00f3 a Su\u00e1rez y aliment\u00f3 la sensaci\u00f3n de que la actriz quiere empezar de cero en varios frentes. <\/p>\n<div class=\"mt-box \">\n<h4 class=\"mt-heading\">Mir\u00e1 Tambi\u00e9n<\/h4>\n<p><a href=\"https:\/\/www.paparazzi.com.ar\/romances\/el-ultimatum-de-zoe-bogach-por-su-romance-con-mauro-icardi-que-destrozo-a-la-china-suarez-tapa-su-infidelidad-y\/\"><\/p>\n<div class=\"mt-content\">\n<div class=\"mt-image-container\"><img decoding=\"async\" src=\"https:\/\/www.paparazzi.com.ar\/wp-content\/uploads\/2025\/10\/Zoe-Bogach-Mauro-Icardi-China-Suarez-359x226.jpg\" alt=\"El ultim\u00e1tum de Zoe Bogach por su romance con Mauro Icardi que destroz\u00f3 a la China Su\u00e1rez: \u201cTapa su infidelidad y\u2026\u201d\" class=\"mt-image\" loading=\"lazy\" \/><\/div>\n<h5 class=\"mt-title\">El ultim\u00e1tum de Zoe Bogach por su romance con Mauro Icardi que destroz\u00f3 a la China Su\u00e1rez: \u201cTapa su infidelidad y\u2026\u201d<\/h5>\n<\/div>\n<p><\/a><\/div>\n<p>Tambi\u00e9n se habl\u00f3 de su situaci\u00f3n en el exterior: Marcela Tauro y sus panelistas recordaron que Su\u00e1rez pasa temporadas en Turqu\u00eda y que realiza all\u00ed tareas vinculadas a marcas o campa\u00f1as; ese desplazamiento, sumado a la venta de propiedades en Argentina, fortalece la hip\u00f3tesis de un cambio de base temporal o de un replanteo de su vida.<\/p>\n<p>En tanto, sobre marcas y contratos, en <em>Infama<\/em> se mencion\u00f3 que algunas marcas ya no la posicionan como antes y que, desde el a\u00f1o pasado, habr\u00eda perdido acuerdos importantes. \u00bfSignifica esto que La China est\u00e1 reinvent\u00e1ndose? Entre ventas, mudanzas y limpieza de redes, el cuadro que pintaron da la sensaci\u00f3n de una mujer que decide marcar un punto de inflexi\u00f3n.<\/p>\n<div class=\"mt-box \">\n<h4 class=\"mt-heading\">Mir\u00e1 Tambi\u00e9n<\/h4>\n<p><a href=\"https:\/\/www.paparazzi.com.ar\/teve\/el-sucio-plan-de-la-china-suarez-con-mauro-icardi-para-destruir-por-completo-a-wanda-nara\/\"><\/p>\n<div class=\"mt-content\">\n<div class=\"mt-image-container\"><img decoding=\"async\" src=\"https:\/\/www.paparazzi.com.ar\/wp-content\/uploads\/2025\/03\/China-Suarez-Mauro-Icardi-Wanda-nara-359x226.jpg\" alt=\"El sucio plan de la China Su\u00e1rez con Mauro Icardi para destruir por completo a Wanda Nara\" class=\"mt-image\" loading=\"lazy\" \/><\/div>\n<h5 class=\"mt-title\">El sucio plan de la China Su\u00e1rez con Mauro Icardi para destruir por completo a Wanda Nara<\/h5>\n<\/div>\n<p><\/a><\/div>\n<div class=\"mt-box \">\n<h4 class=\"mt-heading\">Mir\u00e1 Tambi\u00e9n<\/h4>\n<p><a href=\"https:\/\/www.paparazzi.com.ar\/romances\/la-estrategia-de-benjamin-vicuna-junto-a-sus-hijos-para-declararle-la-guerra-a-la-china-suarez\/\"><\/p>\n<div class=\"mt-content\">\n<div class=\"mt-image-container\"><img decoding=\"async\" src=\"https:\/\/www.paparazzi.com.ar\/wp-content\/uploads\/2025\/09\/Benjamin-Vicuna-China-Suarez-1-359x226.jpg\" alt=\"La estrategia de Benjam\u00edn Vicu\u00f1a junto a sus hijos para declararle la guerra a la China Su\u00e1rez\" class=\"mt-image\" loading=\"lazy\" \/><\/div>\n<h5 class=\"mt-title\">La estrategia de Benjam\u00edn Vicu\u00f1a junto a sus hijos para declararle la guerra a la China Su\u00e1rez<\/h5>\n<\/div>\n<p><\/a><\/div>\n<p>The post <a href=\"https:\/\/www.paparazzi.com.ar\/teve\/decision-tomada-la-nueva-vida-de-la-china-suarez-con-un-inesperado-cambio-que-sorprendio-a-todos\/\">La tajante decisi\u00f3n de la China Su\u00e1rez que preocupa a Benjam\u00edn Vicu\u00f1a y alegra a Mauro Icardi<\/a> appeared first on <a href=\"https:\/\/www.paparazzi.com.ar\">Revista Paparazzi<\/a>.<\/p>\n","protected":false},"excerpt":{"rendered":"<p>La China Su\u00e1rez volvi\u00f3 a estar en el centro de la escena medi\u00e1tica por una<\/p>\n","protected":false},"author":0,"featured_media":6160,"comment_status":"","ping_status":"","sticky":false,"template":"","format":"standard","meta":{"footnotes":""},"categories":[11],"tags":[],"class_list":["post-6159","post","type-post","status-publish","format-standard","has-post-thumbnail","hentry","category-destacadas"],"yoast_head":"<!-- This site is optimized with the Yoast SEO plugin v28.3 - https:\/\/yoast.com\/product\/yoast-seo-wordpress\/ -->\n<title>La tajante decisi\u00f3n de la China Su\u00e1rez que preocupa a Benjam\u00edn Vicu\u00f1a y alegra a Mauro Icardi - Fm Gente<\/title>\n<meta name=\"robots\" content=\"index, follow, max-snippet:-1, max-image-preview:large, max-video-preview:-1\" \/>\n<link rel=\"canonical\" href=\"https:\/\/fmgente.com.ar\/web\/la-tajante-decision-de-la-china-suarez-que-preocupa-a-benjamin-vicuna-y-alegra-a-mauro-icardi\/\" \/>\n<meta property=\"og:locale\" content=\"es_ES\" \/>\n<meta property=\"og:type\" content=\"article\" \/>\n<meta property=\"og:title\" content=\"La tajante decisi\u00f3n de la China Su\u00e1rez que preocupa a Benjam\u00edn Vicu\u00f1a y alegra a Mauro Icardi - Fm Gente\" \/>\n<meta property=\"og:description\" content=\"La China Su\u00e1rez volvi\u00f3 a estar en el centro de la escena medi\u00e1tica por una\" \/>\n<meta property=\"og:url\" content=\"https:\/\/fmgente.com.ar\/web\/la-tajante-decision-de-la-china-suarez-que-preocupa-a-benjamin-vicuna-y-alegra-a-mauro-icardi\/\" \/>\n<meta property=\"og:site_name\" content=\"Fm Gente\" \/>\n<meta property=\"article:published_time\" content=\"2025-10-06T01:05:21+00:00\" \/>\n<meta property=\"og:image\" content=\"https:\/\/fmgente.com.ar\/web\/wp-content\/uploads\/2025\/10\/Martin-Fierro-359x226-3.jpg\" \/>\n\t<meta property=\"og:image:width\" content=\"359\" \/>\n\t<meta property=\"og:image:height\" content=\"226\" \/>\n\t<meta property=\"og:image:type\" content=\"image\/jpeg\" \/>\n<meta name=\"twitter:card\" content=\"summary_large_image\" \/>\n<meta name=\"twitter:label1\" content=\"Tiempo de lectura\" \/>\n\t<meta name=\"twitter:data1\" content=\"3 minutos\" \/>\n<script type=\"application\/ld+json\" class=\"yoast-schema-graph\">{\"@context\":\"https:\\\/\\\/schema.org\",\"@graph\":[{\"@type\":\"Article\",\"@id\":\"https:\\\/\\\/fmgente.com.ar\\\/web\\\/la-tajante-decision-de-la-china-suarez-que-preocupa-a-benjamin-vicuna-y-alegra-a-mauro-icardi\\\/#article\",\"isPartOf\":{\"@id\":\"https:\\\/\\\/fmgente.com.ar\\\/web\\\/la-tajante-decision-de-la-china-suarez-que-preocupa-a-benjamin-vicuna-y-alegra-a-mauro-icardi\\\/\"},\"author\":{\"name\":\"\",\"@id\":\"\"},\"headline\":\"La tajante decisi\u00f3n de la China Su\u00e1rez que preocupa a Benjam\u00edn Vicu\u00f1a y alegra a Mauro Icardi\",\"datePublished\":\"2025-10-06T01:05:21+00:00\",\"mainEntityOfPage\":{\"@id\":\"https:\\\/\\\/fmgente.com.ar\\\/web\\\/la-tajante-decision-de-la-china-suarez-que-preocupa-a-benjamin-vicuna-y-alegra-a-mauro-icardi\\\/\"},\"wordCount\":577,\"publisher\":{\"@id\":\"https:\\\/\\\/fmgente.com.ar\\\/web\\\/#organization\"},\"image\":{\"@id\":\"https:\\\/\\\/fmgente.com.ar\\\/web\\\/la-tajante-decision-de-la-china-suarez-que-preocupa-a-benjamin-vicuna-y-alegra-a-mauro-icardi\\\/#primaryimage\"},\"thumbnailUrl\":\"https:\\\/\\\/fmgente.com.ar\\\/web\\\/wp-content\\\/uploads\\\/2025\\\/10\\\/Martin-Fierro-359x226-3.jpg\",\"articleSection\":[\"DESTACADAS\"],\"inLanguage\":\"es\"},{\"@type\":\"WebPage\",\"@id\":\"https:\\\/\\\/fmgente.com.ar\\\/web\\\/la-tajante-decision-de-la-china-suarez-que-preocupa-a-benjamin-vicuna-y-alegra-a-mauro-icardi\\\/\",\"url\":\"https:\\\/\\\/fmgente.com.ar\\\/web\\\/la-tajante-decision-de-la-china-suarez-que-preocupa-a-benjamin-vicuna-y-alegra-a-mauro-icardi\\\/\",\"name\":\"La tajante decisi\u00f3n de la China Su\u00e1rez que preocupa a Benjam\u00edn Vicu\u00f1a y alegra a Mauro Icardi - Fm Gente\",\"isPartOf\":{\"@id\":\"https:\\\/\\\/fmgente.com.ar\\\/web\\\/#website\"},\"primaryImageOfPage\":{\"@id\":\"https:\\\/\\\/fmgente.com.ar\\\/web\\\/la-tajante-decision-de-la-china-suarez-que-preocupa-a-benjamin-vicuna-y-alegra-a-mauro-icardi\\\/#primaryimage\"},\"image\":{\"@id\":\"https:\\\/\\\/fmgente.com.ar\\\/web\\\/la-tajante-decision-de-la-china-suarez-que-preocupa-a-benjamin-vicuna-y-alegra-a-mauro-icardi\\\/#primaryimage\"},\"thumbnailUrl\":\"https:\\\/\\\/fmgente.com.ar\\\/web\\\/wp-content\\\/uploads\\\/2025\\\/10\\\/Martin-Fierro-359x226-3.jpg\",\"datePublished\":\"2025-10-06T01:05:21+00:00\",\"inLanguage\":\"es\",\"potentialAction\":[{\"@type\":\"ReadAction\",\"target\":[\"https:\\\/\\\/fmgente.com.ar\\\/web\\\/la-tajante-decision-de-la-china-suarez-que-preocupa-a-benjamin-vicuna-y-alegra-a-mauro-icardi\\\/\"]}]},{\"@type\":\"ImageObject\",\"inLanguage\":\"es\",\"@id\":\"https:\\\/\\\/fmgente.com.ar\\\/web\\\/la-tajante-decision-de-la-china-suarez-que-preocupa-a-benjamin-vicuna-y-alegra-a-mauro-icardi\\\/#primaryimage\",\"url\":\"https:\\\/\\\/fmgente.com.ar\\\/web\\\/wp-content\\\/uploads\\\/2025\\\/10\\\/Martin-Fierro-359x226-3.jpg\",\"contentUrl\":\"https:\\\/\\\/fmgente.com.ar\\\/web\\\/wp-content\\\/uploads\\\/2025\\\/10\\\/Martin-Fierro-359x226-3.jpg\",\"width\":359,\"height\":226},{\"@type\":\"WebSite\",\"@id\":\"https:\\\/\\\/fmgente.com.ar\\\/web\\\/#website\",\"url\":\"https:\\\/\\\/fmgente.com.ar\\\/web\\\/\",\"name\":\"Fm Gente\",\"description\":\"- Jes\u00fas Mar\u00eda\",\"publisher\":{\"@id\":\"https:\\\/\\\/fmgente.com.ar\\\/web\\\/#organization\"},\"potentialAction\":[{\"@type\":\"SearchAction\",\"target\":{\"@type\":\"EntryPoint\",\"urlTemplate\":\"https:\\\/\\\/fmgente.com.ar\\\/web\\\/?s={search_term_string}\"},\"query-input\":{\"@type\":\"PropertyValueSpecification\",\"valueRequired\":true,\"valueName\":\"search_term_string\"}}],\"inLanguage\":\"es\"},{\"@type\":\"Organization\",\"@id\":\"https:\\\/\\\/fmgente.com.ar\\\/web\\\/#organization\",\"name\":\"Fm Gente\",\"url\":\"https:\\\/\\\/fmgente.com.ar\\\/web\\\/\",\"logo\":{\"@type\":\"ImageObject\",\"inLanguage\":\"es\",\"@id\":\"https:\\\/\\\/fmgente.com.ar\\\/web\\\/#\\\/schema\\\/logo\\\/image\\\/\",\"url\":\"https:\\\/\\\/fmgente.com.ar\\\/web\\\/wp-content\\\/uploads\\\/2023\\\/07\\\/cropped-cropped-logo-sombra2.png\",\"contentUrl\":\"https:\\\/\\\/fmgente.com.ar\\\/web\\\/wp-content\\\/uploads\\\/2023\\\/07\\\/cropped-cropped-logo-sombra2.png\",\"width\":1782,\"height\":1782,\"caption\":\"Fm Gente\"},\"image\":{\"@id\":\"https:\\\/\\\/fmgente.com.ar\\\/web\\\/#\\\/schema\\\/logo\\\/image\\\/\"}}]}<\/script>\n<!-- \/ Yoast SEO plugin. -->","yoast_head_json":{"title":"La tajante decisi\u00f3n de la China Su\u00e1rez que preocupa a Benjam\u00edn Vicu\u00f1a y alegra a Mauro Icardi - Fm Gente","robots":{"index":"index","follow":"follow","max-snippet":"max-snippet:-1","max-image-preview":"max-image-preview:large","max-video-preview":"max-video-preview:-1"},"canonical":"https:\/\/fmgente.com.ar\/web\/la-tajante-decision-de-la-china-suarez-que-preocupa-a-benjamin-vicuna-y-alegra-a-mauro-icardi\/","og_locale":"es_ES","og_type":"article","og_title":"La tajante decisi\u00f3n de la China Su\u00e1rez que preocupa a Benjam\u00edn Vicu\u00f1a y alegra a Mauro Icardi - Fm Gente","og_description":"La China Su\u00e1rez volvi\u00f3 a estar en el centro de la escena medi\u00e1tica por una","og_url":"https:\/\/fmgente.com.ar\/web\/la-tajante-decision-de-la-china-suarez-que-preocupa-a-benjamin-vicuna-y-alegra-a-mauro-icardi\/","og_site_name":"Fm Gente","article_published_time":"2025-10-06T01:05:21+00:00","og_image":[{"width":359,"height":226,"url":"https:\/\/fmgente.com.ar\/web\/wp-content\/uploads\/2025\/10\/Martin-Fierro-359x226-3.jpg","type":"image\/jpeg"}],"twitter_card":"summary_large_image","twitter_misc":{"Tiempo de lectura":"3 minutos"},"schema":{"@context":"https:\/\/schema.org","@graph":[{"@type":"Article","@id":"https:\/\/fmgente.com.ar\/web\/la-tajante-decision-de-la-china-suarez-que-preocupa-a-benjamin-vicuna-y-alegra-a-mauro-icardi\/#article","isPartOf":{"@id":"https:\/\/fmgente.com.ar\/web\/la-tajante-decision-de-la-china-suarez-que-preocupa-a-benjamin-vicuna-y-alegra-a-mauro-icardi\/"},"author":{"name":"","@id":""},"headline":"La tajante decisi\u00f3n de la China Su\u00e1rez que preocupa a Benjam\u00edn Vicu\u00f1a y alegra a Mauro Icardi","datePublished":"2025-10-06T01:05:21+00:00","mainEntityOfPage":{"@id":"https:\/\/fmgente.com.ar\/web\/la-tajante-decision-de-la-china-suarez-que-preocupa-a-benjamin-vicuna-y-alegra-a-mauro-icardi\/"},"wordCount":577,"publisher":{"@id":"https:\/\/fmgente.com.ar\/web\/#organization"},"image":{"@id":"https:\/\/fmgente.com.ar\/web\/la-tajante-decision-de-la-china-suarez-que-preocupa-a-benjamin-vicuna-y-alegra-a-mauro-icardi\/#primaryimage"},"thumbnailUrl":"https:\/\/fmgente.com.ar\/web\/wp-content\/uploads\/2025\/10\/Martin-Fierro-359x226-3.jpg","articleSection":["DESTACADAS"],"inLanguage":"es"},{"@type":"WebPage","@id":"https:\/\/fmgente.com.ar\/web\/la-tajante-decision-de-la-china-suarez-que-preocupa-a-benjamin-vicuna-y-alegra-a-mauro-icardi\/","url":"https:\/\/fmgente.com.ar\/web\/la-tajante-decision-de-la-china-suarez-que-preocupa-a-benjamin-vicuna-y-alegra-a-mauro-icardi\/","name":"La tajante decisi\u00f3n de la China Su\u00e1rez que preocupa a Benjam\u00edn Vicu\u00f1a y alegra a Mauro Icardi - Fm Gente","isPartOf":{"@id":"https:\/\/fmgente.com.ar\/web\/#website"},"primaryImageOfPage":{"@id":"https:\/\/fmgente.com.ar\/web\/la-tajante-decision-de-la-china-suarez-que-preocupa-a-benjamin-vicuna-y-alegra-a-mauro-icardi\/#primaryimage"},"image":{"@id":"https:\/\/fmgente.com.ar\/web\/la-tajante-decision-de-la-china-suarez-que-preocupa-a-benjamin-vicuna-y-alegra-a-mauro-icardi\/#primaryimage"},"thumbnailUrl":"https:\/\/fmgente.com.ar\/web\/wp-content\/uploads\/2025\/10\/Martin-Fierro-359x226-3.jpg","datePublished":"2025-10-06T01:05:21+00:00","inLanguage":"es","potentialAction":[{"@type":"ReadAction","target":["https:\/\/fmgente.com.ar\/web\/la-tajante-decision-de-la-china-suarez-que-preocupa-a-benjamin-vicuna-y-alegra-a-mauro-icardi\/"]}]},{"@type":"ImageObject","inLanguage":"es","@id":"https:\/\/fmgente.com.ar\/web\/la-tajante-decision-de-la-china-suarez-que-preocupa-a-benjamin-vicuna-y-alegra-a-mauro-icardi\/#primaryimage","url":"https:\/\/fmgente.com.ar\/web\/wp-content\/uploads\/2025\/10\/Martin-Fierro-359x226-3.jpg","contentUrl":"https:\/\/fmgente.com.ar\/web\/wp-content\/uploads\/2025\/10\/Martin-Fierro-359x226-3.jpg","width":359,"height":226},{"@type":"WebSite","@id":"https:\/\/fmgente.com.ar\/web\/#website","url":"https:\/\/fmgente.com.ar\/web\/","name":"Fm Gente","description":"- Jes\u00fas Mar\u00eda","publisher":{"@id":"https:\/\/fmgente.com.ar\/web\/#organization"},"potentialAction":[{"@type":"SearchAction","target":{"@type":"EntryPoint","urlTemplate":"https:\/\/fmgente.com.ar\/web\/?s={search_term_string}"},"query-input":{"@type":"PropertyValueSpecification","valueRequired":true,"valueName":"search_term_string"}}],"inLanguage":"es"},{"@type":"Organization","@id":"https:\/\/fmgente.com.ar\/web\/#organization","name":"Fm Gente","url":"https:\/\/fmgente.com.ar\/web\/","logo":{"@type":"ImageObject","inLanguage":"es","@id":"https:\/\/fmgente.com.ar\/web\/#\/schema\/logo\/image\/","url":"https:\/\/fmgente.com.ar\/web\/wp-content\/uploads\/2023\/07\/cropped-cropped-logo-sombra2.png","contentUrl":"https:\/\/fmgente.com.ar\/web\/wp-content\/uploads\/2023\/07\/cropped-cropped-logo-sombra2.png","width":1782,"height":1782,"caption":"Fm Gente"},"image":{"@id":"https:\/\/fmgente.com.ar\/web\/#\/schema\/logo\/image\/"}}]}},"_links":{"self":[{"href":"https:\/\/fmgente.com.ar\/web\/wp-json\/wp\/v2\/posts\/6159","targetHints":{"allow":["GET"]}}],"collection":[{"href":"https:\/\/fmgente.com.ar\/web\/wp-json\/wp\/v2\/posts"}],"about":[{"href":"https:\/\/fmgente.com.ar\/web\/wp-json\/wp\/v2\/types\/post"}],"replies":[{"embeddable":true,"href":"https:\/\/fmgente.com.ar\/web\/wp-json\/wp\/v2\/comments?post=6159"}],"version-history":[{"count":0,"href":"https:\/\/fmgente.com.ar\/web\/wp-json\/wp\/v2\/posts\/6159\/revisions"}],"wp:featuredmedia":[{"embeddable":true,"href":"https:\/\/fmgente.com.ar\/web\/wp-json\/wp\/v2\/media\/6160"}],"wp:attachment":[{"href":"https:\/\/fmgente.com.ar\/web\/wp-json\/wp\/v2\/media?parent=6159"}],"wp:term":[{"taxonomy":"category","embeddable":true,"href":"https:\/\/fmgente.com.ar\/web\/wp-json\/wp\/v2\/categories?post=6159"},{"taxonomy":"post_tag","embeddable":true,"href":"https:\/\/fmgente.com.ar\/web\/wp-json\/wp\/v2\/tags?post=6159"}],"curies":[{"name":"wp","href":"https:\/\/api.w.org\/{rel}","templated":true}]}}