{"id":6157,"date":"2025-10-05T21:05:27","date_gmt":"2025-10-06T00:05:27","guid":{"rendered":"https:\/\/fmgente.com.ar\/mica-viciconte-y-la-impactante-confesion-de-su-pelea-con-flor-vigna-no-somos-amigas\/"},"modified":"2025-10-05T21:05:27","modified_gmt":"2025-10-06T00:05:27","slug":"mica-viciconte-y-la-impactante-confesion-de-su-pelea-con-flor-vigna-no-somos-amigas","status":"publish","type":"post","link":"https:\/\/fmgente.com.ar\/web\/mica-viciconte-y-la-impactante-confesion-de-su-pelea-con-flor-vigna-no-somos-amigas\/","title":{"rendered":"Mica Viciconte y la impactante confesi\u00f3n de su pelea con Flor Vigna: &quot;No somos amigas&quot;"},"content":{"rendered":"<p>El anuncio de la velada P\u00e1rense de manos revolucion\u00f3 el mundo del espect\u00e1culo. El pr\u00f3ximo 20 de diciembre, en el estadio de Hurac\u00e1n, <strong><a href=\"https:\/\/www.paparazzi.com.ar\/tag\/mica-viciconte\/\">Mica Viciconte<\/a><\/strong> se subir\u00e1 al ring para enfrentarse con <strong>Flor Vigna<\/strong>, su enemiga de aquellos a\u00f1os explosivos en Combate. La noticia caus\u00f3 sorpresa no solo por el regreso de la marplatense a una competencia f\u00edsica, sino tambi\u00e9n por el condimento especial de tener enfrente a su rival hist\u00f3rica.<\/p>\n<p>A la hora de contar c\u00f3mo recibi\u00f3 la propuesta, la panelista fue clara. <em>\u00abMe llamaron de la organizaci\u00f3n y me dijeron que quer\u00edan que peleara en diciembre. Cuando me dijeron que la rival ser\u00eda Flor, lo pens\u00e9 mucho. Ella ya tiene experiencia en el ring, entren\u00f3 un a\u00f1o entero. Me hice mil preguntas, pero despu\u00e9s dije: \u2018\u00bfPor qu\u00e9 no? La vida en s\u00ed es una pelea constante\u2019\u00bb<\/em>, confes\u00f3 en di\u00e1logo con Pronto.<\/p>\n<p>La decisi\u00f3n no fue inmediata y necesit\u00f3 del aval de su entorno. <em>\u00abLo habl\u00e9 con mi pareja, con mi familia y con mis compa\u00f1eros de trabajo. Fueron semanas de dudas, pregunt\u00e1ndome si deb\u00eda hacerlo o no. Finalmente, decid\u00ed que quer\u00eda asumir el desaf\u00edo\u00bb<\/em>, asegur\u00f3 <strong><a href=\"https:\/\/www.paparazzi.com.ar\/teve\/nicole-neumann-explosiva-contra-mica-viciconte-y-cubero-por-como-actuan-con-sus-hijas-yo-no-estoy\/\">Viciconte<\/a><\/strong>, que hoy comparte pantalla en Ariel en su salsa.<\/p>\n<div class=\"mt-box \">\n<h4 class=\"mt-heading\">Mir\u00e1 Tambi\u00e9n<\/h4>\n<p><a href=\"https:\/\/www.paparazzi.com.ar\/videos\/la-defensa-de-beto-marcico-a-roman-riquelme-en-medio-de-la-feroz-crisis-de-boca\/\"><\/p>\n<div class=\"mt-content\">\n<div class=\"mt-image-container\"><img decoding=\"async\" src=\"https:\/\/www.paparazzi.com.ar\/wp-content\/uploads\/2025\/08\/Beto-Marcico-Roman-Riquelme-359x226.jpg\" alt=\"La defensa de Beto Marcico a Rom\u00e1n Riquelme en medio de la feroz crisis de Boca\" class=\"mt-image\" loading=\"lazy\" \/><\/div>\n<h5 class=\"mt-title\">La defensa de Beto Marcico a Rom\u00e1n Riquelme en medio de la feroz crisis de Boca<\/h5>\n<\/div>\n<p><\/a><\/div>\n<p>En cuanto a la preparaci\u00f3n, reconoci\u00f3 que su agenda es un caos entre entrenamiento, familia y trabajo. <em>\u00abIntento todos los d\u00edas, aunque mi rutina es compleja. Tengo un hijo de tres a\u00f1os, una familia numerosa y un trabajo diario. Hago malabares para repartir mi tiempo entre todo y aun as\u00ed trato de entrenar lo m\u00e1s que puedo\u00bb<\/em>, explic\u00f3. Adem\u00e1s, dej\u00f3 en claro que el miedo no la paraliza: <em>\u00abEl miedo genera alerta, te obliga a estar atenta y enfocada\u00bb<\/em>.<\/p>\n<h2 class=\"wp-block-heading\">LA CONFESI\u00d3N DE MICA VICICONTE SOBRE SU PELEA CON FLOR VIGNA<\/h2>\n<p>La relaci\u00f3n con <strong><a href=\"https:\/\/www.paparazzi.com.ar\/teve\/cuando-y-donde-pelearan-mica-viciconte-y-flor-vigna\/\">Flor Vigna<\/a><\/strong> sigue siendo un punto caliente. <em>\u00abSi esta pelea hubiese sido diez a\u00f1os atr\u00e1s, hubiese sido sangrienta. Hoy hay buena onda, pero tampoco puedo perdonarla porque s\u00e9 que ella tampoco lo har\u00e1\u00bb<\/em>, lanz\u00f3 sin filtro. En ese sentido, record\u00f3 la intensidad de los a\u00f1os en <em>Combate<\/em>: <em>\u00abHab\u00eda una bronca muy grande. \u00c9ramos chicas y nos jug\u00e1bamos el trabajo, entonces defend\u00edamos a muerte a nuestros equipos\u00bb<\/em>.<\/p>\n<p>Y sobre lo que puede pasar arriba del ring, no dej\u00f3 lugar a dudas. <em>\u00abNos conocemos demasiado, como si fu\u00e9ramos una pareja de ex. Ninguna de las dos soporta perder y yo soy muy exigente conmigo misma. Si pierdo, me culpo y me digo que tendr\u00eda que haber entrenado diez veces m\u00e1s\u00bb<\/em>. Cerr\u00f3 contundente, sin vueltas: <em>\u00abNo somos amigas\u00bb<\/em>.<\/p>\n<div class=\"mt-box \">\n<h4 class=\"mt-heading\">Mir\u00e1 Tambi\u00e9n<\/h4>\n<p><a href=\"https:\/\/www.paparazzi.com.ar\/teve\/el-terrible-momento-que-vivio-osqui-guzman-con-un-ataque-de-policia-me-pego-en-la-cabeza-y\/\"><\/p>\n<div class=\"mt-content\">\n<div class=\"mt-image-container\"><img decoding=\"async\" src=\"https:\/\/www.paparazzi.com.ar\/wp-content\/uploads\/2025\/10\/Osqui-Guzman-359x226.jpg\" alt=\"El terrible momento que vivi\u00f3 Osqui Guzm\u00e1n con un ataque de polic\u00eda: &quot;Me peg\u00f3 en la cabeza y\u2026&quot;\" class=\"mt-image\" loading=\"lazy\" \/><\/div>\n<h5 class=\"mt-title\">El terrible momento que vivi\u00f3 Osqui Guzm\u00e1n con un ataque de polic\u00eda: \u00abMe peg\u00f3 en la cabeza y\u2026\u00bb<\/h5>\n<\/div>\n<p><\/a><\/div>\n<div class=\"mt-box \">\n<h4 class=\"mt-heading\">Mir\u00e1 Tambi\u00e9n<\/h4>\n<p><a href=\"https:\/\/www.paparazzi.com.ar\/romances\/revelan-los-datos-mas-picantes-sobre-la-separacion-de-marcelo-tinelli-y-milett-figueroa-se-deben-una\/\"><\/p>\n<div class=\"mt-content\">\n<div class=\"mt-image-container\"><img decoding=\"async\" src=\"https:\/\/www.paparazzi.com.ar\/wp-content\/uploads\/2025\/09\/marcelo-milet-359x226.jpeg\" alt=\"Revelan los datos m\u00e1s picantes sobre la separaci\u00f3n de Marcelo Tinelli y Milett Figueroa: &quot;Se deben una...&quot;\" class=\"mt-image\" loading=\"lazy\" \/><\/div>\n<h5 class=\"mt-title\">Revelan los datos m\u00e1s picantes sobre la separaci\u00f3n de Marcelo Tinelli y Milett Figueroa: \u00abSe deben una&#8230;\u00bb<\/h5>\n<\/div>\n<p><\/a><\/div>\n<p>The post <a href=\"https:\/\/www.paparazzi.com.ar\/teve\/mica-viciconte-y-la-impactante-confesion-de-su-pelea-con-flor-vigna-no-somos-amigas\/\">Mica Viciconte y la impactante confesi\u00f3n de su pelea con Flor Vigna: &quot;No somos amigas&quot;<\/a> appeared first on <a href=\"https:\/\/www.paparazzi.com.ar\">Revista Paparazzi<\/a>.<\/p>\n","protected":false},"excerpt":{"rendered":"<p>El anuncio de la velada P\u00e1rense de manos revolucion\u00f3 el mundo del espect\u00e1culo. El pr\u00f3ximo<\/p>\n","protected":false},"author":0,"featured_media":6158,"comment_status":"","ping_status":"","sticky":false,"template":"","format":"standard","meta":{"footnotes":""},"categories":[11],"tags":[],"class_list":["post-6157","post","type-post","status-publish","format-standard","has-post-thumbnail","hentry","category-destacadas"],"yoast_head":"<!-- This site is optimized with the Yoast SEO plugin v28.3 - https:\/\/yoast.com\/product\/yoast-seo-wordpress\/ -->\n<title>Mica Viciconte y la impactante confesi\u00f3n de su pelea con Flor Vigna: &quot;No somos amigas&quot; - Fm Gente<\/title>\n<meta name=\"robots\" content=\"index, follow, max-snippet:-1, max-image-preview:large, max-video-preview:-1\" \/>\n<link rel=\"canonical\" href=\"https:\/\/fmgente.com.ar\/web\/mica-viciconte-y-la-impactante-confesion-de-su-pelea-con-flor-vigna-no-somos-amigas\/\" \/>\n<meta property=\"og:locale\" content=\"es_ES\" \/>\n<meta property=\"og:type\" content=\"article\" \/>\n<meta property=\"og:title\" content=\"Mica Viciconte y la impactante confesi\u00f3n de su pelea con Flor Vigna: &quot;No somos amigas&quot; - Fm Gente\" \/>\n<meta property=\"og:description\" content=\"El anuncio de la velada P\u00e1rense de manos revolucion\u00f3 el mundo del espect\u00e1culo. El pr\u00f3ximo\" \/>\n<meta property=\"og:url\" content=\"https:\/\/fmgente.com.ar\/web\/mica-viciconte-y-la-impactante-confesion-de-su-pelea-con-flor-vigna-no-somos-amigas\/\" \/>\n<meta property=\"og:site_name\" content=\"Fm Gente\" \/>\n<meta property=\"article:published_time\" content=\"2025-10-06T00:05:27+00:00\" \/>\n<meta property=\"og:image\" content=\"https:\/\/fmgente.com.ar\/web\/wp-content\/uploads\/2025\/10\/Beto-Marcico-Roman-Riquelme-359x226-3.jpg\" \/>\n\t<meta property=\"og:image:width\" content=\"359\" \/>\n\t<meta property=\"og:image:height\" content=\"226\" \/>\n\t<meta property=\"og:image:type\" content=\"image\/jpeg\" \/>\n<meta name=\"twitter:card\" content=\"summary_large_image\" \/>\n<meta name=\"twitter:label1\" content=\"Tiempo de lectura\" \/>\n\t<meta name=\"twitter:data1\" content=\"3 minutos\" \/>\n<script type=\"application\/ld+json\" class=\"yoast-schema-graph\">{\"@context\":\"https:\\\/\\\/schema.org\",\"@graph\":[{\"@type\":\"Article\",\"@id\":\"https:\\\/\\\/fmgente.com.ar\\\/web\\\/mica-viciconte-y-la-impactante-confesion-de-su-pelea-con-flor-vigna-no-somos-amigas\\\/#article\",\"isPartOf\":{\"@id\":\"https:\\\/\\\/fmgente.com.ar\\\/web\\\/mica-viciconte-y-la-impactante-confesion-de-su-pelea-con-flor-vigna-no-somos-amigas\\\/\"},\"author\":{\"name\":\"\",\"@id\":\"\"},\"headline\":\"Mica Viciconte y la impactante confesi\u00f3n de su pelea con Flor Vigna: &quot;No somos amigas&quot;\",\"datePublished\":\"2025-10-06T00:05:27+00:00\",\"mainEntityOfPage\":{\"@id\":\"https:\\\/\\\/fmgente.com.ar\\\/web\\\/mica-viciconte-y-la-impactante-confesion-de-su-pelea-con-flor-vigna-no-somos-amigas\\\/\"},\"wordCount\":559,\"publisher\":{\"@id\":\"https:\\\/\\\/fmgente.com.ar\\\/web\\\/#organization\"},\"image\":{\"@id\":\"https:\\\/\\\/fmgente.com.ar\\\/web\\\/mica-viciconte-y-la-impactante-confesion-de-su-pelea-con-flor-vigna-no-somos-amigas\\\/#primaryimage\"},\"thumbnailUrl\":\"https:\\\/\\\/fmgente.com.ar\\\/web\\\/wp-content\\\/uploads\\\/2025\\\/10\\\/Beto-Marcico-Roman-Riquelme-359x226-3.jpg\",\"articleSection\":[\"DESTACADAS\"],\"inLanguage\":\"es\"},{\"@type\":\"WebPage\",\"@id\":\"https:\\\/\\\/fmgente.com.ar\\\/web\\\/mica-viciconte-y-la-impactante-confesion-de-su-pelea-con-flor-vigna-no-somos-amigas\\\/\",\"url\":\"https:\\\/\\\/fmgente.com.ar\\\/web\\\/mica-viciconte-y-la-impactante-confesion-de-su-pelea-con-flor-vigna-no-somos-amigas\\\/\",\"name\":\"Mica Viciconte y la impactante confesi\u00f3n de su pelea con Flor Vigna: &quot;No somos amigas&quot; - Fm Gente\",\"isPartOf\":{\"@id\":\"https:\\\/\\\/fmgente.com.ar\\\/web\\\/#website\"},\"primaryImageOfPage\":{\"@id\":\"https:\\\/\\\/fmgente.com.ar\\\/web\\\/mica-viciconte-y-la-impactante-confesion-de-su-pelea-con-flor-vigna-no-somos-amigas\\\/#primaryimage\"},\"image\":{\"@id\":\"https:\\\/\\\/fmgente.com.ar\\\/web\\\/mica-viciconte-y-la-impactante-confesion-de-su-pelea-con-flor-vigna-no-somos-amigas\\\/#primaryimage\"},\"thumbnailUrl\":\"https:\\\/\\\/fmgente.com.ar\\\/web\\\/wp-content\\\/uploads\\\/2025\\\/10\\\/Beto-Marcico-Roman-Riquelme-359x226-3.jpg\",\"datePublished\":\"2025-10-06T00:05:27+00:00\",\"inLanguage\":\"es\",\"potentialAction\":[{\"@type\":\"ReadAction\",\"target\":[\"https:\\\/\\\/fmgente.com.ar\\\/web\\\/mica-viciconte-y-la-impactante-confesion-de-su-pelea-con-flor-vigna-no-somos-amigas\\\/\"]}]},{\"@type\":\"ImageObject\",\"inLanguage\":\"es\",\"@id\":\"https:\\\/\\\/fmgente.com.ar\\\/web\\\/mica-viciconte-y-la-impactante-confesion-de-su-pelea-con-flor-vigna-no-somos-amigas\\\/#primaryimage\",\"url\":\"https:\\\/\\\/fmgente.com.ar\\\/web\\\/wp-content\\\/uploads\\\/2025\\\/10\\\/Beto-Marcico-Roman-Riquelme-359x226-3.jpg\",\"contentUrl\":\"https:\\\/\\\/fmgente.com.ar\\\/web\\\/wp-content\\\/uploads\\\/2025\\\/10\\\/Beto-Marcico-Roman-Riquelme-359x226-3.jpg\",\"width\":359,\"height\":226},{\"@type\":\"WebSite\",\"@id\":\"https:\\\/\\\/fmgente.com.ar\\\/web\\\/#website\",\"url\":\"https:\\\/\\\/fmgente.com.ar\\\/web\\\/\",\"name\":\"Fm Gente\",\"description\":\"- Jes\u00fas Mar\u00eda\",\"publisher\":{\"@id\":\"https:\\\/\\\/fmgente.com.ar\\\/web\\\/#organization\"},\"potentialAction\":[{\"@type\":\"SearchAction\",\"target\":{\"@type\":\"EntryPoint\",\"urlTemplate\":\"https:\\\/\\\/fmgente.com.ar\\\/web\\\/?s={search_term_string}\"},\"query-input\":{\"@type\":\"PropertyValueSpecification\",\"valueRequired\":true,\"valueName\":\"search_term_string\"}}],\"inLanguage\":\"es\"},{\"@type\":\"Organization\",\"@id\":\"https:\\\/\\\/fmgente.com.ar\\\/web\\\/#organization\",\"name\":\"Fm Gente\",\"url\":\"https:\\\/\\\/fmgente.com.ar\\\/web\\\/\",\"logo\":{\"@type\":\"ImageObject\",\"inLanguage\":\"es\",\"@id\":\"https:\\\/\\\/fmgente.com.ar\\\/web\\\/#\\\/schema\\\/logo\\\/image\\\/\",\"url\":\"https:\\\/\\\/fmgente.com.ar\\\/web\\\/wp-content\\\/uploads\\\/2023\\\/07\\\/cropped-cropped-logo-sombra2.png\",\"contentUrl\":\"https:\\\/\\\/fmgente.com.ar\\\/web\\\/wp-content\\\/uploads\\\/2023\\\/07\\\/cropped-cropped-logo-sombra2.png\",\"width\":1782,\"height\":1782,\"caption\":\"Fm Gente\"},\"image\":{\"@id\":\"https:\\\/\\\/fmgente.com.ar\\\/web\\\/#\\\/schema\\\/logo\\\/image\\\/\"}}]}<\/script>\n<!-- \/ Yoast SEO plugin. -->","yoast_head_json":{"title":"Mica Viciconte y la impactante confesi\u00f3n de su pelea con Flor Vigna: &quot;No somos amigas&quot; - Fm Gente","robots":{"index":"index","follow":"follow","max-snippet":"max-snippet:-1","max-image-preview":"max-image-preview:large","max-video-preview":"max-video-preview:-1"},"canonical":"https:\/\/fmgente.com.ar\/web\/mica-viciconte-y-la-impactante-confesion-de-su-pelea-con-flor-vigna-no-somos-amigas\/","og_locale":"es_ES","og_type":"article","og_title":"Mica Viciconte y la impactante confesi\u00f3n de su pelea con Flor Vigna: &quot;No somos amigas&quot; - Fm Gente","og_description":"El anuncio de la velada P\u00e1rense de manos revolucion\u00f3 el mundo del espect\u00e1culo. El pr\u00f3ximo","og_url":"https:\/\/fmgente.com.ar\/web\/mica-viciconte-y-la-impactante-confesion-de-su-pelea-con-flor-vigna-no-somos-amigas\/","og_site_name":"Fm Gente","article_published_time":"2025-10-06T00:05:27+00:00","og_image":[{"width":359,"height":226,"url":"https:\/\/fmgente.com.ar\/web\/wp-content\/uploads\/2025\/10\/Beto-Marcico-Roman-Riquelme-359x226-3.jpg","type":"image\/jpeg"}],"twitter_card":"summary_large_image","twitter_misc":{"Tiempo de lectura":"3 minutos"},"schema":{"@context":"https:\/\/schema.org","@graph":[{"@type":"Article","@id":"https:\/\/fmgente.com.ar\/web\/mica-viciconte-y-la-impactante-confesion-de-su-pelea-con-flor-vigna-no-somos-amigas\/#article","isPartOf":{"@id":"https:\/\/fmgente.com.ar\/web\/mica-viciconte-y-la-impactante-confesion-de-su-pelea-con-flor-vigna-no-somos-amigas\/"},"author":{"name":"","@id":""},"headline":"Mica Viciconte y la impactante confesi\u00f3n de su pelea con Flor Vigna: &quot;No somos amigas&quot;","datePublished":"2025-10-06T00:05:27+00:00","mainEntityOfPage":{"@id":"https:\/\/fmgente.com.ar\/web\/mica-viciconte-y-la-impactante-confesion-de-su-pelea-con-flor-vigna-no-somos-amigas\/"},"wordCount":559,"publisher":{"@id":"https:\/\/fmgente.com.ar\/web\/#organization"},"image":{"@id":"https:\/\/fmgente.com.ar\/web\/mica-viciconte-y-la-impactante-confesion-de-su-pelea-con-flor-vigna-no-somos-amigas\/#primaryimage"},"thumbnailUrl":"https:\/\/fmgente.com.ar\/web\/wp-content\/uploads\/2025\/10\/Beto-Marcico-Roman-Riquelme-359x226-3.jpg","articleSection":["DESTACADAS"],"inLanguage":"es"},{"@type":"WebPage","@id":"https:\/\/fmgente.com.ar\/web\/mica-viciconte-y-la-impactante-confesion-de-su-pelea-con-flor-vigna-no-somos-amigas\/","url":"https:\/\/fmgente.com.ar\/web\/mica-viciconte-y-la-impactante-confesion-de-su-pelea-con-flor-vigna-no-somos-amigas\/","name":"Mica Viciconte y la impactante confesi\u00f3n de su pelea con Flor Vigna: &quot;No somos amigas&quot; - Fm Gente","isPartOf":{"@id":"https:\/\/fmgente.com.ar\/web\/#website"},"primaryImageOfPage":{"@id":"https:\/\/fmgente.com.ar\/web\/mica-viciconte-y-la-impactante-confesion-de-su-pelea-con-flor-vigna-no-somos-amigas\/#primaryimage"},"image":{"@id":"https:\/\/fmgente.com.ar\/web\/mica-viciconte-y-la-impactante-confesion-de-su-pelea-con-flor-vigna-no-somos-amigas\/#primaryimage"},"thumbnailUrl":"https:\/\/fmgente.com.ar\/web\/wp-content\/uploads\/2025\/10\/Beto-Marcico-Roman-Riquelme-359x226-3.jpg","datePublished":"2025-10-06T00:05:27+00:00","inLanguage":"es","potentialAction":[{"@type":"ReadAction","target":["https:\/\/fmgente.com.ar\/web\/mica-viciconte-y-la-impactante-confesion-de-su-pelea-con-flor-vigna-no-somos-amigas\/"]}]},{"@type":"ImageObject","inLanguage":"es","@id":"https:\/\/fmgente.com.ar\/web\/mica-viciconte-y-la-impactante-confesion-de-su-pelea-con-flor-vigna-no-somos-amigas\/#primaryimage","url":"https:\/\/fmgente.com.ar\/web\/wp-content\/uploads\/2025\/10\/Beto-Marcico-Roman-Riquelme-359x226-3.jpg","contentUrl":"https:\/\/fmgente.com.ar\/web\/wp-content\/uploads\/2025\/10\/Beto-Marcico-Roman-Riquelme-359x226-3.jpg","width":359,"height":226},{"@type":"WebSite","@id":"https:\/\/fmgente.com.ar\/web\/#website","url":"https:\/\/fmgente.com.ar\/web\/","name":"Fm Gente","description":"- Jes\u00fas Mar\u00eda","publisher":{"@id":"https:\/\/fmgente.com.ar\/web\/#organization"},"potentialAction":[{"@type":"SearchAction","target":{"@type":"EntryPoint","urlTemplate":"https:\/\/fmgente.com.ar\/web\/?s={search_term_string}"},"query-input":{"@type":"PropertyValueSpecification","valueRequired":true,"valueName":"search_term_string"}}],"inLanguage":"es"},{"@type":"Organization","@id":"https:\/\/fmgente.com.ar\/web\/#organization","name":"Fm Gente","url":"https:\/\/fmgente.com.ar\/web\/","logo":{"@type":"ImageObject","inLanguage":"es","@id":"https:\/\/fmgente.com.ar\/web\/#\/schema\/logo\/image\/","url":"https:\/\/fmgente.com.ar\/web\/wp-content\/uploads\/2023\/07\/cropped-cropped-logo-sombra2.png","contentUrl":"https:\/\/fmgente.com.ar\/web\/wp-content\/uploads\/2023\/07\/cropped-cropped-logo-sombra2.png","width":1782,"height":1782,"caption":"Fm Gente"},"image":{"@id":"https:\/\/fmgente.com.ar\/web\/#\/schema\/logo\/image\/"}}]}},"_links":{"self":[{"href":"https:\/\/fmgente.com.ar\/web\/wp-json\/wp\/v2\/posts\/6157","targetHints":{"allow":["GET"]}}],"collection":[{"href":"https:\/\/fmgente.com.ar\/web\/wp-json\/wp\/v2\/posts"}],"about":[{"href":"https:\/\/fmgente.com.ar\/web\/wp-json\/wp\/v2\/types\/post"}],"replies":[{"embeddable":true,"href":"https:\/\/fmgente.com.ar\/web\/wp-json\/wp\/v2\/comments?post=6157"}],"version-history":[{"count":0,"href":"https:\/\/fmgente.com.ar\/web\/wp-json\/wp\/v2\/posts\/6157\/revisions"}],"wp:featuredmedia":[{"embeddable":true,"href":"https:\/\/fmgente.com.ar\/web\/wp-json\/wp\/v2\/media\/6158"}],"wp:attachment":[{"href":"https:\/\/fmgente.com.ar\/web\/wp-json\/wp\/v2\/media?parent=6157"}],"wp:term":[{"taxonomy":"category","embeddable":true,"href":"https:\/\/fmgente.com.ar\/web\/wp-json\/wp\/v2\/categories?post=6157"},{"taxonomy":"post_tag","embeddable":true,"href":"https:\/\/fmgente.com.ar\/web\/wp-json\/wp\/v2\/tags?post=6157"}],"curies":[{"name":"wp","href":"https:\/\/api.w.org\/{rel}","templated":true}]}}