{"id":6155,"date":"2025-10-05T21:05:26","date_gmt":"2025-10-06T00:05:26","guid":{"rendered":"https:\/\/fmgente.com.ar\/la-dolorosa-confesion-de-arturo-puig-a-un-ano-de-la-muerte-de-selva-aleman-siento-que-la-veo\/"},"modified":"2025-10-05T21:05:26","modified_gmt":"2025-10-06T00:05:26","slug":"la-dolorosa-confesion-de-arturo-puig-a-un-ano-de-la-muerte-de-selva-aleman-siento-que-la-veo","status":"publish","type":"post","link":"https:\/\/fmgente.com.ar\/web\/la-dolorosa-confesion-de-arturo-puig-a-un-ano-de-la-muerte-de-selva-aleman-siento-que-la-veo\/","title":{"rendered":"La dolorosa confesi\u00f3n de Arturo Puig a un a\u00f1o de la muerte de Selva Alem\u00e1n: &quot;Siento que la veo&quot;"},"content":{"rendered":"<p>A m\u00e1s de un a\u00f1o de la muerte de <strong><a href=\"https:\/\/www.paparazzi.com.ar\/?s=Selva+Alem%C3%A1n\">Selva Alem\u00e1n<\/a><\/strong>, su compa\u00f1ero de vida, <strong><a href=\"https:\/\/www.paparazzi.com.ar\/?s=Arturo+Puig\">Arturo Puig<\/a><\/strong>, volvi\u00f3 a emocionarse al hablar de ella en una entrevista con <strong><a href=\"https:\/\/www.paparazzi.com.ar\/?s=Catalina+Dlugi\">Catalina Dlugi<\/a><\/strong> para la radio La Once Diez. Con voz quebrada y recuerdos a flor de piel, el actor repas\u00f3 momentos compartidos, an\u00e9cdotas y la huella profunda que la actriz dej\u00f3 en su vida personal y profesional.<\/p>\n<p><em>\u201cLa extra\u00f1o mucho a Selva era una persona divina y nos llev\u00e1bamos muy bien. Voy d\u00eda a d\u00eda con momentos buenos y malos. Me mud\u00e9, vend\u00ed mi casa e hice el duelo a la vez\u201d<\/em>, expres\u00f3 Puig, describiendo c\u00f3mo cada decisi\u00f3n reciente \u2014hasta la mudanza\u2014 estuvo atravesada por el proceso de duelo. <\/p>\n<p>El testimonio deja ver a un hombre que intenta reorganizar su vida mientras conserva el legado de quien fue su pareja durante d\u00e9cadas.  El actor tambi\u00e9n destac\u00f3 la contenci\u00f3n del c\u00edrculo \u00edntimo:<em> \u201cLos compa\u00f1eros me han llamado mucho y eso me ayuda. Nos re\u00edmos de las an\u00e9cdotas y me cuidan\u201d.<\/em> <\/p>\n<div class=\"mt-box \">\n<h4 class=\"mt-heading\">Mir\u00e1 Tambi\u00e9n<\/h4>\n<p><a href=\"https:\/\/www.paparazzi.com.ar\/teve\/exclusivo-nacho-castanares-revelo-como-esta-thiago-medina-tras-despertar-del-coma\/\"><\/p>\n<div class=\"mt-content\">\n<div class=\"mt-image-container\"><img decoding=\"async\" src=\"https:\/\/www.paparazzi.com.ar\/wp-content\/uploads\/2025\/09\/Nacho-Castanares-Thiago-medina-359x226.jpg\" alt=\"\u00a1Exclusivo! Nacho Casta\u00f1ares revel\u00f3 c\u00f3mo est\u00e1 Thiago Medina tras despertar del coma\" class=\"mt-image\" loading=\"lazy\" \/><\/div>\n<h5 class=\"mt-title\">\u00a1Exclusivo! Nacho Casta\u00f1ares revel\u00f3 c\u00f3mo est\u00e1 Thiago Medina tras despertar del coma<\/h5>\n<\/div>\n<p><\/a><\/div>\n<p>Ese sost\u00e9n profesional y afectivo, dijo, fue clave para transitar los altibajos que trae la ausencia de alguien tan cercano. En varios pasajes de la charla, Puig confes\u00f3 experiencias cotidianas que lo sorprenden: <em>\u201cPas\u00f3 un a\u00f1o, pero salgo a la calle y siento que la veo a Selva o que me est\u00e1 esperando en casa\u201d<\/em>, cont\u00f3.<\/p>\n<p>El recuerdo p\u00fablico de Selva \u2014quien falleci\u00f3 el 3 de septiembre de 2024 a los 80 a\u00f1os\u2014 sigue despertando muestras de afecto en el ambiente art\u00edstico y entre sus seguidores. Puig, adem\u00e1s, repas\u00f3 el legado art\u00edstico de Selva y su fuerza como referente: rememor\u00f3 proyectos compartidos, el amor por el teatro y la complicidad profesional que los uni\u00f3. <\/p>\n<div class=\"mt-box \">\n<h4 class=\"mt-heading\">Mir\u00e1 Tambi\u00e9n<\/h4>\n<p><a href=\"https:\/\/www.paparazzi.com.ar\/romances\/el-desgarrador-mensaje-de-arturo-puig-a-11-meses-de-la-muerte-de-selva-aleman\/\"><\/p>\n<div class=\"mt-content\">\n<div class=\"mt-image-container\"><img decoding=\"async\" src=\"https:\/\/www.paparazzi.com.ar\/wp-content\/uploads\/2025\/08\/Arturo-Puig-Selva-Aleman-359x226.jpg\" alt=\"El desgarrador mensaje de Arturo Puig a 11 meses de la muerte de Selva Alem\u00e1n\" class=\"mt-image\" loading=\"lazy\" \/><\/div>\n<h5 class=\"mt-title\">El desgarrador mensaje de Arturo Puig a 11 meses de la muerte de Selva Alem\u00e1n<\/h5>\n<\/div>\n<p><\/a><\/div>\n<p>En redes y medios la reacci\u00f3n fue conmovedora: colegas y espectadores valoraron la honestidad del actor al relatar su duelo y la manera en que mantiene viva la memoria de la actriz.  La entrevista con Catalina Dlugi volvi\u00f3 a poner el foco en la vida despu\u00e9s de la p\u00e9rdida.<\/p>\n<p>Puig no ocult\u00f3 la nostalgia, pero s\u00ed dej\u00f3 entrever que sigue rodeado de afecto y peque\u00f1as rutinas que lo sostienen. Con cada frase, el actor demostr\u00f3 que el duelo no es una l\u00ednea recta, sino una experiencia que se vive d\u00eda a d\u00eda \u2014con momentos de risa, recordar an\u00e9cdotas y, tambi\u00e9n, con el peso del silencio cuando el coraz\u00f3n a\u00fan espera<\/p>\n<div class=\"mt-box \">\n<h4 class=\"mt-heading\">Mir\u00e1 Tambi\u00e9n<\/h4>\n<p><a href=\"https:\/\/www.paparazzi.com.ar\/teve\/arturo-puig-conto-como-sufre-el-duelo-a-mas-de-3-meses-de-la-muerte-de-selva-aleman\/\"><\/p>\n<div class=\"mt-content\">\n<div class=\"mt-image-container\"><img decoding=\"async\" src=\"https:\/\/www.paparazzi.com.ar\/wp-content\/uploads\/2024\/12\/IMG-20241212-WA0035.jpg.webp\" alt=\"Arturo Puig cont\u00f3 c\u00f3mo sufre el duelo a m\u00e1s de 3 meses de la muerte de Selva Alem\u00e1n\" class=\"mt-image\" loading=\"lazy\" \/><\/div>\n<h5 class=\"mt-title\">Arturo Puig cont\u00f3 c\u00f3mo sufre el duelo a m\u00e1s de 3 meses de la muerte de Selva Alem\u00e1n<\/h5>\n<\/div>\n<p><\/a><\/div>\n<div class=\"mt-box \">\n<h4 class=\"mt-heading\">Mir\u00e1 Tambi\u00e9n<\/h4>\n<p><a href=\"https:\/\/www.paparazzi.com.ar\/teve\/mi-amada-el-dulce-mensaje-de-arturo-puig-a-tres-meses-de-la-muerte-de-selva-aleman\/\"><\/p>\n<div class=\"mt-content\">\n<div class=\"mt-image-container\"><img decoding=\"async\" src=\"https:\/\/www.paparazzi.com.ar\/wp-content\/uploads\/2024\/11\/arturo-puig-selva-aleman.jpg.webp\" alt=\"&quot;Mi amada&quot;: El dulce mensaje de Arturo Puig a tres meses de la muerte de Selva Alem\u00e1n\" class=\"mt-image\" loading=\"lazy\" \/><\/div>\n<h5 class=\"mt-title\">\u00abMi amada\u00bb: El dulce mensaje de Arturo Puig a tres meses de la muerte de Selva Alem\u00e1n<\/h5>\n<\/div>\n<p><\/a><\/div>\n<p>The post <a href=\"https:\/\/www.paparazzi.com.ar\/teve\/la-dolorosa-confesion-de-arturo-puig-a-un-ano-de-la-muerte-de-selva-aleman-siento-que-la-veo\/\">La dolorosa confesi\u00f3n de Arturo Puig a un a\u00f1o de la muerte de Selva Alem\u00e1n: &quot;Siento que la veo&quot;<\/a> appeared first on <a href=\"https:\/\/www.paparazzi.com.ar\">Revista Paparazzi<\/a>.<\/p>\n","protected":false},"excerpt":{"rendered":"<p>A m\u00e1s de un a\u00f1o de la muerte de Selva Alem\u00e1n, su compa\u00f1ero de vida,<\/p>\n","protected":false},"author":0,"featured_media":6156,"comment_status":"","ping_status":"","sticky":false,"template":"","format":"standard","meta":{"footnotes":""},"categories":[11],"tags":[],"class_list":["post-6155","post","type-post","status-publish","format-standard","has-post-thumbnail","hentry","category-destacadas"],"yoast_head":"<!-- This site is optimized with the Yoast SEO plugin v28.3 - https:\/\/yoast.com\/product\/yoast-seo-wordpress\/ -->\n<title>La dolorosa confesi\u00f3n de Arturo Puig a un a\u00f1o de la muerte de Selva Alem\u00e1n: &quot;Siento que la veo&quot; - Fm Gente<\/title>\n<meta name=\"robots\" content=\"index, follow, max-snippet:-1, max-image-preview:large, max-video-preview:-1\" \/>\n<link rel=\"canonical\" href=\"https:\/\/fmgente.com.ar\/web\/la-dolorosa-confesion-de-arturo-puig-a-un-ano-de-la-muerte-de-selva-aleman-siento-que-la-veo\/\" \/>\n<meta property=\"og:locale\" content=\"es_ES\" \/>\n<meta property=\"og:type\" content=\"article\" \/>\n<meta property=\"og:title\" content=\"La dolorosa confesi\u00f3n de Arturo Puig a un a\u00f1o de la muerte de Selva Alem\u00e1n: &quot;Siento que la veo&quot; - Fm Gente\" \/>\n<meta property=\"og:description\" content=\"A m\u00e1s de un a\u00f1o de la muerte de Selva Alem\u00e1n, su compa\u00f1ero de vida,\" \/>\n<meta property=\"og:url\" content=\"https:\/\/fmgente.com.ar\/web\/la-dolorosa-confesion-de-arturo-puig-a-un-ano-de-la-muerte-de-selva-aleman-siento-que-la-veo\/\" \/>\n<meta property=\"og:site_name\" content=\"Fm Gente\" \/>\n<meta property=\"article:published_time\" content=\"2025-10-06T00:05:26+00:00\" \/>\n<meta property=\"og:image\" content=\"https:\/\/fmgente.com.ar\/web\/wp-content\/uploads\/2025\/10\/Nacho-Castanares-Thiago-medina-359x226-10.jpg\" \/>\n\t<meta property=\"og:image:width\" content=\"359\" \/>\n\t<meta property=\"og:image:height\" content=\"226\" \/>\n\t<meta property=\"og:image:type\" content=\"image\/jpeg\" \/>\n<meta name=\"twitter:card\" content=\"summary_large_image\" \/>\n<meta name=\"twitter:label1\" content=\"Tiempo de lectura\" \/>\n\t<meta name=\"twitter:data1\" content=\"3 minutos\" \/>\n<script type=\"application\/ld+json\" class=\"yoast-schema-graph\">{\"@context\":\"https:\\\/\\\/schema.org\",\"@graph\":[{\"@type\":\"Article\",\"@id\":\"https:\\\/\\\/fmgente.com.ar\\\/web\\\/la-dolorosa-confesion-de-arturo-puig-a-un-ano-de-la-muerte-de-selva-aleman-siento-que-la-veo\\\/#article\",\"isPartOf\":{\"@id\":\"https:\\\/\\\/fmgente.com.ar\\\/web\\\/la-dolorosa-confesion-de-arturo-puig-a-un-ano-de-la-muerte-de-selva-aleman-siento-que-la-veo\\\/\"},\"author\":{\"name\":\"\",\"@id\":\"\"},\"headline\":\"La dolorosa confesi\u00f3n de Arturo Puig a un a\u00f1o de la muerte de Selva Alem\u00e1n: &quot;Siento que la veo&quot;\",\"datePublished\":\"2025-10-06T00:05:26+00:00\",\"mainEntityOfPage\":{\"@id\":\"https:\\\/\\\/fmgente.com.ar\\\/web\\\/la-dolorosa-confesion-de-arturo-puig-a-un-ano-de-la-muerte-de-selva-aleman-siento-que-la-veo\\\/\"},\"wordCount\":558,\"publisher\":{\"@id\":\"https:\\\/\\\/fmgente.com.ar\\\/web\\\/#organization\"},\"image\":{\"@id\":\"https:\\\/\\\/fmgente.com.ar\\\/web\\\/la-dolorosa-confesion-de-arturo-puig-a-un-ano-de-la-muerte-de-selva-aleman-siento-que-la-veo\\\/#primaryimage\"},\"thumbnailUrl\":\"https:\\\/\\\/fmgente.com.ar\\\/web\\\/wp-content\\\/uploads\\\/2025\\\/10\\\/Nacho-Castanares-Thiago-medina-359x226-10.jpg\",\"articleSection\":[\"DESTACADAS\"],\"inLanguage\":\"es\"},{\"@type\":\"WebPage\",\"@id\":\"https:\\\/\\\/fmgente.com.ar\\\/web\\\/la-dolorosa-confesion-de-arturo-puig-a-un-ano-de-la-muerte-de-selva-aleman-siento-que-la-veo\\\/\",\"url\":\"https:\\\/\\\/fmgente.com.ar\\\/web\\\/la-dolorosa-confesion-de-arturo-puig-a-un-ano-de-la-muerte-de-selva-aleman-siento-que-la-veo\\\/\",\"name\":\"La dolorosa confesi\u00f3n de Arturo Puig a un a\u00f1o de la muerte de Selva Alem\u00e1n: &quot;Siento que la veo&quot; - Fm Gente\",\"isPartOf\":{\"@id\":\"https:\\\/\\\/fmgente.com.ar\\\/web\\\/#website\"},\"primaryImageOfPage\":{\"@id\":\"https:\\\/\\\/fmgente.com.ar\\\/web\\\/la-dolorosa-confesion-de-arturo-puig-a-un-ano-de-la-muerte-de-selva-aleman-siento-que-la-veo\\\/#primaryimage\"},\"image\":{\"@id\":\"https:\\\/\\\/fmgente.com.ar\\\/web\\\/la-dolorosa-confesion-de-arturo-puig-a-un-ano-de-la-muerte-de-selva-aleman-siento-que-la-veo\\\/#primaryimage\"},\"thumbnailUrl\":\"https:\\\/\\\/fmgente.com.ar\\\/web\\\/wp-content\\\/uploads\\\/2025\\\/10\\\/Nacho-Castanares-Thiago-medina-359x226-10.jpg\",\"datePublished\":\"2025-10-06T00:05:26+00:00\",\"inLanguage\":\"es\",\"potentialAction\":[{\"@type\":\"ReadAction\",\"target\":[\"https:\\\/\\\/fmgente.com.ar\\\/web\\\/la-dolorosa-confesion-de-arturo-puig-a-un-ano-de-la-muerte-de-selva-aleman-siento-que-la-veo\\\/\"]}]},{\"@type\":\"ImageObject\",\"inLanguage\":\"es\",\"@id\":\"https:\\\/\\\/fmgente.com.ar\\\/web\\\/la-dolorosa-confesion-de-arturo-puig-a-un-ano-de-la-muerte-de-selva-aleman-siento-que-la-veo\\\/#primaryimage\",\"url\":\"https:\\\/\\\/fmgente.com.ar\\\/web\\\/wp-content\\\/uploads\\\/2025\\\/10\\\/Nacho-Castanares-Thiago-medina-359x226-10.jpg\",\"contentUrl\":\"https:\\\/\\\/fmgente.com.ar\\\/web\\\/wp-content\\\/uploads\\\/2025\\\/10\\\/Nacho-Castanares-Thiago-medina-359x226-10.jpg\",\"width\":359,\"height\":226},{\"@type\":\"WebSite\",\"@id\":\"https:\\\/\\\/fmgente.com.ar\\\/web\\\/#website\",\"url\":\"https:\\\/\\\/fmgente.com.ar\\\/web\\\/\",\"name\":\"Fm Gente\",\"description\":\"- Jes\u00fas Mar\u00eda\",\"publisher\":{\"@id\":\"https:\\\/\\\/fmgente.com.ar\\\/web\\\/#organization\"},\"potentialAction\":[{\"@type\":\"SearchAction\",\"target\":{\"@type\":\"EntryPoint\",\"urlTemplate\":\"https:\\\/\\\/fmgente.com.ar\\\/web\\\/?s={search_term_string}\"},\"query-input\":{\"@type\":\"PropertyValueSpecification\",\"valueRequired\":true,\"valueName\":\"search_term_string\"}}],\"inLanguage\":\"es\"},{\"@type\":\"Organization\",\"@id\":\"https:\\\/\\\/fmgente.com.ar\\\/web\\\/#organization\",\"name\":\"Fm Gente\",\"url\":\"https:\\\/\\\/fmgente.com.ar\\\/web\\\/\",\"logo\":{\"@type\":\"ImageObject\",\"inLanguage\":\"es\",\"@id\":\"https:\\\/\\\/fmgente.com.ar\\\/web\\\/#\\\/schema\\\/logo\\\/image\\\/\",\"url\":\"https:\\\/\\\/fmgente.com.ar\\\/web\\\/wp-content\\\/uploads\\\/2023\\\/07\\\/cropped-cropped-logo-sombra2.png\",\"contentUrl\":\"https:\\\/\\\/fmgente.com.ar\\\/web\\\/wp-content\\\/uploads\\\/2023\\\/07\\\/cropped-cropped-logo-sombra2.png\",\"width\":1782,\"height\":1782,\"caption\":\"Fm Gente\"},\"image\":{\"@id\":\"https:\\\/\\\/fmgente.com.ar\\\/web\\\/#\\\/schema\\\/logo\\\/image\\\/\"}}]}<\/script>\n<!-- \/ Yoast SEO plugin. -->","yoast_head_json":{"title":"La dolorosa confesi\u00f3n de Arturo Puig a un a\u00f1o de la muerte de Selva Alem\u00e1n: &quot;Siento que la veo&quot; - Fm Gente","robots":{"index":"index","follow":"follow","max-snippet":"max-snippet:-1","max-image-preview":"max-image-preview:large","max-video-preview":"max-video-preview:-1"},"canonical":"https:\/\/fmgente.com.ar\/web\/la-dolorosa-confesion-de-arturo-puig-a-un-ano-de-la-muerte-de-selva-aleman-siento-que-la-veo\/","og_locale":"es_ES","og_type":"article","og_title":"La dolorosa confesi\u00f3n de Arturo Puig a un a\u00f1o de la muerte de Selva Alem\u00e1n: &quot;Siento que la veo&quot; - Fm Gente","og_description":"A m\u00e1s de un a\u00f1o de la muerte de Selva Alem\u00e1n, su compa\u00f1ero de vida,","og_url":"https:\/\/fmgente.com.ar\/web\/la-dolorosa-confesion-de-arturo-puig-a-un-ano-de-la-muerte-de-selva-aleman-siento-que-la-veo\/","og_site_name":"Fm Gente","article_published_time":"2025-10-06T00:05:26+00:00","og_image":[{"width":359,"height":226,"url":"https:\/\/fmgente.com.ar\/web\/wp-content\/uploads\/2025\/10\/Nacho-Castanares-Thiago-medina-359x226-10.jpg","type":"image\/jpeg"}],"twitter_card":"summary_large_image","twitter_misc":{"Tiempo de lectura":"3 minutos"},"schema":{"@context":"https:\/\/schema.org","@graph":[{"@type":"Article","@id":"https:\/\/fmgente.com.ar\/web\/la-dolorosa-confesion-de-arturo-puig-a-un-ano-de-la-muerte-de-selva-aleman-siento-que-la-veo\/#article","isPartOf":{"@id":"https:\/\/fmgente.com.ar\/web\/la-dolorosa-confesion-de-arturo-puig-a-un-ano-de-la-muerte-de-selva-aleman-siento-que-la-veo\/"},"author":{"name":"","@id":""},"headline":"La dolorosa confesi\u00f3n de Arturo Puig a un a\u00f1o de la muerte de Selva Alem\u00e1n: &quot;Siento que la veo&quot;","datePublished":"2025-10-06T00:05:26+00:00","mainEntityOfPage":{"@id":"https:\/\/fmgente.com.ar\/web\/la-dolorosa-confesion-de-arturo-puig-a-un-ano-de-la-muerte-de-selva-aleman-siento-que-la-veo\/"},"wordCount":558,"publisher":{"@id":"https:\/\/fmgente.com.ar\/web\/#organization"},"image":{"@id":"https:\/\/fmgente.com.ar\/web\/la-dolorosa-confesion-de-arturo-puig-a-un-ano-de-la-muerte-de-selva-aleman-siento-que-la-veo\/#primaryimage"},"thumbnailUrl":"https:\/\/fmgente.com.ar\/web\/wp-content\/uploads\/2025\/10\/Nacho-Castanares-Thiago-medina-359x226-10.jpg","articleSection":["DESTACADAS"],"inLanguage":"es"},{"@type":"WebPage","@id":"https:\/\/fmgente.com.ar\/web\/la-dolorosa-confesion-de-arturo-puig-a-un-ano-de-la-muerte-de-selva-aleman-siento-que-la-veo\/","url":"https:\/\/fmgente.com.ar\/web\/la-dolorosa-confesion-de-arturo-puig-a-un-ano-de-la-muerte-de-selva-aleman-siento-que-la-veo\/","name":"La dolorosa confesi\u00f3n de Arturo Puig a un a\u00f1o de la muerte de Selva Alem\u00e1n: &quot;Siento que la veo&quot; - Fm Gente","isPartOf":{"@id":"https:\/\/fmgente.com.ar\/web\/#website"},"primaryImageOfPage":{"@id":"https:\/\/fmgente.com.ar\/web\/la-dolorosa-confesion-de-arturo-puig-a-un-ano-de-la-muerte-de-selva-aleman-siento-que-la-veo\/#primaryimage"},"image":{"@id":"https:\/\/fmgente.com.ar\/web\/la-dolorosa-confesion-de-arturo-puig-a-un-ano-de-la-muerte-de-selva-aleman-siento-que-la-veo\/#primaryimage"},"thumbnailUrl":"https:\/\/fmgente.com.ar\/web\/wp-content\/uploads\/2025\/10\/Nacho-Castanares-Thiago-medina-359x226-10.jpg","datePublished":"2025-10-06T00:05:26+00:00","inLanguage":"es","potentialAction":[{"@type":"ReadAction","target":["https:\/\/fmgente.com.ar\/web\/la-dolorosa-confesion-de-arturo-puig-a-un-ano-de-la-muerte-de-selva-aleman-siento-que-la-veo\/"]}]},{"@type":"ImageObject","inLanguage":"es","@id":"https:\/\/fmgente.com.ar\/web\/la-dolorosa-confesion-de-arturo-puig-a-un-ano-de-la-muerte-de-selva-aleman-siento-que-la-veo\/#primaryimage","url":"https:\/\/fmgente.com.ar\/web\/wp-content\/uploads\/2025\/10\/Nacho-Castanares-Thiago-medina-359x226-10.jpg","contentUrl":"https:\/\/fmgente.com.ar\/web\/wp-content\/uploads\/2025\/10\/Nacho-Castanares-Thiago-medina-359x226-10.jpg","width":359,"height":226},{"@type":"WebSite","@id":"https:\/\/fmgente.com.ar\/web\/#website","url":"https:\/\/fmgente.com.ar\/web\/","name":"Fm Gente","description":"- Jes\u00fas Mar\u00eda","publisher":{"@id":"https:\/\/fmgente.com.ar\/web\/#organization"},"potentialAction":[{"@type":"SearchAction","target":{"@type":"EntryPoint","urlTemplate":"https:\/\/fmgente.com.ar\/web\/?s={search_term_string}"},"query-input":{"@type":"PropertyValueSpecification","valueRequired":true,"valueName":"search_term_string"}}],"inLanguage":"es"},{"@type":"Organization","@id":"https:\/\/fmgente.com.ar\/web\/#organization","name":"Fm Gente","url":"https:\/\/fmgente.com.ar\/web\/","logo":{"@type":"ImageObject","inLanguage":"es","@id":"https:\/\/fmgente.com.ar\/web\/#\/schema\/logo\/image\/","url":"https:\/\/fmgente.com.ar\/web\/wp-content\/uploads\/2023\/07\/cropped-cropped-logo-sombra2.png","contentUrl":"https:\/\/fmgente.com.ar\/web\/wp-content\/uploads\/2023\/07\/cropped-cropped-logo-sombra2.png","width":1782,"height":1782,"caption":"Fm Gente"},"image":{"@id":"https:\/\/fmgente.com.ar\/web\/#\/schema\/logo\/image\/"}}]}},"_links":{"self":[{"href":"https:\/\/fmgente.com.ar\/web\/wp-json\/wp\/v2\/posts\/6155","targetHints":{"allow":["GET"]}}],"collection":[{"href":"https:\/\/fmgente.com.ar\/web\/wp-json\/wp\/v2\/posts"}],"about":[{"href":"https:\/\/fmgente.com.ar\/web\/wp-json\/wp\/v2\/types\/post"}],"replies":[{"embeddable":true,"href":"https:\/\/fmgente.com.ar\/web\/wp-json\/wp\/v2\/comments?post=6155"}],"version-history":[{"count":0,"href":"https:\/\/fmgente.com.ar\/web\/wp-json\/wp\/v2\/posts\/6155\/revisions"}],"wp:featuredmedia":[{"embeddable":true,"href":"https:\/\/fmgente.com.ar\/web\/wp-json\/wp\/v2\/media\/6156"}],"wp:attachment":[{"href":"https:\/\/fmgente.com.ar\/web\/wp-json\/wp\/v2\/media?parent=6155"}],"wp:term":[{"taxonomy":"category","embeddable":true,"href":"https:\/\/fmgente.com.ar\/web\/wp-json\/wp\/v2\/categories?post=6155"},{"taxonomy":"post_tag","embeddable":true,"href":"https:\/\/fmgente.com.ar\/web\/wp-json\/wp\/v2\/tags?post=6155"}],"curies":[{"name":"wp","href":"https:\/\/api.w.org\/{rel}","templated":true}]}}