{"id":6153,"date":"2025-10-05T20:07:14","date_gmt":"2025-10-05T23:07:14","guid":{"rendered":"https:\/\/fmgente.com.ar\/el-desgarrador-testimonio-de-la-tana-de-gran-hermano-sobre-sus-adicciones-pedia-que-dios-me-lleve\/"},"modified":"2025-10-05T20:07:14","modified_gmt":"2025-10-05T23:07:14","slug":"el-desgarrador-testimonio-de-la-tana-de-gran-hermano-sobre-sus-adicciones-pedia-que-dios-me-lleve","status":"publish","type":"post","link":"https:\/\/fmgente.com.ar\/web\/el-desgarrador-testimonio-de-la-tana-de-gran-hermano-sobre-sus-adicciones-pedia-que-dios-me-lleve\/","title":{"rendered":"El desgarrador testimonio de La Tana de Gran Hermano sobre sus adicciones: &quot;Ped\u00eda que Dios me lleve&quot;"},"content":{"rendered":"<p><strong><a href=\"https:\/\/www.paparazzi.com.ar\/?s=Katia+Fenocchio+\">Katia Fenocchio<\/a><\/strong> no esquiv\u00f3 nada: en una entrevista con Nico Peralta relat\u00f3 el episodio m\u00e1s oscuro de su vida y c\u00f3mo, contra todo pron\u00f3stico, logr\u00f3 salir adelante. La ex participante de <em><a href=\"https:\/\/www.paparazzi.com.ar\/?s=Gran+Hermano\">Gran Hermano<\/a><\/em> record\u00f3 una adolescencia complicada, un embarazo a los 16 y a\u00f1os de adicciones que casi le cuestan la vida.<\/p>\n<p>La Tana cont\u00f3 que a los 19 sufri\u00f3 una sobredosis de coca\u00edna mientras compart\u00eda una relaci\u00f3n destructiva con su pareja de entonces: <em>\u201cTuve una sobredosis de coca\u00edna y la pas\u00e9 muy mal. Eso fue a mis 19 a\u00f1os, ten\u00eda una pareja que andaba en eso y era la perdici\u00f3n porque entre los dos nos mat\u00e1bamos\u201d<\/em>, relat\u00f3 con brutal honestidad. <\/p>\n<p>La escena que describi\u00f3 tiene la crudeza de quien toc\u00f3 fondo: p\u00e9rdida de peso extrema, ca\u00edda del cabello y hematomas.<em> \u201cLos m\u00e9dicos le dec\u00edan a mi mam\u00e1 que yo ten\u00eda el metabolismo muy acelerado y si segu\u00eda as\u00ed, en un a\u00f1o m\u00e1s me iba a morir\u201d<\/em>, a\u00f1adi\u00f3.<\/p>\n<div class=\"mt-box \">\n<h4 class=\"mt-heading\">Mir\u00e1 Tambi\u00e9n<\/h4>\n<p><a href=\"https:\/\/www.paparazzi.com.ar\/teve\/en-los-martin-fierro-cami-homs-revelo-si-definio-el-nombre-del-bebe-que-espera-con-el-principito-sosa\/\"><\/p>\n<div class=\"mt-content\">\n<div class=\"mt-image-container\"><img decoding=\"async\" src=\"https:\/\/www.paparazzi.com.ar\/wp-content\/uploads\/2025\/09\/cami-homs-359x226.png\" alt=\"\u00a1Exclusivo! Cami Homs confirm\u00f3 que ya tiene el nombre de la beb\u00e9 que espera con el Principito Sosa\" class=\"mt-image\" loading=\"lazy\" \/><\/div>\n<h5 class=\"mt-title\">\u00a1Exclusivo! Cami Homs confirm\u00f3 que ya tiene el nombre de la beb\u00e9 que espera con el Principito Sosa<\/h5>\n<\/div>\n<p><\/a><\/div>\n<p>El impacto en su familia fue devastador. La Tana confes\u00f3 que su madre lleg\u00f3 a pedirle a Dios que se la llevara: <em>\u201cMi vieja ya en un momento dijo: \u00b4No s\u00e9 qu\u00e9 va a pasar; prefiero que Dios se la lleve porque va a terminar mal\u00b4\u201d<\/em>. Ese testimonio \u2014una madre al borde del dolor\u2014 explica la intensidad del proceso de recuperaci\u00f3n que vendr\u00eda despu\u00e9s.<\/p>\n<p>\u00bfC\u00f3mo se salv\u00f3? Fenocchio atribuye su recuperaci\u00f3n a la fe y a un cambio de vida: <em>\u201cEmpec\u00e9 a ir a la iglesia evang\u00e9lica y la iglesia me ayud\u00f3 un mont\u00f3n. De ah\u00ed nunca m\u00e1s y ya hace un mont\u00f3n de a\u00f1os que nunca m\u00e1s\u201d<\/em>, cont\u00f3. <\/p>\n<div class=\"mt-box \">\n<h4 class=\"mt-heading\">Mir\u00e1 Tambi\u00e9n<\/h4>\n<p><a href=\"https:\/\/www.paparazzi.com.ar\/teve\/quienes-son-las-dos-mega-famosas-que-fueron-llamadas-para-estar-en-gran-hermano-generacion-dorada\/\"><\/p>\n<div class=\"mt-content\">\n<div class=\"mt-image-container\"><img decoding=\"async\" src=\"https:\/\/www.paparazzi.com.ar\/wp-content\/uploads\/2025\/05\/Santiago-del-Moro-Gran-Hermano-359x226.jpg\" alt=\"Qui\u00e9nes son las dos mega famosas que fueron llamadas para estar en Gran Hermano Generaci\u00f3n Dorada\" class=\"mt-image\" loading=\"lazy\" \/><\/div>\n<h5 class=\"mt-title\">Qui\u00e9nes son las dos mega famosas que fueron llamadas para estar en Gran Hermano Generaci\u00f3n Dorada<\/h5>\n<\/div>\n<p><\/a><\/div>\n<p>La decisi\u00f3n de buscar contenci\u00f3n espiritual y comunitaria funcion\u00f3 como punto de inflexi\u00f3n: dej\u00f3 las drogas, recuper\u00f3 la salud y alcanz\u00f3 una estabilidad que hoy declara con orgullo: <em>\u201cHoy soy una piba re sana: el \u00fanico vicio que tengo es el cigarrillo y tengo ganas de dejarlo\u201d.<\/em><\/p>\n<p>La historia de Katia tambi\u00e9n est\u00e1 marcada por la maternidad temprana: qued\u00f3 embarazada a los 16 y cri\u00f3 a su hija en circunstancias dif\u00edciles, sin el acompa\u00f1amiento del padre biol\u00f3gico. Hoy su hija tiene 16 a\u00f1os y La Tana remarca que su prioridad fue siempre protegerla pese a las adversidades.<\/p>\n<div class=\"mt-box \">\n<h4 class=\"mt-heading\">Mir\u00e1 Tambi\u00e9n<\/h4>\n<p><a href=\"https:\/\/www.paparazzi.com.ar\/teve\/el-campeon-de-gran-hermano-tato-algorta-se-la-jugo-por-luciana-elbusto-en-medio-de-las-criticas-que-recibe-me-gusta-mucho\/\"><\/p>\n<div class=\"mt-content\">\n<div class=\"mt-image-container\"><img decoding=\"async\" src=\"https:\/\/www.paparazzi.com.ar\/wp-content\/uploads\/2025\/10\/tato-luciana-359x226.jpeg\" alt=\"El campe\u00f3n de Gran Hermano Tato Algorta se la jug\u00f3 por Luciana Elbusto en medio de las cr\u00edticas que recibe: &quot;Me gusta mucho&quot;\" class=\"mt-image\" loading=\"lazy\" \/><\/div>\n<h5 class=\"mt-title\">El campe\u00f3n de Gran Hermano Tato Algorta se la jug\u00f3 por Luciana Elbusto en medio de las cr\u00edticas que recibe: \u00abMe gusta mucho\u00bb<\/h5>\n<\/div>\n<p><\/a><\/div>\n<p>En la charla con Peralta confes\u00f3 adem\u00e1s que la experiencia la transform\u00f3: <em>\u201cLas pas\u00e9 todas y aunque no estoy orgullosa, tampoco me arrepiento porque s\u00e9 que gracias a eso hoy soy quien soy\u201d<\/em>. Esa frase resume su mirada sobre el pasado: aprendizaje, resistencia y una apuesta por la madurez.<\/p>\n<p>El recorrido medi\u00e1tico de La Tana le dio una plataforma para contar su verdad y sobre todo, para enviar un mensaje esperanzador: es posible recuperarse. Su testimonio se suma a las voces que advierten sobre los peligros de las adicciones, pero tambi\u00e9n muestra que hay salida cuando hay apoyo y decisi\u00f3n.<\/p>\n<figure class=\"wp-block-image size-large\"><img decoding=\"async\" src=\"https:\/\/www.paparazzi.com.ar\/wp-content\/uploads\/2025\/10\/image-50-576x1024.png.webp\" loading=\"lazy\" alt=\"\" class=\"wp-image-446510\" \/><\/figure>\n<figure class=\"wp-block-image size-full\"><img decoding=\"async\" width=\"768\" height=\"1024\" src=\"https:\/\/www.paparazzi.com.ar\/wp-content\/uploads\/2025\/10\/image-51.png.webp\" loading=\"lazy\" alt=\"\" class=\"wp-image-446511\" \/><\/figure>\n<div class=\"mt-box \">\n<h4 class=\"mt-heading\">Mir\u00e1 Tambi\u00e9n<\/h4>\n<p><a href=\"https:\/\/www.paparazzi.com.ar\/teve\/bautista-mascia-mostro-donde-sera-la-casa-que-se-gano-en-gran-hermano-y-que-regalo-por-una-causa-solidaria\/\"><\/p>\n<div class=\"mt-content\">\n<div class=\"mt-image-container\"><img decoding=\"async\" src=\"https:\/\/www.paparazzi.com.ar\/wp-content\/uploads\/2024\/08\/BAUTI-1.jpg.webp\" alt=\"Bautista Mascia mostr\u00f3 d\u00f3nde ser\u00e1 la casa que se gan\u00f3 en Gran Hermano y que regal\u00f3 por una causa solidaria\" class=\"mt-image\" loading=\"lazy\" \/><\/div>\n<h5 class=\"mt-title\">Bautista Mascia mostr\u00f3 d\u00f3nde ser\u00e1 la casa que se gan\u00f3 en Gran Hermano y que regal\u00f3 por una causa solidaria<\/h5>\n<\/div>\n<p><\/a><\/div>\n<div class=\"mt-box \">\n<h4 class=\"mt-heading\">Mir\u00e1 Tambi\u00e9n<\/h4>\n<p><a href=\"https:\/\/www.paparazzi.com.ar\/teve\/el-inesperado-dato-que-dio-santiago-del-moro-sobre-gran-hermano-generacion-dorada-hay-una-figura-que\/\"><\/p>\n<div class=\"mt-content\">\n<div class=\"mt-image-container\"><img decoding=\"async\" src=\"https:\/\/www.paparazzi.com.ar\/wp-content\/uploads\/2024\/06\/santiago-del-moro-gran-hermano.jpg.webp\" alt=\"El inesperado dato que dio Santiago del Moro sobre Gran Hermano Generaci\u00f3n Dorada: \u201cHay una figura que\u2026\u201d\" class=\"mt-image\" loading=\"lazy\" \/><\/div>\n<h5 class=\"mt-title\">El inesperado dato que dio Santiago del Moro sobre Gran Hermano Generaci\u00f3n Dorada: \u201cHay una figura que\u2026\u201d<\/h5>\n<\/div>\n<p><\/a><\/div>\n<p>The post <a href=\"https:\/\/www.paparazzi.com.ar\/teve\/el-desgarrador-testimonio-de-la-tana-de-gran-hermano-sobre-sus-adicciones-pedia-que-dios-me-lleve\/\">El desgarrador testimonio de La Tana de Gran Hermano sobre sus adicciones: &quot;Ped\u00eda que Dios me lleve&quot;<\/a> appeared first on <a href=\"https:\/\/www.paparazzi.com.ar\">Revista Paparazzi<\/a>.<\/p>\n","protected":false},"excerpt":{"rendered":"<p>Katia Fenocchio no esquiv\u00f3 nada: en una entrevista con Nico Peralta relat\u00f3 el episodio m\u00e1s<\/p>\n","protected":false},"author":0,"featured_media":6154,"comment_status":"","ping_status":"","sticky":false,"template":"","format":"standard","meta":{"footnotes":""},"categories":[11],"tags":[],"class_list":["post-6153","post","type-post","status-publish","format-standard","has-post-thumbnail","hentry","category-destacadas"],"yoast_head":"<!-- This site is optimized with the Yoast SEO plugin v28.3 - https:\/\/yoast.com\/product\/yoast-seo-wordpress\/ -->\n<title>El desgarrador testimonio de La Tana de Gran Hermano sobre sus adicciones: &quot;Ped\u00eda que Dios me lleve&quot; - Fm Gente<\/title>\n<meta name=\"robots\" content=\"index, follow, max-snippet:-1, max-image-preview:large, max-video-preview:-1\" \/>\n<link rel=\"canonical\" href=\"https:\/\/fmgente.com.ar\/web\/el-desgarrador-testimonio-de-la-tana-de-gran-hermano-sobre-sus-adicciones-pedia-que-dios-me-lleve\/\" \/>\n<meta property=\"og:locale\" content=\"es_ES\" \/>\n<meta property=\"og:type\" content=\"article\" \/>\n<meta property=\"og:title\" content=\"El desgarrador testimonio de La Tana de Gran Hermano sobre sus adicciones: &quot;Ped\u00eda que Dios me lleve&quot; - Fm Gente\" \/>\n<meta property=\"og:description\" content=\"Katia Fenocchio no esquiv\u00f3 nada: en una entrevista con Nico Peralta relat\u00f3 el episodio m\u00e1s\" \/>\n<meta property=\"og:url\" content=\"https:\/\/fmgente.com.ar\/web\/el-desgarrador-testimonio-de-la-tana-de-gran-hermano-sobre-sus-adicciones-pedia-que-dios-me-lleve\/\" \/>\n<meta property=\"og:site_name\" content=\"Fm Gente\" \/>\n<meta property=\"article:published_time\" content=\"2025-10-05T23:07:14+00:00\" \/>\n<meta property=\"og:image\" content=\"https:\/\/fmgente.com.ar\/web\/wp-content\/uploads\/2025\/10\/cami-homs-359x226-4.png\" \/>\n\t<meta property=\"og:image:width\" content=\"359\" \/>\n\t<meta property=\"og:image:height\" content=\"226\" \/>\n\t<meta property=\"og:image:type\" content=\"image\/png\" \/>\n<meta name=\"twitter:card\" content=\"summary_large_image\" \/>\n<meta name=\"twitter:label1\" content=\"Tiempo de lectura\" \/>\n\t<meta name=\"twitter:data1\" content=\"3 minutos\" \/>\n<script type=\"application\/ld+json\" class=\"yoast-schema-graph\">{\"@context\":\"https:\\\/\\\/schema.org\",\"@graph\":[{\"@type\":\"Article\",\"@id\":\"https:\\\/\\\/fmgente.com.ar\\\/web\\\/el-desgarrador-testimonio-de-la-tana-de-gran-hermano-sobre-sus-adicciones-pedia-que-dios-me-lleve\\\/#article\",\"isPartOf\":{\"@id\":\"https:\\\/\\\/fmgente.com.ar\\\/web\\\/el-desgarrador-testimonio-de-la-tana-de-gran-hermano-sobre-sus-adicciones-pedia-que-dios-me-lleve\\\/\"},\"author\":{\"name\":\"\",\"@id\":\"\"},\"headline\":\"El desgarrador testimonio de La Tana de Gran Hermano sobre sus adicciones: &quot;Ped\u00eda que Dios me lleve&quot;\",\"datePublished\":\"2025-10-05T23:07:14+00:00\",\"mainEntityOfPage\":{\"@id\":\"https:\\\/\\\/fmgente.com.ar\\\/web\\\/el-desgarrador-testimonio-de-la-tana-de-gran-hermano-sobre-sus-adicciones-pedia-que-dios-me-lleve\\\/\"},\"wordCount\":665,\"publisher\":{\"@id\":\"https:\\\/\\\/fmgente.com.ar\\\/web\\\/#organization\"},\"image\":{\"@id\":\"https:\\\/\\\/fmgente.com.ar\\\/web\\\/el-desgarrador-testimonio-de-la-tana-de-gran-hermano-sobre-sus-adicciones-pedia-que-dios-me-lleve\\\/#primaryimage\"},\"thumbnailUrl\":\"https:\\\/\\\/fmgente.com.ar\\\/web\\\/wp-content\\\/uploads\\\/2025\\\/10\\\/cami-homs-359x226-4.png\",\"articleSection\":[\"DESTACADAS\"],\"inLanguage\":\"es\"},{\"@type\":\"WebPage\",\"@id\":\"https:\\\/\\\/fmgente.com.ar\\\/web\\\/el-desgarrador-testimonio-de-la-tana-de-gran-hermano-sobre-sus-adicciones-pedia-que-dios-me-lleve\\\/\",\"url\":\"https:\\\/\\\/fmgente.com.ar\\\/web\\\/el-desgarrador-testimonio-de-la-tana-de-gran-hermano-sobre-sus-adicciones-pedia-que-dios-me-lleve\\\/\",\"name\":\"El desgarrador testimonio de La Tana de Gran Hermano sobre sus adicciones: &quot;Ped\u00eda que Dios me lleve&quot; - Fm Gente\",\"isPartOf\":{\"@id\":\"https:\\\/\\\/fmgente.com.ar\\\/web\\\/#website\"},\"primaryImageOfPage\":{\"@id\":\"https:\\\/\\\/fmgente.com.ar\\\/web\\\/el-desgarrador-testimonio-de-la-tana-de-gran-hermano-sobre-sus-adicciones-pedia-que-dios-me-lleve\\\/#primaryimage\"},\"image\":{\"@id\":\"https:\\\/\\\/fmgente.com.ar\\\/web\\\/el-desgarrador-testimonio-de-la-tana-de-gran-hermano-sobre-sus-adicciones-pedia-que-dios-me-lleve\\\/#primaryimage\"},\"thumbnailUrl\":\"https:\\\/\\\/fmgente.com.ar\\\/web\\\/wp-content\\\/uploads\\\/2025\\\/10\\\/cami-homs-359x226-4.png\",\"datePublished\":\"2025-10-05T23:07:14+00:00\",\"inLanguage\":\"es\",\"potentialAction\":[{\"@type\":\"ReadAction\",\"target\":[\"https:\\\/\\\/fmgente.com.ar\\\/web\\\/el-desgarrador-testimonio-de-la-tana-de-gran-hermano-sobre-sus-adicciones-pedia-que-dios-me-lleve\\\/\"]}]},{\"@type\":\"ImageObject\",\"inLanguage\":\"es\",\"@id\":\"https:\\\/\\\/fmgente.com.ar\\\/web\\\/el-desgarrador-testimonio-de-la-tana-de-gran-hermano-sobre-sus-adicciones-pedia-que-dios-me-lleve\\\/#primaryimage\",\"url\":\"https:\\\/\\\/fmgente.com.ar\\\/web\\\/wp-content\\\/uploads\\\/2025\\\/10\\\/cami-homs-359x226-4.png\",\"contentUrl\":\"https:\\\/\\\/fmgente.com.ar\\\/web\\\/wp-content\\\/uploads\\\/2025\\\/10\\\/cami-homs-359x226-4.png\",\"width\":359,\"height\":226},{\"@type\":\"WebSite\",\"@id\":\"https:\\\/\\\/fmgente.com.ar\\\/web\\\/#website\",\"url\":\"https:\\\/\\\/fmgente.com.ar\\\/web\\\/\",\"name\":\"Fm Gente\",\"description\":\"- Jes\u00fas Mar\u00eda\",\"publisher\":{\"@id\":\"https:\\\/\\\/fmgente.com.ar\\\/web\\\/#organization\"},\"potentialAction\":[{\"@type\":\"SearchAction\",\"target\":{\"@type\":\"EntryPoint\",\"urlTemplate\":\"https:\\\/\\\/fmgente.com.ar\\\/web\\\/?s={search_term_string}\"},\"query-input\":{\"@type\":\"PropertyValueSpecification\",\"valueRequired\":true,\"valueName\":\"search_term_string\"}}],\"inLanguage\":\"es\"},{\"@type\":\"Organization\",\"@id\":\"https:\\\/\\\/fmgente.com.ar\\\/web\\\/#organization\",\"name\":\"Fm Gente\",\"url\":\"https:\\\/\\\/fmgente.com.ar\\\/web\\\/\",\"logo\":{\"@type\":\"ImageObject\",\"inLanguage\":\"es\",\"@id\":\"https:\\\/\\\/fmgente.com.ar\\\/web\\\/#\\\/schema\\\/logo\\\/image\\\/\",\"url\":\"https:\\\/\\\/fmgente.com.ar\\\/web\\\/wp-content\\\/uploads\\\/2023\\\/07\\\/cropped-cropped-logo-sombra2.png\",\"contentUrl\":\"https:\\\/\\\/fmgente.com.ar\\\/web\\\/wp-content\\\/uploads\\\/2023\\\/07\\\/cropped-cropped-logo-sombra2.png\",\"width\":1782,\"height\":1782,\"caption\":\"Fm Gente\"},\"image\":{\"@id\":\"https:\\\/\\\/fmgente.com.ar\\\/web\\\/#\\\/schema\\\/logo\\\/image\\\/\"}}]}<\/script>\n<!-- \/ Yoast SEO plugin. -->","yoast_head_json":{"title":"El desgarrador testimonio de La Tana de Gran Hermano sobre sus adicciones: &quot;Ped\u00eda que Dios me lleve&quot; - Fm Gente","robots":{"index":"index","follow":"follow","max-snippet":"max-snippet:-1","max-image-preview":"max-image-preview:large","max-video-preview":"max-video-preview:-1"},"canonical":"https:\/\/fmgente.com.ar\/web\/el-desgarrador-testimonio-de-la-tana-de-gran-hermano-sobre-sus-adicciones-pedia-que-dios-me-lleve\/","og_locale":"es_ES","og_type":"article","og_title":"El desgarrador testimonio de La Tana de Gran Hermano sobre sus adicciones: &quot;Ped\u00eda que Dios me lleve&quot; - Fm Gente","og_description":"Katia Fenocchio no esquiv\u00f3 nada: en una entrevista con Nico Peralta relat\u00f3 el episodio m\u00e1s","og_url":"https:\/\/fmgente.com.ar\/web\/el-desgarrador-testimonio-de-la-tana-de-gran-hermano-sobre-sus-adicciones-pedia-que-dios-me-lleve\/","og_site_name":"Fm Gente","article_published_time":"2025-10-05T23:07:14+00:00","og_image":[{"width":359,"height":226,"url":"https:\/\/fmgente.com.ar\/web\/wp-content\/uploads\/2025\/10\/cami-homs-359x226-4.png","type":"image\/png"}],"twitter_card":"summary_large_image","twitter_misc":{"Tiempo de lectura":"3 minutos"},"schema":{"@context":"https:\/\/schema.org","@graph":[{"@type":"Article","@id":"https:\/\/fmgente.com.ar\/web\/el-desgarrador-testimonio-de-la-tana-de-gran-hermano-sobre-sus-adicciones-pedia-que-dios-me-lleve\/#article","isPartOf":{"@id":"https:\/\/fmgente.com.ar\/web\/el-desgarrador-testimonio-de-la-tana-de-gran-hermano-sobre-sus-adicciones-pedia-que-dios-me-lleve\/"},"author":{"name":"","@id":""},"headline":"El desgarrador testimonio de La Tana de Gran Hermano sobre sus adicciones: &quot;Ped\u00eda que Dios me lleve&quot;","datePublished":"2025-10-05T23:07:14+00:00","mainEntityOfPage":{"@id":"https:\/\/fmgente.com.ar\/web\/el-desgarrador-testimonio-de-la-tana-de-gran-hermano-sobre-sus-adicciones-pedia-que-dios-me-lleve\/"},"wordCount":665,"publisher":{"@id":"https:\/\/fmgente.com.ar\/web\/#organization"},"image":{"@id":"https:\/\/fmgente.com.ar\/web\/el-desgarrador-testimonio-de-la-tana-de-gran-hermano-sobre-sus-adicciones-pedia-que-dios-me-lleve\/#primaryimage"},"thumbnailUrl":"https:\/\/fmgente.com.ar\/web\/wp-content\/uploads\/2025\/10\/cami-homs-359x226-4.png","articleSection":["DESTACADAS"],"inLanguage":"es"},{"@type":"WebPage","@id":"https:\/\/fmgente.com.ar\/web\/el-desgarrador-testimonio-de-la-tana-de-gran-hermano-sobre-sus-adicciones-pedia-que-dios-me-lleve\/","url":"https:\/\/fmgente.com.ar\/web\/el-desgarrador-testimonio-de-la-tana-de-gran-hermano-sobre-sus-adicciones-pedia-que-dios-me-lleve\/","name":"El desgarrador testimonio de La Tana de Gran Hermano sobre sus adicciones: &quot;Ped\u00eda que Dios me lleve&quot; - Fm Gente","isPartOf":{"@id":"https:\/\/fmgente.com.ar\/web\/#website"},"primaryImageOfPage":{"@id":"https:\/\/fmgente.com.ar\/web\/el-desgarrador-testimonio-de-la-tana-de-gran-hermano-sobre-sus-adicciones-pedia-que-dios-me-lleve\/#primaryimage"},"image":{"@id":"https:\/\/fmgente.com.ar\/web\/el-desgarrador-testimonio-de-la-tana-de-gran-hermano-sobre-sus-adicciones-pedia-que-dios-me-lleve\/#primaryimage"},"thumbnailUrl":"https:\/\/fmgente.com.ar\/web\/wp-content\/uploads\/2025\/10\/cami-homs-359x226-4.png","datePublished":"2025-10-05T23:07:14+00:00","inLanguage":"es","potentialAction":[{"@type":"ReadAction","target":["https:\/\/fmgente.com.ar\/web\/el-desgarrador-testimonio-de-la-tana-de-gran-hermano-sobre-sus-adicciones-pedia-que-dios-me-lleve\/"]}]},{"@type":"ImageObject","inLanguage":"es","@id":"https:\/\/fmgente.com.ar\/web\/el-desgarrador-testimonio-de-la-tana-de-gran-hermano-sobre-sus-adicciones-pedia-que-dios-me-lleve\/#primaryimage","url":"https:\/\/fmgente.com.ar\/web\/wp-content\/uploads\/2025\/10\/cami-homs-359x226-4.png","contentUrl":"https:\/\/fmgente.com.ar\/web\/wp-content\/uploads\/2025\/10\/cami-homs-359x226-4.png","width":359,"height":226},{"@type":"WebSite","@id":"https:\/\/fmgente.com.ar\/web\/#website","url":"https:\/\/fmgente.com.ar\/web\/","name":"Fm Gente","description":"- Jes\u00fas Mar\u00eda","publisher":{"@id":"https:\/\/fmgente.com.ar\/web\/#organization"},"potentialAction":[{"@type":"SearchAction","target":{"@type":"EntryPoint","urlTemplate":"https:\/\/fmgente.com.ar\/web\/?s={search_term_string}"},"query-input":{"@type":"PropertyValueSpecification","valueRequired":true,"valueName":"search_term_string"}}],"inLanguage":"es"},{"@type":"Organization","@id":"https:\/\/fmgente.com.ar\/web\/#organization","name":"Fm Gente","url":"https:\/\/fmgente.com.ar\/web\/","logo":{"@type":"ImageObject","inLanguage":"es","@id":"https:\/\/fmgente.com.ar\/web\/#\/schema\/logo\/image\/","url":"https:\/\/fmgente.com.ar\/web\/wp-content\/uploads\/2023\/07\/cropped-cropped-logo-sombra2.png","contentUrl":"https:\/\/fmgente.com.ar\/web\/wp-content\/uploads\/2023\/07\/cropped-cropped-logo-sombra2.png","width":1782,"height":1782,"caption":"Fm Gente"},"image":{"@id":"https:\/\/fmgente.com.ar\/web\/#\/schema\/logo\/image\/"}}]}},"_links":{"self":[{"href":"https:\/\/fmgente.com.ar\/web\/wp-json\/wp\/v2\/posts\/6153","targetHints":{"allow":["GET"]}}],"collection":[{"href":"https:\/\/fmgente.com.ar\/web\/wp-json\/wp\/v2\/posts"}],"about":[{"href":"https:\/\/fmgente.com.ar\/web\/wp-json\/wp\/v2\/types\/post"}],"replies":[{"embeddable":true,"href":"https:\/\/fmgente.com.ar\/web\/wp-json\/wp\/v2\/comments?post=6153"}],"version-history":[{"count":0,"href":"https:\/\/fmgente.com.ar\/web\/wp-json\/wp\/v2\/posts\/6153\/revisions"}],"wp:featuredmedia":[{"embeddable":true,"href":"https:\/\/fmgente.com.ar\/web\/wp-json\/wp\/v2\/media\/6154"}],"wp:attachment":[{"href":"https:\/\/fmgente.com.ar\/web\/wp-json\/wp\/v2\/media?parent=6153"}],"wp:term":[{"taxonomy":"category","embeddable":true,"href":"https:\/\/fmgente.com.ar\/web\/wp-json\/wp\/v2\/categories?post=6153"},{"taxonomy":"post_tag","embeddable":true,"href":"https:\/\/fmgente.com.ar\/web\/wp-json\/wp\/v2\/tags?post=6153"}],"curies":[{"name":"wp","href":"https:\/\/api.w.org\/{rel}","templated":true}]}}