{"id":6151,"date":"2025-10-05T19:07:41","date_gmt":"2025-10-05T22:07:41","guid":{"rendered":"https:\/\/fmgente.com.ar\/el-polemico-look-de-juana-viale-que-genero-polemica-desnuda\/"},"modified":"2025-10-05T19:07:41","modified_gmt":"2025-10-05T22:07:41","slug":"el-polemico-look-de-juana-viale-que-genero-polemica-desnuda","status":"publish","type":"post","link":"https:\/\/fmgente.com.ar\/web\/el-polemico-look-de-juana-viale-que-genero-polemica-desnuda\/","title":{"rendered":"El pol\u00e9mico look de Juana Viale que gener\u00f3 pol\u00e9mica: &quot;Desnuda&quot;"},"content":{"rendered":"<p>El mediod\u00eda televisivo del domingo tuvo a <strong><a href=\"https:\/\/www.paparazzi.com.ar\/tag\/juana-viale\/\">Juana Viale<\/a><\/strong> como gran protagonista. En la nueva emisi\u00f3n de Almorzando con Juana, la nieta de <strong>Mirtha Legrand<\/strong> volvi\u00f3 a impactar con un look explosivo firmado por <strong>Gino Bogani<\/strong>: transparencias, pantal\u00f3n de gasa estampada, mangas anudadas y una espalda al descubierto que encendi\u00f3 la pantalla. Como si fuera poco, sum\u00f3 un maquillaje vibrante con delineado azul que se convirti\u00f3 en la frutilla del postre.<\/p>\n<p>Fiel a su estilo, la conductora arranc\u00f3 el programa con energ\u00eda y simpat\u00eda frente a la c\u00e1mara. <em>\u201cHola, hola, hola. \u00bfC\u00f3mo est\u00e1n en sus casas? Ya estamos en octubre, no nos queda nada para terminar el a\u00f1o. Qu\u00e9 alegr\u00eda. Y despu\u00e9s tambi\u00e9n vienen prontamente las elecciones. Bueno, temas importantes, hoy juega Boca a las siete de la tarde, \u00bfy qu\u00e9 m\u00e1s? Mucho calor en Singapur\u2026 el clima que nos acompa\u00f1a, t\u00edpico de octubre, es incre\u00edble\u201d<\/em>, coment\u00f3 entre risas y complicidad con los televidentes.<\/p>\n<p>Entre comentarios sobre actualidad y humorada futbolera, <strong><a href=\"https:\/\/www.paparazzi.com.ar\/teve\/jimena-monteverde-conto-el-grave-problema-de-salud-que-tiene-por-el-que-casi-no-puede-ver\/\">Juana<\/a><\/strong> aprovech\u00f3 para recordar los premios perdidos pero con una cuota de iron\u00eda. <em>\u201c\u00bfQu\u00e9 m\u00e1s pas\u00f3? La caminata a Luj\u00e1n, los Mart\u00edn Fierro que perdimos una vez m\u00e1s&#8230; Bueno, ganamos lecciones de vida. Estuvo bien pol\u00e9mico igual. Pero bueno, estamos felices de haber sido nominados. Vamos a seguir intent\u00e1ndolo hasta que llenemos de Mart\u00edn Fierro como la se\u00f1ora Legrand\u201d<\/em>, lanz\u00f3 con picard\u00eda, dejando claro que sabe re\u00edrse de s\u00ed misma.<\/p>\n<div class=\"mt-box \">\n<h4 class=\"mt-heading\">Mir\u00e1 Tambi\u00e9n<\/h4>\n<p><a href=\"https:\/\/www.paparazzi.com.ar\/teve\/exclusivo-wanda-nara-volvio-al-pais-tras-el-problema-de-salud-de-su-hija-menor\/\"><\/p>\n<div class=\"mt-content\">\n<div class=\"mt-image-container\"><img decoding=\"async\" src=\"https:\/\/www.paparazzi.com.ar\/wp-content\/uploads\/2025\/09\/Wanda-Nara-mexico-359x226.jpg\" alt=\"\u00a1Exclusivo! Wanda Nara volvi\u00f3 al pa\u00eds tras el problema de salud de su hija menor\" class=\"mt-image\" loading=\"lazy\" \/><\/div>\n<h5 class=\"mt-title\">\u00a1Exclusivo! Wanda Nara volvi\u00f3 al pa\u00eds tras el problema de salud de su hija menor<\/h5>\n<\/div>\n<p><\/a><\/div>\n<p>La moda tuvo su momento de gloria y, como siempre, ella lo llev\u00f3 al frente. <em>\u201cTengo un conjunto de pantal\u00f3n en gasa estampada, drapeado, dejando la espalda desnuda. Todo por una espalda, chicos, estamos muy mal. Y con manguitas anudadas, que est\u00e1 buen\u00edsimo esto para los aires acondicionados que manejamos en el estudio\u201d<\/em>, explic\u00f3, en tono divertido, resaltando el trabajo de <strong>Bogani<\/strong>.<\/p>\n<h2 class=\"wp-block-heading\">EL LOOK DE JUANA VIALE<\/h2>\n<p>El outfit de <strong><a href=\"https:\/\/www.paparazzi.com.ar\/teve\/juana-viale-sorprendio-en-brasil-con-un-desafio-extremo-que-pocos-se-animan-a-enfrentar\/\">Juana<\/a><\/strong> gener\u00f3 un revuelo inmediato en las redes y se ancl\u00f3 en las tendencias de temporada: colores pasteles, estampados florales, g\u00e9neros livianos, escotes y transparencias, acompa\u00f1ados por pantal\u00f3n palazzo y detalles de mangas sueltas, perfectos para el clima primaveral. La espalda al descubierto realz\u00f3 la silueta y la mezcla de texturas aport\u00f3 un aire fresco pero de alto impacto, confirmando por qu\u00e9 la nieta de la diva se convirti\u00f3 en referente fashionista.<\/p>\n<p>El despliegue estil\u00edstico no termin\u00f3 en la ropa. <em>\u201cY me pein\u00f3 Juan Fojo, que hicimos algo con buclerita, suelto, relajad\u00edsimo, para que no haya viento. Y me maquill\u00f3 Cris Sep\u00falveda con un delineado azul, con r\u00edmel azul\u201d<\/em>, cont\u00f3 la conductora, cerrando el programa como acostumbra: con una combinaci\u00f3n explosiva de glamour, humor y un estilo imposible de ignorar.<\/p>\n<div class=\"mt-box \">\n<h4 class=\"mt-heading\">Mir\u00e1 Tambi\u00e9n<\/h4>\n<p><a href=\"https:\/\/www.paparazzi.com.ar\/romances\/como-es-la-lujosa-estancia-donde-se-casara-nicolas-cabre-en-cordoba\/\"><\/p>\n<div class=\"mt-content\">\n<div class=\"mt-image-container\"><img decoding=\"async\" src=\"https:\/\/www.paparazzi.com.ar\/wp-content\/uploads\/2025\/08\/nicolas-cabre-rocio-pardo-359x226.jpg\" alt=\"C\u00f3mo es la lujosa estancia donde se casar\u00e1 Nicol\u00e1s Cabr\u00e9 en C\u00f3rdoba\" class=\"mt-image\" loading=\"lazy\" \/><\/div>\n<h5 class=\"mt-title\">C\u00f3mo es la lujosa estancia donde se casar\u00e1 Nicol\u00e1s Cabr\u00e9 en C\u00f3rdoba<\/h5>\n<\/div>\n<p><\/a><\/div>\n<div class=\"mt-box \">\n<h4 class=\"mt-heading\">Mir\u00e1 Tambi\u00e9n<\/h4>\n<p><a href=\"https:\/\/www.paparazzi.com.ar\/teve\/el-juramento-que-hizo-daniela-celis-en-lujan-tras-la-milagrosa-recuperacion-de-thiago-medina\/\"><\/p>\n<div class=\"mt-content\">\n<div class=\"mt-image-container\"><img decoding=\"async\" src=\"https:\/\/www.paparazzi.com.ar\/wp-content\/uploads\/2025\/09\/Daniela-Celis-se-jugo-todo-por-amor-a-Thiago-Medina-y-conmovio-al-confirmarlo-junto-a-sus-hijas-359x226.jpg\" alt=\"El juramento que hizo Daniela Celis en Luj\u00e1n tras la milagrosa recuperaci\u00f3n de Thiago Medina\" class=\"mt-image\" loading=\"lazy\" \/><\/div>\n<h5 class=\"mt-title\">El juramento que hizo Daniela Celis en Luj\u00e1n tras la milagrosa recuperaci\u00f3n de Thiago Medina<\/h5>\n<\/div>\n<p><\/a><\/div>\n<p>The post <a href=\"https:\/\/www.paparazzi.com.ar\/looks\/el-polemico-look-de-juana-viale-que-genero-polemica-desnuda\/\">El pol\u00e9mico look de Juana Viale que gener\u00f3 pol\u00e9mica: &quot;Desnuda&quot;<\/a> appeared first on <a href=\"https:\/\/www.paparazzi.com.ar\">Revista Paparazzi<\/a>.<\/p>\n","protected":false},"excerpt":{"rendered":"<p>El mediod\u00eda televisivo del domingo tuvo a Juana Viale como gran protagonista. En la nueva<\/p>\n","protected":false},"author":0,"featured_media":6152,"comment_status":"","ping_status":"","sticky":false,"template":"","format":"standard","meta":{"footnotes":""},"categories":[11],"tags":[],"class_list":["post-6151","post","type-post","status-publish","format-standard","has-post-thumbnail","hentry","category-destacadas"],"yoast_head":"<!-- This site is optimized with the Yoast SEO plugin v28.3 - https:\/\/yoast.com\/product\/yoast-seo-wordpress\/ -->\n<title>El pol\u00e9mico look de Juana Viale que gener\u00f3 pol\u00e9mica: &quot;Desnuda&quot; - Fm Gente<\/title>\n<meta name=\"robots\" content=\"index, follow, max-snippet:-1, max-image-preview:large, max-video-preview:-1\" \/>\n<link rel=\"canonical\" href=\"https:\/\/fmgente.com.ar\/web\/el-polemico-look-de-juana-viale-que-genero-polemica-desnuda\/\" \/>\n<meta property=\"og:locale\" content=\"es_ES\" \/>\n<meta property=\"og:type\" content=\"article\" \/>\n<meta property=\"og:title\" content=\"El pol\u00e9mico look de Juana Viale que gener\u00f3 pol\u00e9mica: &quot;Desnuda&quot; - Fm Gente\" \/>\n<meta property=\"og:description\" content=\"El mediod\u00eda televisivo del domingo tuvo a Juana Viale como gran protagonista. En la nueva\" \/>\n<meta property=\"og:url\" content=\"https:\/\/fmgente.com.ar\/web\/el-polemico-look-de-juana-viale-que-genero-polemica-desnuda\/\" \/>\n<meta property=\"og:site_name\" content=\"Fm Gente\" \/>\n<meta property=\"article:published_time\" content=\"2025-10-05T22:07:41+00:00\" \/>\n<meta property=\"og:image\" content=\"https:\/\/fmgente.com.ar\/web\/wp-content\/uploads\/2025\/10\/Wanda-Nara-mexico-359x226-3.jpg\" \/>\n\t<meta property=\"og:image:width\" content=\"359\" \/>\n\t<meta property=\"og:image:height\" content=\"226\" \/>\n\t<meta property=\"og:image:type\" content=\"image\/jpeg\" \/>\n<meta name=\"twitter:card\" content=\"summary_large_image\" \/>\n<meta name=\"twitter:label1\" content=\"Tiempo de lectura\" \/>\n\t<meta name=\"twitter:data1\" content=\"3 minutos\" \/>\n<script type=\"application\/ld+json\" class=\"yoast-schema-graph\">{\"@context\":\"https:\\\/\\\/schema.org\",\"@graph\":[{\"@type\":\"Article\",\"@id\":\"https:\\\/\\\/fmgente.com.ar\\\/web\\\/el-polemico-look-de-juana-viale-que-genero-polemica-desnuda\\\/#article\",\"isPartOf\":{\"@id\":\"https:\\\/\\\/fmgente.com.ar\\\/web\\\/el-polemico-look-de-juana-viale-que-genero-polemica-desnuda\\\/\"},\"author\":{\"name\":\"\",\"@id\":\"\"},\"headline\":\"El pol\u00e9mico look de Juana Viale que gener\u00f3 pol\u00e9mica: &quot;Desnuda&quot;\",\"datePublished\":\"2025-10-05T22:07:41+00:00\",\"mainEntityOfPage\":{\"@id\":\"https:\\\/\\\/fmgente.com.ar\\\/web\\\/el-polemico-look-de-juana-viale-que-genero-polemica-desnuda\\\/\"},\"wordCount\":560,\"publisher\":{\"@id\":\"https:\\\/\\\/fmgente.com.ar\\\/web\\\/#organization\"},\"image\":{\"@id\":\"https:\\\/\\\/fmgente.com.ar\\\/web\\\/el-polemico-look-de-juana-viale-que-genero-polemica-desnuda\\\/#primaryimage\"},\"thumbnailUrl\":\"https:\\\/\\\/fmgente.com.ar\\\/web\\\/wp-content\\\/uploads\\\/2025\\\/10\\\/Wanda-Nara-mexico-359x226-3.jpg\",\"articleSection\":[\"DESTACADAS\"],\"inLanguage\":\"es\"},{\"@type\":\"WebPage\",\"@id\":\"https:\\\/\\\/fmgente.com.ar\\\/web\\\/el-polemico-look-de-juana-viale-que-genero-polemica-desnuda\\\/\",\"url\":\"https:\\\/\\\/fmgente.com.ar\\\/web\\\/el-polemico-look-de-juana-viale-que-genero-polemica-desnuda\\\/\",\"name\":\"El pol\u00e9mico look de Juana Viale que gener\u00f3 pol\u00e9mica: &quot;Desnuda&quot; - Fm Gente\",\"isPartOf\":{\"@id\":\"https:\\\/\\\/fmgente.com.ar\\\/web\\\/#website\"},\"primaryImageOfPage\":{\"@id\":\"https:\\\/\\\/fmgente.com.ar\\\/web\\\/el-polemico-look-de-juana-viale-que-genero-polemica-desnuda\\\/#primaryimage\"},\"image\":{\"@id\":\"https:\\\/\\\/fmgente.com.ar\\\/web\\\/el-polemico-look-de-juana-viale-que-genero-polemica-desnuda\\\/#primaryimage\"},\"thumbnailUrl\":\"https:\\\/\\\/fmgente.com.ar\\\/web\\\/wp-content\\\/uploads\\\/2025\\\/10\\\/Wanda-Nara-mexico-359x226-3.jpg\",\"datePublished\":\"2025-10-05T22:07:41+00:00\",\"inLanguage\":\"es\",\"potentialAction\":[{\"@type\":\"ReadAction\",\"target\":[\"https:\\\/\\\/fmgente.com.ar\\\/web\\\/el-polemico-look-de-juana-viale-que-genero-polemica-desnuda\\\/\"]}]},{\"@type\":\"ImageObject\",\"inLanguage\":\"es\",\"@id\":\"https:\\\/\\\/fmgente.com.ar\\\/web\\\/el-polemico-look-de-juana-viale-que-genero-polemica-desnuda\\\/#primaryimage\",\"url\":\"https:\\\/\\\/fmgente.com.ar\\\/web\\\/wp-content\\\/uploads\\\/2025\\\/10\\\/Wanda-Nara-mexico-359x226-3.jpg\",\"contentUrl\":\"https:\\\/\\\/fmgente.com.ar\\\/web\\\/wp-content\\\/uploads\\\/2025\\\/10\\\/Wanda-Nara-mexico-359x226-3.jpg\",\"width\":359,\"height\":226},{\"@type\":\"WebSite\",\"@id\":\"https:\\\/\\\/fmgente.com.ar\\\/web\\\/#website\",\"url\":\"https:\\\/\\\/fmgente.com.ar\\\/web\\\/\",\"name\":\"Fm Gente\",\"description\":\"- Jes\u00fas Mar\u00eda\",\"publisher\":{\"@id\":\"https:\\\/\\\/fmgente.com.ar\\\/web\\\/#organization\"},\"potentialAction\":[{\"@type\":\"SearchAction\",\"target\":{\"@type\":\"EntryPoint\",\"urlTemplate\":\"https:\\\/\\\/fmgente.com.ar\\\/web\\\/?s={search_term_string}\"},\"query-input\":{\"@type\":\"PropertyValueSpecification\",\"valueRequired\":true,\"valueName\":\"search_term_string\"}}],\"inLanguage\":\"es\"},{\"@type\":\"Organization\",\"@id\":\"https:\\\/\\\/fmgente.com.ar\\\/web\\\/#organization\",\"name\":\"Fm Gente\",\"url\":\"https:\\\/\\\/fmgente.com.ar\\\/web\\\/\",\"logo\":{\"@type\":\"ImageObject\",\"inLanguage\":\"es\",\"@id\":\"https:\\\/\\\/fmgente.com.ar\\\/web\\\/#\\\/schema\\\/logo\\\/image\\\/\",\"url\":\"https:\\\/\\\/fmgente.com.ar\\\/web\\\/wp-content\\\/uploads\\\/2023\\\/07\\\/cropped-cropped-logo-sombra2.png\",\"contentUrl\":\"https:\\\/\\\/fmgente.com.ar\\\/web\\\/wp-content\\\/uploads\\\/2023\\\/07\\\/cropped-cropped-logo-sombra2.png\",\"width\":1782,\"height\":1782,\"caption\":\"Fm Gente\"},\"image\":{\"@id\":\"https:\\\/\\\/fmgente.com.ar\\\/web\\\/#\\\/schema\\\/logo\\\/image\\\/\"}}]}<\/script>\n<!-- \/ Yoast SEO plugin. -->","yoast_head_json":{"title":"El pol\u00e9mico look de Juana Viale que gener\u00f3 pol\u00e9mica: &quot;Desnuda&quot; - Fm Gente","robots":{"index":"index","follow":"follow","max-snippet":"max-snippet:-1","max-image-preview":"max-image-preview:large","max-video-preview":"max-video-preview:-1"},"canonical":"https:\/\/fmgente.com.ar\/web\/el-polemico-look-de-juana-viale-que-genero-polemica-desnuda\/","og_locale":"es_ES","og_type":"article","og_title":"El pol\u00e9mico look de Juana Viale que gener\u00f3 pol\u00e9mica: &quot;Desnuda&quot; - Fm Gente","og_description":"El mediod\u00eda televisivo del domingo tuvo a Juana Viale como gran protagonista. En la nueva","og_url":"https:\/\/fmgente.com.ar\/web\/el-polemico-look-de-juana-viale-que-genero-polemica-desnuda\/","og_site_name":"Fm Gente","article_published_time":"2025-10-05T22:07:41+00:00","og_image":[{"width":359,"height":226,"url":"https:\/\/fmgente.com.ar\/web\/wp-content\/uploads\/2025\/10\/Wanda-Nara-mexico-359x226-3.jpg","type":"image\/jpeg"}],"twitter_card":"summary_large_image","twitter_misc":{"Tiempo de lectura":"3 minutos"},"schema":{"@context":"https:\/\/schema.org","@graph":[{"@type":"Article","@id":"https:\/\/fmgente.com.ar\/web\/el-polemico-look-de-juana-viale-que-genero-polemica-desnuda\/#article","isPartOf":{"@id":"https:\/\/fmgente.com.ar\/web\/el-polemico-look-de-juana-viale-que-genero-polemica-desnuda\/"},"author":{"name":"","@id":""},"headline":"El pol\u00e9mico look de Juana Viale que gener\u00f3 pol\u00e9mica: &quot;Desnuda&quot;","datePublished":"2025-10-05T22:07:41+00:00","mainEntityOfPage":{"@id":"https:\/\/fmgente.com.ar\/web\/el-polemico-look-de-juana-viale-que-genero-polemica-desnuda\/"},"wordCount":560,"publisher":{"@id":"https:\/\/fmgente.com.ar\/web\/#organization"},"image":{"@id":"https:\/\/fmgente.com.ar\/web\/el-polemico-look-de-juana-viale-que-genero-polemica-desnuda\/#primaryimage"},"thumbnailUrl":"https:\/\/fmgente.com.ar\/web\/wp-content\/uploads\/2025\/10\/Wanda-Nara-mexico-359x226-3.jpg","articleSection":["DESTACADAS"],"inLanguage":"es"},{"@type":"WebPage","@id":"https:\/\/fmgente.com.ar\/web\/el-polemico-look-de-juana-viale-que-genero-polemica-desnuda\/","url":"https:\/\/fmgente.com.ar\/web\/el-polemico-look-de-juana-viale-que-genero-polemica-desnuda\/","name":"El pol\u00e9mico look de Juana Viale que gener\u00f3 pol\u00e9mica: &quot;Desnuda&quot; - Fm Gente","isPartOf":{"@id":"https:\/\/fmgente.com.ar\/web\/#website"},"primaryImageOfPage":{"@id":"https:\/\/fmgente.com.ar\/web\/el-polemico-look-de-juana-viale-que-genero-polemica-desnuda\/#primaryimage"},"image":{"@id":"https:\/\/fmgente.com.ar\/web\/el-polemico-look-de-juana-viale-que-genero-polemica-desnuda\/#primaryimage"},"thumbnailUrl":"https:\/\/fmgente.com.ar\/web\/wp-content\/uploads\/2025\/10\/Wanda-Nara-mexico-359x226-3.jpg","datePublished":"2025-10-05T22:07:41+00:00","inLanguage":"es","potentialAction":[{"@type":"ReadAction","target":["https:\/\/fmgente.com.ar\/web\/el-polemico-look-de-juana-viale-que-genero-polemica-desnuda\/"]}]},{"@type":"ImageObject","inLanguage":"es","@id":"https:\/\/fmgente.com.ar\/web\/el-polemico-look-de-juana-viale-que-genero-polemica-desnuda\/#primaryimage","url":"https:\/\/fmgente.com.ar\/web\/wp-content\/uploads\/2025\/10\/Wanda-Nara-mexico-359x226-3.jpg","contentUrl":"https:\/\/fmgente.com.ar\/web\/wp-content\/uploads\/2025\/10\/Wanda-Nara-mexico-359x226-3.jpg","width":359,"height":226},{"@type":"WebSite","@id":"https:\/\/fmgente.com.ar\/web\/#website","url":"https:\/\/fmgente.com.ar\/web\/","name":"Fm Gente","description":"- Jes\u00fas Mar\u00eda","publisher":{"@id":"https:\/\/fmgente.com.ar\/web\/#organization"},"potentialAction":[{"@type":"SearchAction","target":{"@type":"EntryPoint","urlTemplate":"https:\/\/fmgente.com.ar\/web\/?s={search_term_string}"},"query-input":{"@type":"PropertyValueSpecification","valueRequired":true,"valueName":"search_term_string"}}],"inLanguage":"es"},{"@type":"Organization","@id":"https:\/\/fmgente.com.ar\/web\/#organization","name":"Fm Gente","url":"https:\/\/fmgente.com.ar\/web\/","logo":{"@type":"ImageObject","inLanguage":"es","@id":"https:\/\/fmgente.com.ar\/web\/#\/schema\/logo\/image\/","url":"https:\/\/fmgente.com.ar\/web\/wp-content\/uploads\/2023\/07\/cropped-cropped-logo-sombra2.png","contentUrl":"https:\/\/fmgente.com.ar\/web\/wp-content\/uploads\/2023\/07\/cropped-cropped-logo-sombra2.png","width":1782,"height":1782,"caption":"Fm Gente"},"image":{"@id":"https:\/\/fmgente.com.ar\/web\/#\/schema\/logo\/image\/"}}]}},"_links":{"self":[{"href":"https:\/\/fmgente.com.ar\/web\/wp-json\/wp\/v2\/posts\/6151","targetHints":{"allow":["GET"]}}],"collection":[{"href":"https:\/\/fmgente.com.ar\/web\/wp-json\/wp\/v2\/posts"}],"about":[{"href":"https:\/\/fmgente.com.ar\/web\/wp-json\/wp\/v2\/types\/post"}],"replies":[{"embeddable":true,"href":"https:\/\/fmgente.com.ar\/web\/wp-json\/wp\/v2\/comments?post=6151"}],"version-history":[{"count":0,"href":"https:\/\/fmgente.com.ar\/web\/wp-json\/wp\/v2\/posts\/6151\/revisions"}],"wp:featuredmedia":[{"embeddable":true,"href":"https:\/\/fmgente.com.ar\/web\/wp-json\/wp\/v2\/media\/6152"}],"wp:attachment":[{"href":"https:\/\/fmgente.com.ar\/web\/wp-json\/wp\/v2\/media?parent=6151"}],"wp:term":[{"taxonomy":"category","embeddable":true,"href":"https:\/\/fmgente.com.ar\/web\/wp-json\/wp\/v2\/categories?post=6151"},{"taxonomy":"post_tag","embeddable":true,"href":"https:\/\/fmgente.com.ar\/web\/wp-json\/wp\/v2\/tags?post=6151"}],"curies":[{"name":"wp","href":"https:\/\/api.w.org\/{rel}","templated":true}]}}