{"id":6149,"date":"2025-10-05T18:05:12","date_gmt":"2025-10-05T21:05:12","guid":{"rendered":"https:\/\/fmgente.com.ar\/el-terrible-momento-que-vivio-osqui-guzman-con-un-ataque-de-policia-me-pego-en-la-cabeza-y\/"},"modified":"2025-10-05T18:05:12","modified_gmt":"2025-10-05T21:05:12","slug":"el-terrible-momento-que-vivio-osqui-guzman-con-un-ataque-de-policia-me-pego-en-la-cabeza-y","status":"publish","type":"post","link":"https:\/\/fmgente.com.ar\/web\/el-terrible-momento-que-vivio-osqui-guzman-con-un-ataque-de-policia-me-pego-en-la-cabeza-y\/","title":{"rendered":"El terrible momento que vivi\u00f3 Osqui Guzm\u00e1n con un ataque de polic\u00eda: &quot;Me peg\u00f3 en la cabeza y\u2026&quot;"},"content":{"rendered":"<p><strong><a href=\"https:\/\/www.paparazzi.com.ar\/?s=Osqui+Guzm%C3%A1n\">Osqui Guzm\u00e1n<\/a><\/strong> denunci\u00f3 p\u00fablicamente haber sido v\u00edctima de violencia policial en plena Ciudad de Buenos Aires. A trav\u00e9s de un video publicado en su cuenta de Instagram, el reconocido actor y director relat\u00f3 un episodio de discriminaci\u00f3n y abuso que, seg\u00fan explic\u00f3, se origin\u00f3 <em>\u201cpor el color de su piel\u201d<\/em>.<\/p>\n<p>El hecho ocurri\u00f3 el mi\u00e9rcoles por la tarde, alrededor de las 18:30, en la estaci\u00f3n Dorrego del subte B. Guzm\u00e1n cont\u00f3 que se dirig\u00eda a su casa luego de una entrevista en el canal de streaming <em>Vibra Buenos Aires<\/em> cuando fue interceptado por una mujer polic\u00eda que le pidi\u00f3 su documento. <\/p>\n<p><em>\u201cYo estaba hablando por tel\u00e9fono con Leticia, mi esposa, cuando una agente me pidi\u00f3 el DNI. Se lo mostr\u00e9, pero no se lo di porque su actitud no me gener\u00f3 confianza. Entonces me lo sac\u00f3 de la mano y se fue\u201d,<\/em> relat\u00f3 visiblemente afectado.<\/p>\n<div class=\"mt-box \">\n<h4 class=\"mt-heading\">Mir\u00e1 Tambi\u00e9n<\/h4>\n<p><a href=\"https:\/\/www.paparazzi.com.ar\/teve\/exclusivo-el-tenso-encuentro-entre-pampita-y-nicole-neumann-por-que-ni-se-saludaron\/\"><\/p>\n<div class=\"mt-content\">\n<div class=\"mt-image-container\"><img decoding=\"async\" src=\"https:\/\/www.paparazzi.com.ar\/wp-content\/uploads\/2025\/09\/pampita-14-359x226.png\" alt=\"\u00a1Exclusivo! El tenso encuentro entre Pampita y Nicole Neumann: por qu\u00e9 ni se saludaron\" class=\"mt-image\" loading=\"lazy\" \/><\/div>\n<h5 class=\"mt-title\">\u00a1Exclusivo! El tenso encuentro entre Pampita y Nicole Neumann: por qu\u00e9 ni se saludaron<\/h5>\n<\/div>\n<p><\/a><\/div>\n<p>Seg\u00fan el actor, cuando intent\u00f3 reclamar la devoluci\u00f3n de su documento, la situaci\u00f3n se torn\u00f3 violenta. <em>\u201cMe dijo: \u2018El algoritmo te reconoci\u00f3. Vos sos chorro. Sabemos lo que hac\u00e9s\u2019. Le respond\u00ed que se estaba equivocando, y entonces sac\u00f3 la macana y me peg\u00f3 en la cabeza. Me volvi\u00f3 a golpear y me pregunt\u00f3 si era peruano. Le dije que no, que soy argentino, pero segu\u00eda insistiendo en que yo era un ladr\u00f3n\u201d<\/em>, relat\u00f3 Guzm\u00e1n en el video que r\u00e1pidamente se viraliz\u00f3.<\/p>\n<h2 class=\"wp-block-heading\">EL DOLOROSO MOMENTO QUE VIVI\u00d3 OSQUI GUZM\u00c1N:<\/h2>\n<p>El int\u00e9rprete de <em>El Bulul\u00fa<\/em> asegur\u00f3 que la motivaci\u00f3n de la agente fue puramente racial. <em>\u201cMe pidi\u00f3 el DNI por mi color de piel. Basta de perseguirnos por el color de piel. Mi hija, mi familia, todos tenemos este color. No iba a decir nada, pero hace dos d\u00edas que no duermo. Antes de que me carcoma por dentro, prefiero contarlo\u201d,<\/em> expres\u00f3 conmovido.<\/p>\n<p>Su testimonio provoc\u00f3 una ola de mensajes de apoyo por parte de colegas y figuras del espect\u00e1culo. Malena Guinzburg escribi\u00f3: <em>\u201cTremendo, Osqui. Perfecto que lo compartas\u201d.<\/em> Federico D\u2019El\u00eda sum\u00f3: <em>\u201cEs abuso de autoridad y racismo. Te quiero\u201d.<\/em> Mientras que Beto Casella expres\u00f3: <em>\u201cToda nuestra solidaridad. Ojal\u00e1 sancionen a la agente\u201d.<\/em><\/p>\n<div class=\"mt-box \">\n<h4 class=\"mt-heading\">Mir\u00e1 Tambi\u00e9n<\/h4>\n<p><a href=\"https:\/\/www.paparazzi.com.ar\/romances\/la-salida-de-novios-de-abel-pintos-y-su-esposa-a-donde-fueron\/\"><\/p>\n<div class=\"mt-content\">\n<div class=\"mt-image-container\"><img decoding=\"async\" src=\"https:\/\/www.paparazzi.com.ar\/wp-content\/uploads\/2023\/09\/Abel-Pintos-con-su-esposa-en-el-teatro-1.jpg.webp\" alt=\"La salida de novios de Abel Pintos y su esposa: a d\u00f3nde fueron\" class=\"mt-image\" loading=\"lazy\" \/><\/div>\n<h5 class=\"mt-title\">La salida de novios de Abel Pintos y su esposa: a d\u00f3nde fueron<\/h5>\n<\/div>\n<p><\/a><\/div>\n<p>Desde el Ministerio de Seguridad de la Ciudad de Buenos Aires confirmaron que se abri\u00f3 un sumario interno para investigar el accionar de la oficial involucrada. <em>\u201cGuzm\u00e1n realiz\u00f3 una llamada al 911 relatando lo sucedido, lo que activ\u00f3 la intervenci\u00f3n de Asuntos Internos y la Fiscal\u00eda N\u00b05<\/em>\u201d, indicaron fuentes oficiales.<\/p>\n<p>El actor, reconocido por su compromiso social y su trabajo teatral, cerr\u00f3 su mensaje con un llamado a la reflexi\u00f3n: <em>\u201cEsto no es solo por m\u00ed. Es por todos los que alguna vez fueron se\u00f1alados o golpeados solo por tener la piel de otro color. No podemos seguir naturalizando el racismo\u201d.<\/em><\/p>\n<div class=\"mt-box \">\n<h4 class=\"mt-heading\">Mir\u00e1 Tambi\u00e9n<\/h4>\n<p><a href=\"https:\/\/www.paparazzi.com.ar\/teve\/el-extrano-episodio-que-vivio-nito-artaza-en-el-teatro-saco-entradas-para-las-cenizas-de-su-esposo\/\"><\/p>\n<div class=\"mt-content\">\n<div class=\"mt-image-container\"><img decoding=\"async\" src=\"https:\/\/www.paparazzi.com.ar\/wp-content\/uploads\/2025\/09\/to-359x226.jpeg\" alt=\"El extra\u00f1o episodio que vivi\u00f3 Nito Artaza en el teatro: \u201cSac\u00f3 entradas para las cenizas de su esposo\u201d\" class=\"mt-image\" loading=\"lazy\" \/><\/div>\n<h5 class=\"mt-title\">El extra\u00f1o episodio que vivi\u00f3 Nito Artaza en el teatro: \u201cSac\u00f3 entradas para las cenizas de su esposo\u201d<\/h5>\n<\/div>\n<p><\/a><\/div>\n<div class=\"mt-box \">\n<h4 class=\"mt-heading\">Mir\u00e1 Tambi\u00e9n<\/h4>\n<p><a href=\"https:\/\/www.paparazzi.com.ar\/teve\/marcelo-tinelli-mario-pergolini-mano-a-mano-teatro-colon\/\"><\/p>\n<div class=\"mt-content\">\n<div class=\"mt-image-container\"><img decoding=\"async\" src=\"https:\/\/www.paparazzi.com.ar\/wp-content\/uploads\/2025\/09\/mario-pergolini-marcelo-tinelli-359x226.jpg\" alt=\"\u00a1Alta tensi\u00f3n! Marcelo Tinelli y Mario Pergolini se cruzaron en el Teatro Col\u00f3n y se dijeron de todo\" class=\"mt-image\" loading=\"lazy\" \/><\/div>\n<h5 class=\"mt-title\">\u00a1Alta tensi\u00f3n! Marcelo Tinelli y Mario Pergolini se cruzaron en el Teatro Col\u00f3n y se dijeron de todo<\/h5>\n<\/div>\n<p><\/a><\/div>\n<p>The post <a href=\"https:\/\/www.paparazzi.com.ar\/teve\/el-terrible-momento-que-vivio-osqui-guzman-con-un-ataque-de-policia-me-pego-en-la-cabeza-y\/\">El terrible momento que vivi\u00f3 Osqui Guzm\u00e1n con un ataque de polic\u00eda: &quot;Me peg\u00f3 en la cabeza y\u2026&quot;<\/a> appeared first on <a href=\"https:\/\/www.paparazzi.com.ar\">Revista Paparazzi<\/a>.<\/p>\n","protected":false},"excerpt":{"rendered":"<p>Osqui Guzm\u00e1n denunci\u00f3 p\u00fablicamente haber sido v\u00edctima de violencia policial en plena Ciudad de Buenos<\/p>\n","protected":false},"author":0,"featured_media":6150,"comment_status":"","ping_status":"","sticky":false,"template":"","format":"standard","meta":{"footnotes":""},"categories":[11],"tags":[],"class_list":["post-6149","post","type-post","status-publish","format-standard","has-post-thumbnail","hentry","category-destacadas"],"yoast_head":"<!-- This site is optimized with the Yoast SEO plugin v28.3 - https:\/\/yoast.com\/product\/yoast-seo-wordpress\/ -->\n<title>El terrible momento que vivi\u00f3 Osqui Guzm\u00e1n con un ataque de polic\u00eda: &quot;Me peg\u00f3 en la cabeza y\u2026&quot; - Fm Gente<\/title>\n<meta name=\"robots\" content=\"index, follow, max-snippet:-1, max-image-preview:large, max-video-preview:-1\" \/>\n<link rel=\"canonical\" href=\"https:\/\/fmgente.com.ar\/web\/el-terrible-momento-que-vivio-osqui-guzman-con-un-ataque-de-policia-me-pego-en-la-cabeza-y\/\" \/>\n<meta property=\"og:locale\" content=\"es_ES\" \/>\n<meta property=\"og:type\" content=\"article\" \/>\n<meta property=\"og:title\" content=\"El terrible momento que vivi\u00f3 Osqui Guzm\u00e1n con un ataque de polic\u00eda: &quot;Me peg\u00f3 en la cabeza y\u2026&quot; - Fm Gente\" \/>\n<meta property=\"og:description\" content=\"Osqui Guzm\u00e1n denunci\u00f3 p\u00fablicamente haber sido v\u00edctima de violencia policial en plena Ciudad de Buenos\" \/>\n<meta property=\"og:url\" content=\"https:\/\/fmgente.com.ar\/web\/el-terrible-momento-que-vivio-osqui-guzman-con-un-ataque-de-policia-me-pego-en-la-cabeza-y\/\" \/>\n<meta property=\"og:site_name\" content=\"Fm Gente\" \/>\n<meta property=\"article:published_time\" content=\"2025-10-05T21:05:12+00:00\" \/>\n<meta property=\"og:image\" content=\"https:\/\/fmgente.com.ar\/web\/wp-content\/uploads\/2025\/10\/pampita-14-359x226-11.png\" \/>\n\t<meta property=\"og:image:width\" content=\"359\" \/>\n\t<meta property=\"og:image:height\" content=\"226\" \/>\n\t<meta property=\"og:image:type\" content=\"image\/png\" \/>\n<meta name=\"twitter:card\" content=\"summary_large_image\" \/>\n<meta name=\"twitter:label1\" content=\"Tiempo de lectura\" \/>\n\t<meta name=\"twitter:data1\" content=\"3 minutos\" \/>\n<script type=\"application\/ld+json\" class=\"yoast-schema-graph\">{\"@context\":\"https:\\\/\\\/schema.org\",\"@graph\":[{\"@type\":\"Article\",\"@id\":\"https:\\\/\\\/fmgente.com.ar\\\/web\\\/el-terrible-momento-que-vivio-osqui-guzman-con-un-ataque-de-policia-me-pego-en-la-cabeza-y\\\/#article\",\"isPartOf\":{\"@id\":\"https:\\\/\\\/fmgente.com.ar\\\/web\\\/el-terrible-momento-que-vivio-osqui-guzman-con-un-ataque-de-policia-me-pego-en-la-cabeza-y\\\/\"},\"author\":{\"name\":\"\",\"@id\":\"\"},\"headline\":\"El terrible momento que vivi\u00f3 Osqui Guzm\u00e1n con un ataque de polic\u00eda: &quot;Me peg\u00f3 en la cabeza y\u2026&quot;\",\"datePublished\":\"2025-10-05T21:05:12+00:00\",\"mainEntityOfPage\":{\"@id\":\"https:\\\/\\\/fmgente.com.ar\\\/web\\\/el-terrible-momento-que-vivio-osqui-guzman-con-un-ataque-de-policia-me-pego-en-la-cabeza-y\\\/\"},\"wordCount\":607,\"publisher\":{\"@id\":\"https:\\\/\\\/fmgente.com.ar\\\/web\\\/#organization\"},\"image\":{\"@id\":\"https:\\\/\\\/fmgente.com.ar\\\/web\\\/el-terrible-momento-que-vivio-osqui-guzman-con-un-ataque-de-policia-me-pego-en-la-cabeza-y\\\/#primaryimage\"},\"thumbnailUrl\":\"https:\\\/\\\/fmgente.com.ar\\\/web\\\/wp-content\\\/uploads\\\/2025\\\/10\\\/pampita-14-359x226-11.png\",\"articleSection\":[\"DESTACADAS\"],\"inLanguage\":\"es\"},{\"@type\":\"WebPage\",\"@id\":\"https:\\\/\\\/fmgente.com.ar\\\/web\\\/el-terrible-momento-que-vivio-osqui-guzman-con-un-ataque-de-policia-me-pego-en-la-cabeza-y\\\/\",\"url\":\"https:\\\/\\\/fmgente.com.ar\\\/web\\\/el-terrible-momento-que-vivio-osqui-guzman-con-un-ataque-de-policia-me-pego-en-la-cabeza-y\\\/\",\"name\":\"El terrible momento que vivi\u00f3 Osqui Guzm\u00e1n con un ataque de polic\u00eda: &quot;Me peg\u00f3 en la cabeza y\u2026&quot; - Fm Gente\",\"isPartOf\":{\"@id\":\"https:\\\/\\\/fmgente.com.ar\\\/web\\\/#website\"},\"primaryImageOfPage\":{\"@id\":\"https:\\\/\\\/fmgente.com.ar\\\/web\\\/el-terrible-momento-que-vivio-osqui-guzman-con-un-ataque-de-policia-me-pego-en-la-cabeza-y\\\/#primaryimage\"},\"image\":{\"@id\":\"https:\\\/\\\/fmgente.com.ar\\\/web\\\/el-terrible-momento-que-vivio-osqui-guzman-con-un-ataque-de-policia-me-pego-en-la-cabeza-y\\\/#primaryimage\"},\"thumbnailUrl\":\"https:\\\/\\\/fmgente.com.ar\\\/web\\\/wp-content\\\/uploads\\\/2025\\\/10\\\/pampita-14-359x226-11.png\",\"datePublished\":\"2025-10-05T21:05:12+00:00\",\"inLanguage\":\"es\",\"potentialAction\":[{\"@type\":\"ReadAction\",\"target\":[\"https:\\\/\\\/fmgente.com.ar\\\/web\\\/el-terrible-momento-que-vivio-osqui-guzman-con-un-ataque-de-policia-me-pego-en-la-cabeza-y\\\/\"]}]},{\"@type\":\"ImageObject\",\"inLanguage\":\"es\",\"@id\":\"https:\\\/\\\/fmgente.com.ar\\\/web\\\/el-terrible-momento-que-vivio-osqui-guzman-con-un-ataque-de-policia-me-pego-en-la-cabeza-y\\\/#primaryimage\",\"url\":\"https:\\\/\\\/fmgente.com.ar\\\/web\\\/wp-content\\\/uploads\\\/2025\\\/10\\\/pampita-14-359x226-11.png\",\"contentUrl\":\"https:\\\/\\\/fmgente.com.ar\\\/web\\\/wp-content\\\/uploads\\\/2025\\\/10\\\/pampita-14-359x226-11.png\",\"width\":359,\"height\":226},{\"@type\":\"WebSite\",\"@id\":\"https:\\\/\\\/fmgente.com.ar\\\/web\\\/#website\",\"url\":\"https:\\\/\\\/fmgente.com.ar\\\/web\\\/\",\"name\":\"Fm Gente\",\"description\":\"- Jes\u00fas Mar\u00eda\",\"publisher\":{\"@id\":\"https:\\\/\\\/fmgente.com.ar\\\/web\\\/#organization\"},\"potentialAction\":[{\"@type\":\"SearchAction\",\"target\":{\"@type\":\"EntryPoint\",\"urlTemplate\":\"https:\\\/\\\/fmgente.com.ar\\\/web\\\/?s={search_term_string}\"},\"query-input\":{\"@type\":\"PropertyValueSpecification\",\"valueRequired\":true,\"valueName\":\"search_term_string\"}}],\"inLanguage\":\"es\"},{\"@type\":\"Organization\",\"@id\":\"https:\\\/\\\/fmgente.com.ar\\\/web\\\/#organization\",\"name\":\"Fm Gente\",\"url\":\"https:\\\/\\\/fmgente.com.ar\\\/web\\\/\",\"logo\":{\"@type\":\"ImageObject\",\"inLanguage\":\"es\",\"@id\":\"https:\\\/\\\/fmgente.com.ar\\\/web\\\/#\\\/schema\\\/logo\\\/image\\\/\",\"url\":\"https:\\\/\\\/fmgente.com.ar\\\/web\\\/wp-content\\\/uploads\\\/2023\\\/07\\\/cropped-cropped-logo-sombra2.png\",\"contentUrl\":\"https:\\\/\\\/fmgente.com.ar\\\/web\\\/wp-content\\\/uploads\\\/2023\\\/07\\\/cropped-cropped-logo-sombra2.png\",\"width\":1782,\"height\":1782,\"caption\":\"Fm Gente\"},\"image\":{\"@id\":\"https:\\\/\\\/fmgente.com.ar\\\/web\\\/#\\\/schema\\\/logo\\\/image\\\/\"}}]}<\/script>\n<!-- \/ Yoast SEO plugin. -->","yoast_head_json":{"title":"El terrible momento que vivi\u00f3 Osqui Guzm\u00e1n con un ataque de polic\u00eda: &quot;Me peg\u00f3 en la cabeza y\u2026&quot; - Fm Gente","robots":{"index":"index","follow":"follow","max-snippet":"max-snippet:-1","max-image-preview":"max-image-preview:large","max-video-preview":"max-video-preview:-1"},"canonical":"https:\/\/fmgente.com.ar\/web\/el-terrible-momento-que-vivio-osqui-guzman-con-un-ataque-de-policia-me-pego-en-la-cabeza-y\/","og_locale":"es_ES","og_type":"article","og_title":"El terrible momento que vivi\u00f3 Osqui Guzm\u00e1n con un ataque de polic\u00eda: &quot;Me peg\u00f3 en la cabeza y\u2026&quot; - Fm Gente","og_description":"Osqui Guzm\u00e1n denunci\u00f3 p\u00fablicamente haber sido v\u00edctima de violencia policial en plena Ciudad de Buenos","og_url":"https:\/\/fmgente.com.ar\/web\/el-terrible-momento-que-vivio-osqui-guzman-con-un-ataque-de-policia-me-pego-en-la-cabeza-y\/","og_site_name":"Fm Gente","article_published_time":"2025-10-05T21:05:12+00:00","og_image":[{"width":359,"height":226,"url":"https:\/\/fmgente.com.ar\/web\/wp-content\/uploads\/2025\/10\/pampita-14-359x226-11.png","type":"image\/png"}],"twitter_card":"summary_large_image","twitter_misc":{"Tiempo de lectura":"3 minutos"},"schema":{"@context":"https:\/\/schema.org","@graph":[{"@type":"Article","@id":"https:\/\/fmgente.com.ar\/web\/el-terrible-momento-que-vivio-osqui-guzman-con-un-ataque-de-policia-me-pego-en-la-cabeza-y\/#article","isPartOf":{"@id":"https:\/\/fmgente.com.ar\/web\/el-terrible-momento-que-vivio-osqui-guzman-con-un-ataque-de-policia-me-pego-en-la-cabeza-y\/"},"author":{"name":"","@id":""},"headline":"El terrible momento que vivi\u00f3 Osqui Guzm\u00e1n con un ataque de polic\u00eda: &quot;Me peg\u00f3 en la cabeza y\u2026&quot;","datePublished":"2025-10-05T21:05:12+00:00","mainEntityOfPage":{"@id":"https:\/\/fmgente.com.ar\/web\/el-terrible-momento-que-vivio-osqui-guzman-con-un-ataque-de-policia-me-pego-en-la-cabeza-y\/"},"wordCount":607,"publisher":{"@id":"https:\/\/fmgente.com.ar\/web\/#organization"},"image":{"@id":"https:\/\/fmgente.com.ar\/web\/el-terrible-momento-que-vivio-osqui-guzman-con-un-ataque-de-policia-me-pego-en-la-cabeza-y\/#primaryimage"},"thumbnailUrl":"https:\/\/fmgente.com.ar\/web\/wp-content\/uploads\/2025\/10\/pampita-14-359x226-11.png","articleSection":["DESTACADAS"],"inLanguage":"es"},{"@type":"WebPage","@id":"https:\/\/fmgente.com.ar\/web\/el-terrible-momento-que-vivio-osqui-guzman-con-un-ataque-de-policia-me-pego-en-la-cabeza-y\/","url":"https:\/\/fmgente.com.ar\/web\/el-terrible-momento-que-vivio-osqui-guzman-con-un-ataque-de-policia-me-pego-en-la-cabeza-y\/","name":"El terrible momento que vivi\u00f3 Osqui Guzm\u00e1n con un ataque de polic\u00eda: &quot;Me peg\u00f3 en la cabeza y\u2026&quot; - Fm Gente","isPartOf":{"@id":"https:\/\/fmgente.com.ar\/web\/#website"},"primaryImageOfPage":{"@id":"https:\/\/fmgente.com.ar\/web\/el-terrible-momento-que-vivio-osqui-guzman-con-un-ataque-de-policia-me-pego-en-la-cabeza-y\/#primaryimage"},"image":{"@id":"https:\/\/fmgente.com.ar\/web\/el-terrible-momento-que-vivio-osqui-guzman-con-un-ataque-de-policia-me-pego-en-la-cabeza-y\/#primaryimage"},"thumbnailUrl":"https:\/\/fmgente.com.ar\/web\/wp-content\/uploads\/2025\/10\/pampita-14-359x226-11.png","datePublished":"2025-10-05T21:05:12+00:00","inLanguage":"es","potentialAction":[{"@type":"ReadAction","target":["https:\/\/fmgente.com.ar\/web\/el-terrible-momento-que-vivio-osqui-guzman-con-un-ataque-de-policia-me-pego-en-la-cabeza-y\/"]}]},{"@type":"ImageObject","inLanguage":"es","@id":"https:\/\/fmgente.com.ar\/web\/el-terrible-momento-que-vivio-osqui-guzman-con-un-ataque-de-policia-me-pego-en-la-cabeza-y\/#primaryimage","url":"https:\/\/fmgente.com.ar\/web\/wp-content\/uploads\/2025\/10\/pampita-14-359x226-11.png","contentUrl":"https:\/\/fmgente.com.ar\/web\/wp-content\/uploads\/2025\/10\/pampita-14-359x226-11.png","width":359,"height":226},{"@type":"WebSite","@id":"https:\/\/fmgente.com.ar\/web\/#website","url":"https:\/\/fmgente.com.ar\/web\/","name":"Fm Gente","description":"- Jes\u00fas Mar\u00eda","publisher":{"@id":"https:\/\/fmgente.com.ar\/web\/#organization"},"potentialAction":[{"@type":"SearchAction","target":{"@type":"EntryPoint","urlTemplate":"https:\/\/fmgente.com.ar\/web\/?s={search_term_string}"},"query-input":{"@type":"PropertyValueSpecification","valueRequired":true,"valueName":"search_term_string"}}],"inLanguage":"es"},{"@type":"Organization","@id":"https:\/\/fmgente.com.ar\/web\/#organization","name":"Fm Gente","url":"https:\/\/fmgente.com.ar\/web\/","logo":{"@type":"ImageObject","inLanguage":"es","@id":"https:\/\/fmgente.com.ar\/web\/#\/schema\/logo\/image\/","url":"https:\/\/fmgente.com.ar\/web\/wp-content\/uploads\/2023\/07\/cropped-cropped-logo-sombra2.png","contentUrl":"https:\/\/fmgente.com.ar\/web\/wp-content\/uploads\/2023\/07\/cropped-cropped-logo-sombra2.png","width":1782,"height":1782,"caption":"Fm Gente"},"image":{"@id":"https:\/\/fmgente.com.ar\/web\/#\/schema\/logo\/image\/"}}]}},"_links":{"self":[{"href":"https:\/\/fmgente.com.ar\/web\/wp-json\/wp\/v2\/posts\/6149","targetHints":{"allow":["GET"]}}],"collection":[{"href":"https:\/\/fmgente.com.ar\/web\/wp-json\/wp\/v2\/posts"}],"about":[{"href":"https:\/\/fmgente.com.ar\/web\/wp-json\/wp\/v2\/types\/post"}],"replies":[{"embeddable":true,"href":"https:\/\/fmgente.com.ar\/web\/wp-json\/wp\/v2\/comments?post=6149"}],"version-history":[{"count":0,"href":"https:\/\/fmgente.com.ar\/web\/wp-json\/wp\/v2\/posts\/6149\/revisions"}],"wp:featuredmedia":[{"embeddable":true,"href":"https:\/\/fmgente.com.ar\/web\/wp-json\/wp\/v2\/media\/6150"}],"wp:attachment":[{"href":"https:\/\/fmgente.com.ar\/web\/wp-json\/wp\/v2\/media?parent=6149"}],"wp:term":[{"taxonomy":"category","embeddable":true,"href":"https:\/\/fmgente.com.ar\/web\/wp-json\/wp\/v2\/categories?post=6149"},{"taxonomy":"post_tag","embeddable":true,"href":"https:\/\/fmgente.com.ar\/web\/wp-json\/wp\/v2\/tags?post=6149"}],"curies":[{"name":"wp","href":"https:\/\/api.w.org\/{rel}","templated":true}]}}