{"id":6147,"date":"2025-10-05T18:05:12","date_gmt":"2025-10-05T21:05:12","guid":{"rendered":"https:\/\/fmgente.com.ar\/mirtha-legrand-se-harto-de-las-mentiras-de-fede-bal-y-lo-arrincono-por-sus-infidelidades\/"},"modified":"2025-10-05T18:05:12","modified_gmt":"2025-10-05T21:05:12","slug":"mirtha-legrand-se-harto-de-las-mentiras-de-fede-bal-y-lo-arrincono-por-sus-infidelidades","status":"publish","type":"post","link":"https:\/\/fmgente.com.ar\/web\/mirtha-legrand-se-harto-de-las-mentiras-de-fede-bal-y-lo-arrincono-por-sus-infidelidades\/","title":{"rendered":"Mirtha Legrand se hart\u00f3 de las mentiras de Fede Bal y lo arrincon\u00f3 por sus infidelidades"},"content":{"rendered":"<p><strong><a href=\"https:\/\/www.paparazzi.com.ar\/tag\/mirtha-legrand\/\">Mirtha Legrand<\/a><\/strong> volvi\u00f3 a mostrar su filosa lengua en La Noche de Mirtha. El s\u00e1bado 4 de octubre, la diva televisiva recibi\u00f3 a <strong>Federico Bal<\/strong> en su tradicional mesa y lo arrincon\u00f3 con una pregunta que lo dej\u00f3 sin escapatoria. El hijo de <strong>Carmen Barbieri<\/strong>, lejos de esquivar el tema, se sincer\u00f3 sobre su vida amorosa y admiti\u00f3 que est\u00e1 atravesando un proceso de cambios en la manera en que se vincula sentimentalmente.<\/p>\n<p>El actor no escondi\u00f3 su pasado y expuso con crudeza lo que \u00e9l mismo llam\u00f3 sus errores. <em>\u201cLa gente se est\u00e1 vinculando de otra manera, yo ment\u00ed mucho y no lo digo con orgullo\u201d<\/em>, confes\u00f3 ante la atenta mirada de la conductora. Una frase que, sin dudas, marc\u00f3 el tono de toda la conversaci\u00f3n y que dej\u00f3 al aire un silencio cargado de sorpresa.<\/p>\n<p>La respuesta no tard\u00f3 en llegar. Con la picard\u00eda que la caracteriza, <strong><a href=\"https:\/\/www.paparazzi.com.ar\/teve\/el-emotivo-momento-de-mirtha-legrand-en-los-martin-fierro-llantos-homenaje-y-un-pedido-especial\/\">Mirtha<\/a><\/strong> lo interrumpi\u00f3 sin dudar: <em>\u201cEs un mentiroso serial oficial\u2026 \u00bfVos te enamor\u00e1s y despu\u00e9s las dej\u00e1s? \u00bfTe desenamor\u00e1s o c\u00f3mo es la cosa?\u201d<\/em>. El joven, visiblemente inc\u00f3modo pero fiel a su estilo, no se escondi\u00f3 detr\u00e1s de excusas. <em>\u201cYo tengo un ascenso muy r\u00e1pido en el amor y la bajada es casi igual, tengo unos seis meses incre\u00edbles en los que pienso que es la mujer de mi vida\u201d<\/em>, solt\u00f3.<\/p>\n<div class=\"mt-box \">\n<h4 class=\"mt-heading\">Mir\u00e1 Tambi\u00e9n<\/h4>\n<p><a href=\"https:\/\/www.paparazzi.com.ar\/videos\/exclusivo-jose-maria-muscari-homenajeo-a-bruce-willis-en-el-papel-de-duro-de-matar-los-pelados-nos-parecemos-todos\/\"><\/p>\n<div class=\"mt-content\">\n<div class=\"mt-image-container\"><img decoding=\"async\" src=\"https:\/\/www.paparazzi.com.ar\/wp-content\/uploads\/2025\/09\/PORTADA-WEB-YO-QUIERO-SER-muscari-willis-359x226.jpg\" alt=\"\u00a1Exclusivo! Jos\u00e9 Mar\u00eda Muscari homenaje\u00f3 a Bruce Willis en el papel de Duro de Matar: &quot;Los pelados nos parecemos todos&quot;\" class=\"mt-image\" loading=\"lazy\" \/><\/div>\n<h5 class=\"mt-title\">\u00a1Exclusivo! Jos\u00e9 Mar\u00eda Muscari homenaje\u00f3 a Bruce Willis en el papel de Duro de Matar: \u00abLos pelados nos parecemos todos\u00bb<\/h5>\n<\/div>\n<p><\/a><\/div>\n<p>En medio de la confesi\u00f3n, <strong>Bal<\/strong> profundiz\u00f3 sobre sus vaivenes sentimentales y se mostr\u00f3 m\u00e1s vulnerable de lo habitual. <em>\u201cCreo que puedo tener hijos y perros, y de golpe siento que hay algo que se apaga\u201d<\/em>, admiti\u00f3 con un dejo de melancol\u00eda. Palabras que, lejos de justificarlo, parecieron desnudar una inestabilidad que \u00e9l mismo reconoce.<\/p>\n<h2 class=\"wp-block-heading\">MIRTHA LEGRAND ARRINCON\u00d3 A FEDE BAL<\/h2>\n<p>La <a href=\"https:\/\/www.paparazzi.com.ar\/teve\/mirtha-legrand-cuestiono-el-nombre-de-la-hija-de-sofia-zamolo-y-se-armo-el-escandalo\/\">Chiqui<\/a>, infalible en su rol de entrevistadora, no lo dej\u00f3 escapar tan f\u00e1cil. <em>\u201c\u00bfSe te va el amor, la falla est\u00e1 en vos o en la otra persona?\u201d<\/em>, lo presion\u00f3 con tono inquisidor. El actor se hizo cargo: <em>\u201cEn m\u00ed, siento que cada mujer propone algo distinto y yo quiero investigarlo\u201d<\/em>, contest\u00f3 con brutal honestidad.<\/p>\n<p>El intercambio dej\u00f3 la sensaci\u00f3n de que, m\u00e1s all\u00e1 del show televisivo, lo dicho fue una especie de catarsis p\u00fablica. Y en esa confesi\u00f3n final, <strong>Federico Bal<\/strong> termin\u00f3 resumiendo lo que todos en la mesa ya hab\u00edan intuido: <em>\u201cYo ment\u00ed mucho y no lo digo orgulloso\u201d<\/em>.<\/p>\n<div class=\"mt-box \">\n<h4 class=\"mt-heading\">Mir\u00e1 Tambi\u00e9n<\/h4>\n<p><a href=\"https:\/\/www.paparazzi.com.ar\/teve\/el-drama-de-juli-argenta-tras-irse-del-programa-de-angel-de-brito-no-hice-terapia-y\/\"><\/p>\n<div class=\"mt-content\">\n<div class=\"mt-image-container\"><img decoding=\"async\" src=\"https:\/\/www.paparazzi.com.ar\/wp-content\/uploads\/2025\/10\/Juli-Argenta-359x226.jpg\" alt=\"El drama de Juli Argenta tras irse del programa de \u00c1ngel de Brito: \u201cNo hice terapia y\u2026\u201d\" class=\"mt-image\" loading=\"lazy\" \/><\/div>\n<h5 class=\"mt-title\">El drama de Juli Argenta tras irse del programa de \u00c1ngel de Brito: \u201cNo hice terapia y\u2026\u201d<\/h5>\n<\/div>\n<p><\/a><\/div>\n<div class=\"mt-box \">\n<h4 class=\"mt-heading\">Mir\u00e1 Tambi\u00e9n<\/h4>\n<p><a href=\"https:\/\/www.paparazzi.com.ar\/romances\/la-polemica-estrategia-de-nicolas-cabre-para-su-casamiento-con-rocio-pardo-una-grasada\/\"><\/p>\n<div class=\"mt-content\">\n<div class=\"mt-image-container\"><img decoding=\"async\" src=\"https:\/\/www.paparazzi.com.ar\/wp-content\/uploads\/2025\/09\/Nicolas-Cabre-Rocio-Pardo-359x226.jpg\" alt=\"La pol\u00e9mica estrategia de Nicol\u00e1s Cabr\u00e9 para su casamiento con Roc\u00edo Pardo: \u201cUna grasada\u201d\" class=\"mt-image\" loading=\"lazy\" \/><\/div>\n<h5 class=\"mt-title\">La pol\u00e9mica estrategia de Nicol\u00e1s Cabr\u00e9 para su casamiento con Roc\u00edo Pardo: \u201cUna grasada\u201d<\/h5>\n<\/div>\n<p><\/a><\/div>\n<p>The post <a href=\"https:\/\/www.paparazzi.com.ar\/teve\/mirtha-legrand-se-harto-de-las-mentiras-de-fede-bal-y-lo-arrincono-por-sus-infidelidades\/\">Mirtha Legrand se hart\u00f3 de las mentiras de Fede Bal y lo arrincon\u00f3 por sus infidelidades<\/a> appeared first on <a href=\"https:\/\/www.paparazzi.com.ar\">Revista Paparazzi<\/a>.<\/p>\n","protected":false},"excerpt":{"rendered":"<p>Mirtha Legrand volvi\u00f3 a mostrar su filosa lengua en La Noche de Mirtha. El s\u00e1bado<\/p>\n","protected":false},"author":0,"featured_media":6148,"comment_status":"","ping_status":"","sticky":false,"template":"","format":"standard","meta":{"footnotes":""},"categories":[11],"tags":[],"class_list":["post-6147","post","type-post","status-publish","format-standard","has-post-thumbnail","hentry","category-destacadas"],"yoast_head":"<!-- This site is optimized with the Yoast SEO plugin v28.3 - https:\/\/yoast.com\/product\/yoast-seo-wordpress\/ -->\n<title>Mirtha Legrand se hart\u00f3 de las mentiras de Fede Bal y lo arrincon\u00f3 por sus infidelidades - Fm Gente<\/title>\n<meta name=\"robots\" content=\"index, follow, max-snippet:-1, max-image-preview:large, max-video-preview:-1\" \/>\n<link rel=\"canonical\" href=\"https:\/\/fmgente.com.ar\/web\/mirtha-legrand-se-harto-de-las-mentiras-de-fede-bal-y-lo-arrincono-por-sus-infidelidades\/\" \/>\n<meta property=\"og:locale\" content=\"es_ES\" \/>\n<meta property=\"og:type\" content=\"article\" \/>\n<meta property=\"og:title\" content=\"Mirtha Legrand se hart\u00f3 de las mentiras de Fede Bal y lo arrincon\u00f3 por sus infidelidades - Fm Gente\" \/>\n<meta property=\"og:description\" content=\"Mirtha Legrand volvi\u00f3 a mostrar su filosa lengua en La Noche de Mirtha. El s\u00e1bado\" \/>\n<meta property=\"og:url\" content=\"https:\/\/fmgente.com.ar\/web\/mirtha-legrand-se-harto-de-las-mentiras-de-fede-bal-y-lo-arrincono-por-sus-infidelidades\/\" \/>\n<meta property=\"og:site_name\" content=\"Fm Gente\" \/>\n<meta property=\"article:published_time\" content=\"2025-10-05T21:05:12+00:00\" \/>\n<meta property=\"og:image\" content=\"https:\/\/fmgente.com.ar\/web\/wp-content\/uploads\/2025\/10\/PORTADA-WEB-YO-QUIERO-SER-muscari-willis-359x226-3.jpg\" \/>\n\t<meta property=\"og:image:width\" content=\"359\" \/>\n\t<meta property=\"og:image:height\" content=\"226\" \/>\n\t<meta property=\"og:image:type\" content=\"image\/jpeg\" \/>\n<meta name=\"twitter:card\" content=\"summary_large_image\" \/>\n<meta name=\"twitter:label1\" content=\"Tiempo de lectura\" \/>\n\t<meta name=\"twitter:data1\" content=\"2 minutos\" \/>\n<script type=\"application\/ld+json\" class=\"yoast-schema-graph\">{\"@context\":\"https:\\\/\\\/schema.org\",\"@graph\":[{\"@type\":\"Article\",\"@id\":\"https:\\\/\\\/fmgente.com.ar\\\/web\\\/mirtha-legrand-se-harto-de-las-mentiras-de-fede-bal-y-lo-arrincono-por-sus-infidelidades\\\/#article\",\"isPartOf\":{\"@id\":\"https:\\\/\\\/fmgente.com.ar\\\/web\\\/mirtha-legrand-se-harto-de-las-mentiras-de-fede-bal-y-lo-arrincono-por-sus-infidelidades\\\/\"},\"author\":{\"name\":\"\",\"@id\":\"\"},\"headline\":\"Mirtha Legrand se hart\u00f3 de las mentiras de Fede Bal y lo arrincon\u00f3 por sus infidelidades\",\"datePublished\":\"2025-10-05T21:05:12+00:00\",\"mainEntityOfPage\":{\"@id\":\"https:\\\/\\\/fmgente.com.ar\\\/web\\\/mirtha-legrand-se-harto-de-las-mentiras-de-fede-bal-y-lo-arrincono-por-sus-infidelidades\\\/\"},\"wordCount\":506,\"publisher\":{\"@id\":\"https:\\\/\\\/fmgente.com.ar\\\/web\\\/#organization\"},\"image\":{\"@id\":\"https:\\\/\\\/fmgente.com.ar\\\/web\\\/mirtha-legrand-se-harto-de-las-mentiras-de-fede-bal-y-lo-arrincono-por-sus-infidelidades\\\/#primaryimage\"},\"thumbnailUrl\":\"https:\\\/\\\/fmgente.com.ar\\\/web\\\/wp-content\\\/uploads\\\/2025\\\/10\\\/PORTADA-WEB-YO-QUIERO-SER-muscari-willis-359x226-3.jpg\",\"articleSection\":[\"DESTACADAS\"],\"inLanguage\":\"es\"},{\"@type\":\"WebPage\",\"@id\":\"https:\\\/\\\/fmgente.com.ar\\\/web\\\/mirtha-legrand-se-harto-de-las-mentiras-de-fede-bal-y-lo-arrincono-por-sus-infidelidades\\\/\",\"url\":\"https:\\\/\\\/fmgente.com.ar\\\/web\\\/mirtha-legrand-se-harto-de-las-mentiras-de-fede-bal-y-lo-arrincono-por-sus-infidelidades\\\/\",\"name\":\"Mirtha Legrand se hart\u00f3 de las mentiras de Fede Bal y lo arrincon\u00f3 por sus infidelidades - Fm Gente\",\"isPartOf\":{\"@id\":\"https:\\\/\\\/fmgente.com.ar\\\/web\\\/#website\"},\"primaryImageOfPage\":{\"@id\":\"https:\\\/\\\/fmgente.com.ar\\\/web\\\/mirtha-legrand-se-harto-de-las-mentiras-de-fede-bal-y-lo-arrincono-por-sus-infidelidades\\\/#primaryimage\"},\"image\":{\"@id\":\"https:\\\/\\\/fmgente.com.ar\\\/web\\\/mirtha-legrand-se-harto-de-las-mentiras-de-fede-bal-y-lo-arrincono-por-sus-infidelidades\\\/#primaryimage\"},\"thumbnailUrl\":\"https:\\\/\\\/fmgente.com.ar\\\/web\\\/wp-content\\\/uploads\\\/2025\\\/10\\\/PORTADA-WEB-YO-QUIERO-SER-muscari-willis-359x226-3.jpg\",\"datePublished\":\"2025-10-05T21:05:12+00:00\",\"inLanguage\":\"es\",\"potentialAction\":[{\"@type\":\"ReadAction\",\"target\":[\"https:\\\/\\\/fmgente.com.ar\\\/web\\\/mirtha-legrand-se-harto-de-las-mentiras-de-fede-bal-y-lo-arrincono-por-sus-infidelidades\\\/\"]}]},{\"@type\":\"ImageObject\",\"inLanguage\":\"es\",\"@id\":\"https:\\\/\\\/fmgente.com.ar\\\/web\\\/mirtha-legrand-se-harto-de-las-mentiras-de-fede-bal-y-lo-arrincono-por-sus-infidelidades\\\/#primaryimage\",\"url\":\"https:\\\/\\\/fmgente.com.ar\\\/web\\\/wp-content\\\/uploads\\\/2025\\\/10\\\/PORTADA-WEB-YO-QUIERO-SER-muscari-willis-359x226-3.jpg\",\"contentUrl\":\"https:\\\/\\\/fmgente.com.ar\\\/web\\\/wp-content\\\/uploads\\\/2025\\\/10\\\/PORTADA-WEB-YO-QUIERO-SER-muscari-willis-359x226-3.jpg\",\"width\":359,\"height\":226},{\"@type\":\"WebSite\",\"@id\":\"https:\\\/\\\/fmgente.com.ar\\\/web\\\/#website\",\"url\":\"https:\\\/\\\/fmgente.com.ar\\\/web\\\/\",\"name\":\"Fm Gente\",\"description\":\"- Jes\u00fas Mar\u00eda\",\"publisher\":{\"@id\":\"https:\\\/\\\/fmgente.com.ar\\\/web\\\/#organization\"},\"potentialAction\":[{\"@type\":\"SearchAction\",\"target\":{\"@type\":\"EntryPoint\",\"urlTemplate\":\"https:\\\/\\\/fmgente.com.ar\\\/web\\\/?s={search_term_string}\"},\"query-input\":{\"@type\":\"PropertyValueSpecification\",\"valueRequired\":true,\"valueName\":\"search_term_string\"}}],\"inLanguage\":\"es\"},{\"@type\":\"Organization\",\"@id\":\"https:\\\/\\\/fmgente.com.ar\\\/web\\\/#organization\",\"name\":\"Fm Gente\",\"url\":\"https:\\\/\\\/fmgente.com.ar\\\/web\\\/\",\"logo\":{\"@type\":\"ImageObject\",\"inLanguage\":\"es\",\"@id\":\"https:\\\/\\\/fmgente.com.ar\\\/web\\\/#\\\/schema\\\/logo\\\/image\\\/\",\"url\":\"https:\\\/\\\/fmgente.com.ar\\\/web\\\/wp-content\\\/uploads\\\/2023\\\/07\\\/cropped-cropped-logo-sombra2.png\",\"contentUrl\":\"https:\\\/\\\/fmgente.com.ar\\\/web\\\/wp-content\\\/uploads\\\/2023\\\/07\\\/cropped-cropped-logo-sombra2.png\",\"width\":1782,\"height\":1782,\"caption\":\"Fm Gente\"},\"image\":{\"@id\":\"https:\\\/\\\/fmgente.com.ar\\\/web\\\/#\\\/schema\\\/logo\\\/image\\\/\"}}]}<\/script>\n<!-- \/ Yoast SEO plugin. -->","yoast_head_json":{"title":"Mirtha Legrand se hart\u00f3 de las mentiras de Fede Bal y lo arrincon\u00f3 por sus infidelidades - Fm Gente","robots":{"index":"index","follow":"follow","max-snippet":"max-snippet:-1","max-image-preview":"max-image-preview:large","max-video-preview":"max-video-preview:-1"},"canonical":"https:\/\/fmgente.com.ar\/web\/mirtha-legrand-se-harto-de-las-mentiras-de-fede-bal-y-lo-arrincono-por-sus-infidelidades\/","og_locale":"es_ES","og_type":"article","og_title":"Mirtha Legrand se hart\u00f3 de las mentiras de Fede Bal y lo arrincon\u00f3 por sus infidelidades - Fm Gente","og_description":"Mirtha Legrand volvi\u00f3 a mostrar su filosa lengua en La Noche de Mirtha. El s\u00e1bado","og_url":"https:\/\/fmgente.com.ar\/web\/mirtha-legrand-se-harto-de-las-mentiras-de-fede-bal-y-lo-arrincono-por-sus-infidelidades\/","og_site_name":"Fm Gente","article_published_time":"2025-10-05T21:05:12+00:00","og_image":[{"width":359,"height":226,"url":"https:\/\/fmgente.com.ar\/web\/wp-content\/uploads\/2025\/10\/PORTADA-WEB-YO-QUIERO-SER-muscari-willis-359x226-3.jpg","type":"image\/jpeg"}],"twitter_card":"summary_large_image","twitter_misc":{"Tiempo de lectura":"2 minutos"},"schema":{"@context":"https:\/\/schema.org","@graph":[{"@type":"Article","@id":"https:\/\/fmgente.com.ar\/web\/mirtha-legrand-se-harto-de-las-mentiras-de-fede-bal-y-lo-arrincono-por-sus-infidelidades\/#article","isPartOf":{"@id":"https:\/\/fmgente.com.ar\/web\/mirtha-legrand-se-harto-de-las-mentiras-de-fede-bal-y-lo-arrincono-por-sus-infidelidades\/"},"author":{"name":"","@id":""},"headline":"Mirtha Legrand se hart\u00f3 de las mentiras de Fede Bal y lo arrincon\u00f3 por sus infidelidades","datePublished":"2025-10-05T21:05:12+00:00","mainEntityOfPage":{"@id":"https:\/\/fmgente.com.ar\/web\/mirtha-legrand-se-harto-de-las-mentiras-de-fede-bal-y-lo-arrincono-por-sus-infidelidades\/"},"wordCount":506,"publisher":{"@id":"https:\/\/fmgente.com.ar\/web\/#organization"},"image":{"@id":"https:\/\/fmgente.com.ar\/web\/mirtha-legrand-se-harto-de-las-mentiras-de-fede-bal-y-lo-arrincono-por-sus-infidelidades\/#primaryimage"},"thumbnailUrl":"https:\/\/fmgente.com.ar\/web\/wp-content\/uploads\/2025\/10\/PORTADA-WEB-YO-QUIERO-SER-muscari-willis-359x226-3.jpg","articleSection":["DESTACADAS"],"inLanguage":"es"},{"@type":"WebPage","@id":"https:\/\/fmgente.com.ar\/web\/mirtha-legrand-se-harto-de-las-mentiras-de-fede-bal-y-lo-arrincono-por-sus-infidelidades\/","url":"https:\/\/fmgente.com.ar\/web\/mirtha-legrand-se-harto-de-las-mentiras-de-fede-bal-y-lo-arrincono-por-sus-infidelidades\/","name":"Mirtha Legrand se hart\u00f3 de las mentiras de Fede Bal y lo arrincon\u00f3 por sus infidelidades - Fm Gente","isPartOf":{"@id":"https:\/\/fmgente.com.ar\/web\/#website"},"primaryImageOfPage":{"@id":"https:\/\/fmgente.com.ar\/web\/mirtha-legrand-se-harto-de-las-mentiras-de-fede-bal-y-lo-arrincono-por-sus-infidelidades\/#primaryimage"},"image":{"@id":"https:\/\/fmgente.com.ar\/web\/mirtha-legrand-se-harto-de-las-mentiras-de-fede-bal-y-lo-arrincono-por-sus-infidelidades\/#primaryimage"},"thumbnailUrl":"https:\/\/fmgente.com.ar\/web\/wp-content\/uploads\/2025\/10\/PORTADA-WEB-YO-QUIERO-SER-muscari-willis-359x226-3.jpg","datePublished":"2025-10-05T21:05:12+00:00","inLanguage":"es","potentialAction":[{"@type":"ReadAction","target":["https:\/\/fmgente.com.ar\/web\/mirtha-legrand-se-harto-de-las-mentiras-de-fede-bal-y-lo-arrincono-por-sus-infidelidades\/"]}]},{"@type":"ImageObject","inLanguage":"es","@id":"https:\/\/fmgente.com.ar\/web\/mirtha-legrand-se-harto-de-las-mentiras-de-fede-bal-y-lo-arrincono-por-sus-infidelidades\/#primaryimage","url":"https:\/\/fmgente.com.ar\/web\/wp-content\/uploads\/2025\/10\/PORTADA-WEB-YO-QUIERO-SER-muscari-willis-359x226-3.jpg","contentUrl":"https:\/\/fmgente.com.ar\/web\/wp-content\/uploads\/2025\/10\/PORTADA-WEB-YO-QUIERO-SER-muscari-willis-359x226-3.jpg","width":359,"height":226},{"@type":"WebSite","@id":"https:\/\/fmgente.com.ar\/web\/#website","url":"https:\/\/fmgente.com.ar\/web\/","name":"Fm Gente","description":"- Jes\u00fas Mar\u00eda","publisher":{"@id":"https:\/\/fmgente.com.ar\/web\/#organization"},"potentialAction":[{"@type":"SearchAction","target":{"@type":"EntryPoint","urlTemplate":"https:\/\/fmgente.com.ar\/web\/?s={search_term_string}"},"query-input":{"@type":"PropertyValueSpecification","valueRequired":true,"valueName":"search_term_string"}}],"inLanguage":"es"},{"@type":"Organization","@id":"https:\/\/fmgente.com.ar\/web\/#organization","name":"Fm Gente","url":"https:\/\/fmgente.com.ar\/web\/","logo":{"@type":"ImageObject","inLanguage":"es","@id":"https:\/\/fmgente.com.ar\/web\/#\/schema\/logo\/image\/","url":"https:\/\/fmgente.com.ar\/web\/wp-content\/uploads\/2023\/07\/cropped-cropped-logo-sombra2.png","contentUrl":"https:\/\/fmgente.com.ar\/web\/wp-content\/uploads\/2023\/07\/cropped-cropped-logo-sombra2.png","width":1782,"height":1782,"caption":"Fm Gente"},"image":{"@id":"https:\/\/fmgente.com.ar\/web\/#\/schema\/logo\/image\/"}}]}},"_links":{"self":[{"href":"https:\/\/fmgente.com.ar\/web\/wp-json\/wp\/v2\/posts\/6147","targetHints":{"allow":["GET"]}}],"collection":[{"href":"https:\/\/fmgente.com.ar\/web\/wp-json\/wp\/v2\/posts"}],"about":[{"href":"https:\/\/fmgente.com.ar\/web\/wp-json\/wp\/v2\/types\/post"}],"replies":[{"embeddable":true,"href":"https:\/\/fmgente.com.ar\/web\/wp-json\/wp\/v2\/comments?post=6147"}],"version-history":[{"count":0,"href":"https:\/\/fmgente.com.ar\/web\/wp-json\/wp\/v2\/posts\/6147\/revisions"}],"wp:featuredmedia":[{"embeddable":true,"href":"https:\/\/fmgente.com.ar\/web\/wp-json\/wp\/v2\/media\/6148"}],"wp:attachment":[{"href":"https:\/\/fmgente.com.ar\/web\/wp-json\/wp\/v2\/media?parent=6147"}],"wp:term":[{"taxonomy":"category","embeddable":true,"href":"https:\/\/fmgente.com.ar\/web\/wp-json\/wp\/v2\/categories?post=6147"},{"taxonomy":"post_tag","embeddable":true,"href":"https:\/\/fmgente.com.ar\/web\/wp-json\/wp\/v2\/tags?post=6147"}],"curies":[{"name":"wp","href":"https:\/\/api.w.org\/{rel}","templated":true}]}}