{"id":6145,"date":"2025-10-05T17:05:12","date_gmt":"2025-10-05T20:05:12","guid":{"rendered":"https:\/\/fmgente.com.ar\/revelan-los-datos-mas-picantes-sobre-la-separacion-de-marcelo-tinelli-y-milett-figueroa-se-deben-una\/"},"modified":"2025-10-05T17:05:12","modified_gmt":"2025-10-05T20:05:12","slug":"revelan-los-datos-mas-picantes-sobre-la-separacion-de-marcelo-tinelli-y-milett-figueroa-se-deben-una","status":"publish","type":"post","link":"https:\/\/fmgente.com.ar\/web\/revelan-los-datos-mas-picantes-sobre-la-separacion-de-marcelo-tinelli-y-milett-figueroa-se-deben-una\/","title":{"rendered":"Revelan los datos m\u00e1s picantes sobre la separaci\u00f3n de Marcelo Tinelli y Milett Figueroa: &quot;Se deben una&#8230;&quot;"},"content":{"rendered":"<p>Si bien los rumores de crisis de pareja ven\u00edan sonando fuerte desde hace un largo tiempo, fue finalmente <strong>Marcelo Tinelli<\/strong> quien la semana pasada y al aire de su flamante programa de streaming en el canal Carnaval confirm\u00f3 que est\u00e1 separado de <strong>Milett Figueroa<\/strong>.<\/p>\n<p>A ra\u00edz de eso comenzaron las especulaciones sobre los motivos por los cuales la pareja decidi\u00f3 seguir por caminos distintos en lo que a la vida sentimental refiere y blanquear que ya no est\u00e1n m\u00e1s juntos. Y si bien dejaron en claro que fue en buenos t\u00e9rminos en las \u00faltimas horas salieron nuevas versiones sobre la interna de esta relaci\u00f3n.<\/p>\n<p>En Mitre Live fue el host de esta secci\u00f3n de espect\u00e1culos se encarg\u00f3 de dar nueva informaci\u00f3n al respecto y lanz\u00f3: \u201c<em>Ustedes saben que en los \u00faltimos d\u00edas Marcelo Tinelli anunci\u00f3 su separaci\u00f3n de Milett Figueroa pero seg\u00fan tengo entendido no est\u00e1 todo cerrado todav\u00ed<\/em>a\u201d.<\/p>\n<div class=\"mt-box \">\n<h4 class=\"mt-heading\">Mir\u00e1 Tambi\u00e9n<\/h4>\n<p><a href=\"https:\/\/www.paparazzi.com.ar\/romances\/una-ex-gran-hermano-vio-la-escandalosa-pelea-de-wanda-nara-y-la-china-suarez-y-conto-todo-se-agarraron-de-los-pelos\/\"><\/p>\n<div class=\"mt-content\">\n<div class=\"mt-image-container\"><img decoding=\"async\" src=\"https:\/\/www.paparazzi.com.ar\/wp-content\/uploads\/2025\/09\/Wanda-China-1-359x226.jpg\" alt=\"Una ex Gran Hermano vio la escandalosa pelea de Wanda Nara y la China Su\u00e1rez y cont\u00f3 todo: &quot;Se agarraron de los pelos&quot;\" class=\"mt-image\" loading=\"lazy\" \/><\/div>\n<h5 class=\"mt-title\">Una ex Gran Hermano vio la escandalosa pelea de Wanda Nara y la China Su\u00e1rez y cont\u00f3 todo: \u00abSe agarraron de los pelos\u00bb<\/h5>\n<\/div>\n<p><\/a><\/div>\n<p><em>\u201cPuedo contar que <a href=\"https:\/\/www.paparazzi.com.ar\/romances\/marcelo-tinelli-revelo-que-se-equivoco-en-anunciar-su-separacion-de-milett-figueroa\/\">Marcelo<\/a> y Milett se deben una \u00faltima charla que todav\u00eda no la tuvieron y \u00e9l anuncia la ruptura cuando todav\u00eda no estaba todo dicho\u201d,<\/em> sum\u00f3 <strong>Juan Etchegoyen<\/strong> mientras la modelo peruana estaba en la entrega de los premios Mart\u00edn Fierro.&nbsp;<\/p>\n<h2 class=\"wp-block-heading\">LOS DATOS MAS PICANTES DE LA SEPARACION DE MARCELO TINELLI Y MILETT FIGUEROA<\/h2>\n<p>Asimismo, el periodista sum\u00f3: \u201c<em>A m\u00ed me hablan de un apuro que tuvo Marcelo por cuestiones laborales m\u00e1s que personales. Me cuentan que <a href=\"https:\/\/www.paparazzi.com.ar\/teve\/marcelo-tinelli-se-confeso-sobre-su-pica-historica-con-mario-pergolini-y-revelo-por-que-no-quiere-ir-a-su-programa\/\">Marcelo<\/a> y Milett sienten y necesitan una \u00faltima charla. Aparte ac\u00e1 hay un tema a resolver que tiene que ver con la serie de Los Tinelli. Yo te cont\u00e9 hace unas semanas que la familia de Marcelo iba a viajar a Lima, Per\u00fa \u00bfQu\u00e9 va a pasar ahora con la serie?<\/em>\u201c.<\/p>\n<p><em>\u201cCreo que todav\u00eda hay cosas por resolver m\u00e1s all\u00e1 de que Marcelo anunci\u00f3 la ruptura en su programa de stream que le fue muy bien<\/em>\u201d, remat\u00f3 Etchegoyen mientras que Milet en la gala del Hilton tambi\u00e9n destac\u00f3 que no descarta una charla y una reconciliaci\u00f3n.<\/p>\n<figure class=\"wp-block-image size-full\"><img decoding=\"async\" width=\"576\" height=\"324\" src=\"https:\/\/www.paparazzi.com.ar\/wp-content\/uploads\/2025\/09\/milet-marcelo.jpeg.webp\" loading=\"lazy\" alt=\"\" class=\"wp-image-445701\" \/><\/figure>\n<div class=\"mt-box \">\n<h4 class=\"mt-heading\">Mir\u00e1 Tambi\u00e9n<\/h4>\n<p><a href=\"https:\/\/www.paparazzi.com.ar\/teve\/la-hermana-de-thiago-medina-revelo-un-drama-inesperado-en-un-momento-clave-de-la-recuperacion-del-ex-gh\/https:\/\/www.paparazzi.com.ar\/teve\/la-hermana-de-thiago-medina-revelo-un-drama-inesperado-en-un-momento-clave-de-la-recuperacion-del-ex-gh\/\"><\/p>\n<div class=\"mt-content\">\n<div class=\"mt-image-container\"><img decoding=\"async\" src=\"https:\/\/www.paparazzi.com.ar\/wp-content\/uploads\/2025\/09\/camilota-thiago-medina-2-359x226.jpg\" alt=\"La hermana de Thiago Medina revel\u00f3 un drama inesperado en un momento clave de la recuperaci\u00f3n del ex GH\" class=\"mt-image\" loading=\"lazy\" \/><\/div>\n<h5 class=\"mt-title\">La hermana de Thiago Medina revel\u00f3 un drama inesperado en un momento clave de la recuperaci\u00f3n del ex GH<\/h5>\n<\/div>\n<p><\/a><\/div>\n<div class=\"mt-box \">\n<h4 class=\"mt-heading\">Mir\u00e1 Tambi\u00e9n<\/h4>\n<p><a href=\"https:\/\/www.paparazzi.com.ar\/romances\/bomba-revelan-como-mauro-icardi-enganaba-a-la-china-suarez-con-la-ex-gh-zoe-bogach-fotos-cuando-estaba\/\"><\/p>\n<div class=\"mt-content\">\n<div class=\"mt-image-container\"><img decoding=\"async\" src=\"https:\/\/www.paparazzi.com.ar\/wp-content\/uploads\/2025\/09\/mauro-icardi-zoe-bogach-359x226.jpg\" alt=\"Bomba: revelan c\u00f3mo Mauro Icardi enga\u00f1aba a la China Su\u00e1rez con la ex GH Zoe Bogach: \u201cFotos cuando estaba\u2026\u201d\" class=\"mt-image\" loading=\"lazy\" \/><\/div>\n<h5 class=\"mt-title\">Bomba: revelan c\u00f3mo Mauro Icardi enga\u00f1aba a la China Su\u00e1rez con la ex GH Zoe Bogach: \u201cFotos cuando estaba\u2026\u201d<\/h5>\n<\/div>\n<p><\/a><\/div>\n<p>The post <a href=\"https:\/\/www.paparazzi.com.ar\/romances\/revelan-los-datos-mas-picantes-sobre-la-separacion-de-marcelo-tinelli-y-milett-figueroa-se-deben-una\/\">Revelan los datos m\u00e1s picantes sobre la separaci\u00f3n de Marcelo Tinelli y Milett Figueroa: &quot;Se deben una&#8230;&quot;<\/a> appeared first on <a href=\"https:\/\/www.paparazzi.com.ar\">Revista Paparazzi<\/a>.<\/p>\n","protected":false},"excerpt":{"rendered":"<p>Si bien los rumores de crisis de pareja ven\u00edan sonando fuerte desde hace un largo<\/p>\n","protected":false},"author":0,"featured_media":6146,"comment_status":"","ping_status":"","sticky":false,"template":"","format":"standard","meta":{"footnotes":""},"categories":[11],"tags":[],"class_list":["post-6145","post","type-post","status-publish","format-standard","has-post-thumbnail","hentry","category-destacadas"],"yoast_head":"<!-- This site is optimized with the Yoast SEO plugin v28.3 - https:\/\/yoast.com\/product\/yoast-seo-wordpress\/ -->\n<title>Revelan los datos m\u00e1s picantes sobre la separaci\u00f3n de Marcelo Tinelli y Milett Figueroa: &quot;Se deben una...&quot; - Fm Gente<\/title>\n<meta name=\"robots\" content=\"index, follow, max-snippet:-1, max-image-preview:large, max-video-preview:-1\" \/>\n<link rel=\"canonical\" href=\"https:\/\/fmgente.com.ar\/web\/revelan-los-datos-mas-picantes-sobre-la-separacion-de-marcelo-tinelli-y-milett-figueroa-se-deben-una\/\" \/>\n<meta property=\"og:locale\" content=\"es_ES\" \/>\n<meta property=\"og:type\" content=\"article\" \/>\n<meta property=\"og:title\" content=\"Revelan los datos m\u00e1s picantes sobre la separaci\u00f3n de Marcelo Tinelli y Milett Figueroa: &quot;Se deben una...&quot; - Fm Gente\" \/>\n<meta property=\"og:description\" content=\"Si bien los rumores de crisis de pareja ven\u00edan sonando fuerte desde hace un largo\" \/>\n<meta property=\"og:url\" content=\"https:\/\/fmgente.com.ar\/web\/revelan-los-datos-mas-picantes-sobre-la-separacion-de-marcelo-tinelli-y-milett-figueroa-se-deben-una\/\" \/>\n<meta property=\"og:site_name\" content=\"Fm Gente\" \/>\n<meta property=\"article:published_time\" content=\"2025-10-05T20:05:12+00:00\" \/>\n<meta property=\"og:image\" content=\"https:\/\/fmgente.com.ar\/web\/wp-content\/uploads\/2025\/10\/Wanda-China-1-359x226-1.jpg\" \/>\n\t<meta property=\"og:image:width\" content=\"359\" \/>\n\t<meta property=\"og:image:height\" content=\"226\" \/>\n\t<meta property=\"og:image:type\" content=\"image\/jpeg\" \/>\n<meta name=\"twitter:card\" content=\"summary_large_image\" \/>\n<meta name=\"twitter:label1\" content=\"Tiempo de lectura\" \/>\n\t<meta name=\"twitter:data1\" content=\"2 minutos\" \/>\n<script type=\"application\/ld+json\" class=\"yoast-schema-graph\">{\"@context\":\"https:\\\/\\\/schema.org\",\"@graph\":[{\"@type\":\"Article\",\"@id\":\"https:\\\/\\\/fmgente.com.ar\\\/web\\\/revelan-los-datos-mas-picantes-sobre-la-separacion-de-marcelo-tinelli-y-milett-figueroa-se-deben-una\\\/#article\",\"isPartOf\":{\"@id\":\"https:\\\/\\\/fmgente.com.ar\\\/web\\\/revelan-los-datos-mas-picantes-sobre-la-separacion-de-marcelo-tinelli-y-milett-figueroa-se-deben-una\\\/\"},\"author\":{\"name\":\"\",\"@id\":\"\"},\"headline\":\"Revelan los datos m\u00e1s picantes sobre la separaci\u00f3n de Marcelo Tinelli y Milett Figueroa: &quot;Se deben una&#8230;&quot;\",\"datePublished\":\"2025-10-05T20:05:12+00:00\",\"mainEntityOfPage\":{\"@id\":\"https:\\\/\\\/fmgente.com.ar\\\/web\\\/revelan-los-datos-mas-picantes-sobre-la-separacion-de-marcelo-tinelli-y-milett-figueroa-se-deben-una\\\/\"},\"wordCount\":470,\"publisher\":{\"@id\":\"https:\\\/\\\/fmgente.com.ar\\\/web\\\/#organization\"},\"image\":{\"@id\":\"https:\\\/\\\/fmgente.com.ar\\\/web\\\/revelan-los-datos-mas-picantes-sobre-la-separacion-de-marcelo-tinelli-y-milett-figueroa-se-deben-una\\\/#primaryimage\"},\"thumbnailUrl\":\"https:\\\/\\\/fmgente.com.ar\\\/web\\\/wp-content\\\/uploads\\\/2025\\\/10\\\/Wanda-China-1-359x226-1.jpg\",\"articleSection\":[\"DESTACADAS\"],\"inLanguage\":\"es\"},{\"@type\":\"WebPage\",\"@id\":\"https:\\\/\\\/fmgente.com.ar\\\/web\\\/revelan-los-datos-mas-picantes-sobre-la-separacion-de-marcelo-tinelli-y-milett-figueroa-se-deben-una\\\/\",\"url\":\"https:\\\/\\\/fmgente.com.ar\\\/web\\\/revelan-los-datos-mas-picantes-sobre-la-separacion-de-marcelo-tinelli-y-milett-figueroa-se-deben-una\\\/\",\"name\":\"Revelan los datos m\u00e1s picantes sobre la separaci\u00f3n de Marcelo Tinelli y Milett Figueroa: &quot;Se deben una...&quot; - Fm Gente\",\"isPartOf\":{\"@id\":\"https:\\\/\\\/fmgente.com.ar\\\/web\\\/#website\"},\"primaryImageOfPage\":{\"@id\":\"https:\\\/\\\/fmgente.com.ar\\\/web\\\/revelan-los-datos-mas-picantes-sobre-la-separacion-de-marcelo-tinelli-y-milett-figueroa-se-deben-una\\\/#primaryimage\"},\"image\":{\"@id\":\"https:\\\/\\\/fmgente.com.ar\\\/web\\\/revelan-los-datos-mas-picantes-sobre-la-separacion-de-marcelo-tinelli-y-milett-figueroa-se-deben-una\\\/#primaryimage\"},\"thumbnailUrl\":\"https:\\\/\\\/fmgente.com.ar\\\/web\\\/wp-content\\\/uploads\\\/2025\\\/10\\\/Wanda-China-1-359x226-1.jpg\",\"datePublished\":\"2025-10-05T20:05:12+00:00\",\"inLanguage\":\"es\",\"potentialAction\":[{\"@type\":\"ReadAction\",\"target\":[\"https:\\\/\\\/fmgente.com.ar\\\/web\\\/revelan-los-datos-mas-picantes-sobre-la-separacion-de-marcelo-tinelli-y-milett-figueroa-se-deben-una\\\/\"]}]},{\"@type\":\"ImageObject\",\"inLanguage\":\"es\",\"@id\":\"https:\\\/\\\/fmgente.com.ar\\\/web\\\/revelan-los-datos-mas-picantes-sobre-la-separacion-de-marcelo-tinelli-y-milett-figueroa-se-deben-una\\\/#primaryimage\",\"url\":\"https:\\\/\\\/fmgente.com.ar\\\/web\\\/wp-content\\\/uploads\\\/2025\\\/10\\\/Wanda-China-1-359x226-1.jpg\",\"contentUrl\":\"https:\\\/\\\/fmgente.com.ar\\\/web\\\/wp-content\\\/uploads\\\/2025\\\/10\\\/Wanda-China-1-359x226-1.jpg\",\"width\":359,\"height\":226},{\"@type\":\"WebSite\",\"@id\":\"https:\\\/\\\/fmgente.com.ar\\\/web\\\/#website\",\"url\":\"https:\\\/\\\/fmgente.com.ar\\\/web\\\/\",\"name\":\"Fm Gente\",\"description\":\"- Jes\u00fas Mar\u00eda\",\"publisher\":{\"@id\":\"https:\\\/\\\/fmgente.com.ar\\\/web\\\/#organization\"},\"potentialAction\":[{\"@type\":\"SearchAction\",\"target\":{\"@type\":\"EntryPoint\",\"urlTemplate\":\"https:\\\/\\\/fmgente.com.ar\\\/web\\\/?s={search_term_string}\"},\"query-input\":{\"@type\":\"PropertyValueSpecification\",\"valueRequired\":true,\"valueName\":\"search_term_string\"}}],\"inLanguage\":\"es\"},{\"@type\":\"Organization\",\"@id\":\"https:\\\/\\\/fmgente.com.ar\\\/web\\\/#organization\",\"name\":\"Fm Gente\",\"url\":\"https:\\\/\\\/fmgente.com.ar\\\/web\\\/\",\"logo\":{\"@type\":\"ImageObject\",\"inLanguage\":\"es\",\"@id\":\"https:\\\/\\\/fmgente.com.ar\\\/web\\\/#\\\/schema\\\/logo\\\/image\\\/\",\"url\":\"https:\\\/\\\/fmgente.com.ar\\\/web\\\/wp-content\\\/uploads\\\/2023\\\/07\\\/cropped-cropped-logo-sombra2.png\",\"contentUrl\":\"https:\\\/\\\/fmgente.com.ar\\\/web\\\/wp-content\\\/uploads\\\/2023\\\/07\\\/cropped-cropped-logo-sombra2.png\",\"width\":1782,\"height\":1782,\"caption\":\"Fm Gente\"},\"image\":{\"@id\":\"https:\\\/\\\/fmgente.com.ar\\\/web\\\/#\\\/schema\\\/logo\\\/image\\\/\"}}]}<\/script>\n<!-- \/ Yoast SEO plugin. -->","yoast_head_json":{"title":"Revelan los datos m\u00e1s picantes sobre la separaci\u00f3n de Marcelo Tinelli y Milett Figueroa: &quot;Se deben una...&quot; - Fm Gente","robots":{"index":"index","follow":"follow","max-snippet":"max-snippet:-1","max-image-preview":"max-image-preview:large","max-video-preview":"max-video-preview:-1"},"canonical":"https:\/\/fmgente.com.ar\/web\/revelan-los-datos-mas-picantes-sobre-la-separacion-de-marcelo-tinelli-y-milett-figueroa-se-deben-una\/","og_locale":"es_ES","og_type":"article","og_title":"Revelan los datos m\u00e1s picantes sobre la separaci\u00f3n de Marcelo Tinelli y Milett Figueroa: &quot;Se deben una...&quot; - Fm Gente","og_description":"Si bien los rumores de crisis de pareja ven\u00edan sonando fuerte desde hace un largo","og_url":"https:\/\/fmgente.com.ar\/web\/revelan-los-datos-mas-picantes-sobre-la-separacion-de-marcelo-tinelli-y-milett-figueroa-se-deben-una\/","og_site_name":"Fm Gente","article_published_time":"2025-10-05T20:05:12+00:00","og_image":[{"width":359,"height":226,"url":"https:\/\/fmgente.com.ar\/web\/wp-content\/uploads\/2025\/10\/Wanda-China-1-359x226-1.jpg","type":"image\/jpeg"}],"twitter_card":"summary_large_image","twitter_misc":{"Tiempo de lectura":"2 minutos"},"schema":{"@context":"https:\/\/schema.org","@graph":[{"@type":"Article","@id":"https:\/\/fmgente.com.ar\/web\/revelan-los-datos-mas-picantes-sobre-la-separacion-de-marcelo-tinelli-y-milett-figueroa-se-deben-una\/#article","isPartOf":{"@id":"https:\/\/fmgente.com.ar\/web\/revelan-los-datos-mas-picantes-sobre-la-separacion-de-marcelo-tinelli-y-milett-figueroa-se-deben-una\/"},"author":{"name":"","@id":""},"headline":"Revelan los datos m\u00e1s picantes sobre la separaci\u00f3n de Marcelo Tinelli y Milett Figueroa: &quot;Se deben una&#8230;&quot;","datePublished":"2025-10-05T20:05:12+00:00","mainEntityOfPage":{"@id":"https:\/\/fmgente.com.ar\/web\/revelan-los-datos-mas-picantes-sobre-la-separacion-de-marcelo-tinelli-y-milett-figueroa-se-deben-una\/"},"wordCount":470,"publisher":{"@id":"https:\/\/fmgente.com.ar\/web\/#organization"},"image":{"@id":"https:\/\/fmgente.com.ar\/web\/revelan-los-datos-mas-picantes-sobre-la-separacion-de-marcelo-tinelli-y-milett-figueroa-se-deben-una\/#primaryimage"},"thumbnailUrl":"https:\/\/fmgente.com.ar\/web\/wp-content\/uploads\/2025\/10\/Wanda-China-1-359x226-1.jpg","articleSection":["DESTACADAS"],"inLanguage":"es"},{"@type":"WebPage","@id":"https:\/\/fmgente.com.ar\/web\/revelan-los-datos-mas-picantes-sobre-la-separacion-de-marcelo-tinelli-y-milett-figueroa-se-deben-una\/","url":"https:\/\/fmgente.com.ar\/web\/revelan-los-datos-mas-picantes-sobre-la-separacion-de-marcelo-tinelli-y-milett-figueroa-se-deben-una\/","name":"Revelan los datos m\u00e1s picantes sobre la separaci\u00f3n de Marcelo Tinelli y Milett Figueroa: &quot;Se deben una...&quot; - Fm Gente","isPartOf":{"@id":"https:\/\/fmgente.com.ar\/web\/#website"},"primaryImageOfPage":{"@id":"https:\/\/fmgente.com.ar\/web\/revelan-los-datos-mas-picantes-sobre-la-separacion-de-marcelo-tinelli-y-milett-figueroa-se-deben-una\/#primaryimage"},"image":{"@id":"https:\/\/fmgente.com.ar\/web\/revelan-los-datos-mas-picantes-sobre-la-separacion-de-marcelo-tinelli-y-milett-figueroa-se-deben-una\/#primaryimage"},"thumbnailUrl":"https:\/\/fmgente.com.ar\/web\/wp-content\/uploads\/2025\/10\/Wanda-China-1-359x226-1.jpg","datePublished":"2025-10-05T20:05:12+00:00","inLanguage":"es","potentialAction":[{"@type":"ReadAction","target":["https:\/\/fmgente.com.ar\/web\/revelan-los-datos-mas-picantes-sobre-la-separacion-de-marcelo-tinelli-y-milett-figueroa-se-deben-una\/"]}]},{"@type":"ImageObject","inLanguage":"es","@id":"https:\/\/fmgente.com.ar\/web\/revelan-los-datos-mas-picantes-sobre-la-separacion-de-marcelo-tinelli-y-milett-figueroa-se-deben-una\/#primaryimage","url":"https:\/\/fmgente.com.ar\/web\/wp-content\/uploads\/2025\/10\/Wanda-China-1-359x226-1.jpg","contentUrl":"https:\/\/fmgente.com.ar\/web\/wp-content\/uploads\/2025\/10\/Wanda-China-1-359x226-1.jpg","width":359,"height":226},{"@type":"WebSite","@id":"https:\/\/fmgente.com.ar\/web\/#website","url":"https:\/\/fmgente.com.ar\/web\/","name":"Fm Gente","description":"- Jes\u00fas Mar\u00eda","publisher":{"@id":"https:\/\/fmgente.com.ar\/web\/#organization"},"potentialAction":[{"@type":"SearchAction","target":{"@type":"EntryPoint","urlTemplate":"https:\/\/fmgente.com.ar\/web\/?s={search_term_string}"},"query-input":{"@type":"PropertyValueSpecification","valueRequired":true,"valueName":"search_term_string"}}],"inLanguage":"es"},{"@type":"Organization","@id":"https:\/\/fmgente.com.ar\/web\/#organization","name":"Fm Gente","url":"https:\/\/fmgente.com.ar\/web\/","logo":{"@type":"ImageObject","inLanguage":"es","@id":"https:\/\/fmgente.com.ar\/web\/#\/schema\/logo\/image\/","url":"https:\/\/fmgente.com.ar\/web\/wp-content\/uploads\/2023\/07\/cropped-cropped-logo-sombra2.png","contentUrl":"https:\/\/fmgente.com.ar\/web\/wp-content\/uploads\/2023\/07\/cropped-cropped-logo-sombra2.png","width":1782,"height":1782,"caption":"Fm Gente"},"image":{"@id":"https:\/\/fmgente.com.ar\/web\/#\/schema\/logo\/image\/"}}]}},"_links":{"self":[{"href":"https:\/\/fmgente.com.ar\/web\/wp-json\/wp\/v2\/posts\/6145","targetHints":{"allow":["GET"]}}],"collection":[{"href":"https:\/\/fmgente.com.ar\/web\/wp-json\/wp\/v2\/posts"}],"about":[{"href":"https:\/\/fmgente.com.ar\/web\/wp-json\/wp\/v2\/types\/post"}],"replies":[{"embeddable":true,"href":"https:\/\/fmgente.com.ar\/web\/wp-json\/wp\/v2\/comments?post=6145"}],"version-history":[{"count":0,"href":"https:\/\/fmgente.com.ar\/web\/wp-json\/wp\/v2\/posts\/6145\/revisions"}],"wp:featuredmedia":[{"embeddable":true,"href":"https:\/\/fmgente.com.ar\/web\/wp-json\/wp\/v2\/media\/6146"}],"wp:attachment":[{"href":"https:\/\/fmgente.com.ar\/web\/wp-json\/wp\/v2\/media?parent=6145"}],"wp:term":[{"taxonomy":"category","embeddable":true,"href":"https:\/\/fmgente.com.ar\/web\/wp-json\/wp\/v2\/categories?post=6145"},{"taxonomy":"post_tag","embeddable":true,"href":"https:\/\/fmgente.com.ar\/web\/wp-json\/wp\/v2\/tags?post=6145"}],"curies":[{"name":"wp","href":"https:\/\/api.w.org\/{rel}","templated":true}]}}