{"id":6143,"date":"2025-10-05T17:05:12","date_gmt":"2025-10-05T20:05:12","guid":{"rendered":"https:\/\/fmgente.com.ar\/el-juramento-que-hizo-daniela-celis-en-lujan-tras-la-milagrosa-recuperacion-de-thiago-medina\/"},"modified":"2025-10-05T17:05:12","modified_gmt":"2025-10-05T20:05:12","slug":"el-juramento-que-hizo-daniela-celis-en-lujan-tras-la-milagrosa-recuperacion-de-thiago-medina","status":"publish","type":"post","link":"https:\/\/fmgente.com.ar\/web\/el-juramento-que-hizo-daniela-celis-en-lujan-tras-la-milagrosa-recuperacion-de-thiago-medina\/","title":{"rendered":"El juramento que hizo Daniela Celis en Luj\u00e1n tras la milagrosa recuperaci\u00f3n de Thiago Medina"},"content":{"rendered":"<p>El destino de <strong>Daniela Celis <\/strong>dio un giro inesperado el 12 de septiembre, cuando el accidente en moto de <strong>Thiago Medina <\/strong>cambi\u00f3 de ra\u00edz la vida de toda la familia. Desde entonces, la influenecer vive los d\u00edas m\u00e1s intensos y desgastantes de su vida, con el padre de sus hijas internado en el Hospital Mariano y Luciano de la Vega de Moreno.<\/p>\n<p>Entre incertidumbre, miedos y partes m\u00e9dicos reservados, cada avance en la salud de <strong><a href=\"https:\/\/www.paparazzi.com.ar\/teve\/la-mejor-noticia-para-thiago-medina-salio-de-terapia-intensiva-despues-de-3-semanas-y-la-emocion-es-total\/\">Thiago<\/a><\/strong> es celebrado como una conquista. Ahora se supo que el joven logr\u00f3 salir de terapia intensiva y fue trasladado a una sala com\u00fan, pero el dato fuerte de todo esto tiene que ver con <strong>Daniela<\/strong>, quien encontr\u00f3 en la fe un refugio clave para sostenerse.<\/p>\n<p>Por estas horas, <strong><a href=\"https:\/\/www.paparazzi.com.ar\/teve\/el-mensaje-que-envio-thiago-medina-internado-en-terapia-intensiva-a-23-dias-del-accidente\/\">Daniela<\/a><\/strong> fue parte de la peregrinaci\u00f3n a Luj\u00e1n. En sus redes sociales comparti\u00f3 im\u00e1genes del templo iluminado, de la caminata nocturna y del momento \u00edntimo en que dej\u00f3 en manos de la Virgen sus pedidos m\u00e1s profundos. <em>\u201cPor vos, por nuestras hijas, por mi familia y por ustedes\u201d<\/em>, escribi\u00f3, en un claro gesto que apunta al pedido por la salud de <strong>Thiago<\/strong> y la promesa que cumpli\u00f3.<\/p>\n<div class=\"mt-box \">\n<h4 class=\"mt-heading\">Mir\u00e1 Tambi\u00e9n<\/h4>\n<p><a href=\"https:\/\/www.paparazzi.com.ar\/videos\/exclusivo-marcelo-polino-hablo-como-nunca-de-su-vida-intima-y-conto-cuando-fue-la-ultima-vez-que-tuvo-sexo-con-una-mujer\/\"><\/p>\n<div class=\"mt-content\">\n<div class=\"mt-image-container\"><img decoding=\"async\" src=\"https:\/\/www.paparazzi.com.ar\/wp-content\/uploads\/2025\/09\/IMG_5980-359x226.jpg\" alt=\"\u00a1Exclusivo! Marcelo Polino habl\u00f3 como nunca de su vida \u00edntima y cont\u00f3 cu\u00e1ndo fue la \u00faltima vez que tuvo sexo con una mujer\u00a0\" class=\"mt-image\" loading=\"lazy\" \/><\/div>\n<h5 class=\"mt-title\">\u00a1Exclusivo! Marcelo Polino habl\u00f3 como nunca de su vida \u00edntima y cont\u00f3 cu\u00e1ndo fue la \u00faltima vez que tuvo sexo con una mujer\u00a0<\/h5>\n<\/div>\n<p><\/a><\/div>\n<p>Ya dentro del lugar, <strong><a href=\"https:\/\/www.paparazzi.com.ar\/teve\/la-angustiante-frase-que-thiago-medina-le-repite-a-daniela-celis-en-terapia-intensiva\/\">Daniela<\/a><\/strong> se mostr\u00f3 rodeada de una multitud que, al igual que ella, lleg\u00f3 a la Bas\u00edlica a agradecer y pedir por sus seres queridos. <em>\u201cY s\u00ed, la fe mueve monta\u00f1as. Gracias\u201d<\/em>, expres\u00f3, acompa\u00f1ando el mensaje con emojis de oraci\u00f3n que reflejaron el alivio de sentirse sostenida en comunidad.<\/p>\n<h2 class=\"wp-block-heading\">EL ACTO DE FE DE DANIELA CELIS POR LA SALUD DE THIAGO MEDINA<\/h2>\n<p>Horas antes, la influencer se hab\u00eda mostrado caminando junto a su hermana Mara para sumarse a una de las manifestaciones religiosas m\u00e1s importantes del pa\u00eds. El objetivo era claro: agradecer la mejor\u00eda de <strong>Thiago<\/strong> y pedir fuerza para lo que a\u00fan queda por delante.<\/p>\n<p>No es la primera vez que <strong>Celis<\/strong> se aferra a la fe. Apenas ocurrido el accidente, su hermana Mara difundi\u00f3 una imagen suya en las escalinatas de la Bas\u00edlica de Luj\u00e1n. <em>\u201cTe rezo, te hablo, le imploro a Dios, a la Virgen y a todos los santos, \u00e1ngeles, arc\u00e1ngeles, seres de luz que sanes pronto y vuelvas con nuestras hijas\u201d<\/em>, escribi\u00f3.<\/p>\n<div class=\"mt-box \">\n<h4 class=\"mt-heading\">Mir\u00e1 Tambi\u00e9n<\/h4>\n<p><a href=\"https:\/\/www.paparazzi.com.ar\/teve\/la-mejor-noticia-para-thiago-medina-salio-de-terapia-intensiva-despues-de-3-semanas-y-la-emocion-es-total\/\"><\/p>\n<div class=\"mt-content\">\n<div class=\"mt-image-container\"><img decoding=\"async\" src=\"https:\/\/www.paparazzi.com.ar\/wp-content\/uploads\/2025\/10\/\u00a1Un-milagro-Thiago-Medina-rompio-el-silencio-desde-su-internacion-y-lleno-de-emocion-a-todos-359x226.jpg\" alt=\"La mejor noticia para Thiago Medina: sali\u00f3 de terapia intensiva despu\u00e9s de 3 semanas y la emoci\u00f3n es total\" class=\"mt-image\" loading=\"lazy\" \/><\/div>\n<h5 class=\"mt-title\">La mejor noticia para Thiago Medina: sali\u00f3 de terapia intensiva despu\u00e9s de 3 semanas y la emoci\u00f3n es total<\/h5>\n<\/div>\n<p><\/a><\/div>\n<p>Con <strong>Thiago<\/strong> fuera de peligro inmediato pero a\u00fan en un camino largo de recuperaci\u00f3n, <strong>Daniela<\/strong> eligi\u00f3 la fe como refugio y motor. Todo se mezclan en una misma trama: con la influencer pidiendo la recuperaci\u00f3n del padre de sus hijas para volver a reunir a su familia.<\/p>\n<figure class=\"wp-block-image size-full\"><img decoding=\"async\" width=\"323\" height=\"576\" src=\"https:\/\/www.paparazzi.com.ar\/wp-content\/uploads\/2025\/10\/daniela-celis-1.png.webp\" loading=\"lazy\" alt=\"\" class=\"wp-image-446497\" \/><\/figure>\n<figure class=\"wp-block-image size-full\"><img decoding=\"async\" width=\"323\" height=\"576\" src=\"https:\/\/www.paparazzi.com.ar\/wp-content\/uploads\/2025\/10\/daniela-celis-2.png.webp\" loading=\"lazy\" alt=\"\" class=\"wp-image-446498\" \/><\/figure>\n<div class=\"mt-box \">\n<h4 class=\"mt-heading\">Mir\u00e1 Tambi\u00e9n<\/h4>\n<p><a href=\"https:\/\/www.paparazzi.com.ar\/teve\/el-mensaje-que-envio-thiago-medina-internado-en-terapia-intensiva-a-23-dias-del-accidente\/\"><\/p>\n<div class=\"mt-content\">\n<div class=\"mt-image-container\"><img decoding=\"async\" src=\"https:\/\/www.paparazzi.com.ar\/wp-content\/uploads\/2025\/10\/Thiago-Medina-359x226.jpg\" alt=\"El mensaje que envi\u00f3 Thiago Medina internado en terapia intensiva a 23 d\u00edas del accidente\" class=\"mt-image\" loading=\"lazy\" \/><\/div>\n<h5 class=\"mt-title\">El mensaje que envi\u00f3 Thiago Medina internado en terapia intensiva a 23 d\u00edas del accidente<\/h5>\n<\/div>\n<p><\/a><\/div>\n<div class=\"mt-box \">\n<h4 class=\"mt-heading\">Mir\u00e1 Tambi\u00e9n<\/h4>\n<p><a href=\"https:\/\/www.paparazzi.com.ar\/teve\/la-angustiante-frase-que-thiago-medina-le-repite-a-daniela-celis-en-terapia-intensiva\/\"><\/p>\n<div class=\"mt-content\">\n<div class=\"mt-image-container\"><img decoding=\"async\" src=\"https:\/\/www.paparazzi.com.ar\/wp-content\/uploads\/2025\/10\/Thiago-Medina-Daniela-Celis-1-359x226.jpg\" alt=\"La angustiante frase que Thiago Medina le repite a Daniela Celis en terapia intensiva\" class=\"mt-image\" loading=\"lazy\" \/><\/div>\n<h5 class=\"mt-title\">La angustiante frase que Thiago Medina le repite a Daniela Celis en terapia intensiva<\/h5>\n<\/div>\n<p><\/a><\/div>\n<p>The post <a href=\"https:\/\/www.paparazzi.com.ar\/teve\/el-juramento-que-hizo-daniela-celis-en-lujan-tras-la-milagrosa-recuperacion-de-thiago-medina\/\">El juramento que hizo Daniela Celis en Luj\u00e1n tras la milagrosa recuperaci\u00f3n de Thiago Medina<\/a> appeared first on <a href=\"https:\/\/www.paparazzi.com.ar\">Revista Paparazzi<\/a>.<\/p>\n","protected":false},"excerpt":{"rendered":"<p>El destino de Daniela Celis dio un giro inesperado el 12 de septiembre, cuando el<\/p>\n","protected":false},"author":0,"featured_media":6144,"comment_status":"","ping_status":"","sticky":false,"template":"","format":"standard","meta":{"footnotes":""},"categories":[11],"tags":[],"class_list":["post-6143","post","type-post","status-publish","format-standard","has-post-thumbnail","hentry","category-destacadas"],"yoast_head":"<!-- This site is optimized with the Yoast SEO plugin v28.3 - https:\/\/yoast.com\/product\/yoast-seo-wordpress\/ -->\n<title>El juramento que hizo Daniela Celis en Luj\u00e1n tras la milagrosa recuperaci\u00f3n de Thiago Medina - Fm Gente<\/title>\n<meta name=\"robots\" content=\"index, follow, max-snippet:-1, max-image-preview:large, max-video-preview:-1\" \/>\n<link rel=\"canonical\" href=\"https:\/\/fmgente.com.ar\/web\/el-juramento-que-hizo-daniela-celis-en-lujan-tras-la-milagrosa-recuperacion-de-thiago-medina\/\" \/>\n<meta property=\"og:locale\" content=\"es_ES\" \/>\n<meta property=\"og:type\" content=\"article\" \/>\n<meta property=\"og:title\" content=\"El juramento que hizo Daniela Celis en Luj\u00e1n tras la milagrosa recuperaci\u00f3n de Thiago Medina - Fm Gente\" \/>\n<meta property=\"og:description\" content=\"El destino de Daniela Celis dio un giro inesperado el 12 de septiembre, cuando el\" \/>\n<meta property=\"og:url\" content=\"https:\/\/fmgente.com.ar\/web\/el-juramento-que-hizo-daniela-celis-en-lujan-tras-la-milagrosa-recuperacion-de-thiago-medina\/\" \/>\n<meta property=\"og:site_name\" content=\"Fm Gente\" \/>\n<meta property=\"article:published_time\" content=\"2025-10-05T20:05:12+00:00\" \/>\n<meta property=\"og:image\" content=\"https:\/\/fmgente.com.ar\/web\/wp-content\/uploads\/2025\/10\/IMG_5980-359x226-34.jpg\" \/>\n\t<meta property=\"og:image:width\" content=\"359\" \/>\n\t<meta property=\"og:image:height\" content=\"226\" \/>\n\t<meta property=\"og:image:type\" content=\"image\/jpeg\" \/>\n<meta name=\"twitter:card\" content=\"summary_large_image\" \/>\n<meta name=\"twitter:label1\" content=\"Tiempo de lectura\" \/>\n\t<meta name=\"twitter:data1\" content=\"3 minutos\" \/>\n<script type=\"application\/ld+json\" class=\"yoast-schema-graph\">{\"@context\":\"https:\\\/\\\/schema.org\",\"@graph\":[{\"@type\":\"Article\",\"@id\":\"https:\\\/\\\/fmgente.com.ar\\\/web\\\/el-juramento-que-hizo-daniela-celis-en-lujan-tras-la-milagrosa-recuperacion-de-thiago-medina\\\/#article\",\"isPartOf\":{\"@id\":\"https:\\\/\\\/fmgente.com.ar\\\/web\\\/el-juramento-que-hizo-daniela-celis-en-lujan-tras-la-milagrosa-recuperacion-de-thiago-medina\\\/\"},\"author\":{\"name\":\"\",\"@id\":\"\"},\"headline\":\"El juramento que hizo Daniela Celis en Luj\u00e1n tras la milagrosa recuperaci\u00f3n de Thiago Medina\",\"datePublished\":\"2025-10-05T20:05:12+00:00\",\"mainEntityOfPage\":{\"@id\":\"https:\\\/\\\/fmgente.com.ar\\\/web\\\/el-juramento-que-hizo-daniela-celis-en-lujan-tras-la-milagrosa-recuperacion-de-thiago-medina\\\/\"},\"wordCount\":557,\"publisher\":{\"@id\":\"https:\\\/\\\/fmgente.com.ar\\\/web\\\/#organization\"},\"image\":{\"@id\":\"https:\\\/\\\/fmgente.com.ar\\\/web\\\/el-juramento-que-hizo-daniela-celis-en-lujan-tras-la-milagrosa-recuperacion-de-thiago-medina\\\/#primaryimage\"},\"thumbnailUrl\":\"https:\\\/\\\/fmgente.com.ar\\\/web\\\/wp-content\\\/uploads\\\/2025\\\/10\\\/IMG_5980-359x226-34.jpg\",\"articleSection\":[\"DESTACADAS\"],\"inLanguage\":\"es\"},{\"@type\":\"WebPage\",\"@id\":\"https:\\\/\\\/fmgente.com.ar\\\/web\\\/el-juramento-que-hizo-daniela-celis-en-lujan-tras-la-milagrosa-recuperacion-de-thiago-medina\\\/\",\"url\":\"https:\\\/\\\/fmgente.com.ar\\\/web\\\/el-juramento-que-hizo-daniela-celis-en-lujan-tras-la-milagrosa-recuperacion-de-thiago-medina\\\/\",\"name\":\"El juramento que hizo Daniela Celis en Luj\u00e1n tras la milagrosa recuperaci\u00f3n de Thiago Medina - Fm Gente\",\"isPartOf\":{\"@id\":\"https:\\\/\\\/fmgente.com.ar\\\/web\\\/#website\"},\"primaryImageOfPage\":{\"@id\":\"https:\\\/\\\/fmgente.com.ar\\\/web\\\/el-juramento-que-hizo-daniela-celis-en-lujan-tras-la-milagrosa-recuperacion-de-thiago-medina\\\/#primaryimage\"},\"image\":{\"@id\":\"https:\\\/\\\/fmgente.com.ar\\\/web\\\/el-juramento-que-hizo-daniela-celis-en-lujan-tras-la-milagrosa-recuperacion-de-thiago-medina\\\/#primaryimage\"},\"thumbnailUrl\":\"https:\\\/\\\/fmgente.com.ar\\\/web\\\/wp-content\\\/uploads\\\/2025\\\/10\\\/IMG_5980-359x226-34.jpg\",\"datePublished\":\"2025-10-05T20:05:12+00:00\",\"inLanguage\":\"es\",\"potentialAction\":[{\"@type\":\"ReadAction\",\"target\":[\"https:\\\/\\\/fmgente.com.ar\\\/web\\\/el-juramento-que-hizo-daniela-celis-en-lujan-tras-la-milagrosa-recuperacion-de-thiago-medina\\\/\"]}]},{\"@type\":\"ImageObject\",\"inLanguage\":\"es\",\"@id\":\"https:\\\/\\\/fmgente.com.ar\\\/web\\\/el-juramento-que-hizo-daniela-celis-en-lujan-tras-la-milagrosa-recuperacion-de-thiago-medina\\\/#primaryimage\",\"url\":\"https:\\\/\\\/fmgente.com.ar\\\/web\\\/wp-content\\\/uploads\\\/2025\\\/10\\\/IMG_5980-359x226-34.jpg\",\"contentUrl\":\"https:\\\/\\\/fmgente.com.ar\\\/web\\\/wp-content\\\/uploads\\\/2025\\\/10\\\/IMG_5980-359x226-34.jpg\",\"width\":359,\"height\":226},{\"@type\":\"WebSite\",\"@id\":\"https:\\\/\\\/fmgente.com.ar\\\/web\\\/#website\",\"url\":\"https:\\\/\\\/fmgente.com.ar\\\/web\\\/\",\"name\":\"Fm Gente\",\"description\":\"- Jes\u00fas Mar\u00eda\",\"publisher\":{\"@id\":\"https:\\\/\\\/fmgente.com.ar\\\/web\\\/#organization\"},\"potentialAction\":[{\"@type\":\"SearchAction\",\"target\":{\"@type\":\"EntryPoint\",\"urlTemplate\":\"https:\\\/\\\/fmgente.com.ar\\\/web\\\/?s={search_term_string}\"},\"query-input\":{\"@type\":\"PropertyValueSpecification\",\"valueRequired\":true,\"valueName\":\"search_term_string\"}}],\"inLanguage\":\"es\"},{\"@type\":\"Organization\",\"@id\":\"https:\\\/\\\/fmgente.com.ar\\\/web\\\/#organization\",\"name\":\"Fm Gente\",\"url\":\"https:\\\/\\\/fmgente.com.ar\\\/web\\\/\",\"logo\":{\"@type\":\"ImageObject\",\"inLanguage\":\"es\",\"@id\":\"https:\\\/\\\/fmgente.com.ar\\\/web\\\/#\\\/schema\\\/logo\\\/image\\\/\",\"url\":\"https:\\\/\\\/fmgente.com.ar\\\/web\\\/wp-content\\\/uploads\\\/2023\\\/07\\\/cropped-cropped-logo-sombra2.png\",\"contentUrl\":\"https:\\\/\\\/fmgente.com.ar\\\/web\\\/wp-content\\\/uploads\\\/2023\\\/07\\\/cropped-cropped-logo-sombra2.png\",\"width\":1782,\"height\":1782,\"caption\":\"Fm Gente\"},\"image\":{\"@id\":\"https:\\\/\\\/fmgente.com.ar\\\/web\\\/#\\\/schema\\\/logo\\\/image\\\/\"}}]}<\/script>\n<!-- \/ Yoast SEO plugin. -->","yoast_head_json":{"title":"El juramento que hizo Daniela Celis en Luj\u00e1n tras la milagrosa recuperaci\u00f3n de Thiago Medina - Fm Gente","robots":{"index":"index","follow":"follow","max-snippet":"max-snippet:-1","max-image-preview":"max-image-preview:large","max-video-preview":"max-video-preview:-1"},"canonical":"https:\/\/fmgente.com.ar\/web\/el-juramento-que-hizo-daniela-celis-en-lujan-tras-la-milagrosa-recuperacion-de-thiago-medina\/","og_locale":"es_ES","og_type":"article","og_title":"El juramento que hizo Daniela Celis en Luj\u00e1n tras la milagrosa recuperaci\u00f3n de Thiago Medina - Fm Gente","og_description":"El destino de Daniela Celis dio un giro inesperado el 12 de septiembre, cuando el","og_url":"https:\/\/fmgente.com.ar\/web\/el-juramento-que-hizo-daniela-celis-en-lujan-tras-la-milagrosa-recuperacion-de-thiago-medina\/","og_site_name":"Fm Gente","article_published_time":"2025-10-05T20:05:12+00:00","og_image":[{"width":359,"height":226,"url":"https:\/\/fmgente.com.ar\/web\/wp-content\/uploads\/2025\/10\/IMG_5980-359x226-34.jpg","type":"image\/jpeg"}],"twitter_card":"summary_large_image","twitter_misc":{"Tiempo de lectura":"3 minutos"},"schema":{"@context":"https:\/\/schema.org","@graph":[{"@type":"Article","@id":"https:\/\/fmgente.com.ar\/web\/el-juramento-que-hizo-daniela-celis-en-lujan-tras-la-milagrosa-recuperacion-de-thiago-medina\/#article","isPartOf":{"@id":"https:\/\/fmgente.com.ar\/web\/el-juramento-que-hizo-daniela-celis-en-lujan-tras-la-milagrosa-recuperacion-de-thiago-medina\/"},"author":{"name":"","@id":""},"headline":"El juramento que hizo Daniela Celis en Luj\u00e1n tras la milagrosa recuperaci\u00f3n de Thiago Medina","datePublished":"2025-10-05T20:05:12+00:00","mainEntityOfPage":{"@id":"https:\/\/fmgente.com.ar\/web\/el-juramento-que-hizo-daniela-celis-en-lujan-tras-la-milagrosa-recuperacion-de-thiago-medina\/"},"wordCount":557,"publisher":{"@id":"https:\/\/fmgente.com.ar\/web\/#organization"},"image":{"@id":"https:\/\/fmgente.com.ar\/web\/el-juramento-que-hizo-daniela-celis-en-lujan-tras-la-milagrosa-recuperacion-de-thiago-medina\/#primaryimage"},"thumbnailUrl":"https:\/\/fmgente.com.ar\/web\/wp-content\/uploads\/2025\/10\/IMG_5980-359x226-34.jpg","articleSection":["DESTACADAS"],"inLanguage":"es"},{"@type":"WebPage","@id":"https:\/\/fmgente.com.ar\/web\/el-juramento-que-hizo-daniela-celis-en-lujan-tras-la-milagrosa-recuperacion-de-thiago-medina\/","url":"https:\/\/fmgente.com.ar\/web\/el-juramento-que-hizo-daniela-celis-en-lujan-tras-la-milagrosa-recuperacion-de-thiago-medina\/","name":"El juramento que hizo Daniela Celis en Luj\u00e1n tras la milagrosa recuperaci\u00f3n de Thiago Medina - Fm Gente","isPartOf":{"@id":"https:\/\/fmgente.com.ar\/web\/#website"},"primaryImageOfPage":{"@id":"https:\/\/fmgente.com.ar\/web\/el-juramento-que-hizo-daniela-celis-en-lujan-tras-la-milagrosa-recuperacion-de-thiago-medina\/#primaryimage"},"image":{"@id":"https:\/\/fmgente.com.ar\/web\/el-juramento-que-hizo-daniela-celis-en-lujan-tras-la-milagrosa-recuperacion-de-thiago-medina\/#primaryimage"},"thumbnailUrl":"https:\/\/fmgente.com.ar\/web\/wp-content\/uploads\/2025\/10\/IMG_5980-359x226-34.jpg","datePublished":"2025-10-05T20:05:12+00:00","inLanguage":"es","potentialAction":[{"@type":"ReadAction","target":["https:\/\/fmgente.com.ar\/web\/el-juramento-que-hizo-daniela-celis-en-lujan-tras-la-milagrosa-recuperacion-de-thiago-medina\/"]}]},{"@type":"ImageObject","inLanguage":"es","@id":"https:\/\/fmgente.com.ar\/web\/el-juramento-que-hizo-daniela-celis-en-lujan-tras-la-milagrosa-recuperacion-de-thiago-medina\/#primaryimage","url":"https:\/\/fmgente.com.ar\/web\/wp-content\/uploads\/2025\/10\/IMG_5980-359x226-34.jpg","contentUrl":"https:\/\/fmgente.com.ar\/web\/wp-content\/uploads\/2025\/10\/IMG_5980-359x226-34.jpg","width":359,"height":226},{"@type":"WebSite","@id":"https:\/\/fmgente.com.ar\/web\/#website","url":"https:\/\/fmgente.com.ar\/web\/","name":"Fm Gente","description":"- Jes\u00fas Mar\u00eda","publisher":{"@id":"https:\/\/fmgente.com.ar\/web\/#organization"},"potentialAction":[{"@type":"SearchAction","target":{"@type":"EntryPoint","urlTemplate":"https:\/\/fmgente.com.ar\/web\/?s={search_term_string}"},"query-input":{"@type":"PropertyValueSpecification","valueRequired":true,"valueName":"search_term_string"}}],"inLanguage":"es"},{"@type":"Organization","@id":"https:\/\/fmgente.com.ar\/web\/#organization","name":"Fm Gente","url":"https:\/\/fmgente.com.ar\/web\/","logo":{"@type":"ImageObject","inLanguage":"es","@id":"https:\/\/fmgente.com.ar\/web\/#\/schema\/logo\/image\/","url":"https:\/\/fmgente.com.ar\/web\/wp-content\/uploads\/2023\/07\/cropped-cropped-logo-sombra2.png","contentUrl":"https:\/\/fmgente.com.ar\/web\/wp-content\/uploads\/2023\/07\/cropped-cropped-logo-sombra2.png","width":1782,"height":1782,"caption":"Fm Gente"},"image":{"@id":"https:\/\/fmgente.com.ar\/web\/#\/schema\/logo\/image\/"}}]}},"_links":{"self":[{"href":"https:\/\/fmgente.com.ar\/web\/wp-json\/wp\/v2\/posts\/6143","targetHints":{"allow":["GET"]}}],"collection":[{"href":"https:\/\/fmgente.com.ar\/web\/wp-json\/wp\/v2\/posts"}],"about":[{"href":"https:\/\/fmgente.com.ar\/web\/wp-json\/wp\/v2\/types\/post"}],"replies":[{"embeddable":true,"href":"https:\/\/fmgente.com.ar\/web\/wp-json\/wp\/v2\/comments?post=6143"}],"version-history":[{"count":0,"href":"https:\/\/fmgente.com.ar\/web\/wp-json\/wp\/v2\/posts\/6143\/revisions"}],"wp:featuredmedia":[{"embeddable":true,"href":"https:\/\/fmgente.com.ar\/web\/wp-json\/wp\/v2\/media\/6144"}],"wp:attachment":[{"href":"https:\/\/fmgente.com.ar\/web\/wp-json\/wp\/v2\/media?parent=6143"}],"wp:term":[{"taxonomy":"category","embeddable":true,"href":"https:\/\/fmgente.com.ar\/web\/wp-json\/wp\/v2\/categories?post=6143"},{"taxonomy":"post_tag","embeddable":true,"href":"https:\/\/fmgente.com.ar\/web\/wp-json\/wp\/v2\/tags?post=6143"}],"curies":[{"name":"wp","href":"https:\/\/api.w.org\/{rel}","templated":true}]}}