{"id":6141,"date":"2025-10-05T17:05:11","date_gmt":"2025-10-05T20:05:11","guid":{"rendered":"https:\/\/fmgente.com.ar\/como-es-la-lujosa-estancia-donde-se-casara-nicolas-cabre-en-cordoba\/"},"modified":"2025-10-05T17:05:11","modified_gmt":"2025-10-05T20:05:11","slug":"como-es-la-lujosa-estancia-donde-se-casara-nicolas-cabre-en-cordoba","status":"publish","type":"post","link":"https:\/\/fmgente.com.ar\/web\/como-es-la-lujosa-estancia-donde-se-casara-nicolas-cabre-en-cordoba\/","title":{"rendered":"C\u00f3mo es la lujosa estancia donde se casar\u00e1 Nicol\u00e1s Cabr\u00e9 en C\u00f3rdoba"},"content":{"rendered":"<p>Se conocieron los detalles del lujoso lugar en el que <strong><a href=\"https:\/\/www.paparazzi.com.ar\/tag\/nicolas-cabre\/\">Nicol\u00e1s Cabr\u00e9<\/a><\/strong> y <strong>Roc\u00edo Pardo<\/strong> dar\u00e1n el \u201cs\u00ed\u201d en diciembre. Con historia, estilo y un precio que no todos podr\u00edan pagar, la boda promete ser uno de los eventos m\u00e1s comentados del a\u00f1o.<\/p>\n<p>Durante S\u00e1lvese Quien Pueda, <strong>Yanina Latorre<\/strong> adelant\u00f3 algunos detalles de la celebraci\u00f3n. <em>\u201cCabe aclarar que ellos hab\u00edan empezado con un casamiento para 30 personas. Viste que \u00e9l no es muy amigo, es medio f\u00f3bico\u201d<\/em>, revel\u00f3 la panelista sobre la intimidad del actor y el giro que dio la organizaci\u00f3n.<\/p>\n<p>La <a href=\"https:\/\/www.paparazzi.com.ar\/romances\/la-polemica-estrategia-de-nicolas-cabre-para-su-casamiento-con-rocio-pardo-una-grasada\/\">ceremonia<\/a> tendr\u00e1 lugar en Estancia Bosque Alegre, un sitio con 7.000 hect\u00e1reas, lagunas y una imponente casona colonial, ubicada a 45 minutos de C\u00f3rdoba capital. <em>\u201cYa pagaron y reservaron para el 5 de diciembre. El lugar es lo m\u00e1s top de lo top\u201d<\/em>, destac\u00f3 Latorre, quien adem\u00e1s explic\u00f3 que las condiciones de la reserva obligan a contratar la estancia por tres d\u00edas completos.<\/p>\n<div class=\"mt-box \">\n<h4 class=\"mt-heading\">Mir\u00e1 Tambi\u00e9n<\/h4>\n<p><a href=\"https:\/\/www.paparazzi.com.ar\/videos\/exclusivo-marcelo-polino-hablo-como-nunca-de-su-vida-intima-y-conto-cuando-fue-la-ultima-vez-que-tuvo-sexo-con-una-mujer\/\"><\/p>\n<div class=\"mt-content\">\n<div class=\"mt-image-container\"><img decoding=\"async\" src=\"https:\/\/www.paparazzi.com.ar\/wp-content\/uploads\/2025\/09\/IMG_5980-359x226.jpg\" alt=\"\u00a1Exclusivo! Marcelo Polino habl\u00f3 como nunca de su vida \u00edntima y cont\u00f3 cu\u00e1ndo fue la \u00faltima vez que tuvo sexo con una mujer\u00a0\" class=\"mt-image\" loading=\"lazy\" \/><\/div>\n<h5 class=\"mt-title\">\u00a1Exclusivo! Marcelo Polino habl\u00f3 como nunca de su vida \u00edntima y cont\u00f3 cu\u00e1ndo fue la \u00faltima vez que tuvo sexo con una mujer\u00a0<\/h5>\n<\/div>\n<p><\/a><\/div>\n<p>Pero el lujo tiene su precio. El cubierto por invitado cuesta 98 d\u00f3lares como m\u00ednimo. Y aunque circul\u00f3 el rumor de que los novios podr\u00edan cobrar entrada, la conductora fue tajante: <em>\u201cLa estancia es costos\u00edsima. Lo que quisieron explicar es que se estila que el regalo tenga una proporci\u00f3n con el gasto del cubierto\u201d<\/em>.<\/p>\n<h2 class=\"wp-block-heading\">LOS PEDIDOS DE CANJE QUE HIZO NICOL\u00c1S CABR\u00c9 PARA SU CASAMIENTO<\/h2>\n<p>En medio de las revelaciones, explot\u00f3 otro esc\u00e1ndalo: la propuesta de canje. En el mismo ciclo, mostraron la captura que un seguidor envi\u00f3 con el pedido formal de <strong><a href=\"https:\/\/www.paparazzi.com.ar\/teve\/cual-fue-el-canje-que-nicolas-cabre-y-rocio-pardo-pidieron-para-su-casamiento-que-genero-polemica\/\">Cabr\u00e9<\/a><\/strong> y <strong>Pardo<\/strong> a diferentes proveedores. <em>\u201cA m\u00ed esto me parece una marginalidad absoluta. Propuesta de colaboraci\u00f3n CASAMIENTO de Nicol\u00e1s Cabr\u00e9 y Roc\u00edo Pardo. Nos encontramos organizando un casamiento muy especial, \u00edntimo y m\u00e1gico\u201d<\/em>, ironiz\u00f3 Latorre, leyendo el mensaje.<\/p>\n<p>El ofrecimiento inclu\u00eda publicaciones en redes sociales para quienes aceptaran sumarse al evento. <em>\u201cEn el intercambio de servicios por una estrategia de visibilidad de alto impacto. Te hacen un carrusel con los 80 arroba abajo, que nadie lee y nadie se entera, y no te pagan el canje\u201d<\/em>, dispar\u00f3 sin filtro la panelista, dejando en claro que esta boda, adem\u00e1s de lujosa, viene con un costado bien pol\u00e9mico.<\/p>\n<div class=\"mt-box \">\n<h4 class=\"mt-heading\">Mir\u00e1 Tambi\u00e9n<\/h4>\n<p><a href=\"https:\/\/www.paparazzi.com.ar\/deportes\/se-acabo-el-amor-el-viaje-relampago-de-mauro-icardi-que-desato-un-escandalo-en-turquia\/\"><\/p>\n<div class=\"mt-content\">\n<div class=\"mt-image-container\"><img decoding=\"async\" src=\"https:\/\/www.paparazzi.com.ar\/wp-content\/uploads\/2025\/10\/Mauro-Icardi-China-Suarez-1-359x226.jpg\" alt=\"\u00bfSe acab\u00f3 el amor? El viaje rel\u00e1mpago de Mauro Icardi que desat\u00f3 un esc\u00e1ndalo en Turqu\u00eda\" class=\"mt-image\" loading=\"lazy\" \/><\/div>\n<h5 class=\"mt-title\">\u00bfSe acab\u00f3 el amor? El viaje rel\u00e1mpago de Mauro Icardi que desat\u00f3 un esc\u00e1ndalo en Turqu\u00eda<\/h5>\n<\/div>\n<p><\/a><\/div>\n<div class=\"mt-box \">\n<h4 class=\"mt-heading\">Mir\u00e1 Tambi\u00e9n<\/h4>\n<p><a href=\"https:\/\/www.paparazzi.com.ar\/teve\/pampita-recibio-una-terrible-noticia-que-la-dejo-destrozada-en-el-momento-menos-esperado\/\"><\/p>\n<div class=\"mt-content\">\n<div class=\"mt-image-container\"><img decoding=\"async\" src=\"https:\/\/www.paparazzi.com.ar\/wp-content\/uploads\/2025\/09\/Pampita-llanto-359x226.jpg\" alt=\"Pampita recibi\u00f3 una terrible noticia que la dej\u00f3 destrozada en el momento menos esperado\" class=\"mt-image\" loading=\"lazy\" \/><\/div>\n<h5 class=\"mt-title\">Pampita recibi\u00f3 una terrible noticia que la dej\u00f3 destrozada en el momento menos esperado<\/h5>\n<\/div>\n<p><\/a><\/div>\n<p>The post <a href=\"https:\/\/www.paparazzi.com.ar\/romances\/como-es-la-lujosa-estancia-donde-se-casara-nicolas-cabre-en-cordoba\/\">C\u00f3mo es la lujosa estancia donde se casar\u00e1 Nicol\u00e1s Cabr\u00e9 en C\u00f3rdoba<\/a> appeared first on <a href=\"https:\/\/www.paparazzi.com.ar\">Revista Paparazzi<\/a>.<\/p>\n","protected":false},"excerpt":{"rendered":"<p>Se conocieron los detalles del lujoso lugar en el que Nicol\u00e1s Cabr\u00e9 y Roc\u00edo Pardo<\/p>\n","protected":false},"author":0,"featured_media":6142,"comment_status":"","ping_status":"","sticky":false,"template":"","format":"standard","meta":{"footnotes":""},"categories":[11],"tags":[],"class_list":["post-6141","post","type-post","status-publish","format-standard","has-post-thumbnail","hentry","category-destacadas"],"yoast_head":"<!-- This site is optimized with the Yoast SEO plugin v28.3 - https:\/\/yoast.com\/product\/yoast-seo-wordpress\/ -->\n<title>C\u00f3mo es la lujosa estancia donde se casar\u00e1 Nicol\u00e1s Cabr\u00e9 en C\u00f3rdoba - Fm Gente<\/title>\n<meta name=\"robots\" content=\"index, follow, max-snippet:-1, max-image-preview:large, max-video-preview:-1\" \/>\n<link rel=\"canonical\" href=\"https:\/\/fmgente.com.ar\/web\/como-es-la-lujosa-estancia-donde-se-casara-nicolas-cabre-en-cordoba\/\" \/>\n<meta property=\"og:locale\" content=\"es_ES\" \/>\n<meta property=\"og:type\" content=\"article\" \/>\n<meta property=\"og:title\" content=\"C\u00f3mo es la lujosa estancia donde se casar\u00e1 Nicol\u00e1s Cabr\u00e9 en C\u00f3rdoba - Fm Gente\" \/>\n<meta property=\"og:description\" content=\"Se conocieron los detalles del lujoso lugar en el que Nicol\u00e1s Cabr\u00e9 y Roc\u00edo Pardo\" \/>\n<meta property=\"og:url\" content=\"https:\/\/fmgente.com.ar\/web\/como-es-la-lujosa-estancia-donde-se-casara-nicolas-cabre-en-cordoba\/\" \/>\n<meta property=\"og:site_name\" content=\"Fm Gente\" \/>\n<meta property=\"article:published_time\" content=\"2025-10-05T20:05:11+00:00\" \/>\n<meta property=\"og:image\" content=\"https:\/\/fmgente.com.ar\/web\/wp-content\/uploads\/2025\/10\/IMG_5980-359x226-33.jpg\" \/>\n\t<meta property=\"og:image:width\" content=\"359\" \/>\n\t<meta property=\"og:image:height\" content=\"226\" \/>\n\t<meta property=\"og:image:type\" content=\"image\/jpeg\" \/>\n<meta name=\"twitter:card\" content=\"summary_large_image\" \/>\n<meta name=\"twitter:label1\" content=\"Tiempo de lectura\" \/>\n\t<meta name=\"twitter:data1\" content=\"2 minutos\" \/>\n<script type=\"application\/ld+json\" class=\"yoast-schema-graph\">{\"@context\":\"https:\\\/\\\/schema.org\",\"@graph\":[{\"@type\":\"Article\",\"@id\":\"https:\\\/\\\/fmgente.com.ar\\\/web\\\/como-es-la-lujosa-estancia-donde-se-casara-nicolas-cabre-en-cordoba\\\/#article\",\"isPartOf\":{\"@id\":\"https:\\\/\\\/fmgente.com.ar\\\/web\\\/como-es-la-lujosa-estancia-donde-se-casara-nicolas-cabre-en-cordoba\\\/\"},\"author\":{\"name\":\"\",\"@id\":\"\"},\"headline\":\"C\u00f3mo es la lujosa estancia donde se casar\u00e1 Nicol\u00e1s Cabr\u00e9 en C\u00f3rdoba\",\"datePublished\":\"2025-10-05T20:05:11+00:00\",\"mainEntityOfPage\":{\"@id\":\"https:\\\/\\\/fmgente.com.ar\\\/web\\\/como-es-la-lujosa-estancia-donde-se-casara-nicolas-cabre-en-cordoba\\\/\"},\"wordCount\":483,\"publisher\":{\"@id\":\"https:\\\/\\\/fmgente.com.ar\\\/web\\\/#organization\"},\"image\":{\"@id\":\"https:\\\/\\\/fmgente.com.ar\\\/web\\\/como-es-la-lujosa-estancia-donde-se-casara-nicolas-cabre-en-cordoba\\\/#primaryimage\"},\"thumbnailUrl\":\"https:\\\/\\\/fmgente.com.ar\\\/web\\\/wp-content\\\/uploads\\\/2025\\\/10\\\/IMG_5980-359x226-33.jpg\",\"articleSection\":[\"DESTACADAS\"],\"inLanguage\":\"es\"},{\"@type\":\"WebPage\",\"@id\":\"https:\\\/\\\/fmgente.com.ar\\\/web\\\/como-es-la-lujosa-estancia-donde-se-casara-nicolas-cabre-en-cordoba\\\/\",\"url\":\"https:\\\/\\\/fmgente.com.ar\\\/web\\\/como-es-la-lujosa-estancia-donde-se-casara-nicolas-cabre-en-cordoba\\\/\",\"name\":\"C\u00f3mo es la lujosa estancia donde se casar\u00e1 Nicol\u00e1s Cabr\u00e9 en C\u00f3rdoba - Fm Gente\",\"isPartOf\":{\"@id\":\"https:\\\/\\\/fmgente.com.ar\\\/web\\\/#website\"},\"primaryImageOfPage\":{\"@id\":\"https:\\\/\\\/fmgente.com.ar\\\/web\\\/como-es-la-lujosa-estancia-donde-se-casara-nicolas-cabre-en-cordoba\\\/#primaryimage\"},\"image\":{\"@id\":\"https:\\\/\\\/fmgente.com.ar\\\/web\\\/como-es-la-lujosa-estancia-donde-se-casara-nicolas-cabre-en-cordoba\\\/#primaryimage\"},\"thumbnailUrl\":\"https:\\\/\\\/fmgente.com.ar\\\/web\\\/wp-content\\\/uploads\\\/2025\\\/10\\\/IMG_5980-359x226-33.jpg\",\"datePublished\":\"2025-10-05T20:05:11+00:00\",\"inLanguage\":\"es\",\"potentialAction\":[{\"@type\":\"ReadAction\",\"target\":[\"https:\\\/\\\/fmgente.com.ar\\\/web\\\/como-es-la-lujosa-estancia-donde-se-casara-nicolas-cabre-en-cordoba\\\/\"]}]},{\"@type\":\"ImageObject\",\"inLanguage\":\"es\",\"@id\":\"https:\\\/\\\/fmgente.com.ar\\\/web\\\/como-es-la-lujosa-estancia-donde-se-casara-nicolas-cabre-en-cordoba\\\/#primaryimage\",\"url\":\"https:\\\/\\\/fmgente.com.ar\\\/web\\\/wp-content\\\/uploads\\\/2025\\\/10\\\/IMG_5980-359x226-33.jpg\",\"contentUrl\":\"https:\\\/\\\/fmgente.com.ar\\\/web\\\/wp-content\\\/uploads\\\/2025\\\/10\\\/IMG_5980-359x226-33.jpg\",\"width\":359,\"height\":226},{\"@type\":\"WebSite\",\"@id\":\"https:\\\/\\\/fmgente.com.ar\\\/web\\\/#website\",\"url\":\"https:\\\/\\\/fmgente.com.ar\\\/web\\\/\",\"name\":\"Fm Gente\",\"description\":\"- Jes\u00fas Mar\u00eda\",\"publisher\":{\"@id\":\"https:\\\/\\\/fmgente.com.ar\\\/web\\\/#organization\"},\"potentialAction\":[{\"@type\":\"SearchAction\",\"target\":{\"@type\":\"EntryPoint\",\"urlTemplate\":\"https:\\\/\\\/fmgente.com.ar\\\/web\\\/?s={search_term_string}\"},\"query-input\":{\"@type\":\"PropertyValueSpecification\",\"valueRequired\":true,\"valueName\":\"search_term_string\"}}],\"inLanguage\":\"es\"},{\"@type\":\"Organization\",\"@id\":\"https:\\\/\\\/fmgente.com.ar\\\/web\\\/#organization\",\"name\":\"Fm Gente\",\"url\":\"https:\\\/\\\/fmgente.com.ar\\\/web\\\/\",\"logo\":{\"@type\":\"ImageObject\",\"inLanguage\":\"es\",\"@id\":\"https:\\\/\\\/fmgente.com.ar\\\/web\\\/#\\\/schema\\\/logo\\\/image\\\/\",\"url\":\"https:\\\/\\\/fmgente.com.ar\\\/web\\\/wp-content\\\/uploads\\\/2023\\\/07\\\/cropped-cropped-logo-sombra2.png\",\"contentUrl\":\"https:\\\/\\\/fmgente.com.ar\\\/web\\\/wp-content\\\/uploads\\\/2023\\\/07\\\/cropped-cropped-logo-sombra2.png\",\"width\":1782,\"height\":1782,\"caption\":\"Fm Gente\"},\"image\":{\"@id\":\"https:\\\/\\\/fmgente.com.ar\\\/web\\\/#\\\/schema\\\/logo\\\/image\\\/\"}}]}<\/script>\n<!-- \/ Yoast SEO plugin. -->","yoast_head_json":{"title":"C\u00f3mo es la lujosa estancia donde se casar\u00e1 Nicol\u00e1s Cabr\u00e9 en C\u00f3rdoba - Fm Gente","robots":{"index":"index","follow":"follow","max-snippet":"max-snippet:-1","max-image-preview":"max-image-preview:large","max-video-preview":"max-video-preview:-1"},"canonical":"https:\/\/fmgente.com.ar\/web\/como-es-la-lujosa-estancia-donde-se-casara-nicolas-cabre-en-cordoba\/","og_locale":"es_ES","og_type":"article","og_title":"C\u00f3mo es la lujosa estancia donde se casar\u00e1 Nicol\u00e1s Cabr\u00e9 en C\u00f3rdoba - Fm Gente","og_description":"Se conocieron los detalles del lujoso lugar en el que Nicol\u00e1s Cabr\u00e9 y Roc\u00edo Pardo","og_url":"https:\/\/fmgente.com.ar\/web\/como-es-la-lujosa-estancia-donde-se-casara-nicolas-cabre-en-cordoba\/","og_site_name":"Fm Gente","article_published_time":"2025-10-05T20:05:11+00:00","og_image":[{"width":359,"height":226,"url":"https:\/\/fmgente.com.ar\/web\/wp-content\/uploads\/2025\/10\/IMG_5980-359x226-33.jpg","type":"image\/jpeg"}],"twitter_card":"summary_large_image","twitter_misc":{"Tiempo de lectura":"2 minutos"},"schema":{"@context":"https:\/\/schema.org","@graph":[{"@type":"Article","@id":"https:\/\/fmgente.com.ar\/web\/como-es-la-lujosa-estancia-donde-se-casara-nicolas-cabre-en-cordoba\/#article","isPartOf":{"@id":"https:\/\/fmgente.com.ar\/web\/como-es-la-lujosa-estancia-donde-se-casara-nicolas-cabre-en-cordoba\/"},"author":{"name":"","@id":""},"headline":"C\u00f3mo es la lujosa estancia donde se casar\u00e1 Nicol\u00e1s Cabr\u00e9 en C\u00f3rdoba","datePublished":"2025-10-05T20:05:11+00:00","mainEntityOfPage":{"@id":"https:\/\/fmgente.com.ar\/web\/como-es-la-lujosa-estancia-donde-se-casara-nicolas-cabre-en-cordoba\/"},"wordCount":483,"publisher":{"@id":"https:\/\/fmgente.com.ar\/web\/#organization"},"image":{"@id":"https:\/\/fmgente.com.ar\/web\/como-es-la-lujosa-estancia-donde-se-casara-nicolas-cabre-en-cordoba\/#primaryimage"},"thumbnailUrl":"https:\/\/fmgente.com.ar\/web\/wp-content\/uploads\/2025\/10\/IMG_5980-359x226-33.jpg","articleSection":["DESTACADAS"],"inLanguage":"es"},{"@type":"WebPage","@id":"https:\/\/fmgente.com.ar\/web\/como-es-la-lujosa-estancia-donde-se-casara-nicolas-cabre-en-cordoba\/","url":"https:\/\/fmgente.com.ar\/web\/como-es-la-lujosa-estancia-donde-se-casara-nicolas-cabre-en-cordoba\/","name":"C\u00f3mo es la lujosa estancia donde se casar\u00e1 Nicol\u00e1s Cabr\u00e9 en C\u00f3rdoba - Fm Gente","isPartOf":{"@id":"https:\/\/fmgente.com.ar\/web\/#website"},"primaryImageOfPage":{"@id":"https:\/\/fmgente.com.ar\/web\/como-es-la-lujosa-estancia-donde-se-casara-nicolas-cabre-en-cordoba\/#primaryimage"},"image":{"@id":"https:\/\/fmgente.com.ar\/web\/como-es-la-lujosa-estancia-donde-se-casara-nicolas-cabre-en-cordoba\/#primaryimage"},"thumbnailUrl":"https:\/\/fmgente.com.ar\/web\/wp-content\/uploads\/2025\/10\/IMG_5980-359x226-33.jpg","datePublished":"2025-10-05T20:05:11+00:00","inLanguage":"es","potentialAction":[{"@type":"ReadAction","target":["https:\/\/fmgente.com.ar\/web\/como-es-la-lujosa-estancia-donde-se-casara-nicolas-cabre-en-cordoba\/"]}]},{"@type":"ImageObject","inLanguage":"es","@id":"https:\/\/fmgente.com.ar\/web\/como-es-la-lujosa-estancia-donde-se-casara-nicolas-cabre-en-cordoba\/#primaryimage","url":"https:\/\/fmgente.com.ar\/web\/wp-content\/uploads\/2025\/10\/IMG_5980-359x226-33.jpg","contentUrl":"https:\/\/fmgente.com.ar\/web\/wp-content\/uploads\/2025\/10\/IMG_5980-359x226-33.jpg","width":359,"height":226},{"@type":"WebSite","@id":"https:\/\/fmgente.com.ar\/web\/#website","url":"https:\/\/fmgente.com.ar\/web\/","name":"Fm Gente","description":"- Jes\u00fas Mar\u00eda","publisher":{"@id":"https:\/\/fmgente.com.ar\/web\/#organization"},"potentialAction":[{"@type":"SearchAction","target":{"@type":"EntryPoint","urlTemplate":"https:\/\/fmgente.com.ar\/web\/?s={search_term_string}"},"query-input":{"@type":"PropertyValueSpecification","valueRequired":true,"valueName":"search_term_string"}}],"inLanguage":"es"},{"@type":"Organization","@id":"https:\/\/fmgente.com.ar\/web\/#organization","name":"Fm Gente","url":"https:\/\/fmgente.com.ar\/web\/","logo":{"@type":"ImageObject","inLanguage":"es","@id":"https:\/\/fmgente.com.ar\/web\/#\/schema\/logo\/image\/","url":"https:\/\/fmgente.com.ar\/web\/wp-content\/uploads\/2023\/07\/cropped-cropped-logo-sombra2.png","contentUrl":"https:\/\/fmgente.com.ar\/web\/wp-content\/uploads\/2023\/07\/cropped-cropped-logo-sombra2.png","width":1782,"height":1782,"caption":"Fm Gente"},"image":{"@id":"https:\/\/fmgente.com.ar\/web\/#\/schema\/logo\/image\/"}}]}},"_links":{"self":[{"href":"https:\/\/fmgente.com.ar\/web\/wp-json\/wp\/v2\/posts\/6141","targetHints":{"allow":["GET"]}}],"collection":[{"href":"https:\/\/fmgente.com.ar\/web\/wp-json\/wp\/v2\/posts"}],"about":[{"href":"https:\/\/fmgente.com.ar\/web\/wp-json\/wp\/v2\/types\/post"}],"replies":[{"embeddable":true,"href":"https:\/\/fmgente.com.ar\/web\/wp-json\/wp\/v2\/comments?post=6141"}],"version-history":[{"count":0,"href":"https:\/\/fmgente.com.ar\/web\/wp-json\/wp\/v2\/posts\/6141\/revisions"}],"wp:featuredmedia":[{"embeddable":true,"href":"https:\/\/fmgente.com.ar\/web\/wp-json\/wp\/v2\/media\/6142"}],"wp:attachment":[{"href":"https:\/\/fmgente.com.ar\/web\/wp-json\/wp\/v2\/media?parent=6141"}],"wp:term":[{"taxonomy":"category","embeddable":true,"href":"https:\/\/fmgente.com.ar\/web\/wp-json\/wp\/v2\/categories?post=6141"},{"taxonomy":"post_tag","embeddable":true,"href":"https:\/\/fmgente.com.ar\/web\/wp-json\/wp\/v2\/tags?post=6141"}],"curies":[{"name":"wp","href":"https:\/\/api.w.org\/{rel}","templated":true}]}}