{"id":6139,"date":"2025-10-05T16:04:53","date_gmt":"2025-10-05T19:04:53","guid":{"rendered":"https:\/\/fmgente.com.ar\/se-acabo-el-amor-el-viaje-relampago-de-mauro-icardi-que-desato-un-escandalo-en-turquia\/"},"modified":"2025-10-05T16:04:53","modified_gmt":"2025-10-05T19:04:53","slug":"se-acabo-el-amor-el-viaje-relampago-de-mauro-icardi-que-desato-un-escandalo-en-turquia","status":"publish","type":"post","link":"https:\/\/fmgente.com.ar\/web\/se-acabo-el-amor-el-viaje-relampago-de-mauro-icardi-que-desato-un-escandalo-en-turquia\/","title":{"rendered":"\u00bfSe acab\u00f3 el amor? El viaje rel\u00e1mpago de Mauro Icardi que desat\u00f3 un esc\u00e1ndalo en Turqu\u00eda"},"content":{"rendered":"<p><strong>Mauro Icardi<\/strong> parec\u00eda haber encontrado en Turqu\u00eda un refugio para volver a enfocarse en lo suyo: el f\u00fatbol. Recuperado de su lesi\u00f3n e instalado nuevamente en Estambul, junto a la <strong>China Su\u00e1rez<\/strong> y con la camiseta del Galatasaray como bandera, comenz\u00f3 a enfocarse en la S\u00fcper Lig (el torneo local turco) y sus primeras apariciones generaron buenas sensaciones. Necesitaba un respiro despu\u00e9s de tanta exposici\u00f3n medi\u00e1tica por su guerra contra <strong>Wanda Nara<\/strong>, pero la calma dur\u00f3 poco.<\/p>\n<p>\u00bfDe qu\u00e9 hablamos? En las \u00faltimas horas, una serie de im\u00e1genes volvieron a posicionar a <strong><a href=\"https:\/\/www.paparazzi.com.ar\/romances\/el-ultimatum-de-zoe-bogach-por-su-romance-con-mauro-icardi-que-destrozo-a-la-china-suarez-tapa-su-infidelidad-y\/\">Icardi<\/a><\/strong> en el ojo de la tormenta, encendiendo rumores y un fuerte enojo en los hinchas del club. \u00bfTiene que ver con <strong>Wanda<\/strong>? \u00bfEs por algo de la convivencia junto a la <strong>China<\/strong>? No, apunta estrictamente a lo deportivo y una situaci\u00f3n que fue rechazada por completo por parte del p\u00fablico turco.<\/p>\n<p>El primer sacud\u00f3n lleg\u00f3 despu\u00e9s del cl\u00e1sico contra Besiktas, partido que termin\u00f3 en empate 1-1. Tras el final del juego, las c\u00e1maras captaron a <strong><a href=\"https:\/\/www.paparazzi.com.ar\/romances\/revelaron-la-verdad-detras-de-la-visita-de-mauro-icardi-al-psicologo-por-sus-hijas-es-mentira-que\/\">Mauro<\/a><\/strong> caminando por los pasillos del estadio con look total black, auriculares, valija en mano y un bolso deportivo. En silencio, sin responder preguntas, el delantero abandon\u00f3 el lugar sembrando preguntas que nadie pod\u00eda responder.<\/p>\n<div class=\"mt-box \">\n<h4 class=\"mt-heading\">Mir\u00e1 Tambi\u00e9n<\/h4>\n<p><a href=\"https:\/\/www.paparazzi.com.ar\/videos\/exclusivo-marcelo-polino-hablo-como-nunca-de-su-vida-intima-y-conto-cuando-fue-la-ultima-vez-que-tuvo-sexo-con-una-mujer\/\"><\/p>\n<div class=\"mt-content\">\n<div class=\"mt-image-container\"><img decoding=\"async\" src=\"https:\/\/www.paparazzi.com.ar\/wp-content\/uploads\/2025\/09\/IMG_5980-359x226.jpg\" alt=\"\u00a1Exclusivo! Marcelo Polino habl\u00f3 como nunca de su vida \u00edntima y cont\u00f3 cu\u00e1ndo fue la \u00faltima vez que tuvo sexo con una mujer\u00a0\" class=\"mt-image\" loading=\"lazy\" \/><\/div>\n<h5 class=\"mt-title\">\u00a1Exclusivo! Marcelo Polino habl\u00f3 como nunca de su vida \u00edntima y cont\u00f3 cu\u00e1ndo fue la \u00faltima vez que tuvo sexo con una mujer\u00a0<\/h5>\n<\/div>\n<p><\/a><\/div>\n<p>https:\/\/www.paparazzi.com.ar\/romances\/gano-mauro-icardi-el-informe-clave-del-colegio-de-los-hijos-de-wanda-nara-tras-la-denuncia-por-violencia\/Lo que parec\u00eda una postal m\u00e1s de la rutina post partido se transform\u00f3 en algo mucho m\u00e1s grande cuando minutos despu\u00e9s public\u00f3 en redes su llegada a Madrid. Con una est\u00e9tica cuidada al detalle y fotos en blanco y negro, <strong><a href=\"https:\/\/www.paparazzi.com.ar\/romances\/gano-mauro-icardi-el-informe-clave-del-colegio-de-los-hijos-de-wanda-nara-tras-la-denuncia-por-violencia\/\">Icardi<\/a><\/strong> mostr\u00f3 su estad\u00eda en un lujoso hotel de la capital espa\u00f1ola. Esto no parece haber ca\u00eddo nada bien, sobre todo porque la secuencia en cuesti\u00f3n fue larga.<\/p>\n<h2 class=\"wp-block-heading\">POR QU\u00c9 LOS HINCHAS DEL GALATASARAY QUIEREN ECHAR A MAURO ICARDI DE TURQU\u00cdA<\/h2>\n<p>Una imagen de espaldas, apenas cubierto por una toalla y frente a una ventana imponente, transmiti\u00f3 un aire de relax y extravagancia. Y entre las postales glamorosas, apareci\u00f3 la prueba definitiva: la Puerta de Alcal\u00e1 iluminada de noche. <strong>Icardi<\/strong> estaba efectivamente en Madrid, lejos del club y a pocos d\u00edas de un duelo clave.<\/p>\n<p>La reacci\u00f3n en Estambul no tard\u00f3 en llegar. Entre el asombro y la bronca, muchos hinchas volcaron su malestar en las redes sociales del propio <strong>Icardi<\/strong>. <em>\u201cNunca pens\u00e9 escribir esto, \u00a1pero tienen que terminar tu contrato! Adem\u00e1s, merec\u00e9s un castigo severo por tu comportamiento indisciplinado\u201d<\/em>, lanz\u00f3 un usuario. Otro fue a\u00fan m\u00e1s directo: <em>\u201cTe avergonz\u00e1s a vos mismo. La capitan\u00eda es una responsabilidad separada, deber\u00edas saberlo mejor\u201d<\/em>.<\/p>\n<div class=\"mt-box \">\n<h4 class=\"mt-heading\">Mir\u00e1 Tambi\u00e9n<\/h4>\n<p><a href=\"https:\/\/www.paparazzi.com.ar\/romances\/el-ultimatum-de-zoe-bogach-por-su-romance-con-mauro-icardi-que-destrozo-a-la-china-suarez-tapa-su-infidelidad-y\/\"><\/p>\n<div class=\"mt-content\">\n<div class=\"mt-image-container\"><img decoding=\"async\" src=\"https:\/\/www.paparazzi.com.ar\/wp-content\/uploads\/2025\/10\/Zoe-Bogach-Mauro-Icardi-China-Suarez-359x226.jpg\" alt=\"El ultim\u00e1tum de Zoe Bogach por su romance con Mauro Icardi que destroz\u00f3 a la China Su\u00e1rez: \u201cTapa su infidelidad y\u2026\u201d\" class=\"mt-image\" loading=\"lazy\" \/><\/div>\n<h5 class=\"mt-title\">El ultim\u00e1tum de Zoe Bogach por su romance con Mauro Icardi que destroz\u00f3 a la China Su\u00e1rez: \u201cTapa su infidelidad y\u2026\u201d<\/h5>\n<\/div>\n<p><\/a><\/div>\n<p>Los mensajes contra <strong>Mauro<\/strong> se multiplicaron por doquier, con cr\u00edticas como <em>\u201cel descanso antes que el entrenamiento\u201d<\/em> y advertencias de que la paciencia de la hinchada empieza a agotarse. <em>\u201cTe esperamos durante un a\u00f1o y ahora te volv\u00e9s a ir\u201d<\/em>, escribi\u00f3 un seguidor. Otros fueron todav\u00eda m\u00e1s tajantes: <em>\u201cNo te queremos m\u00e1s en el Galatasaray\u201d<\/em> y<em> \u201c\u00bfCu\u00e1ndo vas a volver a entrenar?\u201d<\/em>.<\/p>\n<figure class=\"wp-block-image size-full\"><img decoding=\"async\" width=\"431\" height=\"576\" src=\"https:\/\/www.paparazzi.com.ar\/wp-content\/uploads\/2025\/10\/mauro-icardi-1.png.webp\" loading=\"lazy\" alt=\"\" class=\"wp-image-446493\" \/><\/figure>\n<figure class=\"wp-block-image size-full\"><img decoding=\"async\" width=\"431\" height=\"576\" src=\"https:\/\/www.paparazzi.com.ar\/wp-content\/uploads\/2025\/10\/mauro-icardi-2.png.webp\" loading=\"lazy\" alt=\"\" class=\"wp-image-446494\" \/><\/figure>\n<div class=\"mt-box \">\n<h4 class=\"mt-heading\">Mir\u00e1 Tambi\u00e9n<\/h4>\n<p><a href=\"https:\/\/www.paparazzi.com.ar\/romances\/revelaron-la-verdad-detras-de-la-visita-de-mauro-icardi-al-psicologo-por-sus-hijas-es-mentira-que\/\"><\/p>\n<div class=\"mt-content\">\n<div class=\"mt-image-container\"><img decoding=\"async\" src=\"https:\/\/www.paparazzi.com.ar\/wp-content\/uploads\/2025\/06\/Wanda-Nara-hijas-Mauro-Icardi-359x226.jpg\" alt=\"Revelaron la verdad detr\u00e1s de la visita de Mauro Icardi al psic\u00f3logo por sus hijas: \u201cEs mentira que\u2026\u201d\" class=\"mt-image\" loading=\"lazy\" \/><\/div>\n<h5 class=\"mt-title\">Revelaron la verdad detr\u00e1s de la visita de Mauro Icardi al psic\u00f3logo por sus hijas: \u201cEs mentira que\u2026\u201d<\/h5>\n<\/div>\n<p><\/a><\/div>\n<div class=\"mt-box \">\n<h4 class=\"mt-heading\">Mir\u00e1 Tambi\u00e9n<\/h4>\n<p><a href=\"https:\/\/www.paparazzi.com.ar\/romances\/gano-mauro-icardi-el-informe-clave-del-colegio-de-los-hijos-de-wanda-nara-tras-la-denuncia-por-violencia\/\"><\/p>\n<div class=\"mt-content\">\n<div class=\"mt-image-container\"><img decoding=\"async\" src=\"https:\/\/www.paparazzi.com.ar\/wp-content\/uploads\/2025\/06\/Wanda-Nara-Mauro-Icardi-hijos-359x226.jpg\" alt=\"Gan\u00f3 Mauro Icardi: el informe clave del colegio de los hijos de Wanda Nara tras la denuncia por violencia\" class=\"mt-image\" loading=\"lazy\" \/><\/div>\n<h5 class=\"mt-title\">Gan\u00f3 Mauro Icardi: el informe clave del colegio de los hijos de Wanda Nara tras la denuncia por violencia<\/h5>\n<\/div>\n<p><\/a><\/div>\n<p>The post <a href=\"https:\/\/www.paparazzi.com.ar\/deportes\/se-acabo-el-amor-el-viaje-relampago-de-mauro-icardi-que-desato-un-escandalo-en-turquia\/\">\u00bfSe acab\u00f3 el amor? El viaje rel\u00e1mpago de Mauro Icardi que desat\u00f3 un esc\u00e1ndalo en Turqu\u00eda<\/a> appeared first on <a href=\"https:\/\/www.paparazzi.com.ar\">Revista Paparazzi<\/a>.<\/p>\n","protected":false},"excerpt":{"rendered":"<p>Mauro Icardi parec\u00eda haber encontrado en Turqu\u00eda un refugio para volver a enfocarse en lo<\/p>\n","protected":false},"author":0,"featured_media":6140,"comment_status":"","ping_status":"","sticky":false,"template":"","format":"standard","meta":{"footnotes":""},"categories":[11],"tags":[],"class_list":["post-6139","post","type-post","status-publish","format-standard","has-post-thumbnail","hentry","category-destacadas"],"yoast_head":"<!-- This site is optimized with the Yoast SEO plugin v28.3 - https:\/\/yoast.com\/product\/yoast-seo-wordpress\/ -->\n<title>\u00bfSe acab\u00f3 el amor? El viaje rel\u00e1mpago de Mauro Icardi que desat\u00f3 un esc\u00e1ndalo en Turqu\u00eda - Fm Gente<\/title>\n<meta name=\"robots\" content=\"index, follow, max-snippet:-1, max-image-preview:large, max-video-preview:-1\" \/>\n<link rel=\"canonical\" href=\"https:\/\/fmgente.com.ar\/web\/se-acabo-el-amor-el-viaje-relampago-de-mauro-icardi-que-desato-un-escandalo-en-turquia\/\" \/>\n<meta property=\"og:locale\" content=\"es_ES\" \/>\n<meta property=\"og:type\" content=\"article\" \/>\n<meta property=\"og:title\" content=\"\u00bfSe acab\u00f3 el amor? El viaje rel\u00e1mpago de Mauro Icardi que desat\u00f3 un esc\u00e1ndalo en Turqu\u00eda - Fm Gente\" \/>\n<meta property=\"og:description\" content=\"Mauro Icardi parec\u00eda haber encontrado en Turqu\u00eda un refugio para volver a enfocarse en lo\" \/>\n<meta property=\"og:url\" content=\"https:\/\/fmgente.com.ar\/web\/se-acabo-el-amor-el-viaje-relampago-de-mauro-icardi-que-desato-un-escandalo-en-turquia\/\" \/>\n<meta property=\"og:site_name\" content=\"Fm Gente\" \/>\n<meta property=\"article:published_time\" content=\"2025-10-05T19:04:53+00:00\" \/>\n<meta property=\"og:image\" content=\"https:\/\/fmgente.com.ar\/web\/wp-content\/uploads\/2025\/10\/IMG_5980-359x226-32.jpg\" \/>\n\t<meta property=\"og:image:width\" content=\"359\" \/>\n\t<meta property=\"og:image:height\" content=\"226\" \/>\n\t<meta property=\"og:image:type\" content=\"image\/jpeg\" \/>\n<meta name=\"twitter:card\" content=\"summary_large_image\" \/>\n<meta name=\"twitter:label1\" content=\"Tiempo de lectura\" \/>\n\t<meta name=\"twitter:data1\" content=\"3 minutos\" \/>\n<script type=\"application\/ld+json\" class=\"yoast-schema-graph\">{\"@context\":\"https:\\\/\\\/schema.org\",\"@graph\":[{\"@type\":\"Article\",\"@id\":\"https:\\\/\\\/fmgente.com.ar\\\/web\\\/se-acabo-el-amor-el-viaje-relampago-de-mauro-icardi-que-desato-un-escandalo-en-turquia\\\/#article\",\"isPartOf\":{\"@id\":\"https:\\\/\\\/fmgente.com.ar\\\/web\\\/se-acabo-el-amor-el-viaje-relampago-de-mauro-icardi-que-desato-un-escandalo-en-turquia\\\/\"},\"author\":{\"name\":\"\",\"@id\":\"\"},\"headline\":\"\u00bfSe acab\u00f3 el amor? El viaje rel\u00e1mpago de Mauro Icardi que desat\u00f3 un esc\u00e1ndalo en Turqu\u00eda\",\"datePublished\":\"2025-10-05T19:04:53+00:00\",\"mainEntityOfPage\":{\"@id\":\"https:\\\/\\\/fmgente.com.ar\\\/web\\\/se-acabo-el-amor-el-viaje-relampago-de-mauro-icardi-que-desato-un-escandalo-en-turquia\\\/\"},\"wordCount\":660,\"publisher\":{\"@id\":\"https:\\\/\\\/fmgente.com.ar\\\/web\\\/#organization\"},\"image\":{\"@id\":\"https:\\\/\\\/fmgente.com.ar\\\/web\\\/se-acabo-el-amor-el-viaje-relampago-de-mauro-icardi-que-desato-un-escandalo-en-turquia\\\/#primaryimage\"},\"thumbnailUrl\":\"https:\\\/\\\/fmgente.com.ar\\\/web\\\/wp-content\\\/uploads\\\/2025\\\/10\\\/IMG_5980-359x226-32.jpg\",\"articleSection\":[\"DESTACADAS\"],\"inLanguage\":\"es\"},{\"@type\":\"WebPage\",\"@id\":\"https:\\\/\\\/fmgente.com.ar\\\/web\\\/se-acabo-el-amor-el-viaje-relampago-de-mauro-icardi-que-desato-un-escandalo-en-turquia\\\/\",\"url\":\"https:\\\/\\\/fmgente.com.ar\\\/web\\\/se-acabo-el-amor-el-viaje-relampago-de-mauro-icardi-que-desato-un-escandalo-en-turquia\\\/\",\"name\":\"\u00bfSe acab\u00f3 el amor? El viaje rel\u00e1mpago de Mauro Icardi que desat\u00f3 un esc\u00e1ndalo en Turqu\u00eda - Fm Gente\",\"isPartOf\":{\"@id\":\"https:\\\/\\\/fmgente.com.ar\\\/web\\\/#website\"},\"primaryImageOfPage\":{\"@id\":\"https:\\\/\\\/fmgente.com.ar\\\/web\\\/se-acabo-el-amor-el-viaje-relampago-de-mauro-icardi-que-desato-un-escandalo-en-turquia\\\/#primaryimage\"},\"image\":{\"@id\":\"https:\\\/\\\/fmgente.com.ar\\\/web\\\/se-acabo-el-amor-el-viaje-relampago-de-mauro-icardi-que-desato-un-escandalo-en-turquia\\\/#primaryimage\"},\"thumbnailUrl\":\"https:\\\/\\\/fmgente.com.ar\\\/web\\\/wp-content\\\/uploads\\\/2025\\\/10\\\/IMG_5980-359x226-32.jpg\",\"datePublished\":\"2025-10-05T19:04:53+00:00\",\"inLanguage\":\"es\",\"potentialAction\":[{\"@type\":\"ReadAction\",\"target\":[\"https:\\\/\\\/fmgente.com.ar\\\/web\\\/se-acabo-el-amor-el-viaje-relampago-de-mauro-icardi-que-desato-un-escandalo-en-turquia\\\/\"]}]},{\"@type\":\"ImageObject\",\"inLanguage\":\"es\",\"@id\":\"https:\\\/\\\/fmgente.com.ar\\\/web\\\/se-acabo-el-amor-el-viaje-relampago-de-mauro-icardi-que-desato-un-escandalo-en-turquia\\\/#primaryimage\",\"url\":\"https:\\\/\\\/fmgente.com.ar\\\/web\\\/wp-content\\\/uploads\\\/2025\\\/10\\\/IMG_5980-359x226-32.jpg\",\"contentUrl\":\"https:\\\/\\\/fmgente.com.ar\\\/web\\\/wp-content\\\/uploads\\\/2025\\\/10\\\/IMG_5980-359x226-32.jpg\",\"width\":359,\"height\":226},{\"@type\":\"WebSite\",\"@id\":\"https:\\\/\\\/fmgente.com.ar\\\/web\\\/#website\",\"url\":\"https:\\\/\\\/fmgente.com.ar\\\/web\\\/\",\"name\":\"Fm Gente\",\"description\":\"- Jes\u00fas Mar\u00eda\",\"publisher\":{\"@id\":\"https:\\\/\\\/fmgente.com.ar\\\/web\\\/#organization\"},\"potentialAction\":[{\"@type\":\"SearchAction\",\"target\":{\"@type\":\"EntryPoint\",\"urlTemplate\":\"https:\\\/\\\/fmgente.com.ar\\\/web\\\/?s={search_term_string}\"},\"query-input\":{\"@type\":\"PropertyValueSpecification\",\"valueRequired\":true,\"valueName\":\"search_term_string\"}}],\"inLanguage\":\"es\"},{\"@type\":\"Organization\",\"@id\":\"https:\\\/\\\/fmgente.com.ar\\\/web\\\/#organization\",\"name\":\"Fm Gente\",\"url\":\"https:\\\/\\\/fmgente.com.ar\\\/web\\\/\",\"logo\":{\"@type\":\"ImageObject\",\"inLanguage\":\"es\",\"@id\":\"https:\\\/\\\/fmgente.com.ar\\\/web\\\/#\\\/schema\\\/logo\\\/image\\\/\",\"url\":\"https:\\\/\\\/fmgente.com.ar\\\/web\\\/wp-content\\\/uploads\\\/2023\\\/07\\\/cropped-cropped-logo-sombra2.png\",\"contentUrl\":\"https:\\\/\\\/fmgente.com.ar\\\/web\\\/wp-content\\\/uploads\\\/2023\\\/07\\\/cropped-cropped-logo-sombra2.png\",\"width\":1782,\"height\":1782,\"caption\":\"Fm Gente\"},\"image\":{\"@id\":\"https:\\\/\\\/fmgente.com.ar\\\/web\\\/#\\\/schema\\\/logo\\\/image\\\/\"}}]}<\/script>\n<!-- \/ Yoast SEO plugin. -->","yoast_head_json":{"title":"\u00bfSe acab\u00f3 el amor? El viaje rel\u00e1mpago de Mauro Icardi que desat\u00f3 un esc\u00e1ndalo en Turqu\u00eda - Fm Gente","robots":{"index":"index","follow":"follow","max-snippet":"max-snippet:-1","max-image-preview":"max-image-preview:large","max-video-preview":"max-video-preview:-1"},"canonical":"https:\/\/fmgente.com.ar\/web\/se-acabo-el-amor-el-viaje-relampago-de-mauro-icardi-que-desato-un-escandalo-en-turquia\/","og_locale":"es_ES","og_type":"article","og_title":"\u00bfSe acab\u00f3 el amor? El viaje rel\u00e1mpago de Mauro Icardi que desat\u00f3 un esc\u00e1ndalo en Turqu\u00eda - Fm Gente","og_description":"Mauro Icardi parec\u00eda haber encontrado en Turqu\u00eda un refugio para volver a enfocarse en lo","og_url":"https:\/\/fmgente.com.ar\/web\/se-acabo-el-amor-el-viaje-relampago-de-mauro-icardi-que-desato-un-escandalo-en-turquia\/","og_site_name":"Fm Gente","article_published_time":"2025-10-05T19:04:53+00:00","og_image":[{"width":359,"height":226,"url":"https:\/\/fmgente.com.ar\/web\/wp-content\/uploads\/2025\/10\/IMG_5980-359x226-32.jpg","type":"image\/jpeg"}],"twitter_card":"summary_large_image","twitter_misc":{"Tiempo de lectura":"3 minutos"},"schema":{"@context":"https:\/\/schema.org","@graph":[{"@type":"Article","@id":"https:\/\/fmgente.com.ar\/web\/se-acabo-el-amor-el-viaje-relampago-de-mauro-icardi-que-desato-un-escandalo-en-turquia\/#article","isPartOf":{"@id":"https:\/\/fmgente.com.ar\/web\/se-acabo-el-amor-el-viaje-relampago-de-mauro-icardi-que-desato-un-escandalo-en-turquia\/"},"author":{"name":"","@id":""},"headline":"\u00bfSe acab\u00f3 el amor? El viaje rel\u00e1mpago de Mauro Icardi que desat\u00f3 un esc\u00e1ndalo en Turqu\u00eda","datePublished":"2025-10-05T19:04:53+00:00","mainEntityOfPage":{"@id":"https:\/\/fmgente.com.ar\/web\/se-acabo-el-amor-el-viaje-relampago-de-mauro-icardi-que-desato-un-escandalo-en-turquia\/"},"wordCount":660,"publisher":{"@id":"https:\/\/fmgente.com.ar\/web\/#organization"},"image":{"@id":"https:\/\/fmgente.com.ar\/web\/se-acabo-el-amor-el-viaje-relampago-de-mauro-icardi-que-desato-un-escandalo-en-turquia\/#primaryimage"},"thumbnailUrl":"https:\/\/fmgente.com.ar\/web\/wp-content\/uploads\/2025\/10\/IMG_5980-359x226-32.jpg","articleSection":["DESTACADAS"],"inLanguage":"es"},{"@type":"WebPage","@id":"https:\/\/fmgente.com.ar\/web\/se-acabo-el-amor-el-viaje-relampago-de-mauro-icardi-que-desato-un-escandalo-en-turquia\/","url":"https:\/\/fmgente.com.ar\/web\/se-acabo-el-amor-el-viaje-relampago-de-mauro-icardi-que-desato-un-escandalo-en-turquia\/","name":"\u00bfSe acab\u00f3 el amor? El viaje rel\u00e1mpago de Mauro Icardi que desat\u00f3 un esc\u00e1ndalo en Turqu\u00eda - Fm Gente","isPartOf":{"@id":"https:\/\/fmgente.com.ar\/web\/#website"},"primaryImageOfPage":{"@id":"https:\/\/fmgente.com.ar\/web\/se-acabo-el-amor-el-viaje-relampago-de-mauro-icardi-que-desato-un-escandalo-en-turquia\/#primaryimage"},"image":{"@id":"https:\/\/fmgente.com.ar\/web\/se-acabo-el-amor-el-viaje-relampago-de-mauro-icardi-que-desato-un-escandalo-en-turquia\/#primaryimage"},"thumbnailUrl":"https:\/\/fmgente.com.ar\/web\/wp-content\/uploads\/2025\/10\/IMG_5980-359x226-32.jpg","datePublished":"2025-10-05T19:04:53+00:00","inLanguage":"es","potentialAction":[{"@type":"ReadAction","target":["https:\/\/fmgente.com.ar\/web\/se-acabo-el-amor-el-viaje-relampago-de-mauro-icardi-que-desato-un-escandalo-en-turquia\/"]}]},{"@type":"ImageObject","inLanguage":"es","@id":"https:\/\/fmgente.com.ar\/web\/se-acabo-el-amor-el-viaje-relampago-de-mauro-icardi-que-desato-un-escandalo-en-turquia\/#primaryimage","url":"https:\/\/fmgente.com.ar\/web\/wp-content\/uploads\/2025\/10\/IMG_5980-359x226-32.jpg","contentUrl":"https:\/\/fmgente.com.ar\/web\/wp-content\/uploads\/2025\/10\/IMG_5980-359x226-32.jpg","width":359,"height":226},{"@type":"WebSite","@id":"https:\/\/fmgente.com.ar\/web\/#website","url":"https:\/\/fmgente.com.ar\/web\/","name":"Fm Gente","description":"- Jes\u00fas Mar\u00eda","publisher":{"@id":"https:\/\/fmgente.com.ar\/web\/#organization"},"potentialAction":[{"@type":"SearchAction","target":{"@type":"EntryPoint","urlTemplate":"https:\/\/fmgente.com.ar\/web\/?s={search_term_string}"},"query-input":{"@type":"PropertyValueSpecification","valueRequired":true,"valueName":"search_term_string"}}],"inLanguage":"es"},{"@type":"Organization","@id":"https:\/\/fmgente.com.ar\/web\/#organization","name":"Fm Gente","url":"https:\/\/fmgente.com.ar\/web\/","logo":{"@type":"ImageObject","inLanguage":"es","@id":"https:\/\/fmgente.com.ar\/web\/#\/schema\/logo\/image\/","url":"https:\/\/fmgente.com.ar\/web\/wp-content\/uploads\/2023\/07\/cropped-cropped-logo-sombra2.png","contentUrl":"https:\/\/fmgente.com.ar\/web\/wp-content\/uploads\/2023\/07\/cropped-cropped-logo-sombra2.png","width":1782,"height":1782,"caption":"Fm Gente"},"image":{"@id":"https:\/\/fmgente.com.ar\/web\/#\/schema\/logo\/image\/"}}]}},"_links":{"self":[{"href":"https:\/\/fmgente.com.ar\/web\/wp-json\/wp\/v2\/posts\/6139","targetHints":{"allow":["GET"]}}],"collection":[{"href":"https:\/\/fmgente.com.ar\/web\/wp-json\/wp\/v2\/posts"}],"about":[{"href":"https:\/\/fmgente.com.ar\/web\/wp-json\/wp\/v2\/types\/post"}],"replies":[{"embeddable":true,"href":"https:\/\/fmgente.com.ar\/web\/wp-json\/wp\/v2\/comments?post=6139"}],"version-history":[{"count":0,"href":"https:\/\/fmgente.com.ar\/web\/wp-json\/wp\/v2\/posts\/6139\/revisions"}],"wp:featuredmedia":[{"embeddable":true,"href":"https:\/\/fmgente.com.ar\/web\/wp-json\/wp\/v2\/media\/6140"}],"wp:attachment":[{"href":"https:\/\/fmgente.com.ar\/web\/wp-json\/wp\/v2\/media?parent=6139"}],"wp:term":[{"taxonomy":"category","embeddable":true,"href":"https:\/\/fmgente.com.ar\/web\/wp-json\/wp\/v2\/categories?post=6139"},{"taxonomy":"post_tag","embeddable":true,"href":"https:\/\/fmgente.com.ar\/web\/wp-json\/wp\/v2\/tags?post=6139"}],"curies":[{"name":"wp","href":"https:\/\/api.w.org\/{rel}","templated":true}]}}