{"id":6137,"date":"2025-10-05T15:06:24","date_gmt":"2025-10-05T18:06:24","guid":{"rendered":"https:\/\/fmgente.com.ar\/pampita-recibio-una-terrible-noticia-que-la-dejo-destrozada-en-el-momento-menos-esperado\/"},"modified":"2025-10-05T15:06:24","modified_gmt":"2025-10-05T18:06:24","slug":"pampita-recibio-una-terrible-noticia-que-la-dejo-destrozada-en-el-momento-menos-esperado","status":"publish","type":"post","link":"https:\/\/fmgente.com.ar\/web\/pampita-recibio-una-terrible-noticia-que-la-dejo-destrozada-en-el-momento-menos-esperado\/","title":{"rendered":"Pampita recibi\u00f3 una terrible noticia que la dej\u00f3 destrozada en el momento menos esperado"},"content":{"rendered":"<p><strong>Pampita<\/strong> ven\u00eda transitando momentos de paz y armon\u00eda durante los \u00faltimos meses. Con noticias positivas ya que se hab\u00eda reconciliado con su novio <strong>Mart\u00edn Pepa<\/strong> y adem\u00e1s desde lo profesional consigui\u00f3 volver a la conducci\u00f3n con <strong><em>Los 8 escalones<\/em><\/strong>, el programa que hered\u00f3 de Guido Kaczka y que conduce durante las tardes de Canal 13.<\/p>\n<p>En los \u00faltimos d\u00edas esa vibra fue cambiando. El primer escollo, aunque m\u00ednimo, fue una discusi\u00f3n que tuvo con su ex <strong>Benjam\u00edn Vicu\u00f1a<\/strong> por un costoso regalo para su hijo Bautista. Pero esto no fue mucho m\u00e1s que una previa para lo que se vendr\u00eda despu\u00e9s, una noticia que golpea a <strong><a href=\"https:\/\/www.paparazzi.com.ar\/teve\/cual-fue-el-consejo-que-pampita-le-dio-a-evangelina-anderson-tras-separarse-por-una-infidelidad\/\">Pampita<\/a><\/strong> desde lo laboral: se quedar\u00e1 sin su trabajo en <strong><em>Los 8 escalones<\/em><\/strong>, ya que van a levantar el programa.<\/p>\n<p>Todo esto se da como parte de una serie de fuertes cambios que se van a dar en Canal 13. Luego de deslizar el fuerte dato en Intrusos, el propio <strong>Kaczka<\/strong> confirm\u00f3 la baja del ciclo para <strong><a href=\"https:\/\/www.paparazzi.com.ar\/teve\/pampita-se-metio-en-el-escandalo-de-wanda-nara-y-maxi-lopez-con-mauro-icardi\/\">Pampita<\/a><\/strong>: <em>\u201cCreo que en noviembre. Viste c\u00f3mo es la tele, nunca me aventuro a hablar ni de principios ni de finales. Yo dir\u00eda que es para que &#8216;Escalones&#8217; descanse\u201d<\/em>.<\/p>\n<div class=\"mt-box \">\n<h4 class=\"mt-heading\">Mir\u00e1 Tambi\u00e9n<\/h4>\n<p><a href=\"https:\/\/www.paparazzi.com.ar\/videos\/exclusivo-marcelo-polino-hablo-como-nunca-de-su-vida-intima-y-conto-cuando-fue-la-ultima-vez-que-tuvo-sexo-con-una-mujer\/\"><\/p>\n<div class=\"mt-content\">\n<div class=\"mt-image-container\"><img decoding=\"async\" src=\"https:\/\/www.paparazzi.com.ar\/wp-content\/uploads\/2025\/09\/IMG_5980-359x226.jpg\" alt=\"\u00a1Exclusivo! Marcelo Polino habl\u00f3 como nunca de su vida \u00edntima y cont\u00f3 cu\u00e1ndo fue la \u00faltima vez que tuvo sexo con una mujer\u00a0\" class=\"mt-image\" loading=\"lazy\" \/><\/div>\n<h5 class=\"mt-title\">\u00a1Exclusivo! Marcelo Polino habl\u00f3 como nunca de su vida \u00edntima y cont\u00f3 cu\u00e1ndo fue la \u00faltima vez que tuvo sexo con una mujer\u00a0<\/h5>\n<\/div>\n<p><\/a><\/div>\n<p>Y dijo que esto pod\u00eda pasar desde que <strong><a href=\"https:\/\/www.paparazzi.com.ar\/romances\/exploto-todo-la-inesperada-pelea-de-pampita-y-benjamin-vicuna-por-su-hijo-bautista\/\">Pampita<\/a><\/strong> qued\u00f3 a cargo: <em>\u201cMe lo esperaba. En el momento en que continuamos con Pampita, sentimos que pod\u00eda pasar. Con Carolina no habl\u00e9 del asunto; adem\u00e1s, no est\u00e1 decidida la fecha. No cruzamos mensajes. A veces, como productor, tampoco transmit\u00eds todas las charlas con el canal porque puede cambiar. Me voy tratando de adaptar\u201d<\/em>.<\/p>\n<h2 class=\"wp-block-heading\">POR QU\u00c9 DECIDIERON LEVANTAR LOS 8 ESCALONES Y DEJAR SIN TRABAJO A PAMPITA<\/h2>\n<p>Este s\u00e1bado en Implacables dieron algunos detalles del abrupto final que tendr\u00e1 el programa de <strong>Pampita<\/strong>. Si bien ya era una posibilidad que se ven\u00eda manejando desde hace un tiempo, la realidad parece indicar que los n\u00fameros del rating no acompa\u00f1aron y por eso desde el canal decidieron dar de baja el ciclo (al menos por ahora).<\/p>\n<p><em>\u201cLos cambios de contenido vienen para Canal 13. Una Moria (Cas\u00e1n) que se incorpora por las ma\u00f1anas a competir con su archienemiga Georgina Barbarossa; Mar\u00eda Bel\u00e9n Ludue\u00f1a que pasa a la tarde (con Mujeres argentinas) y Pampita con Los 8 escalones que lo levantan\u201d<\/em>, comenz\u00f3 explicando Lola Cordero sobre la mala noticia que recibi\u00f3 <strong>Carolina<\/strong>.<\/p>\n<div class=\"mt-box \">\n<h4 class=\"mt-heading\">Mir\u00e1 Tambi\u00e9n<\/h4>\n<p><a href=\"https:\/\/www.paparazzi.com.ar\/teve\/cual-fue-el-consejo-que-pampita-le-dio-a-evangelina-anderson-tras-separarse-por-una-infidelidad\/\"><\/p>\n<div class=\"mt-content\">\n<div class=\"mt-image-container\"><img decoding=\"async\" src=\"https:\/\/www.paparazzi.com.ar\/wp-content\/uploads\/2025\/10\/pampita-evangelina-359x226.png\" alt=\"Cu\u00e1l fue el consejo que Pampita le dio a Evangelina Anderson tras separarse por una infidelidad\" class=\"mt-image\" loading=\"lazy\" \/><\/div>\n<h5 class=\"mt-title\">Cu\u00e1l fue el consejo que Pampita le dio a Evangelina Anderson tras separarse por una infidelidad<\/h5>\n<\/div>\n<p><\/a><\/div>\n<p><em>\u201cEstaba pautado que lo de Pampita terminaba ahora en noviembre\u201d<\/em>, advirti\u00f3 Fabiana Arajo, aunque Lola le hizo una particular observaci\u00f3n a su compa\u00f1era: <em>\u201cSi le hubiera ido bien\u2026\u201d<\/em>. <em>\u201cExacto, la realidad es que no rindi\u00f3 como se esperaba\u201d<\/em>, agreg\u00f3 la tambi\u00e9n especialista en moda. As\u00ed, <strong>Pampita<\/strong> se quedar\u00e1 sin programa despu\u00e9s de tan solo unos meses de ser anunciada (arranc\u00f3 a principios de agosto).<\/p>\n<div class=\"mt-box \">\n<h4 class=\"mt-heading\">Mir\u00e1 Tambi\u00e9n<\/h4>\n<p><a href=\"https:\/\/www.paparazzi.com.ar\/teve\/pampita-se-metio-en-el-escandalo-de-wanda-nara-y-maxi-lopez-con-mauro-icardi\/\"><\/p>\n<div class=\"mt-content\">\n<div class=\"mt-image-container\"><img decoding=\"async\" src=\"https:\/\/www.paparazzi.com.ar\/wp-content\/uploads\/2025\/10\/pampita-16-359x226.png\" alt=\"Pampita se meti\u00f3 en el esc\u00e1ndalo de Wanda Nara y Maxi L\u00f3pez con Mauro Icardi\" class=\"mt-image\" loading=\"lazy\" \/><\/div>\n<h5 class=\"mt-title\">Pampita se meti\u00f3 en el esc\u00e1ndalo de Wanda Nara y Maxi L\u00f3pez con Mauro Icardi<\/h5>\n<\/div>\n<p><\/a><\/div>\n<div class=\"mt-box \">\n<h4 class=\"mt-heading\">Mir\u00e1 Tambi\u00e9n<\/h4>\n<p><a href=\"https:\/\/www.paparazzi.com.ar\/romances\/exploto-todo-la-inesperada-pelea-de-pampita-y-benjamin-vicuna-por-su-hijo-bautista\/\"><\/p>\n<div class=\"mt-content\">\n<div class=\"mt-image-container\"><img decoding=\"async\" src=\"https:\/\/www.paparazzi.com.ar\/wp-content\/uploads\/2025\/10\/Pampita-Benjamin-Vicuna-Bautista-Vicuna-359x226.jpg\" alt=\"\u00a1Explot\u00f3 todo! La inesperada pelea de Pampita y Benjam\u00edn Vicu\u00f1a por su hijo Bautista\" class=\"mt-image\" loading=\"lazy\" \/><\/div>\n<h5 class=\"mt-title\">\u00a1Explot\u00f3 todo! La inesperada pelea de Pampita y Benjam\u00edn Vicu\u00f1a por su hijo Bautista<\/h5>\n<\/div>\n<p><\/a><\/div>\n<p>The post <a href=\"https:\/\/www.paparazzi.com.ar\/teve\/pampita-recibio-una-terrible-noticia-que-la-dejo-destrozada-en-el-momento-menos-esperado\/\">Pampita recibi\u00f3 una terrible noticia que la dej\u00f3 destrozada en el momento menos esperado<\/a> appeared first on <a href=\"https:\/\/www.paparazzi.com.ar\">Revista Paparazzi<\/a>.<\/p>\n","protected":false},"excerpt":{"rendered":"<p>Pampita ven\u00eda transitando momentos de paz y armon\u00eda durante los \u00faltimos meses. Con noticias positivas<\/p>\n","protected":false},"author":0,"featured_media":6138,"comment_status":"","ping_status":"","sticky":false,"template":"","format":"standard","meta":{"footnotes":""},"categories":[11],"tags":[],"class_list":["post-6137","post","type-post","status-publish","format-standard","has-post-thumbnail","hentry","category-destacadas"],"yoast_head":"<!-- This site is optimized with the Yoast SEO plugin v28.3 - https:\/\/yoast.com\/product\/yoast-seo-wordpress\/ -->\n<title>Pampita recibi\u00f3 una terrible noticia que la dej\u00f3 destrozada en el momento menos esperado - Fm Gente<\/title>\n<meta name=\"robots\" content=\"index, follow, max-snippet:-1, max-image-preview:large, max-video-preview:-1\" \/>\n<link rel=\"canonical\" href=\"https:\/\/fmgente.com.ar\/web\/pampita-recibio-una-terrible-noticia-que-la-dejo-destrozada-en-el-momento-menos-esperado\/\" \/>\n<meta property=\"og:locale\" content=\"es_ES\" \/>\n<meta property=\"og:type\" content=\"article\" \/>\n<meta property=\"og:title\" content=\"Pampita recibi\u00f3 una terrible noticia que la dej\u00f3 destrozada en el momento menos esperado - Fm Gente\" \/>\n<meta property=\"og:description\" content=\"Pampita ven\u00eda transitando momentos de paz y armon\u00eda durante los \u00faltimos meses. Con noticias positivas\" \/>\n<meta property=\"og:url\" content=\"https:\/\/fmgente.com.ar\/web\/pampita-recibio-una-terrible-noticia-que-la-dejo-destrozada-en-el-momento-menos-esperado\/\" \/>\n<meta property=\"og:site_name\" content=\"Fm Gente\" \/>\n<meta property=\"article:published_time\" content=\"2025-10-05T18:06:24+00:00\" \/>\n<meta property=\"og:image\" content=\"https:\/\/fmgente.com.ar\/web\/wp-content\/uploads\/2025\/10\/IMG_5980-359x226-31.jpg\" \/>\n\t<meta property=\"og:image:width\" content=\"359\" \/>\n\t<meta property=\"og:image:height\" content=\"226\" \/>\n\t<meta property=\"og:image:type\" content=\"image\/jpeg\" \/>\n<meta name=\"twitter:card\" content=\"summary_large_image\" \/>\n<meta name=\"twitter:label1\" content=\"Tiempo de lectura\" \/>\n\t<meta name=\"twitter:data1\" content=\"3 minutos\" \/>\n<script type=\"application\/ld+json\" class=\"yoast-schema-graph\">{\"@context\":\"https:\\\/\\\/schema.org\",\"@graph\":[{\"@type\":\"Article\",\"@id\":\"https:\\\/\\\/fmgente.com.ar\\\/web\\\/pampita-recibio-una-terrible-noticia-que-la-dejo-destrozada-en-el-momento-menos-esperado\\\/#article\",\"isPartOf\":{\"@id\":\"https:\\\/\\\/fmgente.com.ar\\\/web\\\/pampita-recibio-una-terrible-noticia-que-la-dejo-destrozada-en-el-momento-menos-esperado\\\/\"},\"author\":{\"name\":\"\",\"@id\":\"\"},\"headline\":\"Pampita recibi\u00f3 una terrible noticia que la dej\u00f3 destrozada en el momento menos esperado\",\"datePublished\":\"2025-10-05T18:06:24+00:00\",\"mainEntityOfPage\":{\"@id\":\"https:\\\/\\\/fmgente.com.ar\\\/web\\\/pampita-recibio-una-terrible-noticia-que-la-dejo-destrozada-en-el-momento-menos-esperado\\\/\"},\"wordCount\":590,\"publisher\":{\"@id\":\"https:\\\/\\\/fmgente.com.ar\\\/web\\\/#organization\"},\"image\":{\"@id\":\"https:\\\/\\\/fmgente.com.ar\\\/web\\\/pampita-recibio-una-terrible-noticia-que-la-dejo-destrozada-en-el-momento-menos-esperado\\\/#primaryimage\"},\"thumbnailUrl\":\"https:\\\/\\\/fmgente.com.ar\\\/web\\\/wp-content\\\/uploads\\\/2025\\\/10\\\/IMG_5980-359x226-31.jpg\",\"articleSection\":[\"DESTACADAS\"],\"inLanguage\":\"es\"},{\"@type\":\"WebPage\",\"@id\":\"https:\\\/\\\/fmgente.com.ar\\\/web\\\/pampita-recibio-una-terrible-noticia-que-la-dejo-destrozada-en-el-momento-menos-esperado\\\/\",\"url\":\"https:\\\/\\\/fmgente.com.ar\\\/web\\\/pampita-recibio-una-terrible-noticia-que-la-dejo-destrozada-en-el-momento-menos-esperado\\\/\",\"name\":\"Pampita recibi\u00f3 una terrible noticia que la dej\u00f3 destrozada en el momento menos esperado - Fm Gente\",\"isPartOf\":{\"@id\":\"https:\\\/\\\/fmgente.com.ar\\\/web\\\/#website\"},\"primaryImageOfPage\":{\"@id\":\"https:\\\/\\\/fmgente.com.ar\\\/web\\\/pampita-recibio-una-terrible-noticia-que-la-dejo-destrozada-en-el-momento-menos-esperado\\\/#primaryimage\"},\"image\":{\"@id\":\"https:\\\/\\\/fmgente.com.ar\\\/web\\\/pampita-recibio-una-terrible-noticia-que-la-dejo-destrozada-en-el-momento-menos-esperado\\\/#primaryimage\"},\"thumbnailUrl\":\"https:\\\/\\\/fmgente.com.ar\\\/web\\\/wp-content\\\/uploads\\\/2025\\\/10\\\/IMG_5980-359x226-31.jpg\",\"datePublished\":\"2025-10-05T18:06:24+00:00\",\"inLanguage\":\"es\",\"potentialAction\":[{\"@type\":\"ReadAction\",\"target\":[\"https:\\\/\\\/fmgente.com.ar\\\/web\\\/pampita-recibio-una-terrible-noticia-que-la-dejo-destrozada-en-el-momento-menos-esperado\\\/\"]}]},{\"@type\":\"ImageObject\",\"inLanguage\":\"es\",\"@id\":\"https:\\\/\\\/fmgente.com.ar\\\/web\\\/pampita-recibio-una-terrible-noticia-que-la-dejo-destrozada-en-el-momento-menos-esperado\\\/#primaryimage\",\"url\":\"https:\\\/\\\/fmgente.com.ar\\\/web\\\/wp-content\\\/uploads\\\/2025\\\/10\\\/IMG_5980-359x226-31.jpg\",\"contentUrl\":\"https:\\\/\\\/fmgente.com.ar\\\/web\\\/wp-content\\\/uploads\\\/2025\\\/10\\\/IMG_5980-359x226-31.jpg\",\"width\":359,\"height\":226},{\"@type\":\"WebSite\",\"@id\":\"https:\\\/\\\/fmgente.com.ar\\\/web\\\/#website\",\"url\":\"https:\\\/\\\/fmgente.com.ar\\\/web\\\/\",\"name\":\"Fm Gente\",\"description\":\"- Jes\u00fas Mar\u00eda\",\"publisher\":{\"@id\":\"https:\\\/\\\/fmgente.com.ar\\\/web\\\/#organization\"},\"potentialAction\":[{\"@type\":\"SearchAction\",\"target\":{\"@type\":\"EntryPoint\",\"urlTemplate\":\"https:\\\/\\\/fmgente.com.ar\\\/web\\\/?s={search_term_string}\"},\"query-input\":{\"@type\":\"PropertyValueSpecification\",\"valueRequired\":true,\"valueName\":\"search_term_string\"}}],\"inLanguage\":\"es\"},{\"@type\":\"Organization\",\"@id\":\"https:\\\/\\\/fmgente.com.ar\\\/web\\\/#organization\",\"name\":\"Fm Gente\",\"url\":\"https:\\\/\\\/fmgente.com.ar\\\/web\\\/\",\"logo\":{\"@type\":\"ImageObject\",\"inLanguage\":\"es\",\"@id\":\"https:\\\/\\\/fmgente.com.ar\\\/web\\\/#\\\/schema\\\/logo\\\/image\\\/\",\"url\":\"https:\\\/\\\/fmgente.com.ar\\\/web\\\/wp-content\\\/uploads\\\/2023\\\/07\\\/cropped-cropped-logo-sombra2.png\",\"contentUrl\":\"https:\\\/\\\/fmgente.com.ar\\\/web\\\/wp-content\\\/uploads\\\/2023\\\/07\\\/cropped-cropped-logo-sombra2.png\",\"width\":1782,\"height\":1782,\"caption\":\"Fm Gente\"},\"image\":{\"@id\":\"https:\\\/\\\/fmgente.com.ar\\\/web\\\/#\\\/schema\\\/logo\\\/image\\\/\"}}]}<\/script>\n<!-- \/ Yoast SEO plugin. -->","yoast_head_json":{"title":"Pampita recibi\u00f3 una terrible noticia que la dej\u00f3 destrozada en el momento menos esperado - Fm Gente","robots":{"index":"index","follow":"follow","max-snippet":"max-snippet:-1","max-image-preview":"max-image-preview:large","max-video-preview":"max-video-preview:-1"},"canonical":"https:\/\/fmgente.com.ar\/web\/pampita-recibio-una-terrible-noticia-que-la-dejo-destrozada-en-el-momento-menos-esperado\/","og_locale":"es_ES","og_type":"article","og_title":"Pampita recibi\u00f3 una terrible noticia que la dej\u00f3 destrozada en el momento menos esperado - Fm Gente","og_description":"Pampita ven\u00eda transitando momentos de paz y armon\u00eda durante los \u00faltimos meses. Con noticias positivas","og_url":"https:\/\/fmgente.com.ar\/web\/pampita-recibio-una-terrible-noticia-que-la-dejo-destrozada-en-el-momento-menos-esperado\/","og_site_name":"Fm Gente","article_published_time":"2025-10-05T18:06:24+00:00","og_image":[{"width":359,"height":226,"url":"https:\/\/fmgente.com.ar\/web\/wp-content\/uploads\/2025\/10\/IMG_5980-359x226-31.jpg","type":"image\/jpeg"}],"twitter_card":"summary_large_image","twitter_misc":{"Tiempo de lectura":"3 minutos"},"schema":{"@context":"https:\/\/schema.org","@graph":[{"@type":"Article","@id":"https:\/\/fmgente.com.ar\/web\/pampita-recibio-una-terrible-noticia-que-la-dejo-destrozada-en-el-momento-menos-esperado\/#article","isPartOf":{"@id":"https:\/\/fmgente.com.ar\/web\/pampita-recibio-una-terrible-noticia-que-la-dejo-destrozada-en-el-momento-menos-esperado\/"},"author":{"name":"","@id":""},"headline":"Pampita recibi\u00f3 una terrible noticia que la dej\u00f3 destrozada en el momento menos esperado","datePublished":"2025-10-05T18:06:24+00:00","mainEntityOfPage":{"@id":"https:\/\/fmgente.com.ar\/web\/pampita-recibio-una-terrible-noticia-que-la-dejo-destrozada-en-el-momento-menos-esperado\/"},"wordCount":590,"publisher":{"@id":"https:\/\/fmgente.com.ar\/web\/#organization"},"image":{"@id":"https:\/\/fmgente.com.ar\/web\/pampita-recibio-una-terrible-noticia-que-la-dejo-destrozada-en-el-momento-menos-esperado\/#primaryimage"},"thumbnailUrl":"https:\/\/fmgente.com.ar\/web\/wp-content\/uploads\/2025\/10\/IMG_5980-359x226-31.jpg","articleSection":["DESTACADAS"],"inLanguage":"es"},{"@type":"WebPage","@id":"https:\/\/fmgente.com.ar\/web\/pampita-recibio-una-terrible-noticia-que-la-dejo-destrozada-en-el-momento-menos-esperado\/","url":"https:\/\/fmgente.com.ar\/web\/pampita-recibio-una-terrible-noticia-que-la-dejo-destrozada-en-el-momento-menos-esperado\/","name":"Pampita recibi\u00f3 una terrible noticia que la dej\u00f3 destrozada en el momento menos esperado - Fm Gente","isPartOf":{"@id":"https:\/\/fmgente.com.ar\/web\/#website"},"primaryImageOfPage":{"@id":"https:\/\/fmgente.com.ar\/web\/pampita-recibio-una-terrible-noticia-que-la-dejo-destrozada-en-el-momento-menos-esperado\/#primaryimage"},"image":{"@id":"https:\/\/fmgente.com.ar\/web\/pampita-recibio-una-terrible-noticia-que-la-dejo-destrozada-en-el-momento-menos-esperado\/#primaryimage"},"thumbnailUrl":"https:\/\/fmgente.com.ar\/web\/wp-content\/uploads\/2025\/10\/IMG_5980-359x226-31.jpg","datePublished":"2025-10-05T18:06:24+00:00","inLanguage":"es","potentialAction":[{"@type":"ReadAction","target":["https:\/\/fmgente.com.ar\/web\/pampita-recibio-una-terrible-noticia-que-la-dejo-destrozada-en-el-momento-menos-esperado\/"]}]},{"@type":"ImageObject","inLanguage":"es","@id":"https:\/\/fmgente.com.ar\/web\/pampita-recibio-una-terrible-noticia-que-la-dejo-destrozada-en-el-momento-menos-esperado\/#primaryimage","url":"https:\/\/fmgente.com.ar\/web\/wp-content\/uploads\/2025\/10\/IMG_5980-359x226-31.jpg","contentUrl":"https:\/\/fmgente.com.ar\/web\/wp-content\/uploads\/2025\/10\/IMG_5980-359x226-31.jpg","width":359,"height":226},{"@type":"WebSite","@id":"https:\/\/fmgente.com.ar\/web\/#website","url":"https:\/\/fmgente.com.ar\/web\/","name":"Fm Gente","description":"- Jes\u00fas Mar\u00eda","publisher":{"@id":"https:\/\/fmgente.com.ar\/web\/#organization"},"potentialAction":[{"@type":"SearchAction","target":{"@type":"EntryPoint","urlTemplate":"https:\/\/fmgente.com.ar\/web\/?s={search_term_string}"},"query-input":{"@type":"PropertyValueSpecification","valueRequired":true,"valueName":"search_term_string"}}],"inLanguage":"es"},{"@type":"Organization","@id":"https:\/\/fmgente.com.ar\/web\/#organization","name":"Fm Gente","url":"https:\/\/fmgente.com.ar\/web\/","logo":{"@type":"ImageObject","inLanguage":"es","@id":"https:\/\/fmgente.com.ar\/web\/#\/schema\/logo\/image\/","url":"https:\/\/fmgente.com.ar\/web\/wp-content\/uploads\/2023\/07\/cropped-cropped-logo-sombra2.png","contentUrl":"https:\/\/fmgente.com.ar\/web\/wp-content\/uploads\/2023\/07\/cropped-cropped-logo-sombra2.png","width":1782,"height":1782,"caption":"Fm Gente"},"image":{"@id":"https:\/\/fmgente.com.ar\/web\/#\/schema\/logo\/image\/"}}]}},"_links":{"self":[{"href":"https:\/\/fmgente.com.ar\/web\/wp-json\/wp\/v2\/posts\/6137","targetHints":{"allow":["GET"]}}],"collection":[{"href":"https:\/\/fmgente.com.ar\/web\/wp-json\/wp\/v2\/posts"}],"about":[{"href":"https:\/\/fmgente.com.ar\/web\/wp-json\/wp\/v2\/types\/post"}],"replies":[{"embeddable":true,"href":"https:\/\/fmgente.com.ar\/web\/wp-json\/wp\/v2\/comments?post=6137"}],"version-history":[{"count":0,"href":"https:\/\/fmgente.com.ar\/web\/wp-json\/wp\/v2\/posts\/6137\/revisions"}],"wp:featuredmedia":[{"embeddable":true,"href":"https:\/\/fmgente.com.ar\/web\/wp-json\/wp\/v2\/media\/6138"}],"wp:attachment":[{"href":"https:\/\/fmgente.com.ar\/web\/wp-json\/wp\/v2\/media?parent=6137"}],"wp:term":[{"taxonomy":"category","embeddable":true,"href":"https:\/\/fmgente.com.ar\/web\/wp-json\/wp\/v2\/categories?post=6137"},{"taxonomy":"post_tag","embeddable":true,"href":"https:\/\/fmgente.com.ar\/web\/wp-json\/wp\/v2\/tags?post=6137"}],"curies":[{"name":"wp","href":"https:\/\/api.w.org\/{rel}","templated":true}]}}