{"id":6135,"date":"2025-10-05T14:08:09","date_gmt":"2025-10-05T17:08:09","guid":{"rendered":"https:\/\/fmgente.com.ar\/el-drama-de-juli-argenta-tras-irse-del-programa-de-angel-de-brito-no-hice-terapia-y\/"},"modified":"2025-10-05T14:08:09","modified_gmt":"2025-10-05T17:08:09","slug":"el-drama-de-juli-argenta-tras-irse-del-programa-de-angel-de-brito-no-hice-terapia-y","status":"publish","type":"post","link":"https:\/\/fmgente.com.ar\/web\/el-drama-de-juli-argenta-tras-irse-del-programa-de-angel-de-brito-no-hice-terapia-y\/","title":{"rendered":"El drama de Juli Argenta tras irse del programa de \u00c1ngel de Brito: \u201cNo hice terapia y\u2026\u201d"},"content":{"rendered":"<p>Los cambios dentro de los programas de <strong>\u00c1ngel de Brito<\/strong> se hicieron sentir en los \u00faltimos d\u00edas. Luego de la sorpresiva despedida de Marcela Feudale en <strong><em>LAM<\/em><\/strong>, ahora fue <strong>Juli Argenta<\/strong> quien anunci\u00f3 que deja Bondi, el ciclo de streaming donde acompa\u00f1aba al conductor.<\/p>\n<p>La salida de <strong><a href=\"https:\/\/www.paparazzi.com.ar\/teve\/quien-es-la-historica-panelista-de-lam-que-volvera-a-trabajar-con-angel-de-brito\/\">Juli<\/a><\/strong> del canal de streaming se conoci\u00f3 este viernes 3 de octubre en \u00c1ngel Responde, el programa que lidera el conductor de <strong><em>LAM<\/em><\/strong>. <em>\u201cTenemos varios cambios en Bondi, y uno de esos es que hoy se despide Juli Argenta de este programa\u201d<\/em>, lanz\u00f3 <strong>De Brito<\/strong>, en lo que definitivamente ser\u00e1 un cambio fuerte dentro de la estructura y el equipo de trabajo.<\/p>\n<p>Fue en ese momento cuando <strong>Julieta<\/strong> tom\u00f3 la palabra y explic\u00f3 los motivos de su decisi\u00f3n: <em>\u201cMe cost\u00f3 mucho tomar la decisi\u00f3n. Toda la vida so\u00f1\u00e9 con trabajar con \u00c1ngel, pero la realidad es que vengo de un a\u00f1o muy complicado\u201d<\/em>. As\u00ed las cosas, el propio <strong><a href=\"https:\/\/www.paparazzi.com.ar\/teve\/angel-de-brito-exploto-en-vivo-tras-la-escandalosa-pelea-de-sus-panelistas\/\">\u00c1ngel<\/a><\/strong> intervino para aclarar que la periodista no se va del mundo <em>Mandarina<\/em> -la productora-, ya que seguir\u00e1 firme en <strong><em>LAM<\/em><\/strong>.<\/p>\n<div class=\"mt-box \">\n<h4 class=\"mt-heading\">Mir\u00e1 Tambi\u00e9n<\/h4>\n<p><a href=\"https:\/\/www.paparazzi.com.ar\/videos\/exclusivo-marcelo-polino-hablo-como-nunca-de-su-vida-intima-y-conto-cuando-fue-la-ultima-vez-que-tuvo-sexo-con-una-mujer\/\"><\/p>\n<div class=\"mt-content\">\n<div class=\"mt-image-container\"><img decoding=\"async\" src=\"https:\/\/www.paparazzi.com.ar\/wp-content\/uploads\/2025\/09\/IMG_5980-359x226.jpg\" alt=\"\u00a1Exclusivo! Marcelo Polino habl\u00f3 como nunca de su vida \u00edntima y cont\u00f3 cu\u00e1ndo fue la \u00faltima vez que tuvo sexo con una mujer\u00a0\" class=\"mt-image\" loading=\"lazy\" \/><\/div>\n<h5 class=\"mt-title\">\u00a1Exclusivo! Marcelo Polino habl\u00f3 como nunca de su vida \u00edntima y cont\u00f3 cu\u00e1ndo fue la \u00faltima vez que tuvo sexo con una mujer\u00a0<\/h5>\n<\/div>\n<p><\/a><\/div>\n<p><strong><a href=\"https:\/\/www.paparazzi.com.ar\/teve\/se-pudrio-todo-en-lam-gritos-reproches-y-llantos-al-aire-entre-panelistas\/\">Argenta<\/a><\/strong> comenz\u00f3 su carrera dentro del mundo deportivo, destac\u00e1ndose por cubrir las campa\u00f1as de River y dando un importante giro profesional en los \u00faltimos a\u00f1os para consolidarse como panelista de espect\u00e1culos. Y si bien tiene definido el camino que debe seguir, en lo personal no est\u00e1 viviendo un buen momento y esto la llev\u00f3 a tomar decisiones.<\/p>\n<h2 class=\"wp-block-heading\">EL MAL MOMENTO QUE ATRAVIESA JULI ARGENTA TRAS DEJAR BONDI LIVE<\/h2>\n<p><em>\u201cEl d\u00eda que me lleg\u00f3 la propuesta de trabajar en Bondi yo estaba en Italia con mi pap\u00e1 visitando a mi hermana, y en esa misma semana nos enteramos que ella ten\u00eda c\u00e1ncer de mama. Fueron dos a\u00f1os muy dif\u00edciles, pas\u00e9 las operaciones de mi hermana, temas familiares, y Bondi me ayud\u00f3 y acompa\u00f1\u00f3 a transitar el duro momento\u201d<\/em>, revel\u00f3 <strong>Juli<\/strong> sobre los motivos que se esconden detr\u00e1s de su salida.<\/p>\n<p>Lejos de quedarse en lo profesional, <strong>Julieta<\/strong> abri\u00f3 su coraz\u00f3n y habl\u00f3 del impacto emocional que ha estado atravesando: <em>\u201cCreo que estuve tapando con trabajo todas mis emociones, no hice terapia todo este tiempo y me estuve dejando de lado. Me parece interesante compartir esto porque le pasa a un mont\u00f3n de gente. Sent\u00ed la necesidad de pedirle a \u00c1ngel tener las ma\u00f1anas libres\u201d<\/em>.<\/p>\n<div class=\"mt-box \">\n<h4 class=\"mt-heading\">Mir\u00e1 Tambi\u00e9n<\/h4>\n<p><a href=\"https:\/\/www.paparazzi.com.ar\/teve\/quien-es-la-historica-panelista-de-lam-que-volvera-a-trabajar-con-angel-de-brito\/\"><\/p>\n<div class=\"mt-content\">\n<div class=\"mt-image-container\"><img decoding=\"async\" src=\"https:\/\/www.paparazzi.com.ar\/wp-content\/uploads\/2025\/10\/Mariana-Brey-359x226.jpg\" alt=\"Qui\u00e9n es la hist\u00f3rica panelista de LAM que volver\u00e1 a trabajar con \u00c1ngel de Brito\" class=\"mt-image\" loading=\"lazy\" \/><\/div>\n<h5 class=\"mt-title\">Qui\u00e9n es la hist\u00f3rica panelista de LAM que volver\u00e1 a trabajar con \u00c1ngel de Brito<\/h5>\n<\/div>\n<p><\/a><\/div>\n<p>Luego explic\u00f3 que el propio <strong>\u00c1ngel<\/strong> respald\u00f3 su decisi\u00f3n y record\u00f3 la charla \u00edntima que tuvieron: <em>\u201cDejalo, si est\u00e1s agobiada y no pod\u00e9s m\u00e1s, dej\u00e1 Bondi, no pasa nada, segu\u00eds solo en LAM. Hac\u00e9 las cosas que tenemos que hacer en la vida\u201d<\/em>, fue el consejo que le dio el conductor a su panelista. Es ah\u00ed donde la periodista decidi\u00f3 dar el paso y soltar el streaming.<\/p>\n<p>Por otro lado, <strong>Juli<\/strong> sabe que ahora que tendr\u00e1 las ma\u00f1anas m\u00e1s liberadas podr\u00e1 generar un mejor trabajo para las emisiones nocturnas de <strong><em>LAM<\/em><\/strong>: <em>\u201cMe va a hacer bien para comprometerme m\u00e1s con el laburo de la noche y tener m\u00e1s tiempo de producir mejor que es lo que a m\u00ed me gusta y siento que no estoy al 100\u201d<\/em>.<\/p>\n<div class=\"mt-box \">\n<h4 class=\"mt-heading\">Mir\u00e1 Tambi\u00e9n<\/h4>\n<p><a href=\"https:\/\/www.paparazzi.com.ar\/teve\/angel-de-brito-exploto-en-vivo-tras-la-escandalosa-pelea-de-sus-panelistas\/\"><\/p>\n<div class=\"mt-content\">\n<div class=\"mt-image-container\"><img decoding=\"async\" src=\"https:\/\/www.paparazzi.com.ar\/wp-content\/uploads\/2025\/06\/Angel-de-Brito-LAM-359x226.jpg\" alt=\"\u00c1ngel de Brito explot\u00f3 en vivo tras la escandalosa pelea de sus panelistas\" class=\"mt-image\" loading=\"lazy\" \/><\/div>\n<h5 class=\"mt-title\">\u00c1ngel de Brito explot\u00f3 en vivo tras la escandalosa pelea de sus panelistas<\/h5>\n<\/div>\n<p><\/a><\/div>\n<div class=\"mt-box \">\n<h4 class=\"mt-heading\">Mir\u00e1 Tambi\u00e9n<\/h4>\n<p><a href=\"https:\/\/www.paparazzi.com.ar\/teve\/se-pudrio-todo-en-lam-gritos-reproches-y-llantos-al-aire-entre-panelistas\/\"><\/p>\n<div class=\"mt-content\">\n<div class=\"mt-image-container\"><img decoding=\"async\" src=\"https:\/\/www.paparazzi.com.ar\/wp-content\/uploads\/2025\/09\/LAM-1-359x226.png\" alt=\"Se pudri\u00f3 todo en LAM: gritos, reproches y llantos al aire entre panelistas\" class=\"mt-image\" loading=\"lazy\" \/><\/div>\n<h5 class=\"mt-title\">Se pudri\u00f3 todo en LAM: gritos, reproches y llantos al aire entre panelistas<\/h5>\n<\/div>\n<p><\/a><\/div>\n<p>The post <a href=\"https:\/\/www.paparazzi.com.ar\/teve\/el-drama-de-juli-argenta-tras-irse-del-programa-de-angel-de-brito-no-hice-terapia-y\/\">El drama de Juli Argenta tras irse del programa de \u00c1ngel de Brito: \u201cNo hice terapia y\u2026\u201d<\/a> appeared first on <a href=\"https:\/\/www.paparazzi.com.ar\">Revista Paparazzi<\/a>.<\/p>\n","protected":false},"excerpt":{"rendered":"<p>Los cambios dentro de los programas de \u00c1ngel de Brito se hicieron sentir en los<\/p>\n","protected":false},"author":0,"featured_media":6136,"comment_status":"","ping_status":"","sticky":false,"template":"","format":"standard","meta":{"footnotes":""},"categories":[11],"tags":[],"class_list":["post-6135","post","type-post","status-publish","format-standard","has-post-thumbnail","hentry","category-destacadas"],"yoast_head":"<!-- This site is optimized with the Yoast SEO plugin v28.3 - https:\/\/yoast.com\/product\/yoast-seo-wordpress\/ -->\n<title>El drama de Juli Argenta tras irse del programa de \u00c1ngel de Brito: \u201cNo hice terapia y\u2026\u201d - Fm Gente<\/title>\n<meta name=\"robots\" content=\"index, follow, max-snippet:-1, max-image-preview:large, max-video-preview:-1\" \/>\n<link rel=\"canonical\" href=\"https:\/\/fmgente.com.ar\/web\/el-drama-de-juli-argenta-tras-irse-del-programa-de-angel-de-brito-no-hice-terapia-y\/\" \/>\n<meta property=\"og:locale\" content=\"es_ES\" \/>\n<meta property=\"og:type\" content=\"article\" \/>\n<meta property=\"og:title\" content=\"El drama de Juli Argenta tras irse del programa de \u00c1ngel de Brito: \u201cNo hice terapia y\u2026\u201d - Fm Gente\" \/>\n<meta property=\"og:description\" content=\"Los cambios dentro de los programas de \u00c1ngel de Brito se hicieron sentir en los\" \/>\n<meta property=\"og:url\" content=\"https:\/\/fmgente.com.ar\/web\/el-drama-de-juli-argenta-tras-irse-del-programa-de-angel-de-brito-no-hice-terapia-y\/\" \/>\n<meta property=\"og:site_name\" content=\"Fm Gente\" \/>\n<meta property=\"article:published_time\" content=\"2025-10-05T17:08:09+00:00\" \/>\n<meta property=\"og:image\" content=\"https:\/\/fmgente.com.ar\/web\/wp-content\/uploads\/2025\/10\/IMG_5980-359x226-30.jpg\" \/>\n\t<meta property=\"og:image:width\" content=\"359\" \/>\n\t<meta property=\"og:image:height\" content=\"226\" \/>\n\t<meta property=\"og:image:type\" content=\"image\/jpeg\" \/>\n<meta name=\"twitter:card\" content=\"summary_large_image\" \/>\n<meta name=\"twitter:label1\" content=\"Tiempo de lectura\" \/>\n\t<meta name=\"twitter:data1\" content=\"3 minutos\" \/>\n<script type=\"application\/ld+json\" class=\"yoast-schema-graph\">{\"@context\":\"https:\\\/\\\/schema.org\",\"@graph\":[{\"@type\":\"Article\",\"@id\":\"https:\\\/\\\/fmgente.com.ar\\\/web\\\/el-drama-de-juli-argenta-tras-irse-del-programa-de-angel-de-brito-no-hice-terapia-y\\\/#article\",\"isPartOf\":{\"@id\":\"https:\\\/\\\/fmgente.com.ar\\\/web\\\/el-drama-de-juli-argenta-tras-irse-del-programa-de-angel-de-brito-no-hice-terapia-y\\\/\"},\"author\":{\"name\":\"\",\"@id\":\"\"},\"headline\":\"El drama de Juli Argenta tras irse del programa de \u00c1ngel de Brito: \u201cNo hice terapia y\u2026\u201d\",\"datePublished\":\"2025-10-05T17:08:09+00:00\",\"mainEntityOfPage\":{\"@id\":\"https:\\\/\\\/fmgente.com.ar\\\/web\\\/el-drama-de-juli-argenta-tras-irse-del-programa-de-angel-de-brito-no-hice-terapia-y\\\/\"},\"wordCount\":651,\"publisher\":{\"@id\":\"https:\\\/\\\/fmgente.com.ar\\\/web\\\/#organization\"},\"image\":{\"@id\":\"https:\\\/\\\/fmgente.com.ar\\\/web\\\/el-drama-de-juli-argenta-tras-irse-del-programa-de-angel-de-brito-no-hice-terapia-y\\\/#primaryimage\"},\"thumbnailUrl\":\"https:\\\/\\\/fmgente.com.ar\\\/web\\\/wp-content\\\/uploads\\\/2025\\\/10\\\/IMG_5980-359x226-30.jpg\",\"articleSection\":[\"DESTACADAS\"],\"inLanguage\":\"es\"},{\"@type\":\"WebPage\",\"@id\":\"https:\\\/\\\/fmgente.com.ar\\\/web\\\/el-drama-de-juli-argenta-tras-irse-del-programa-de-angel-de-brito-no-hice-terapia-y\\\/\",\"url\":\"https:\\\/\\\/fmgente.com.ar\\\/web\\\/el-drama-de-juli-argenta-tras-irse-del-programa-de-angel-de-brito-no-hice-terapia-y\\\/\",\"name\":\"El drama de Juli Argenta tras irse del programa de \u00c1ngel de Brito: \u201cNo hice terapia y\u2026\u201d - Fm Gente\",\"isPartOf\":{\"@id\":\"https:\\\/\\\/fmgente.com.ar\\\/web\\\/#website\"},\"primaryImageOfPage\":{\"@id\":\"https:\\\/\\\/fmgente.com.ar\\\/web\\\/el-drama-de-juli-argenta-tras-irse-del-programa-de-angel-de-brito-no-hice-terapia-y\\\/#primaryimage\"},\"image\":{\"@id\":\"https:\\\/\\\/fmgente.com.ar\\\/web\\\/el-drama-de-juli-argenta-tras-irse-del-programa-de-angel-de-brito-no-hice-terapia-y\\\/#primaryimage\"},\"thumbnailUrl\":\"https:\\\/\\\/fmgente.com.ar\\\/web\\\/wp-content\\\/uploads\\\/2025\\\/10\\\/IMG_5980-359x226-30.jpg\",\"datePublished\":\"2025-10-05T17:08:09+00:00\",\"inLanguage\":\"es\",\"potentialAction\":[{\"@type\":\"ReadAction\",\"target\":[\"https:\\\/\\\/fmgente.com.ar\\\/web\\\/el-drama-de-juli-argenta-tras-irse-del-programa-de-angel-de-brito-no-hice-terapia-y\\\/\"]}]},{\"@type\":\"ImageObject\",\"inLanguage\":\"es\",\"@id\":\"https:\\\/\\\/fmgente.com.ar\\\/web\\\/el-drama-de-juli-argenta-tras-irse-del-programa-de-angel-de-brito-no-hice-terapia-y\\\/#primaryimage\",\"url\":\"https:\\\/\\\/fmgente.com.ar\\\/web\\\/wp-content\\\/uploads\\\/2025\\\/10\\\/IMG_5980-359x226-30.jpg\",\"contentUrl\":\"https:\\\/\\\/fmgente.com.ar\\\/web\\\/wp-content\\\/uploads\\\/2025\\\/10\\\/IMG_5980-359x226-30.jpg\",\"width\":359,\"height\":226},{\"@type\":\"WebSite\",\"@id\":\"https:\\\/\\\/fmgente.com.ar\\\/web\\\/#website\",\"url\":\"https:\\\/\\\/fmgente.com.ar\\\/web\\\/\",\"name\":\"Fm Gente\",\"description\":\"- Jes\u00fas Mar\u00eda\",\"publisher\":{\"@id\":\"https:\\\/\\\/fmgente.com.ar\\\/web\\\/#organization\"},\"potentialAction\":[{\"@type\":\"SearchAction\",\"target\":{\"@type\":\"EntryPoint\",\"urlTemplate\":\"https:\\\/\\\/fmgente.com.ar\\\/web\\\/?s={search_term_string}\"},\"query-input\":{\"@type\":\"PropertyValueSpecification\",\"valueRequired\":true,\"valueName\":\"search_term_string\"}}],\"inLanguage\":\"es\"},{\"@type\":\"Organization\",\"@id\":\"https:\\\/\\\/fmgente.com.ar\\\/web\\\/#organization\",\"name\":\"Fm Gente\",\"url\":\"https:\\\/\\\/fmgente.com.ar\\\/web\\\/\",\"logo\":{\"@type\":\"ImageObject\",\"inLanguage\":\"es\",\"@id\":\"https:\\\/\\\/fmgente.com.ar\\\/web\\\/#\\\/schema\\\/logo\\\/image\\\/\",\"url\":\"https:\\\/\\\/fmgente.com.ar\\\/web\\\/wp-content\\\/uploads\\\/2023\\\/07\\\/cropped-cropped-logo-sombra2.png\",\"contentUrl\":\"https:\\\/\\\/fmgente.com.ar\\\/web\\\/wp-content\\\/uploads\\\/2023\\\/07\\\/cropped-cropped-logo-sombra2.png\",\"width\":1782,\"height\":1782,\"caption\":\"Fm Gente\"},\"image\":{\"@id\":\"https:\\\/\\\/fmgente.com.ar\\\/web\\\/#\\\/schema\\\/logo\\\/image\\\/\"}}]}<\/script>\n<!-- \/ Yoast SEO plugin. -->","yoast_head_json":{"title":"El drama de Juli Argenta tras irse del programa de \u00c1ngel de Brito: \u201cNo hice terapia y\u2026\u201d - Fm Gente","robots":{"index":"index","follow":"follow","max-snippet":"max-snippet:-1","max-image-preview":"max-image-preview:large","max-video-preview":"max-video-preview:-1"},"canonical":"https:\/\/fmgente.com.ar\/web\/el-drama-de-juli-argenta-tras-irse-del-programa-de-angel-de-brito-no-hice-terapia-y\/","og_locale":"es_ES","og_type":"article","og_title":"El drama de Juli Argenta tras irse del programa de \u00c1ngel de Brito: \u201cNo hice terapia y\u2026\u201d - Fm Gente","og_description":"Los cambios dentro de los programas de \u00c1ngel de Brito se hicieron sentir en los","og_url":"https:\/\/fmgente.com.ar\/web\/el-drama-de-juli-argenta-tras-irse-del-programa-de-angel-de-brito-no-hice-terapia-y\/","og_site_name":"Fm Gente","article_published_time":"2025-10-05T17:08:09+00:00","og_image":[{"width":359,"height":226,"url":"https:\/\/fmgente.com.ar\/web\/wp-content\/uploads\/2025\/10\/IMG_5980-359x226-30.jpg","type":"image\/jpeg"}],"twitter_card":"summary_large_image","twitter_misc":{"Tiempo de lectura":"3 minutos"},"schema":{"@context":"https:\/\/schema.org","@graph":[{"@type":"Article","@id":"https:\/\/fmgente.com.ar\/web\/el-drama-de-juli-argenta-tras-irse-del-programa-de-angel-de-brito-no-hice-terapia-y\/#article","isPartOf":{"@id":"https:\/\/fmgente.com.ar\/web\/el-drama-de-juli-argenta-tras-irse-del-programa-de-angel-de-brito-no-hice-terapia-y\/"},"author":{"name":"","@id":""},"headline":"El drama de Juli Argenta tras irse del programa de \u00c1ngel de Brito: \u201cNo hice terapia y\u2026\u201d","datePublished":"2025-10-05T17:08:09+00:00","mainEntityOfPage":{"@id":"https:\/\/fmgente.com.ar\/web\/el-drama-de-juli-argenta-tras-irse-del-programa-de-angel-de-brito-no-hice-terapia-y\/"},"wordCount":651,"publisher":{"@id":"https:\/\/fmgente.com.ar\/web\/#organization"},"image":{"@id":"https:\/\/fmgente.com.ar\/web\/el-drama-de-juli-argenta-tras-irse-del-programa-de-angel-de-brito-no-hice-terapia-y\/#primaryimage"},"thumbnailUrl":"https:\/\/fmgente.com.ar\/web\/wp-content\/uploads\/2025\/10\/IMG_5980-359x226-30.jpg","articleSection":["DESTACADAS"],"inLanguage":"es"},{"@type":"WebPage","@id":"https:\/\/fmgente.com.ar\/web\/el-drama-de-juli-argenta-tras-irse-del-programa-de-angel-de-brito-no-hice-terapia-y\/","url":"https:\/\/fmgente.com.ar\/web\/el-drama-de-juli-argenta-tras-irse-del-programa-de-angel-de-brito-no-hice-terapia-y\/","name":"El drama de Juli Argenta tras irse del programa de \u00c1ngel de Brito: \u201cNo hice terapia y\u2026\u201d - Fm Gente","isPartOf":{"@id":"https:\/\/fmgente.com.ar\/web\/#website"},"primaryImageOfPage":{"@id":"https:\/\/fmgente.com.ar\/web\/el-drama-de-juli-argenta-tras-irse-del-programa-de-angel-de-brito-no-hice-terapia-y\/#primaryimage"},"image":{"@id":"https:\/\/fmgente.com.ar\/web\/el-drama-de-juli-argenta-tras-irse-del-programa-de-angel-de-brito-no-hice-terapia-y\/#primaryimage"},"thumbnailUrl":"https:\/\/fmgente.com.ar\/web\/wp-content\/uploads\/2025\/10\/IMG_5980-359x226-30.jpg","datePublished":"2025-10-05T17:08:09+00:00","inLanguage":"es","potentialAction":[{"@type":"ReadAction","target":["https:\/\/fmgente.com.ar\/web\/el-drama-de-juli-argenta-tras-irse-del-programa-de-angel-de-brito-no-hice-terapia-y\/"]}]},{"@type":"ImageObject","inLanguage":"es","@id":"https:\/\/fmgente.com.ar\/web\/el-drama-de-juli-argenta-tras-irse-del-programa-de-angel-de-brito-no-hice-terapia-y\/#primaryimage","url":"https:\/\/fmgente.com.ar\/web\/wp-content\/uploads\/2025\/10\/IMG_5980-359x226-30.jpg","contentUrl":"https:\/\/fmgente.com.ar\/web\/wp-content\/uploads\/2025\/10\/IMG_5980-359x226-30.jpg","width":359,"height":226},{"@type":"WebSite","@id":"https:\/\/fmgente.com.ar\/web\/#website","url":"https:\/\/fmgente.com.ar\/web\/","name":"Fm Gente","description":"- Jes\u00fas Mar\u00eda","publisher":{"@id":"https:\/\/fmgente.com.ar\/web\/#organization"},"potentialAction":[{"@type":"SearchAction","target":{"@type":"EntryPoint","urlTemplate":"https:\/\/fmgente.com.ar\/web\/?s={search_term_string}"},"query-input":{"@type":"PropertyValueSpecification","valueRequired":true,"valueName":"search_term_string"}}],"inLanguage":"es"},{"@type":"Organization","@id":"https:\/\/fmgente.com.ar\/web\/#organization","name":"Fm Gente","url":"https:\/\/fmgente.com.ar\/web\/","logo":{"@type":"ImageObject","inLanguage":"es","@id":"https:\/\/fmgente.com.ar\/web\/#\/schema\/logo\/image\/","url":"https:\/\/fmgente.com.ar\/web\/wp-content\/uploads\/2023\/07\/cropped-cropped-logo-sombra2.png","contentUrl":"https:\/\/fmgente.com.ar\/web\/wp-content\/uploads\/2023\/07\/cropped-cropped-logo-sombra2.png","width":1782,"height":1782,"caption":"Fm Gente"},"image":{"@id":"https:\/\/fmgente.com.ar\/web\/#\/schema\/logo\/image\/"}}]}},"_links":{"self":[{"href":"https:\/\/fmgente.com.ar\/web\/wp-json\/wp\/v2\/posts\/6135","targetHints":{"allow":["GET"]}}],"collection":[{"href":"https:\/\/fmgente.com.ar\/web\/wp-json\/wp\/v2\/posts"}],"about":[{"href":"https:\/\/fmgente.com.ar\/web\/wp-json\/wp\/v2\/types\/post"}],"replies":[{"embeddable":true,"href":"https:\/\/fmgente.com.ar\/web\/wp-json\/wp\/v2\/comments?post=6135"}],"version-history":[{"count":0,"href":"https:\/\/fmgente.com.ar\/web\/wp-json\/wp\/v2\/posts\/6135\/revisions"}],"wp:featuredmedia":[{"embeddable":true,"href":"https:\/\/fmgente.com.ar\/web\/wp-json\/wp\/v2\/media\/6136"}],"wp:attachment":[{"href":"https:\/\/fmgente.com.ar\/web\/wp-json\/wp\/v2\/media?parent=6135"}],"wp:term":[{"taxonomy":"category","embeddable":true,"href":"https:\/\/fmgente.com.ar\/web\/wp-json\/wp\/v2\/categories?post=6135"},{"taxonomy":"post_tag","embeddable":true,"href":"https:\/\/fmgente.com.ar\/web\/wp-json\/wp\/v2\/tags?post=6135"}],"curies":[{"name":"wp","href":"https:\/\/api.w.org\/{rel}","templated":true}]}}