{"id":6133,"date":"2025-10-05T13:05:33","date_gmt":"2025-10-05T16:05:33","guid":{"rendered":"https:\/\/fmgente.com.ar\/la-mejor-noticia-para-thiago-medina-salio-de-terapia-intensiva-despues-de-3-semanas-y-la-emocion-es-total\/"},"modified":"2025-10-05T13:05:33","modified_gmt":"2025-10-05T16:05:33","slug":"la-mejor-noticia-para-thiago-medina-salio-de-terapia-intensiva-despues-de-3-semanas-y-la-emocion-es-total","status":"publish","type":"post","link":"https:\/\/fmgente.com.ar\/web\/la-mejor-noticia-para-thiago-medina-salio-de-terapia-intensiva-despues-de-3-semanas-y-la-emocion-es-total\/","title":{"rendered":"La mejor noticia para Thiago Medina: sali\u00f3 de terapia intensiva despu\u00e9s de 3 semanas y la emoci\u00f3n es total"},"content":{"rendered":"<p>Despu\u00e9s de casi tres semanas de incertidumbre y angustia, la vida de <strong>Thiago Medina <\/strong>comienza a abrir una nueva p\u00e1gina. El ex Gran Hermano, que el pasado 12 de septiembre sufri\u00f3 un grave accidente en moto, ya no necesita asistencia respiratoria ni cuidados intensivos, y se encuentra en una etapa de recuperaci\u00f3n que genera esperanza tanto en su familia como en los m\u00e9dicos que lo acompa\u00f1an.<\/p>\n<p>El hospital provincial Mariano y Luciano de la Vega, en Moreno, fue el escenario de una batalla contrarreloj desde aquella noche fat\u00eddica en la que un autom\u00f3vil lo embisti\u00f3. <strong><a href=\"https:\/\/www.paparazzi.com.ar\/teve\/el-mensaje-que-envio-thiago-medina-internado-en-terapia-intensiva-a-23-dias-del-accidente\/\">Thiago<\/a><\/strong> ingres\u00f3 en estado cr\u00edtico y los especialistas no dudaron en actuar.<\/p>\n<p><em>\u201cEl cuadro era tan severo que el equipo debi\u00f3 inducir un coma farmacol\u00f3gico en el paciente para realizar el primer abordaje de urgencia en la guardia de emergencias del hospital por hemoneumot\u00f3rax\u201d<\/em>, cont\u00f3 Dora Ag\u00fcero, directora ejecutiva del hospital donde se encuentra <strong><a href=\"https:\/\/www.paparazzi.com.ar\/teve\/la-angustiante-frase-que-thiago-medina-le-repite-a-daniela-celis-en-terapia-intensiva\/\">Thiago<\/a><\/strong>. Y agreg\u00f3 un detalle clave: <em>\u201cEste abordaje inicial le salv\u00f3 la vida porque presentaba uno de los pulmones colapsados\u201d<\/em>.<\/p>\n<div class=\"mt-box \">\n<h4 class=\"mt-heading\">Mir\u00e1 Tambi\u00e9n<\/h4>\n<p><a href=\"https:\/\/www.paparazzi.com.ar\/videos\/exclusivo-marcelo-polino-hablo-como-nunca-de-su-vida-intima-y-conto-cuando-fue-la-ultima-vez-que-tuvo-sexo-con-una-mujer\/\"><\/p>\n<div class=\"mt-content\">\n<div class=\"mt-image-container\"><img decoding=\"async\" src=\"https:\/\/www.paparazzi.com.ar\/wp-content\/uploads\/2025\/09\/IMG_5980-359x226.jpg\" alt=\"\u00a1Exclusivo! Marcelo Polino habl\u00f3 como nunca de su vida \u00edntima y cont\u00f3 cu\u00e1ndo fue la \u00faltima vez que tuvo sexo con una mujer\u00a0\" class=\"mt-image\" loading=\"lazy\" \/><\/div>\n<h5 class=\"mt-title\">\u00a1Exclusivo! Marcelo Polino habl\u00f3 como nunca de su vida \u00edntima y cont\u00f3 cu\u00e1ndo fue la \u00faltima vez que tuvo sexo con una mujer\u00a0<\/h5>\n<\/div>\n<p><\/a><\/div>\n<p>El \u00faltimo parte m\u00e9dico de <strong><a href=\"https:\/\/www.paparazzi.com.ar\/teve\/la-fuerte-promesa-que-cumplio-daniela-celis-en-medio-de-la-recuperacion-de-thiago-medina\/\">Thiago<\/a><\/strong> trajo alivio: <em>\u201cEl paciente se recupera y evoluciona muy favorablemente, atraves\u00f3 con \u00e9xito tres cirug\u00edas, y ya no requiere asistencia respiratoria mec\u00e1nica, sondas, ni v\u00eda central para recibir medicaci\u00f3n\u201d<\/em>. La m\u00e9dica explic\u00f3 que, adem\u00e1s, <em>\u201cya se alimenta por sus propios medios, recibe soporte nutricional y asistencia kin\u00e9sica para recuperar fuerza muscular despu\u00e9s de casi tres semanas de internaci\u00f3n, y se pudo reencontrar con sus familiares\u201d<\/em>.<\/p>\n<h2 class=\"wp-block-heading\">THIAGO MEDINA SALI\u00d3 DE TERAPIA INTENSIVA Y LE DIERON LA MEJOR NOTICIA POR SUS HIJAS<\/h2>\n<p>Las lesiones que sufri\u00f3 <strong>Medina<\/strong> fueron m\u00faltiples y graves: fracturas de costillas, da\u00f1o en h\u00edgado, p\u00e1ncreas y bazo, adem\u00e1s de hemorragias internas. Los cirujanos debieron extraerle el bazo y colocar pr\u00f3tesis para estabilizar sus costillas. A este complejo panorama se sumaron transfusiones y procedimientos que, paso a paso, fueron construyendo el camino hacia la mejor\u00eda.<\/p>\n<p><em>\u201cLa siguiente operaci\u00f3n fue realizada por cirujanas del servicio de cirug\u00eda del hospital, las doctoras Denise Fastman, jefa de servicio y Nadia Carsoglio, con la asistencia del m\u00e9dico Celestino Aranda, cirujano especialista del hospital del Bicentenario Esteban Echeverr\u00eda\u201d<\/em>, indic\u00f3 Ag\u00fcero, subrayando el trabajo en red.<\/p>\n<div class=\"mt-box \">\n<h4 class=\"mt-heading\">Mir\u00e1 Tambi\u00e9n<\/h4>\n<p><a href=\"https:\/\/www.paparazzi.com.ar\/teve\/el-mensaje-que-envio-thiago-medina-internado-en-terapia-intensiva-a-23-dias-del-accidente\/\"><\/p>\n<div class=\"mt-content\">\n<div class=\"mt-image-container\"><img decoding=\"async\" src=\"https:\/\/www.paparazzi.com.ar\/wp-content\/uploads\/2025\/10\/Thiago-Medina-359x226.jpg\" alt=\"El mensaje que envi\u00f3 Thiago Medina internado en terapia intensiva a 23 d\u00edas del accidente\" class=\"mt-image\" loading=\"lazy\" \/><\/div>\n<h5 class=\"mt-title\">El mensaje que envi\u00f3 Thiago Medina internado en terapia intensiva a 23 d\u00edas del accidente<\/h5>\n<\/div>\n<p><\/a><\/div>\n<p>Ese trabajo colectivo es hoy uno de los pilares m\u00e1s celebrados por el cuerpo m\u00e9dico:<em> \u201cEl trabajo en red del equipo de salud y el aporte de todos los servicios que contribuyeron a la mejora de Thiago, entre ellos emergencias, unidad de terapia intensiva, nutrici\u00f3n, infectolog\u00eda, im\u00e1genes, cirug\u00eda, anestesiolog\u00eda, enfermer\u00eda, kinesiolog\u00eda y personal no m\u00e9dico\u201d<\/em>, enumer\u00f3 la directora.<\/p>\n<p>Ya instalado en una sala general, <strong>Medina<\/strong> atraviesa el desaf\u00edo de volver a ganar fuerzas. Sus seres queridos lo acompa\u00f1an de cerca y su ex, <strong>Daniela Celis<\/strong>, no solo lo visita sino que sigue impulsando cadenas de oraci\u00f3n y peregrinaciones a Luj\u00e1n. El s\u00e1bado pasado camin\u00f3 junto a miles de fieles en una nueva muestra de fe.<\/p>\n<div class=\"mt-box \">\n<h4 class=\"mt-heading\">Mir\u00e1 Tambi\u00e9n<\/h4>\n<p><a href=\"https:\/\/www.paparazzi.com.ar\/teve\/la-angustiante-frase-que-thiago-medina-le-repite-a-daniela-celis-en-terapia-intensiva\/\"><\/p>\n<div class=\"mt-content\">\n<div class=\"mt-image-container\"><img decoding=\"async\" src=\"https:\/\/www.paparazzi.com.ar\/wp-content\/uploads\/2025\/10\/Thiago-Medina-Daniela-Celis-1-359x226.jpg\" alt=\"La angustiante frase que Thiago Medina le repite a Daniela Celis en terapia intensiva\" class=\"mt-image\" loading=\"lazy\" \/><\/div>\n<h5 class=\"mt-title\">La angustiante frase que Thiago Medina le repite a Daniela Celis en terapia intensiva<\/h5>\n<\/div>\n<p><\/a><\/div>\n<p>Si bien la recuperaci\u00f3n ser\u00e1 gradual y el camino todav\u00eda presenta obst\u00e1culos, la etapa m\u00e1s cr\u00edtica qued\u00f3 atr\u00e1s. Hoy, con el apoyo de su gente y el sost\u00e9n de un equipo m\u00e9dico incansable, <strong>Thiago<\/strong> puede pensar en reencontrarse con sus hijas y empezar a escribir un nuevo cap\u00edtulo de su vida, marcado por la resiliencia y la fuerza de todos los que nunca lo dejaron solo.<\/p>\n<div class=\"mt-box \">\n<h4 class=\"mt-heading\">Mir\u00e1 Tambi\u00e9n<\/h4>\n<p><a href=\"https:\/\/www.paparazzi.com.ar\/teve\/la-fuerte-promesa-que-cumplio-daniela-celis-en-medio-de-la-recuperacion-de-thiago-medina\/\"><\/p>\n<div class=\"mt-content\">\n<div class=\"mt-image-container\"><img decoding=\"async\" src=\"https:\/\/www.paparazzi.com.ar\/wp-content\/uploads\/2025\/09\/La-noche-de-terror-que-paso-Daniela-Celis-con-Thiago-Medina-peleando-por-su-vida-tras-accidentarse-359x226.jpg\" alt=\"La fuerte promesa que cumpli\u00f3 Daniela Celis en medio de la recuperaci\u00f3n de Thiago Medina\" class=\"mt-image\" loading=\"lazy\" \/><\/div>\n<h5 class=\"mt-title\">La fuerte promesa que cumpli\u00f3 Daniela Celis en medio de la recuperaci\u00f3n de Thiago Medina<\/h5>\n<\/div>\n<p><\/a><\/div>\n<div class=\"mt-box \">\n<h4 class=\"mt-heading\">Mir\u00e1 Tambi\u00e9n<\/h4>\n<p><a href=\"https:\/\/www.paparazzi.com.ar\/teve\/todo-un-guerrero-asi-luce-thiago-medina-tras-despertar-de-un-coma-de-23-dias\/\"><\/p>\n<div class=\"mt-content\">\n<div class=\"mt-image-container\"><img decoding=\"async\" src=\"https:\/\/www.paparazzi.com.ar\/wp-content\/uploads\/2025\/10\/Todo-un-guerrero-asi-luce-Thiago-Medina-tras-despertar-de-un-coma-de-23-dias--359x226.jpg\" alt=\"Todo un guerrero: as\u00ed luce Thiago Medina tras despertar de un coma de 23 d\u00edas\" class=\"mt-image\" loading=\"lazy\" \/><\/div>\n<h5 class=\"mt-title\">Todo un guerrero: as\u00ed luce Thiago Medina tras despertar de un coma de 23 d\u00edas<\/h5>\n<\/div>\n<p><\/a><\/div>\n<p>The post <a href=\"https:\/\/www.paparazzi.com.ar\/teve\/la-mejor-noticia-para-thiago-medina-salio-de-terapia-intensiva-despues-de-3-semanas-y-la-emocion-es-total\/\">La mejor noticia para Thiago Medina: sali\u00f3 de terapia intensiva despu\u00e9s de 3 semanas y la emoci\u00f3n es total<\/a> appeared first on <a href=\"https:\/\/www.paparazzi.com.ar\">Revista Paparazzi<\/a>.<\/p>\n","protected":false},"excerpt":{"rendered":"<p>Despu\u00e9s de casi tres semanas de incertidumbre y angustia, la vida de Thiago Medina comienza<\/p>\n","protected":false},"author":0,"featured_media":6134,"comment_status":"","ping_status":"","sticky":false,"template":"","format":"standard","meta":{"footnotes":""},"categories":[11],"tags":[],"class_list":["post-6133","post","type-post","status-publish","format-standard","has-post-thumbnail","hentry","category-destacadas"],"yoast_head":"<!-- This site is optimized with the Yoast SEO plugin v28.3 - https:\/\/yoast.com\/product\/yoast-seo-wordpress\/ -->\n<title>La mejor noticia para Thiago Medina: sali\u00f3 de terapia intensiva despu\u00e9s de 3 semanas y la emoci\u00f3n es total - Fm Gente<\/title>\n<meta name=\"robots\" content=\"index, follow, max-snippet:-1, max-image-preview:large, max-video-preview:-1\" \/>\n<link rel=\"canonical\" href=\"https:\/\/fmgente.com.ar\/web\/la-mejor-noticia-para-thiago-medina-salio-de-terapia-intensiva-despues-de-3-semanas-y-la-emocion-es-total\/\" \/>\n<meta property=\"og:locale\" content=\"es_ES\" \/>\n<meta property=\"og:type\" content=\"article\" \/>\n<meta property=\"og:title\" content=\"La mejor noticia para Thiago Medina: sali\u00f3 de terapia intensiva despu\u00e9s de 3 semanas y la emoci\u00f3n es total - Fm Gente\" \/>\n<meta property=\"og:description\" content=\"Despu\u00e9s de casi tres semanas de incertidumbre y angustia, la vida de Thiago Medina comienza\" \/>\n<meta property=\"og:url\" content=\"https:\/\/fmgente.com.ar\/web\/la-mejor-noticia-para-thiago-medina-salio-de-terapia-intensiva-despues-de-3-semanas-y-la-emocion-es-total\/\" \/>\n<meta property=\"og:site_name\" content=\"Fm Gente\" \/>\n<meta property=\"article:published_time\" content=\"2025-10-05T16:05:33+00:00\" \/>\n<meta property=\"og:image\" content=\"https:\/\/fmgente.com.ar\/web\/wp-content\/uploads\/2025\/10\/IMG_5980-359x226-29.jpg\" \/>\n\t<meta property=\"og:image:width\" content=\"359\" \/>\n\t<meta property=\"og:image:height\" content=\"226\" \/>\n\t<meta property=\"og:image:type\" content=\"image\/jpeg\" \/>\n<meta name=\"twitter:card\" content=\"summary_large_image\" \/>\n<meta name=\"twitter:label1\" content=\"Tiempo de lectura\" \/>\n\t<meta name=\"twitter:data1\" content=\"4 minutos\" \/>\n<script type=\"application\/ld+json\" class=\"yoast-schema-graph\">{\"@context\":\"https:\\\/\\\/schema.org\",\"@graph\":[{\"@type\":\"Article\",\"@id\":\"https:\\\/\\\/fmgente.com.ar\\\/web\\\/la-mejor-noticia-para-thiago-medina-salio-de-terapia-intensiva-despues-de-3-semanas-y-la-emocion-es-total\\\/#article\",\"isPartOf\":{\"@id\":\"https:\\\/\\\/fmgente.com.ar\\\/web\\\/la-mejor-noticia-para-thiago-medina-salio-de-terapia-intensiva-despues-de-3-semanas-y-la-emocion-es-total\\\/\"},\"author\":{\"name\":\"\",\"@id\":\"\"},\"headline\":\"La mejor noticia para Thiago Medina: sali\u00f3 de terapia intensiva despu\u00e9s de 3 semanas y la emoci\u00f3n es total\",\"datePublished\":\"2025-10-05T16:05:33+00:00\",\"mainEntityOfPage\":{\"@id\":\"https:\\\/\\\/fmgente.com.ar\\\/web\\\/la-mejor-noticia-para-thiago-medina-salio-de-terapia-intensiva-despues-de-3-semanas-y-la-emocion-es-total\\\/\"},\"wordCount\":738,\"publisher\":{\"@id\":\"https:\\\/\\\/fmgente.com.ar\\\/web\\\/#organization\"},\"image\":{\"@id\":\"https:\\\/\\\/fmgente.com.ar\\\/web\\\/la-mejor-noticia-para-thiago-medina-salio-de-terapia-intensiva-despues-de-3-semanas-y-la-emocion-es-total\\\/#primaryimage\"},\"thumbnailUrl\":\"https:\\\/\\\/fmgente.com.ar\\\/web\\\/wp-content\\\/uploads\\\/2025\\\/10\\\/IMG_5980-359x226-29.jpg\",\"articleSection\":[\"DESTACADAS\"],\"inLanguage\":\"es\"},{\"@type\":\"WebPage\",\"@id\":\"https:\\\/\\\/fmgente.com.ar\\\/web\\\/la-mejor-noticia-para-thiago-medina-salio-de-terapia-intensiva-despues-de-3-semanas-y-la-emocion-es-total\\\/\",\"url\":\"https:\\\/\\\/fmgente.com.ar\\\/web\\\/la-mejor-noticia-para-thiago-medina-salio-de-terapia-intensiva-despues-de-3-semanas-y-la-emocion-es-total\\\/\",\"name\":\"La mejor noticia para Thiago Medina: sali\u00f3 de terapia intensiva despu\u00e9s de 3 semanas y la emoci\u00f3n es total - Fm Gente\",\"isPartOf\":{\"@id\":\"https:\\\/\\\/fmgente.com.ar\\\/web\\\/#website\"},\"primaryImageOfPage\":{\"@id\":\"https:\\\/\\\/fmgente.com.ar\\\/web\\\/la-mejor-noticia-para-thiago-medina-salio-de-terapia-intensiva-despues-de-3-semanas-y-la-emocion-es-total\\\/#primaryimage\"},\"image\":{\"@id\":\"https:\\\/\\\/fmgente.com.ar\\\/web\\\/la-mejor-noticia-para-thiago-medina-salio-de-terapia-intensiva-despues-de-3-semanas-y-la-emocion-es-total\\\/#primaryimage\"},\"thumbnailUrl\":\"https:\\\/\\\/fmgente.com.ar\\\/web\\\/wp-content\\\/uploads\\\/2025\\\/10\\\/IMG_5980-359x226-29.jpg\",\"datePublished\":\"2025-10-05T16:05:33+00:00\",\"inLanguage\":\"es\",\"potentialAction\":[{\"@type\":\"ReadAction\",\"target\":[\"https:\\\/\\\/fmgente.com.ar\\\/web\\\/la-mejor-noticia-para-thiago-medina-salio-de-terapia-intensiva-despues-de-3-semanas-y-la-emocion-es-total\\\/\"]}]},{\"@type\":\"ImageObject\",\"inLanguage\":\"es\",\"@id\":\"https:\\\/\\\/fmgente.com.ar\\\/web\\\/la-mejor-noticia-para-thiago-medina-salio-de-terapia-intensiva-despues-de-3-semanas-y-la-emocion-es-total\\\/#primaryimage\",\"url\":\"https:\\\/\\\/fmgente.com.ar\\\/web\\\/wp-content\\\/uploads\\\/2025\\\/10\\\/IMG_5980-359x226-29.jpg\",\"contentUrl\":\"https:\\\/\\\/fmgente.com.ar\\\/web\\\/wp-content\\\/uploads\\\/2025\\\/10\\\/IMG_5980-359x226-29.jpg\",\"width\":359,\"height\":226},{\"@type\":\"WebSite\",\"@id\":\"https:\\\/\\\/fmgente.com.ar\\\/web\\\/#website\",\"url\":\"https:\\\/\\\/fmgente.com.ar\\\/web\\\/\",\"name\":\"Fm Gente\",\"description\":\"- Jes\u00fas Mar\u00eda\",\"publisher\":{\"@id\":\"https:\\\/\\\/fmgente.com.ar\\\/web\\\/#organization\"},\"potentialAction\":[{\"@type\":\"SearchAction\",\"target\":{\"@type\":\"EntryPoint\",\"urlTemplate\":\"https:\\\/\\\/fmgente.com.ar\\\/web\\\/?s={search_term_string}\"},\"query-input\":{\"@type\":\"PropertyValueSpecification\",\"valueRequired\":true,\"valueName\":\"search_term_string\"}}],\"inLanguage\":\"es\"},{\"@type\":\"Organization\",\"@id\":\"https:\\\/\\\/fmgente.com.ar\\\/web\\\/#organization\",\"name\":\"Fm Gente\",\"url\":\"https:\\\/\\\/fmgente.com.ar\\\/web\\\/\",\"logo\":{\"@type\":\"ImageObject\",\"inLanguage\":\"es\",\"@id\":\"https:\\\/\\\/fmgente.com.ar\\\/web\\\/#\\\/schema\\\/logo\\\/image\\\/\",\"url\":\"https:\\\/\\\/fmgente.com.ar\\\/web\\\/wp-content\\\/uploads\\\/2023\\\/07\\\/cropped-cropped-logo-sombra2.png\",\"contentUrl\":\"https:\\\/\\\/fmgente.com.ar\\\/web\\\/wp-content\\\/uploads\\\/2023\\\/07\\\/cropped-cropped-logo-sombra2.png\",\"width\":1782,\"height\":1782,\"caption\":\"Fm Gente\"},\"image\":{\"@id\":\"https:\\\/\\\/fmgente.com.ar\\\/web\\\/#\\\/schema\\\/logo\\\/image\\\/\"}}]}<\/script>\n<!-- \/ Yoast SEO plugin. -->","yoast_head_json":{"title":"La mejor noticia para Thiago Medina: sali\u00f3 de terapia intensiva despu\u00e9s de 3 semanas y la emoci\u00f3n es total - Fm Gente","robots":{"index":"index","follow":"follow","max-snippet":"max-snippet:-1","max-image-preview":"max-image-preview:large","max-video-preview":"max-video-preview:-1"},"canonical":"https:\/\/fmgente.com.ar\/web\/la-mejor-noticia-para-thiago-medina-salio-de-terapia-intensiva-despues-de-3-semanas-y-la-emocion-es-total\/","og_locale":"es_ES","og_type":"article","og_title":"La mejor noticia para Thiago Medina: sali\u00f3 de terapia intensiva despu\u00e9s de 3 semanas y la emoci\u00f3n es total - Fm Gente","og_description":"Despu\u00e9s de casi tres semanas de incertidumbre y angustia, la vida de Thiago Medina comienza","og_url":"https:\/\/fmgente.com.ar\/web\/la-mejor-noticia-para-thiago-medina-salio-de-terapia-intensiva-despues-de-3-semanas-y-la-emocion-es-total\/","og_site_name":"Fm Gente","article_published_time":"2025-10-05T16:05:33+00:00","og_image":[{"width":359,"height":226,"url":"https:\/\/fmgente.com.ar\/web\/wp-content\/uploads\/2025\/10\/IMG_5980-359x226-29.jpg","type":"image\/jpeg"}],"twitter_card":"summary_large_image","twitter_misc":{"Tiempo de lectura":"4 minutos"},"schema":{"@context":"https:\/\/schema.org","@graph":[{"@type":"Article","@id":"https:\/\/fmgente.com.ar\/web\/la-mejor-noticia-para-thiago-medina-salio-de-terapia-intensiva-despues-de-3-semanas-y-la-emocion-es-total\/#article","isPartOf":{"@id":"https:\/\/fmgente.com.ar\/web\/la-mejor-noticia-para-thiago-medina-salio-de-terapia-intensiva-despues-de-3-semanas-y-la-emocion-es-total\/"},"author":{"name":"","@id":""},"headline":"La mejor noticia para Thiago Medina: sali\u00f3 de terapia intensiva despu\u00e9s de 3 semanas y la emoci\u00f3n es total","datePublished":"2025-10-05T16:05:33+00:00","mainEntityOfPage":{"@id":"https:\/\/fmgente.com.ar\/web\/la-mejor-noticia-para-thiago-medina-salio-de-terapia-intensiva-despues-de-3-semanas-y-la-emocion-es-total\/"},"wordCount":738,"publisher":{"@id":"https:\/\/fmgente.com.ar\/web\/#organization"},"image":{"@id":"https:\/\/fmgente.com.ar\/web\/la-mejor-noticia-para-thiago-medina-salio-de-terapia-intensiva-despues-de-3-semanas-y-la-emocion-es-total\/#primaryimage"},"thumbnailUrl":"https:\/\/fmgente.com.ar\/web\/wp-content\/uploads\/2025\/10\/IMG_5980-359x226-29.jpg","articleSection":["DESTACADAS"],"inLanguage":"es"},{"@type":"WebPage","@id":"https:\/\/fmgente.com.ar\/web\/la-mejor-noticia-para-thiago-medina-salio-de-terapia-intensiva-despues-de-3-semanas-y-la-emocion-es-total\/","url":"https:\/\/fmgente.com.ar\/web\/la-mejor-noticia-para-thiago-medina-salio-de-terapia-intensiva-despues-de-3-semanas-y-la-emocion-es-total\/","name":"La mejor noticia para Thiago Medina: sali\u00f3 de terapia intensiva despu\u00e9s de 3 semanas y la emoci\u00f3n es total - Fm Gente","isPartOf":{"@id":"https:\/\/fmgente.com.ar\/web\/#website"},"primaryImageOfPage":{"@id":"https:\/\/fmgente.com.ar\/web\/la-mejor-noticia-para-thiago-medina-salio-de-terapia-intensiva-despues-de-3-semanas-y-la-emocion-es-total\/#primaryimage"},"image":{"@id":"https:\/\/fmgente.com.ar\/web\/la-mejor-noticia-para-thiago-medina-salio-de-terapia-intensiva-despues-de-3-semanas-y-la-emocion-es-total\/#primaryimage"},"thumbnailUrl":"https:\/\/fmgente.com.ar\/web\/wp-content\/uploads\/2025\/10\/IMG_5980-359x226-29.jpg","datePublished":"2025-10-05T16:05:33+00:00","inLanguage":"es","potentialAction":[{"@type":"ReadAction","target":["https:\/\/fmgente.com.ar\/web\/la-mejor-noticia-para-thiago-medina-salio-de-terapia-intensiva-despues-de-3-semanas-y-la-emocion-es-total\/"]}]},{"@type":"ImageObject","inLanguage":"es","@id":"https:\/\/fmgente.com.ar\/web\/la-mejor-noticia-para-thiago-medina-salio-de-terapia-intensiva-despues-de-3-semanas-y-la-emocion-es-total\/#primaryimage","url":"https:\/\/fmgente.com.ar\/web\/wp-content\/uploads\/2025\/10\/IMG_5980-359x226-29.jpg","contentUrl":"https:\/\/fmgente.com.ar\/web\/wp-content\/uploads\/2025\/10\/IMG_5980-359x226-29.jpg","width":359,"height":226},{"@type":"WebSite","@id":"https:\/\/fmgente.com.ar\/web\/#website","url":"https:\/\/fmgente.com.ar\/web\/","name":"Fm Gente","description":"- Jes\u00fas Mar\u00eda","publisher":{"@id":"https:\/\/fmgente.com.ar\/web\/#organization"},"potentialAction":[{"@type":"SearchAction","target":{"@type":"EntryPoint","urlTemplate":"https:\/\/fmgente.com.ar\/web\/?s={search_term_string}"},"query-input":{"@type":"PropertyValueSpecification","valueRequired":true,"valueName":"search_term_string"}}],"inLanguage":"es"},{"@type":"Organization","@id":"https:\/\/fmgente.com.ar\/web\/#organization","name":"Fm Gente","url":"https:\/\/fmgente.com.ar\/web\/","logo":{"@type":"ImageObject","inLanguage":"es","@id":"https:\/\/fmgente.com.ar\/web\/#\/schema\/logo\/image\/","url":"https:\/\/fmgente.com.ar\/web\/wp-content\/uploads\/2023\/07\/cropped-cropped-logo-sombra2.png","contentUrl":"https:\/\/fmgente.com.ar\/web\/wp-content\/uploads\/2023\/07\/cropped-cropped-logo-sombra2.png","width":1782,"height":1782,"caption":"Fm Gente"},"image":{"@id":"https:\/\/fmgente.com.ar\/web\/#\/schema\/logo\/image\/"}}]}},"_links":{"self":[{"href":"https:\/\/fmgente.com.ar\/web\/wp-json\/wp\/v2\/posts\/6133","targetHints":{"allow":["GET"]}}],"collection":[{"href":"https:\/\/fmgente.com.ar\/web\/wp-json\/wp\/v2\/posts"}],"about":[{"href":"https:\/\/fmgente.com.ar\/web\/wp-json\/wp\/v2\/types\/post"}],"replies":[{"embeddable":true,"href":"https:\/\/fmgente.com.ar\/web\/wp-json\/wp\/v2\/comments?post=6133"}],"version-history":[{"count":0,"href":"https:\/\/fmgente.com.ar\/web\/wp-json\/wp\/v2\/posts\/6133\/revisions"}],"wp:featuredmedia":[{"embeddable":true,"href":"https:\/\/fmgente.com.ar\/web\/wp-json\/wp\/v2\/media\/6134"}],"wp:attachment":[{"href":"https:\/\/fmgente.com.ar\/web\/wp-json\/wp\/v2\/media?parent=6133"}],"wp:term":[{"taxonomy":"category","embeddable":true,"href":"https:\/\/fmgente.com.ar\/web\/wp-json\/wp\/v2\/categories?post=6133"},{"taxonomy":"post_tag","embeddable":true,"href":"https:\/\/fmgente.com.ar\/web\/wp-json\/wp\/v2\/tags?post=6133"}],"curies":[{"name":"wp","href":"https:\/\/api.w.org\/{rel}","templated":true}]}}