{"id":6110,"date":"2025-10-05T02:07:18","date_gmt":"2025-10-05T05:07:18","guid":{"rendered":"https:\/\/fmgente.com.ar\/el-polemico-negocio-que-tiene-morena-rial-desde-la-carcel-que-hace-con-el-dinero-que-gana\/"},"modified":"2025-10-05T02:07:18","modified_gmt":"2025-10-05T05:07:18","slug":"el-polemico-negocio-que-tiene-morena-rial-desde-la-carcel-que-hace-con-el-dinero-que-gana","status":"publish","type":"post","link":"https:\/\/fmgente.com.ar\/web\/el-polemico-negocio-que-tiene-morena-rial-desde-la-carcel-que-hace-con-el-dinero-que-gana\/","title":{"rendered":"El pol\u00e9mico negocio que tiene Morena Rial desde la c\u00e1rcel: qu\u00e9 hace con el dinero que gana"},"content":{"rendered":"<p><strong>Morena Rial <\/strong>volvi\u00f3 a protagonizar un esc\u00e1ndalo mientras atraviesa uno de los momentos m\u00e1s cr\u00edticos de su vida. Tras haber sido detenida, qued\u00f3 alojada en el penal de Magdalena por incumplir las condiciones que la Justicia le hab\u00eda impuesto al otorgarle la excarcelaci\u00f3n meses atr\u00e1s en la causa donde est\u00e1 acusada de integrar una banda que robaba casas bajo la modalidad de escruche.<\/p>\n<p>La detenci\u00f3n de <strong><a href=\"https:\/\/www.paparazzi.com.ar\/teve\/el-llamado-privado-de-jorge-rial-a-su-hija-en-sus-primeros-dias-en-una-carcel-de-maxima-seguridad\/\">Morena<\/a><\/strong> fue un golpe fuerte, pero en medio de este panorama sali\u00f3 a la luz un dato inesperado: la forma que consigui\u00f3 para poder seguir ganando dinero, a pesar de estar entre las rejas y de que su situaci\u00f3n judicial sigue comprometi\u00e9ndose cada vez m\u00e1s. Una nueva pol\u00e9mica que sale a la luz para la medi\u00e1tica.<\/p>\n<p>\u00bfC\u00f3mo estar\u00eda ganando este dinero? Seg\u00fan contaron en <em>El Ej\u00e9rcito de la Ma\u00f1ana<\/em>, <strong><a href=\"https:\/\/www.paparazzi.com.ar\/teve\/morena-rial-revelo-por-que-no-quiere-estar-con-su-hijo-amadeo-el-dia-de-su-cumpleanos\/\">Morena<\/a><\/strong> habr\u00eda encontrado la forma de seguir recaudando plata desde la c\u00e1rcel y, con \u00e9l, busca sostenerse econ\u00f3micamente en un contexto donde la ayuda familiar parece haberse cortado -su padre <strong>Jorge Rial<\/strong> parece haberle soltado la mano y solo se ocupa de su nieto-.<\/p>\n<div class=\"mt-box \">\n<h4 class=\"mt-heading\">Mir\u00e1 Tambi\u00e9n<\/h4>\n<p><a href=\"https:\/\/www.paparazzi.com.ar\/videos\/exclusivo-marcelo-polino-hablo-como-nunca-de-su-vida-intima-y-conto-cuando-fue-la-ultima-vez-que-tuvo-sexo-con-una-mujer\/\"><\/p>\n<div class=\"mt-content\">\n<div class=\"mt-image-container\"><img decoding=\"async\" src=\"https:\/\/www.paparazzi.com.ar\/wp-content\/uploads\/2025\/09\/IMG_5980-359x226.jpg\" alt=\"\u00a1Exclusivo! Marcelo Polino habl\u00f3 como nunca de su vida \u00edntima y cont\u00f3 cu\u00e1ndo fue la \u00faltima vez que tuvo sexo con una mujer\u00a0\" class=\"mt-image\" loading=\"lazy\" \/><\/div>\n<h5 class=\"mt-title\">\u00a1Exclusivo! Marcelo Polino habl\u00f3 como nunca de su vida \u00edntima y cont\u00f3 cu\u00e1ndo fue la \u00faltima vez que tuvo sexo con una mujer\u00a0<\/h5>\n<\/div>\n<p><\/a><\/div>\n<p>Santiago Riva Roy dio detalles de c\u00f3mo <strong><a href=\"https:\/\/www.paparazzi.com.ar\/teve\/morena-rial-rompio-el-silencio-desde-la-carcel-y-conto-toda-la-verdad-detras-de-su-detencion\/\">Morena<\/a><\/strong> afronta el d\u00eda a d\u00eda tras su arresto. <em>\u201cNo le mandaron nada ni su pap\u00e1 ni su hermana. Este domingo es un d\u00eda de visitas y tampoco van a ir\u201d<\/em>, cont\u00f3, dejando en evidencia la soledad que atraviesa la medi\u00e1tica. Seg\u00fan explic\u00f3, durante su paso por la comisar\u00eda, la \u00fanica asistencia que recibi\u00f3 fue de su abogado y amigo, <strong>Alejandro Cipolla<\/strong>, quien le llev\u00f3 comida.<\/p>\n<h2 class=\"wp-block-heading\">EL PLAN DE MORENA RIAL PARA GENERAR INGRESOS ECON\u00d3MICOS DESDE EL PENAL<\/h2>\n<p>En ese marco, <strong>Morena<\/strong> habr\u00eda tomado una decisi\u00f3n clave: capitalizar su presencia en redes sociales. <em>\u201cAhora, Morena est\u00e1 tan activa en las redes sociales porque est\u00e1 llamando a empresas para que pongan historias con una promoci\u00f3n especial\u201d<\/em>, revel\u00f3 Riva Roy. Y habl\u00f3 con quien le maneja las cuentas, que le confirm\u00f3 el valor de cada posteo: <em>\u201cCada historia de Instagram sale 50.000 pesos\u201d<\/em>.<\/p>\n<p>El n\u00famero sorprendi\u00f3 a todos en el piso, incluso a Pepe Ochoa, que no dud\u00f3 en lanzar una filosa humorada contra <strong>la hija de Rial<\/strong>: <em>\u201cYo lo pago. Quiero que ponga \u2018el mejor programa de streaming que vi y pido disculpas a Pepe Ochoa por lo que alguna vez dije de \u00e9l\u2019\u201d<\/em>.<\/p>\n<div class=\"mt-box \">\n<h4 class=\"mt-heading\">Mir\u00e1 Tambi\u00e9n<\/h4>\n<p><a href=\"https:\/\/www.paparazzi.com.ar\/teve\/el-llamado-privado-de-jorge-rial-a-su-hija-en-sus-primeros-dias-en-una-carcel-de-maxima-seguridad\/\"><\/p>\n<div class=\"mt-content\">\n<div class=\"mt-image-container\"><img decoding=\"async\" src=\"https:\/\/www.paparazzi.com.ar\/wp-content\/uploads\/2025\/10\/Jorge-Rial-359x226.jpg\" alt=\"El llamado privado de Jorge Rial a su hija en sus primeros d\u00edas en una c\u00e1rcel de m\u00e1xima seguridad\" class=\"mt-image\" loading=\"lazy\" \/><\/div>\n<h5 class=\"mt-title\">El llamado privado de Jorge Rial a su hija en sus primeros d\u00edas en una c\u00e1rcel de m\u00e1xima seguridad<\/h5>\n<\/div>\n<p><\/a><\/div>\n<p>Mientras la Justicia define sus pr\u00f3ximos pasos, <strong>Morena<\/strong> sigue aferrada a la faceta que la hizo conocida: su perfil medi\u00e1tico. Aunque est\u00e9 tras las rejas, no resigna su lugar en el mundo digital y busca transformar su estad\u00eda en el penal en otra oportunidad para mantenerse activa y, sobre todo, independiente.<\/p>\n<div class=\"mt-box \">\n<h4 class=\"mt-heading\">Mir\u00e1 Tambi\u00e9n<\/h4>\n<p><a href=\"https:\/\/www.paparazzi.com.ar\/teve\/morena-rial-revelo-por-que-no-quiere-estar-con-su-hijo-amadeo-el-dia-de-su-cumpleanos\/\"><\/p>\n<div class=\"mt-content\">\n<div class=\"mt-image-container\"><img decoding=\"async\" src=\"https:\/\/www.paparazzi.com.ar\/wp-content\/uploads\/2025\/10\/Por-que-el-hijo-de-Morena-Rial-puede-ir-a-la-carcel-junto-a-su-mama-con-apenas-uno-y-medio-359x226.jpg\" alt=\"Morena Rial revel\u00f3 por qu\u00e9 no quiere estar con su hijo Amadeo el d\u00eda de su cumplea\u00f1os\" class=\"mt-image\" loading=\"lazy\" \/><\/div>\n<h5 class=\"mt-title\">Morena Rial revel\u00f3 por qu\u00e9 no quiere estar con su hijo Amadeo el d\u00eda de su cumplea\u00f1os<\/h5>\n<\/div>\n<p><\/a><\/div>\n<div class=\"mt-box \">\n<h4 class=\"mt-heading\">Mir\u00e1 Tambi\u00e9n<\/h4>\n<p><a href=\"https:\/\/www.paparazzi.com.ar\/teve\/morena-rial-rompio-el-silencio-desde-la-carcel-y-conto-toda-la-verdad-detras-de-su-detencion\/\"><\/p>\n<div class=\"mt-content\">\n<div class=\"mt-image-container\"><img decoding=\"async\" src=\"https:\/\/www.paparazzi.com.ar\/wp-content\/uploads\/2025\/10\/morena-rial-carta-carcel-359x226.jpg\" alt=\"Morena Rial rompi\u00f3 el silencio desde la c\u00e1rcel y cont\u00f3 toda la verdad detr\u00e1s de su detenci\u00f3n\" class=\"mt-image\" loading=\"lazy\" \/><\/div>\n<h5 class=\"mt-title\">Morena Rial rompi\u00f3 el silencio desde la c\u00e1rcel y cont\u00f3 toda la verdad detr\u00e1s de su detenci\u00f3n<\/h5>\n<\/div>\n<p><\/a><\/div>\n<p>The post <a href=\"https:\/\/www.paparazzi.com.ar\/teve\/el-polemico-negocio-que-tiene-morena-rial-desde-la-carcel-que-hace-con-el-dinero-que-gana\/\">El pol\u00e9mico negocio que tiene Morena Rial desde la c\u00e1rcel: qu\u00e9 hace con el dinero que gana<\/a> appeared first on <a href=\"https:\/\/www.paparazzi.com.ar\">Revista Paparazzi<\/a>.<\/p>\n","protected":false},"excerpt":{"rendered":"<p>Morena Rial volvi\u00f3 a protagonizar un esc\u00e1ndalo mientras atraviesa uno de los momentos m\u00e1s cr\u00edticos<\/p>\n","protected":false},"author":0,"featured_media":6111,"comment_status":"","ping_status":"","sticky":false,"template":"","format":"standard","meta":{"footnotes":""},"categories":[11],"tags":[],"class_list":["post-6110","post","type-post","status-publish","format-standard","has-post-thumbnail","hentry","category-destacadas"],"yoast_head":"<!-- This site is optimized with the Yoast SEO plugin v28.3 - https:\/\/yoast.com\/product\/yoast-seo-wordpress\/ -->\n<title>El pol\u00e9mico negocio que tiene Morena Rial desde la c\u00e1rcel: qu\u00e9 hace con el dinero que gana - Fm Gente<\/title>\n<meta name=\"robots\" content=\"index, follow, max-snippet:-1, max-image-preview:large, max-video-preview:-1\" \/>\n<link rel=\"canonical\" href=\"https:\/\/fmgente.com.ar\/web\/el-polemico-negocio-que-tiene-morena-rial-desde-la-carcel-que-hace-con-el-dinero-que-gana\/\" \/>\n<meta property=\"og:locale\" content=\"es_ES\" \/>\n<meta property=\"og:type\" content=\"article\" \/>\n<meta property=\"og:title\" content=\"El pol\u00e9mico negocio que tiene Morena Rial desde la c\u00e1rcel: qu\u00e9 hace con el dinero que gana - Fm Gente\" \/>\n<meta property=\"og:description\" content=\"Morena Rial volvi\u00f3 a protagonizar un esc\u00e1ndalo mientras atraviesa uno de los momentos m\u00e1s cr\u00edticos\" \/>\n<meta property=\"og:url\" content=\"https:\/\/fmgente.com.ar\/web\/el-polemico-negocio-que-tiene-morena-rial-desde-la-carcel-que-hace-con-el-dinero-que-gana\/\" \/>\n<meta property=\"og:site_name\" content=\"Fm Gente\" \/>\n<meta property=\"article:published_time\" content=\"2025-10-05T05:07:18+00:00\" \/>\n<meta property=\"og:image\" content=\"https:\/\/fmgente.com.ar\/web\/wp-content\/uploads\/2025\/10\/IMG_5980-359x226-23.jpg\" \/>\n\t<meta property=\"og:image:width\" content=\"359\" \/>\n\t<meta property=\"og:image:height\" content=\"226\" \/>\n\t<meta property=\"og:image:type\" content=\"image\/jpeg\" \/>\n<meta name=\"twitter:card\" content=\"summary_large_image\" \/>\n<meta name=\"twitter:label1\" content=\"Tiempo de lectura\" \/>\n\t<meta name=\"twitter:data1\" content=\"3 minutos\" \/>\n<script type=\"application\/ld+json\" class=\"yoast-schema-graph\">{\"@context\":\"https:\\\/\\\/schema.org\",\"@graph\":[{\"@type\":\"Article\",\"@id\":\"https:\\\/\\\/fmgente.com.ar\\\/web\\\/el-polemico-negocio-que-tiene-morena-rial-desde-la-carcel-que-hace-con-el-dinero-que-gana\\\/#article\",\"isPartOf\":{\"@id\":\"https:\\\/\\\/fmgente.com.ar\\\/web\\\/el-polemico-negocio-que-tiene-morena-rial-desde-la-carcel-que-hace-con-el-dinero-que-gana\\\/\"},\"author\":{\"name\":\"\",\"@id\":\"\"},\"headline\":\"El pol\u00e9mico negocio que tiene Morena Rial desde la c\u00e1rcel: qu\u00e9 hace con el dinero que gana\",\"datePublished\":\"2025-10-05T05:07:18+00:00\",\"mainEntityOfPage\":{\"@id\":\"https:\\\/\\\/fmgente.com.ar\\\/web\\\/el-polemico-negocio-que-tiene-morena-rial-desde-la-carcel-que-hace-con-el-dinero-que-gana\\\/\"},\"wordCount\":606,\"publisher\":{\"@id\":\"https:\\\/\\\/fmgente.com.ar\\\/web\\\/#organization\"},\"image\":{\"@id\":\"https:\\\/\\\/fmgente.com.ar\\\/web\\\/el-polemico-negocio-que-tiene-morena-rial-desde-la-carcel-que-hace-con-el-dinero-que-gana\\\/#primaryimage\"},\"thumbnailUrl\":\"https:\\\/\\\/fmgente.com.ar\\\/web\\\/wp-content\\\/uploads\\\/2025\\\/10\\\/IMG_5980-359x226-23.jpg\",\"articleSection\":[\"DESTACADAS\"],\"inLanguage\":\"es\"},{\"@type\":\"WebPage\",\"@id\":\"https:\\\/\\\/fmgente.com.ar\\\/web\\\/el-polemico-negocio-que-tiene-morena-rial-desde-la-carcel-que-hace-con-el-dinero-que-gana\\\/\",\"url\":\"https:\\\/\\\/fmgente.com.ar\\\/web\\\/el-polemico-negocio-que-tiene-morena-rial-desde-la-carcel-que-hace-con-el-dinero-que-gana\\\/\",\"name\":\"El pol\u00e9mico negocio que tiene Morena Rial desde la c\u00e1rcel: qu\u00e9 hace con el dinero que gana - Fm Gente\",\"isPartOf\":{\"@id\":\"https:\\\/\\\/fmgente.com.ar\\\/web\\\/#website\"},\"primaryImageOfPage\":{\"@id\":\"https:\\\/\\\/fmgente.com.ar\\\/web\\\/el-polemico-negocio-que-tiene-morena-rial-desde-la-carcel-que-hace-con-el-dinero-que-gana\\\/#primaryimage\"},\"image\":{\"@id\":\"https:\\\/\\\/fmgente.com.ar\\\/web\\\/el-polemico-negocio-que-tiene-morena-rial-desde-la-carcel-que-hace-con-el-dinero-que-gana\\\/#primaryimage\"},\"thumbnailUrl\":\"https:\\\/\\\/fmgente.com.ar\\\/web\\\/wp-content\\\/uploads\\\/2025\\\/10\\\/IMG_5980-359x226-23.jpg\",\"datePublished\":\"2025-10-05T05:07:18+00:00\",\"inLanguage\":\"es\",\"potentialAction\":[{\"@type\":\"ReadAction\",\"target\":[\"https:\\\/\\\/fmgente.com.ar\\\/web\\\/el-polemico-negocio-que-tiene-morena-rial-desde-la-carcel-que-hace-con-el-dinero-que-gana\\\/\"]}]},{\"@type\":\"ImageObject\",\"inLanguage\":\"es\",\"@id\":\"https:\\\/\\\/fmgente.com.ar\\\/web\\\/el-polemico-negocio-que-tiene-morena-rial-desde-la-carcel-que-hace-con-el-dinero-que-gana\\\/#primaryimage\",\"url\":\"https:\\\/\\\/fmgente.com.ar\\\/web\\\/wp-content\\\/uploads\\\/2025\\\/10\\\/IMG_5980-359x226-23.jpg\",\"contentUrl\":\"https:\\\/\\\/fmgente.com.ar\\\/web\\\/wp-content\\\/uploads\\\/2025\\\/10\\\/IMG_5980-359x226-23.jpg\",\"width\":359,\"height\":226},{\"@type\":\"WebSite\",\"@id\":\"https:\\\/\\\/fmgente.com.ar\\\/web\\\/#website\",\"url\":\"https:\\\/\\\/fmgente.com.ar\\\/web\\\/\",\"name\":\"Fm Gente\",\"description\":\"- Jes\u00fas Mar\u00eda\",\"publisher\":{\"@id\":\"https:\\\/\\\/fmgente.com.ar\\\/web\\\/#organization\"},\"potentialAction\":[{\"@type\":\"SearchAction\",\"target\":{\"@type\":\"EntryPoint\",\"urlTemplate\":\"https:\\\/\\\/fmgente.com.ar\\\/web\\\/?s={search_term_string}\"},\"query-input\":{\"@type\":\"PropertyValueSpecification\",\"valueRequired\":true,\"valueName\":\"search_term_string\"}}],\"inLanguage\":\"es\"},{\"@type\":\"Organization\",\"@id\":\"https:\\\/\\\/fmgente.com.ar\\\/web\\\/#organization\",\"name\":\"Fm Gente\",\"url\":\"https:\\\/\\\/fmgente.com.ar\\\/web\\\/\",\"logo\":{\"@type\":\"ImageObject\",\"inLanguage\":\"es\",\"@id\":\"https:\\\/\\\/fmgente.com.ar\\\/web\\\/#\\\/schema\\\/logo\\\/image\\\/\",\"url\":\"https:\\\/\\\/fmgente.com.ar\\\/web\\\/wp-content\\\/uploads\\\/2023\\\/07\\\/cropped-cropped-logo-sombra2.png\",\"contentUrl\":\"https:\\\/\\\/fmgente.com.ar\\\/web\\\/wp-content\\\/uploads\\\/2023\\\/07\\\/cropped-cropped-logo-sombra2.png\",\"width\":1782,\"height\":1782,\"caption\":\"Fm Gente\"},\"image\":{\"@id\":\"https:\\\/\\\/fmgente.com.ar\\\/web\\\/#\\\/schema\\\/logo\\\/image\\\/\"}}]}<\/script>\n<!-- \/ Yoast SEO plugin. -->","yoast_head_json":{"title":"El pol\u00e9mico negocio que tiene Morena Rial desde la c\u00e1rcel: qu\u00e9 hace con el dinero que gana - Fm Gente","robots":{"index":"index","follow":"follow","max-snippet":"max-snippet:-1","max-image-preview":"max-image-preview:large","max-video-preview":"max-video-preview:-1"},"canonical":"https:\/\/fmgente.com.ar\/web\/el-polemico-negocio-que-tiene-morena-rial-desde-la-carcel-que-hace-con-el-dinero-que-gana\/","og_locale":"es_ES","og_type":"article","og_title":"El pol\u00e9mico negocio que tiene Morena Rial desde la c\u00e1rcel: qu\u00e9 hace con el dinero que gana - Fm Gente","og_description":"Morena Rial volvi\u00f3 a protagonizar un esc\u00e1ndalo mientras atraviesa uno de los momentos m\u00e1s cr\u00edticos","og_url":"https:\/\/fmgente.com.ar\/web\/el-polemico-negocio-que-tiene-morena-rial-desde-la-carcel-que-hace-con-el-dinero-que-gana\/","og_site_name":"Fm Gente","article_published_time":"2025-10-05T05:07:18+00:00","og_image":[{"width":359,"height":226,"url":"https:\/\/fmgente.com.ar\/web\/wp-content\/uploads\/2025\/10\/IMG_5980-359x226-23.jpg","type":"image\/jpeg"}],"twitter_card":"summary_large_image","twitter_misc":{"Tiempo de lectura":"3 minutos"},"schema":{"@context":"https:\/\/schema.org","@graph":[{"@type":"Article","@id":"https:\/\/fmgente.com.ar\/web\/el-polemico-negocio-que-tiene-morena-rial-desde-la-carcel-que-hace-con-el-dinero-que-gana\/#article","isPartOf":{"@id":"https:\/\/fmgente.com.ar\/web\/el-polemico-negocio-que-tiene-morena-rial-desde-la-carcel-que-hace-con-el-dinero-que-gana\/"},"author":{"name":"","@id":""},"headline":"El pol\u00e9mico negocio que tiene Morena Rial desde la c\u00e1rcel: qu\u00e9 hace con el dinero que gana","datePublished":"2025-10-05T05:07:18+00:00","mainEntityOfPage":{"@id":"https:\/\/fmgente.com.ar\/web\/el-polemico-negocio-que-tiene-morena-rial-desde-la-carcel-que-hace-con-el-dinero-que-gana\/"},"wordCount":606,"publisher":{"@id":"https:\/\/fmgente.com.ar\/web\/#organization"},"image":{"@id":"https:\/\/fmgente.com.ar\/web\/el-polemico-negocio-que-tiene-morena-rial-desde-la-carcel-que-hace-con-el-dinero-que-gana\/#primaryimage"},"thumbnailUrl":"https:\/\/fmgente.com.ar\/web\/wp-content\/uploads\/2025\/10\/IMG_5980-359x226-23.jpg","articleSection":["DESTACADAS"],"inLanguage":"es"},{"@type":"WebPage","@id":"https:\/\/fmgente.com.ar\/web\/el-polemico-negocio-que-tiene-morena-rial-desde-la-carcel-que-hace-con-el-dinero-que-gana\/","url":"https:\/\/fmgente.com.ar\/web\/el-polemico-negocio-que-tiene-morena-rial-desde-la-carcel-que-hace-con-el-dinero-que-gana\/","name":"El pol\u00e9mico negocio que tiene Morena Rial desde la c\u00e1rcel: qu\u00e9 hace con el dinero que gana - Fm Gente","isPartOf":{"@id":"https:\/\/fmgente.com.ar\/web\/#website"},"primaryImageOfPage":{"@id":"https:\/\/fmgente.com.ar\/web\/el-polemico-negocio-que-tiene-morena-rial-desde-la-carcel-que-hace-con-el-dinero-que-gana\/#primaryimage"},"image":{"@id":"https:\/\/fmgente.com.ar\/web\/el-polemico-negocio-que-tiene-morena-rial-desde-la-carcel-que-hace-con-el-dinero-que-gana\/#primaryimage"},"thumbnailUrl":"https:\/\/fmgente.com.ar\/web\/wp-content\/uploads\/2025\/10\/IMG_5980-359x226-23.jpg","datePublished":"2025-10-05T05:07:18+00:00","inLanguage":"es","potentialAction":[{"@type":"ReadAction","target":["https:\/\/fmgente.com.ar\/web\/el-polemico-negocio-que-tiene-morena-rial-desde-la-carcel-que-hace-con-el-dinero-que-gana\/"]}]},{"@type":"ImageObject","inLanguage":"es","@id":"https:\/\/fmgente.com.ar\/web\/el-polemico-negocio-que-tiene-morena-rial-desde-la-carcel-que-hace-con-el-dinero-que-gana\/#primaryimage","url":"https:\/\/fmgente.com.ar\/web\/wp-content\/uploads\/2025\/10\/IMG_5980-359x226-23.jpg","contentUrl":"https:\/\/fmgente.com.ar\/web\/wp-content\/uploads\/2025\/10\/IMG_5980-359x226-23.jpg","width":359,"height":226},{"@type":"WebSite","@id":"https:\/\/fmgente.com.ar\/web\/#website","url":"https:\/\/fmgente.com.ar\/web\/","name":"Fm Gente","description":"- Jes\u00fas Mar\u00eda","publisher":{"@id":"https:\/\/fmgente.com.ar\/web\/#organization"},"potentialAction":[{"@type":"SearchAction","target":{"@type":"EntryPoint","urlTemplate":"https:\/\/fmgente.com.ar\/web\/?s={search_term_string}"},"query-input":{"@type":"PropertyValueSpecification","valueRequired":true,"valueName":"search_term_string"}}],"inLanguage":"es"},{"@type":"Organization","@id":"https:\/\/fmgente.com.ar\/web\/#organization","name":"Fm Gente","url":"https:\/\/fmgente.com.ar\/web\/","logo":{"@type":"ImageObject","inLanguage":"es","@id":"https:\/\/fmgente.com.ar\/web\/#\/schema\/logo\/image\/","url":"https:\/\/fmgente.com.ar\/web\/wp-content\/uploads\/2023\/07\/cropped-cropped-logo-sombra2.png","contentUrl":"https:\/\/fmgente.com.ar\/web\/wp-content\/uploads\/2023\/07\/cropped-cropped-logo-sombra2.png","width":1782,"height":1782,"caption":"Fm Gente"},"image":{"@id":"https:\/\/fmgente.com.ar\/web\/#\/schema\/logo\/image\/"}}]}},"_links":{"self":[{"href":"https:\/\/fmgente.com.ar\/web\/wp-json\/wp\/v2\/posts\/6110","targetHints":{"allow":["GET"]}}],"collection":[{"href":"https:\/\/fmgente.com.ar\/web\/wp-json\/wp\/v2\/posts"}],"about":[{"href":"https:\/\/fmgente.com.ar\/web\/wp-json\/wp\/v2\/types\/post"}],"replies":[{"embeddable":true,"href":"https:\/\/fmgente.com.ar\/web\/wp-json\/wp\/v2\/comments?post=6110"}],"version-history":[{"count":0,"href":"https:\/\/fmgente.com.ar\/web\/wp-json\/wp\/v2\/posts\/6110\/revisions"}],"wp:featuredmedia":[{"embeddable":true,"href":"https:\/\/fmgente.com.ar\/web\/wp-json\/wp\/v2\/media\/6111"}],"wp:attachment":[{"href":"https:\/\/fmgente.com.ar\/web\/wp-json\/wp\/v2\/media?parent=6110"}],"wp:term":[{"taxonomy":"category","embeddable":true,"href":"https:\/\/fmgente.com.ar\/web\/wp-json\/wp\/v2\/categories?post=6110"},{"taxonomy":"post_tag","embeddable":true,"href":"https:\/\/fmgente.com.ar\/web\/wp-json\/wp\/v2\/tags?post=6110"}],"curies":[{"name":"wp","href":"https:\/\/api.w.org\/{rel}","templated":true}]}}