{"id":6106,"date":"2025-10-05T01:06:11","date_gmt":"2025-10-05T04:06:11","guid":{"rendered":"https:\/\/fmgente.com.ar\/fede-bal-hablo-a-fondo-de-su-paternidad-en-medio-de-su-romance-con-evelyn-botto\/"},"modified":"2025-10-05T01:06:11","modified_gmt":"2025-10-05T04:06:11","slug":"fede-bal-hablo-a-fondo-de-su-paternidad-en-medio-de-su-romance-con-evelyn-botto","status":"publish","type":"post","link":"https:\/\/fmgente.com.ar\/web\/fede-bal-hablo-a-fondo-de-su-paternidad-en-medio-de-su-romance-con-evelyn-botto\/","title":{"rendered":"Fede Bal habl\u00f3 a fondo de su paternidad en medio de su romance con Evelyn Botto"},"content":{"rendered":"<p>En una charla reveladora durante la emisi\u00f3n de <em><a href=\"https:\/\/www.paparazzi.com.ar\/?s=La+Noche+de+Mirtha\">La Noche de Mirtha<\/a><\/em>,<a href=\"https:\/\/www.paparazzi.com.ar\/?s=Fede+Bal\"> <strong>Fede Bal<\/strong><\/a> se anim\u00f3 a hablar sin vueltas sobre su presente sentimental y su deseo de formar una familia. En un ida y vuelta con <strong><a href=\"https:\/\/www.paparazzi.com.ar\/?s=Mirtha+Legrand\">Mirtha Legrand<\/a><\/strong>, el actor y conductor confes\u00f3 sus ganas de ser padre y dibuj\u00f3 una imagen tan tierna como concreta de lo que sue\u00f1a para su futuro.<\/p>\n<p><em>\u201cQuiero ser padre me gustria tener un gordito pecoso corriendo por ahi que corra ahi atras con los porductores\u201d<\/em>, dijo, entre risas y sinceridad. La consulta de La Chiqui fue directa: <em>\u201cy no queres ser padre&#8217; LE PREGUNTA MIRTHA\u201d<\/em>, a lo que Fede respondi\u00f3 con la claridad de quien ya pens\u00f3 el asunto: <em>\u201cquiero ser padre\u201d<\/em>.<\/p>\n<p>La espontaneidad del momento dej\u00f3 a la audiencia con una sensaci\u00f3n de cercan\u00eda, como si el espectador hubiera sido testigo de una confesi\u00f3n \u00edntima en plena mesa televisiva.<\/p>\n<div class=\"mt-box \">\n<h4 class=\"mt-heading\">Mir\u00e1 Tambi\u00e9n<\/h4>\n<p><a href=\"https:\/\/www.paparazzi.com.ar\/teve\/exclusivo-nacho-castanares-revelo-como-esta-thiago-medina-tras-despertar-del-coma\/\"><\/p>\n<div class=\"mt-content\">\n<div class=\"mt-image-container\"><img decoding=\"async\" src=\"https:\/\/www.paparazzi.com.ar\/wp-content\/uploads\/2025\/09\/Nacho-Castanares-Thiago-medina-359x226.jpg\" alt=\"\u00a1Exclusivo! Nacho Casta\u00f1ares revel\u00f3 c\u00f3mo est\u00e1 Thiago Medina tras despertar del coma\" class=\"mt-image\" loading=\"lazy\" \/><\/div>\n<h5 class=\"mt-title\">\u00a1Exclusivo! Nacho Casta\u00f1ares revel\u00f3 c\u00f3mo est\u00e1 Thiago Medina tras despertar del coma<\/h5>\n<\/div>\n<p><\/a><\/div>\n<p>Mirtha no dej\u00f3 pasar la oportunidad de conectar la reflexi\u00f3n con la familia del invitado: <em>\u201ctu mama se muere por ser abuela tu mama quiere ser abuela\u201d,<\/em> record\u00f3 la conductora, y Fede, con esa mezcla de humor y cari\u00f1o que suele mostrar en p\u00fablico, replic\u00f3:<em> \u201cmi mama quiere todo no se le pede dar todo a esa mujer le doy lo que puedo mi tiempo mi espacio\u201d.<\/em><\/p>\n<p>El tono de la charla oscil\u00f3 entre el desenfado y la emotividad. Fede, actualmente en pareja con Evelyn Botto, dej\u00f3 claro que su presente amoroso lo instala en un lugar de deseo y proyecto: no se trata solo de un anhelo abstracto, sino de una imagen concreta \u2014\u201cun gordito pecoso corriendo\u201d\u2014 que delata la ternura detr\u00e1s de la decisi\u00f3n.<\/p>\n<div class=\"mt-box \">\n<h4 class=\"mt-heading\">Mir\u00e1 Tambi\u00e9n<\/h4>\n<p><a href=\"https:\/\/www.paparazzi.com.ar\/teve\/quien-es-la-misteriosa-periodista-que-estuvo-a-los-besos-con-fede-bal-en-los-martin-fierro-es-la-notera-de\/\"><\/p>\n<div class=\"mt-content\">\n<div class=\"mt-image-container\"><img decoding=\"async\" src=\"https:\/\/www.paparazzi.com.ar\/wp-content\/uploads\/2025\/09\/image-332-359x226.png\" alt=\"Qui\u00e9n es la misteriosa periodista que estuvo a los besos con Fede Bal en los Martin Fierro: &quot;Es la notera de\u2026&quot;\" class=\"mt-image\" loading=\"lazy\" \/><\/div>\n<h5 class=\"mt-title\">Qui\u00e9n es la misteriosa periodista que estuvo a los besos con Fede Bal en los Martin Fierro: \u00abEs la notera de\u2026\u00bb<\/h5>\n<\/div>\n<p><\/a><\/div>\n<p>La conversaci\u00f3n con Mirtha sum\u00f3 ingredientes cl\u00e1sicos de la mesa: preguntas puntuales, confesiones de vida y la complicidad que se genera cuando una figura hist\u00f3rica de la televisi\u00f3n retoma los hilos \u00edntimos de sus invitados. En ese marco, las palabras sobre la madre de Fede resonaron con fuerza: m\u00e1s all\u00e1 del humor, hay un reconocimiento de generosidad y de imposibilidad de darlo todo, pero s\u00ed de ofrecer lo esencial: tiempo y espacio.<\/p>\n<p>La secuencia dej\u00f3 a la audiencia con ganas de saber m\u00e1s: \u00bfhabr\u00e1 en el futuro pr\u00f3ximo un beb\u00e9 en la historia de Fede y Evelyn? Por ahora, las declaraciones quedan como una promesa p\u00fablica: el deseo existe y el actor lo formul\u00f3 en voz alta, mientras la noche de Mirtha lo marc\u00f3 como un momento c\u00e1lido y recordable en su recorrido medi\u00e1tico.<\/p>\n<div class=\"mt-box \">\n<h4 class=\"mt-heading\">Mir\u00e1 Tambi\u00e9n<\/h4>\n<p><a href=\"https:\/\/www.paparazzi.com.ar\/teve\/fede-bal-explico-por-que-odia-a-muerte-al-streamer-numero-uno-del-pais-coscu-me-boludea-y-me-bajo-de-eventos\/\"><\/p>\n<div class=\"mt-content\">\n<div class=\"mt-image-container\"><img decoding=\"async\" src=\"https:\/\/www.paparazzi.com.ar\/wp-content\/uploads\/2025\/09\/bal-coscu-359x226.jpeg\" alt=\"Fede Bal explic\u00f3 por qu\u00e9 odia a muerte al streamer n\u00famero uno del pa\u00eds, Coscu: \u201cMe boludea y me baj\u00f3 de eventos\u201d\" class=\"mt-image\" loading=\"lazy\" \/><\/div>\n<h5 class=\"mt-title\">Fede Bal explic\u00f3 por qu\u00e9 odia a muerte al streamer n\u00famero uno del pa\u00eds, Coscu: \u201cMe boludea y me baj\u00f3 de eventos\u201d<\/h5>\n<\/div>\n<p><\/a><\/div>\n<div class=\"mt-box \">\n<h4 class=\"mt-heading\">Mir\u00e1 Tambi\u00e9n<\/h4>\n<p><a href=\"https:\/\/www.paparazzi.com.ar\/teve\/laurita-fernandez-y-fede-bal-juntos-la-foto-que-aparecio-tras-salir-a-la-luz-el-romance-del-actor\/\"><\/p>\n<div class=\"mt-content\">\n<div class=\"mt-image-container\"><img decoding=\"async\" src=\"https:\/\/www.paparazzi.com.ar\/wp-content\/uploads\/2025\/09\/Laurita-Fernandez-y-Fede-Bal-juntos-la-foto-que-aparecio-tras-salir-a-la-luz-el-romance-del-actor-359x226.jpg\" alt=\"Laurita Fern\u00e1ndez y Fede Bal juntos: la foto que apareci\u00f3 tras salir a la luz el romance del actor\" class=\"mt-image\" loading=\"lazy\" \/><\/div>\n<h5 class=\"mt-title\">Laurita Fern\u00e1ndez y Fede Bal juntos: la foto que apareci\u00f3 tras salir a la luz el romance del actor<\/h5>\n<\/div>\n<p><\/a><\/div>\n<p>The post <a href=\"https:\/\/www.paparazzi.com.ar\/teve\/fede-bal-hablo-a-fondo-de-su-paternidad-en-medio-de-su-romance-con-evelyn-botto-2\/\">Fede Bal habl\u00f3 a fondo de su paternidad en medio de su romance con Evelyn Botto<\/a> appeared first on <a href=\"https:\/\/www.paparazzi.com.ar\">Revista Paparazzi<\/a>.<\/p>\n","protected":false},"excerpt":{"rendered":"<p>En una charla reveladora durante la emisi\u00f3n de La Noche de Mirtha, Fede Bal se<\/p>\n","protected":false},"author":0,"featured_media":6107,"comment_status":"","ping_status":"","sticky":false,"template":"","format":"standard","meta":{"footnotes":""},"categories":[11],"tags":[],"class_list":["post-6106","post","type-post","status-publish","format-standard","has-post-thumbnail","hentry","category-destacadas"],"yoast_head":"<!-- This site is optimized with the Yoast SEO plugin v27.4 - https:\/\/yoast.com\/product\/yoast-seo-wordpress\/ -->\n<title>Fede Bal habl\u00f3 a fondo de su paternidad en medio de su romance con Evelyn Botto - Fm Gente<\/title>\n<meta name=\"robots\" content=\"index, follow, max-snippet:-1, max-image-preview:large, max-video-preview:-1\" \/>\n<link rel=\"canonical\" href=\"https:\/\/fmgente.com.ar\/web\/fede-bal-hablo-a-fondo-de-su-paternidad-en-medio-de-su-romance-con-evelyn-botto\/\" \/>\n<meta property=\"og:locale\" content=\"es_ES\" \/>\n<meta property=\"og:type\" content=\"article\" \/>\n<meta property=\"og:title\" content=\"Fede Bal habl\u00f3 a fondo de su paternidad en medio de su romance con Evelyn Botto - Fm Gente\" \/>\n<meta property=\"og:description\" content=\"En una charla reveladora durante la emisi\u00f3n de La Noche de Mirtha, Fede Bal se\" \/>\n<meta property=\"og:url\" content=\"https:\/\/fmgente.com.ar\/web\/fede-bal-hablo-a-fondo-de-su-paternidad-en-medio-de-su-romance-con-evelyn-botto\/\" \/>\n<meta property=\"og:site_name\" content=\"Fm Gente\" \/>\n<meta property=\"article:published_time\" content=\"2025-10-05T04:06:11+00:00\" \/>\n<meta property=\"og:image\" content=\"https:\/\/fmgente.com.ar\/web\/wp-content\/uploads\/2025\/10\/Nacho-Castanares-Thiago-medina-359x226-9.jpg\" \/>\n\t<meta property=\"og:image:width\" content=\"359\" \/>\n\t<meta property=\"og:image:height\" content=\"226\" \/>\n\t<meta property=\"og:image:type\" content=\"image\/jpeg\" \/>\n<meta name=\"twitter:card\" content=\"summary_large_image\" \/>\n<meta name=\"twitter:label1\" content=\"Tiempo de lectura\" \/>\n\t<meta name=\"twitter:data1\" content=\"3 minutos\" \/>\n<script type=\"application\/ld+json\" class=\"yoast-schema-graph\">{\"@context\":\"https:\\\/\\\/schema.org\",\"@graph\":[{\"@type\":\"Article\",\"@id\":\"https:\\\/\\\/fmgente.com.ar\\\/web\\\/fede-bal-hablo-a-fondo-de-su-paternidad-en-medio-de-su-romance-con-evelyn-botto\\\/#article\",\"isPartOf\":{\"@id\":\"https:\\\/\\\/fmgente.com.ar\\\/web\\\/fede-bal-hablo-a-fondo-de-su-paternidad-en-medio-de-su-romance-con-evelyn-botto\\\/\"},\"author\":{\"name\":\"\",\"@id\":\"\"},\"headline\":\"Fede Bal habl\u00f3 a fondo de su paternidad en medio de su romance con Evelyn Botto\",\"datePublished\":\"2025-10-05T04:06:11+00:00\",\"mainEntityOfPage\":{\"@id\":\"https:\\\/\\\/fmgente.com.ar\\\/web\\\/fede-bal-hablo-a-fondo-de-su-paternidad-en-medio-de-su-romance-con-evelyn-botto\\\/\"},\"wordCount\":559,\"publisher\":{\"@id\":\"https:\\\/\\\/fmgente.com.ar\\\/web\\\/#organization\"},\"image\":{\"@id\":\"https:\\\/\\\/fmgente.com.ar\\\/web\\\/fede-bal-hablo-a-fondo-de-su-paternidad-en-medio-de-su-romance-con-evelyn-botto\\\/#primaryimage\"},\"thumbnailUrl\":\"https:\\\/\\\/fmgente.com.ar\\\/web\\\/wp-content\\\/uploads\\\/2025\\\/10\\\/Nacho-Castanares-Thiago-medina-359x226-9.jpg\",\"articleSection\":[\"DESTACADAS\"],\"inLanguage\":\"es\"},{\"@type\":\"WebPage\",\"@id\":\"https:\\\/\\\/fmgente.com.ar\\\/web\\\/fede-bal-hablo-a-fondo-de-su-paternidad-en-medio-de-su-romance-con-evelyn-botto\\\/\",\"url\":\"https:\\\/\\\/fmgente.com.ar\\\/web\\\/fede-bal-hablo-a-fondo-de-su-paternidad-en-medio-de-su-romance-con-evelyn-botto\\\/\",\"name\":\"Fede Bal habl\u00f3 a fondo de su paternidad en medio de su romance con Evelyn Botto - Fm Gente\",\"isPartOf\":{\"@id\":\"https:\\\/\\\/fmgente.com.ar\\\/web\\\/#website\"},\"primaryImageOfPage\":{\"@id\":\"https:\\\/\\\/fmgente.com.ar\\\/web\\\/fede-bal-hablo-a-fondo-de-su-paternidad-en-medio-de-su-romance-con-evelyn-botto\\\/#primaryimage\"},\"image\":{\"@id\":\"https:\\\/\\\/fmgente.com.ar\\\/web\\\/fede-bal-hablo-a-fondo-de-su-paternidad-en-medio-de-su-romance-con-evelyn-botto\\\/#primaryimage\"},\"thumbnailUrl\":\"https:\\\/\\\/fmgente.com.ar\\\/web\\\/wp-content\\\/uploads\\\/2025\\\/10\\\/Nacho-Castanares-Thiago-medina-359x226-9.jpg\",\"datePublished\":\"2025-10-05T04:06:11+00:00\",\"inLanguage\":\"es\",\"potentialAction\":[{\"@type\":\"ReadAction\",\"target\":[\"https:\\\/\\\/fmgente.com.ar\\\/web\\\/fede-bal-hablo-a-fondo-de-su-paternidad-en-medio-de-su-romance-con-evelyn-botto\\\/\"]}]},{\"@type\":\"ImageObject\",\"inLanguage\":\"es\",\"@id\":\"https:\\\/\\\/fmgente.com.ar\\\/web\\\/fede-bal-hablo-a-fondo-de-su-paternidad-en-medio-de-su-romance-con-evelyn-botto\\\/#primaryimage\",\"url\":\"https:\\\/\\\/fmgente.com.ar\\\/web\\\/wp-content\\\/uploads\\\/2025\\\/10\\\/Nacho-Castanares-Thiago-medina-359x226-9.jpg\",\"contentUrl\":\"https:\\\/\\\/fmgente.com.ar\\\/web\\\/wp-content\\\/uploads\\\/2025\\\/10\\\/Nacho-Castanares-Thiago-medina-359x226-9.jpg\",\"width\":359,\"height\":226},{\"@type\":\"WebSite\",\"@id\":\"https:\\\/\\\/fmgente.com.ar\\\/web\\\/#website\",\"url\":\"https:\\\/\\\/fmgente.com.ar\\\/web\\\/\",\"name\":\"Fm Gente\",\"description\":\"- Jes\u00fas Mar\u00eda\",\"publisher\":{\"@id\":\"https:\\\/\\\/fmgente.com.ar\\\/web\\\/#organization\"},\"potentialAction\":[{\"@type\":\"SearchAction\",\"target\":{\"@type\":\"EntryPoint\",\"urlTemplate\":\"https:\\\/\\\/fmgente.com.ar\\\/web\\\/?s={search_term_string}\"},\"query-input\":{\"@type\":\"PropertyValueSpecification\",\"valueRequired\":true,\"valueName\":\"search_term_string\"}}],\"inLanguage\":\"es\"},{\"@type\":\"Organization\",\"@id\":\"https:\\\/\\\/fmgente.com.ar\\\/web\\\/#organization\",\"name\":\"Fm Gente\",\"url\":\"https:\\\/\\\/fmgente.com.ar\\\/web\\\/\",\"logo\":{\"@type\":\"ImageObject\",\"inLanguage\":\"es\",\"@id\":\"https:\\\/\\\/fmgente.com.ar\\\/web\\\/#\\\/schema\\\/logo\\\/image\\\/\",\"url\":\"https:\\\/\\\/fmgente.com.ar\\\/web\\\/wp-content\\\/uploads\\\/2023\\\/07\\\/cropped-cropped-logo-sombra2.png\",\"contentUrl\":\"https:\\\/\\\/fmgente.com.ar\\\/web\\\/wp-content\\\/uploads\\\/2023\\\/07\\\/cropped-cropped-logo-sombra2.png\",\"width\":1782,\"height\":1782,\"caption\":\"Fm Gente\"},\"image\":{\"@id\":\"https:\\\/\\\/fmgente.com.ar\\\/web\\\/#\\\/schema\\\/logo\\\/image\\\/\"}}]}<\/script>\n<!-- \/ Yoast SEO plugin. -->","yoast_head_json":{"title":"Fede Bal habl\u00f3 a fondo de su paternidad en medio de su romance con Evelyn Botto - Fm Gente","robots":{"index":"index","follow":"follow","max-snippet":"max-snippet:-1","max-image-preview":"max-image-preview:large","max-video-preview":"max-video-preview:-1"},"canonical":"https:\/\/fmgente.com.ar\/web\/fede-bal-hablo-a-fondo-de-su-paternidad-en-medio-de-su-romance-con-evelyn-botto\/","og_locale":"es_ES","og_type":"article","og_title":"Fede Bal habl\u00f3 a fondo de su paternidad en medio de su romance con Evelyn Botto - Fm Gente","og_description":"En una charla reveladora durante la emisi\u00f3n de La Noche de Mirtha, Fede Bal se","og_url":"https:\/\/fmgente.com.ar\/web\/fede-bal-hablo-a-fondo-de-su-paternidad-en-medio-de-su-romance-con-evelyn-botto\/","og_site_name":"Fm Gente","article_published_time":"2025-10-05T04:06:11+00:00","og_image":[{"width":359,"height":226,"url":"https:\/\/fmgente.com.ar\/web\/wp-content\/uploads\/2025\/10\/Nacho-Castanares-Thiago-medina-359x226-9.jpg","type":"image\/jpeg"}],"twitter_card":"summary_large_image","twitter_misc":{"Tiempo de lectura":"3 minutos"},"schema":{"@context":"https:\/\/schema.org","@graph":[{"@type":"Article","@id":"https:\/\/fmgente.com.ar\/web\/fede-bal-hablo-a-fondo-de-su-paternidad-en-medio-de-su-romance-con-evelyn-botto\/#article","isPartOf":{"@id":"https:\/\/fmgente.com.ar\/web\/fede-bal-hablo-a-fondo-de-su-paternidad-en-medio-de-su-romance-con-evelyn-botto\/"},"author":{"name":"","@id":""},"headline":"Fede Bal habl\u00f3 a fondo de su paternidad en medio de su romance con Evelyn Botto","datePublished":"2025-10-05T04:06:11+00:00","mainEntityOfPage":{"@id":"https:\/\/fmgente.com.ar\/web\/fede-bal-hablo-a-fondo-de-su-paternidad-en-medio-de-su-romance-con-evelyn-botto\/"},"wordCount":559,"publisher":{"@id":"https:\/\/fmgente.com.ar\/web\/#organization"},"image":{"@id":"https:\/\/fmgente.com.ar\/web\/fede-bal-hablo-a-fondo-de-su-paternidad-en-medio-de-su-romance-con-evelyn-botto\/#primaryimage"},"thumbnailUrl":"https:\/\/fmgente.com.ar\/web\/wp-content\/uploads\/2025\/10\/Nacho-Castanares-Thiago-medina-359x226-9.jpg","articleSection":["DESTACADAS"],"inLanguage":"es"},{"@type":"WebPage","@id":"https:\/\/fmgente.com.ar\/web\/fede-bal-hablo-a-fondo-de-su-paternidad-en-medio-de-su-romance-con-evelyn-botto\/","url":"https:\/\/fmgente.com.ar\/web\/fede-bal-hablo-a-fondo-de-su-paternidad-en-medio-de-su-romance-con-evelyn-botto\/","name":"Fede Bal habl\u00f3 a fondo de su paternidad en medio de su romance con Evelyn Botto - Fm Gente","isPartOf":{"@id":"https:\/\/fmgente.com.ar\/web\/#website"},"primaryImageOfPage":{"@id":"https:\/\/fmgente.com.ar\/web\/fede-bal-hablo-a-fondo-de-su-paternidad-en-medio-de-su-romance-con-evelyn-botto\/#primaryimage"},"image":{"@id":"https:\/\/fmgente.com.ar\/web\/fede-bal-hablo-a-fondo-de-su-paternidad-en-medio-de-su-romance-con-evelyn-botto\/#primaryimage"},"thumbnailUrl":"https:\/\/fmgente.com.ar\/web\/wp-content\/uploads\/2025\/10\/Nacho-Castanares-Thiago-medina-359x226-9.jpg","datePublished":"2025-10-05T04:06:11+00:00","inLanguage":"es","potentialAction":[{"@type":"ReadAction","target":["https:\/\/fmgente.com.ar\/web\/fede-bal-hablo-a-fondo-de-su-paternidad-en-medio-de-su-romance-con-evelyn-botto\/"]}]},{"@type":"ImageObject","inLanguage":"es","@id":"https:\/\/fmgente.com.ar\/web\/fede-bal-hablo-a-fondo-de-su-paternidad-en-medio-de-su-romance-con-evelyn-botto\/#primaryimage","url":"https:\/\/fmgente.com.ar\/web\/wp-content\/uploads\/2025\/10\/Nacho-Castanares-Thiago-medina-359x226-9.jpg","contentUrl":"https:\/\/fmgente.com.ar\/web\/wp-content\/uploads\/2025\/10\/Nacho-Castanares-Thiago-medina-359x226-9.jpg","width":359,"height":226},{"@type":"WebSite","@id":"https:\/\/fmgente.com.ar\/web\/#website","url":"https:\/\/fmgente.com.ar\/web\/","name":"Fm Gente","description":"- Jes\u00fas Mar\u00eda","publisher":{"@id":"https:\/\/fmgente.com.ar\/web\/#organization"},"potentialAction":[{"@type":"SearchAction","target":{"@type":"EntryPoint","urlTemplate":"https:\/\/fmgente.com.ar\/web\/?s={search_term_string}"},"query-input":{"@type":"PropertyValueSpecification","valueRequired":true,"valueName":"search_term_string"}}],"inLanguage":"es"},{"@type":"Organization","@id":"https:\/\/fmgente.com.ar\/web\/#organization","name":"Fm Gente","url":"https:\/\/fmgente.com.ar\/web\/","logo":{"@type":"ImageObject","inLanguage":"es","@id":"https:\/\/fmgente.com.ar\/web\/#\/schema\/logo\/image\/","url":"https:\/\/fmgente.com.ar\/web\/wp-content\/uploads\/2023\/07\/cropped-cropped-logo-sombra2.png","contentUrl":"https:\/\/fmgente.com.ar\/web\/wp-content\/uploads\/2023\/07\/cropped-cropped-logo-sombra2.png","width":1782,"height":1782,"caption":"Fm Gente"},"image":{"@id":"https:\/\/fmgente.com.ar\/web\/#\/schema\/logo\/image\/"}}]}},"_links":{"self":[{"href":"https:\/\/fmgente.com.ar\/web\/wp-json\/wp\/v2\/posts\/6106","targetHints":{"allow":["GET"]}}],"collection":[{"href":"https:\/\/fmgente.com.ar\/web\/wp-json\/wp\/v2\/posts"}],"about":[{"href":"https:\/\/fmgente.com.ar\/web\/wp-json\/wp\/v2\/types\/post"}],"replies":[{"embeddable":true,"href":"https:\/\/fmgente.com.ar\/web\/wp-json\/wp\/v2\/comments?post=6106"}],"version-history":[{"count":0,"href":"https:\/\/fmgente.com.ar\/web\/wp-json\/wp\/v2\/posts\/6106\/revisions"}],"wp:featuredmedia":[{"embeddable":true,"href":"https:\/\/fmgente.com.ar\/web\/wp-json\/wp\/v2\/media\/6107"}],"wp:attachment":[{"href":"https:\/\/fmgente.com.ar\/web\/wp-json\/wp\/v2\/media?parent=6106"}],"wp:term":[{"taxonomy":"category","embeddable":true,"href":"https:\/\/fmgente.com.ar\/web\/wp-json\/wp\/v2\/categories?post=6106"},{"taxonomy":"post_tag","embeddable":true,"href":"https:\/\/fmgente.com.ar\/web\/wp-json\/wp\/v2\/tags?post=6106"}],"curies":[{"name":"wp","href":"https:\/\/api.w.org\/{rel}","templated":true}]}}