{"id":6104,"date":"2025-10-05T00:08:52","date_gmt":"2025-10-05T03:08:52","guid":{"rendered":"https:\/\/fmgente.com.ar\/el-fuerte-conflicto-de-oriana-sabatini-y-paulo-dybala-por-su-hija-a-poco-de-convertirse-en-padres\/"},"modified":"2025-10-05T00:08:52","modified_gmt":"2025-10-05T03:08:52","slug":"el-fuerte-conflicto-de-oriana-sabatini-y-paulo-dybala-por-su-hija-a-poco-de-convertirse-en-padres","status":"publish","type":"post","link":"https:\/\/fmgente.com.ar\/web\/el-fuerte-conflicto-de-oriana-sabatini-y-paulo-dybala-por-su-hija-a-poco-de-convertirse-en-padres\/","title":{"rendered":"El fuerte conflicto de Oriana Sabatini y Paulo Dybala por su hija a poco de convertirse en padres"},"content":{"rendered":"<p><strong>Oriana Sabatini <\/strong>atraviesa uno de los momentos m\u00e1s especiales de su vida. A pocos meses de convertirse en madre junto a<strong> Paulo Dybala<\/strong>, no solo transita el embarazo con alegr\u00eda y emoci\u00f3n, sino que tambi\u00e9n se encuentra en plena cuenta regresiva para definir uno de los detalles m\u00e1s significativos: el nombre de su hija.<\/p>\n<p>En una entrevista que mantuvo por estas horas con el streaming de OLGA, la cantante abri\u00f3 su coraz\u00f3n y cont\u00f3 c\u00f3mo est\u00e1 viviendo la elecci\u00f3n del nombre de su beba. <em>\u201cTen\u00eda una lista que ven\u00eda armando medio de toda la vida, cuando ve\u00eda un nombrecito que me gustaba era tipo \u2018lo guardo ac\u00e1\u2019\u201d<\/em>, comenz\u00f3 explicando <strong><a href=\"https:\/\/www.paparazzi.com.ar\/romances\/polemico-a-oriana-sabatini-se-le-escapo-el-nombre-que-eligio-para-su-hija-con-paulo-dybala\/\">Oriana<\/a><\/strong>, dejando en claro que la b\u00fasqueda no es improvisada.<\/p>\n<p><strong>Oriana<\/strong> confes\u00f3 que entre todos esos nombres hay uno que le resuena de manera especial y que lo tiene decidido hace tiempo. <em>\u201cTengo un nombre que me gusta hace mucho\u201d<\/em>, cont\u00f3 con seguridad, aunque enseguida reconoci\u00f3 que la decisi\u00f3n no est\u00e1 cerrada del todo porque su pareja a\u00fan no termina de convencerse. Esto habr\u00eda generado un debate y hasta discusi\u00f3n con <strong><a href=\"https:\/\/www.paparazzi.com.ar\/romances\/la-bomba-por-la-que-oriana-sabatini-y-paulo-dybala-no-piensan-vivir-en-argentina-cuando-nazca-su-hija\/\">Dybala<\/a><\/strong>.<\/p>\n<div class=\"mt-box \">\n<h4 class=\"mt-heading\">Mir\u00e1 Tambi\u00e9n<\/h4>\n<p><a href=\"https:\/\/www.paparazzi.com.ar\/videos\/exclusivo-marcelo-polino-hablo-como-nunca-de-su-vida-intima-y-conto-cuando-fue-la-ultima-vez-que-tuvo-sexo-con-una-mujer\/\"><\/p>\n<div class=\"mt-content\">\n<div class=\"mt-image-container\"><img decoding=\"async\" src=\"https:\/\/www.paparazzi.com.ar\/wp-content\/uploads\/2025\/09\/IMG_5980-359x226.jpg\" alt=\"\u00a1Exclusivo! Marcelo Polino habl\u00f3 como nunca de su vida \u00edntima y cont\u00f3 cu\u00e1ndo fue la \u00faltima vez que tuvo sexo con una mujer\u00a0\" class=\"mt-image\" loading=\"lazy\" \/><\/div>\n<h5 class=\"mt-title\">\u00a1Exclusivo! Marcelo Polino habl\u00f3 como nunca de su vida \u00edntima y cont\u00f3 cu\u00e1ndo fue la \u00faltima vez que tuvo sexo con una mujer\u00a0<\/h5>\n<\/div>\n<p><\/a><\/div>\n<p>\u00bfPor qu\u00e9? Porque <strong>la hija de Catherine Fulop<\/strong> admiti\u00f3 que est\u00e1 peleando por convencer al futbolista con su elecci\u00f3n: <em>\u201cCuando me dijeron que era nena medio que lo sent\u00ed, se tiene que llamar as\u00ed. No voy a decir qu\u00e9, ni c\u00f3mo, ni de d\u00f3nde sali\u00f3 ese nombre porque se van a dar cuenta en dos segundos, pero estoy ah\u00ed como tratando de convencer a Paulo. B\u00e1sicamente, lo estoy obligando a que le guste\u201d<\/em>.<\/p>\n<h2 class=\"wp-block-heading\">POR QU\u00c9 ORIANA SABATINI NO SE PONE DE ACUERDO CON PAULO DYBALA POR SU HIJA<\/h2>\n<p>\u00bfDe qu\u00e9 nombre se trata? P\u00edcara, <strong><a href=\"https:\/\/www.paparazzi.com.ar\/romances\/la-primera-foto-de-oriana-sabatini-y-su-pancita-de-4-meses-de-embarazo\/\">Oriana<\/a><\/strong> explic\u00f3 que prefiere mantener la inc\u00f3gnita hasta \u00faltimo momento, sobre todo porque, como bien dijo, todav\u00eda no logr\u00f3 ponerse de acuerdo con <strong>Paulo<\/strong>. <em>\u201cQuiero que sea sorpresa. Es una referencia a un personaje\u201d<\/em>, adelant\u00f3 ella, sin soltar la pista y dejando a todos con la intriga.<\/p>\n<p>No es la primera vez que <strong>Oriana<\/strong> habla del tema. Hace unos d\u00edas en LAM hab\u00eda dado se\u00f1ales del nombre que elegir\u00eda para su hija.<em> \u00abHermione me parec\u00eda como un poco mucho. Me gustan nombres no muy raros. Me gustar\u00eda un nombre que sea lo m\u00e1s original posible, pero que no sea rar\u00edsimo. Que tenga su originalidad, pero que no suene a algo tan desconocido\u201d<\/em>, cont\u00f3.<\/p>\n<div class=\"mt-box \">\n<h4 class=\"mt-heading\">Mir\u00e1 Tambi\u00e9n<\/h4>\n<p><a href=\"https:\/\/www.paparazzi.com.ar\/romances\/polemico-a-oriana-sabatini-se-le-escapo-el-nombre-que-eligio-para-su-hija-con-paulo-dybala\/\"><\/p>\n<div class=\"mt-content\">\n<div class=\"mt-image-container\"><img decoding=\"async\" src=\"https:\/\/www.paparazzi.com.ar\/wp-content\/uploads\/2025\/10\/\u00a1Polemico-A-Oriana-Sabatini-se-le-escapo-el-nombre-que-eligio-para-su-hija-con-Paulo-Dybala-359x226.jpg\" alt=\"\u00a1Pol\u00e9mico! A Oriana Sabatini se le escap\u00f3 el nombre que eligi\u00f3 para su hija con Paulo Dybala\" class=\"mt-image\" loading=\"lazy\" \/><\/div>\n<h5 class=\"mt-title\">\u00a1Pol\u00e9mico! A Oriana Sabatini se le escap\u00f3 el nombre que eligi\u00f3 para su hija con Paulo Dybala<\/h5>\n<\/div>\n<p><\/a><\/div>\n<p>Si bien toma este debate con su esposo con mucho humor, <strong>Oriana<\/strong> dej\u00f3 planteada la gran inc\u00f3gnita: \u00bflograr\u00e1 convencer a <strong>Dybala<\/strong> del nombre que so\u00f1\u00f3 desde chica para su primera hija? \u00bfDe cu\u00e1l se trata? Seguramente en los pr\u00f3ximos d\u00edas tendremos mayores precisiones y novedades al respecto.<\/p>\n<div class=\"mt-box \">\n<h4 class=\"mt-heading\">Mir\u00e1 Tambi\u00e9n<\/h4>\n<p><a href=\"https:\/\/www.paparazzi.com.ar\/romances\/la-bomba-por-la-que-oriana-sabatini-y-paulo-dybala-no-piensan-vivir-en-argentina-cuando-nazca-su-hija\/\"><\/p>\n<div class=\"mt-content\">\n<div class=\"mt-image-container\"><img decoding=\"async\" src=\"https:\/\/www.paparazzi.com.ar\/wp-content\/uploads\/2025\/10\/oriana-sabatini-paulo-dybala-359x226.jpg\" alt=\"La bomba por la que Oriana Sabatini y Paulo Dybala no piensan vivir en Argentina cuando nazca su hija\" class=\"mt-image\" loading=\"lazy\" \/><\/div>\n<h5 class=\"mt-title\">La bomba por la que Oriana Sabatini y Paulo Dybala no piensan vivir en Argentina cuando nazca su hija<\/h5>\n<\/div>\n<p><\/a><\/div>\n<div class=\"mt-box \">\n<h4 class=\"mt-heading\">Mir\u00e1 Tambi\u00e9n<\/h4>\n<p><a href=\"https:\/\/www.paparazzi.com.ar\/romances\/la-primera-foto-de-oriana-sabatini-y-su-pancita-de-4-meses-de-embarazo\/\"><\/p>\n<div class=\"mt-content\">\n<div class=\"mt-image-container\"><img decoding=\"async\" src=\"https:\/\/www.paparazzi.com.ar\/wp-content\/uploads\/2025\/10\/Oriana-Sabatini-sindrome-359x226.jpg\" alt=\"La primera foto de Oriana Sabatini y su pancita de 4 meses de embarazo\" class=\"mt-image\" loading=\"lazy\" \/><\/div>\n<h5 class=\"mt-title\">La primera foto de Oriana Sabatini y su pancita de 4 meses de embarazo<\/h5>\n<\/div>\n<p><\/a><\/div>\n<p>The post <a href=\"https:\/\/www.paparazzi.com.ar\/romances\/el-fuerte-conflicto-de-oriana-sabatini-y-paulo-dybala-por-su-hija-a-poco-de-convertirse-en-padres\/\">El fuerte conflicto de Oriana Sabatini y Paulo Dybala por su hija a poco de convertirse en padres<\/a> appeared first on <a href=\"https:\/\/www.paparazzi.com.ar\">Revista Paparazzi<\/a>.<\/p>\n","protected":false},"excerpt":{"rendered":"<p>Oriana Sabatini atraviesa uno de los momentos m\u00e1s especiales de su vida. A pocos meses<\/p>\n","protected":false},"author":0,"featured_media":6105,"comment_status":"","ping_status":"","sticky":false,"template":"","format":"standard","meta":{"footnotes":""},"categories":[11],"tags":[],"class_list":["post-6104","post","type-post","status-publish","format-standard","has-post-thumbnail","hentry","category-destacadas"],"yoast_head":"<!-- This site is optimized with the Yoast SEO plugin v27.4 - https:\/\/yoast.com\/product\/yoast-seo-wordpress\/ -->\n<title>El fuerte conflicto de Oriana Sabatini y Paulo Dybala por su hija a poco de convertirse en padres - Fm Gente<\/title>\n<meta name=\"robots\" content=\"index, follow, max-snippet:-1, max-image-preview:large, max-video-preview:-1\" \/>\n<link rel=\"canonical\" href=\"https:\/\/fmgente.com.ar\/web\/el-fuerte-conflicto-de-oriana-sabatini-y-paulo-dybala-por-su-hija-a-poco-de-convertirse-en-padres\/\" \/>\n<meta property=\"og:locale\" content=\"es_ES\" \/>\n<meta property=\"og:type\" content=\"article\" \/>\n<meta property=\"og:title\" content=\"El fuerte conflicto de Oriana Sabatini y Paulo Dybala por su hija a poco de convertirse en padres - Fm Gente\" \/>\n<meta property=\"og:description\" content=\"Oriana Sabatini atraviesa uno de los momentos m\u00e1s especiales de su vida. A pocos meses\" \/>\n<meta property=\"og:url\" content=\"https:\/\/fmgente.com.ar\/web\/el-fuerte-conflicto-de-oriana-sabatini-y-paulo-dybala-por-su-hija-a-poco-de-convertirse-en-padres\/\" \/>\n<meta property=\"og:site_name\" content=\"Fm Gente\" \/>\n<meta property=\"article:published_time\" content=\"2025-10-05T03:08:52+00:00\" \/>\n<meta property=\"og:image\" content=\"https:\/\/fmgente.com.ar\/web\/wp-content\/uploads\/2025\/10\/IMG_5980-359x226-21.jpg\" \/>\n\t<meta property=\"og:image:width\" content=\"359\" \/>\n\t<meta property=\"og:image:height\" content=\"226\" \/>\n\t<meta property=\"og:image:type\" content=\"image\/jpeg\" \/>\n<meta name=\"twitter:card\" content=\"summary_large_image\" \/>\n<meta name=\"twitter:label1\" content=\"Tiempo de lectura\" \/>\n\t<meta name=\"twitter:data1\" content=\"3 minutos\" \/>\n<script type=\"application\/ld+json\" class=\"yoast-schema-graph\">{\"@context\":\"https:\\\/\\\/schema.org\",\"@graph\":[{\"@type\":\"Article\",\"@id\":\"https:\\\/\\\/fmgente.com.ar\\\/web\\\/el-fuerte-conflicto-de-oriana-sabatini-y-paulo-dybala-por-su-hija-a-poco-de-convertirse-en-padres\\\/#article\",\"isPartOf\":{\"@id\":\"https:\\\/\\\/fmgente.com.ar\\\/web\\\/el-fuerte-conflicto-de-oriana-sabatini-y-paulo-dybala-por-su-hija-a-poco-de-convertirse-en-padres\\\/\"},\"author\":{\"name\":\"\",\"@id\":\"\"},\"headline\":\"El fuerte conflicto de Oriana Sabatini y Paulo Dybala por su hija a poco de convertirse en padres\",\"datePublished\":\"2025-10-05T03:08:52+00:00\",\"mainEntityOfPage\":{\"@id\":\"https:\\\/\\\/fmgente.com.ar\\\/web\\\/el-fuerte-conflicto-de-oriana-sabatini-y-paulo-dybala-por-su-hija-a-poco-de-convertirse-en-padres\\\/\"},\"wordCount\":599,\"publisher\":{\"@id\":\"https:\\\/\\\/fmgente.com.ar\\\/web\\\/#organization\"},\"image\":{\"@id\":\"https:\\\/\\\/fmgente.com.ar\\\/web\\\/el-fuerte-conflicto-de-oriana-sabatini-y-paulo-dybala-por-su-hija-a-poco-de-convertirse-en-padres\\\/#primaryimage\"},\"thumbnailUrl\":\"https:\\\/\\\/fmgente.com.ar\\\/web\\\/wp-content\\\/uploads\\\/2025\\\/10\\\/IMG_5980-359x226-21.jpg\",\"articleSection\":[\"DESTACADAS\"],\"inLanguage\":\"es\"},{\"@type\":\"WebPage\",\"@id\":\"https:\\\/\\\/fmgente.com.ar\\\/web\\\/el-fuerte-conflicto-de-oriana-sabatini-y-paulo-dybala-por-su-hija-a-poco-de-convertirse-en-padres\\\/\",\"url\":\"https:\\\/\\\/fmgente.com.ar\\\/web\\\/el-fuerte-conflicto-de-oriana-sabatini-y-paulo-dybala-por-su-hija-a-poco-de-convertirse-en-padres\\\/\",\"name\":\"El fuerte conflicto de Oriana Sabatini y Paulo Dybala por su hija a poco de convertirse en padres - Fm Gente\",\"isPartOf\":{\"@id\":\"https:\\\/\\\/fmgente.com.ar\\\/web\\\/#website\"},\"primaryImageOfPage\":{\"@id\":\"https:\\\/\\\/fmgente.com.ar\\\/web\\\/el-fuerte-conflicto-de-oriana-sabatini-y-paulo-dybala-por-su-hija-a-poco-de-convertirse-en-padres\\\/#primaryimage\"},\"image\":{\"@id\":\"https:\\\/\\\/fmgente.com.ar\\\/web\\\/el-fuerte-conflicto-de-oriana-sabatini-y-paulo-dybala-por-su-hija-a-poco-de-convertirse-en-padres\\\/#primaryimage\"},\"thumbnailUrl\":\"https:\\\/\\\/fmgente.com.ar\\\/web\\\/wp-content\\\/uploads\\\/2025\\\/10\\\/IMG_5980-359x226-21.jpg\",\"datePublished\":\"2025-10-05T03:08:52+00:00\",\"inLanguage\":\"es\",\"potentialAction\":[{\"@type\":\"ReadAction\",\"target\":[\"https:\\\/\\\/fmgente.com.ar\\\/web\\\/el-fuerte-conflicto-de-oriana-sabatini-y-paulo-dybala-por-su-hija-a-poco-de-convertirse-en-padres\\\/\"]}]},{\"@type\":\"ImageObject\",\"inLanguage\":\"es\",\"@id\":\"https:\\\/\\\/fmgente.com.ar\\\/web\\\/el-fuerte-conflicto-de-oriana-sabatini-y-paulo-dybala-por-su-hija-a-poco-de-convertirse-en-padres\\\/#primaryimage\",\"url\":\"https:\\\/\\\/fmgente.com.ar\\\/web\\\/wp-content\\\/uploads\\\/2025\\\/10\\\/IMG_5980-359x226-21.jpg\",\"contentUrl\":\"https:\\\/\\\/fmgente.com.ar\\\/web\\\/wp-content\\\/uploads\\\/2025\\\/10\\\/IMG_5980-359x226-21.jpg\",\"width\":359,\"height\":226},{\"@type\":\"WebSite\",\"@id\":\"https:\\\/\\\/fmgente.com.ar\\\/web\\\/#website\",\"url\":\"https:\\\/\\\/fmgente.com.ar\\\/web\\\/\",\"name\":\"Fm Gente\",\"description\":\"- Jes\u00fas Mar\u00eda\",\"publisher\":{\"@id\":\"https:\\\/\\\/fmgente.com.ar\\\/web\\\/#organization\"},\"potentialAction\":[{\"@type\":\"SearchAction\",\"target\":{\"@type\":\"EntryPoint\",\"urlTemplate\":\"https:\\\/\\\/fmgente.com.ar\\\/web\\\/?s={search_term_string}\"},\"query-input\":{\"@type\":\"PropertyValueSpecification\",\"valueRequired\":true,\"valueName\":\"search_term_string\"}}],\"inLanguage\":\"es\"},{\"@type\":\"Organization\",\"@id\":\"https:\\\/\\\/fmgente.com.ar\\\/web\\\/#organization\",\"name\":\"Fm Gente\",\"url\":\"https:\\\/\\\/fmgente.com.ar\\\/web\\\/\",\"logo\":{\"@type\":\"ImageObject\",\"inLanguage\":\"es\",\"@id\":\"https:\\\/\\\/fmgente.com.ar\\\/web\\\/#\\\/schema\\\/logo\\\/image\\\/\",\"url\":\"https:\\\/\\\/fmgente.com.ar\\\/web\\\/wp-content\\\/uploads\\\/2023\\\/07\\\/cropped-cropped-logo-sombra2.png\",\"contentUrl\":\"https:\\\/\\\/fmgente.com.ar\\\/web\\\/wp-content\\\/uploads\\\/2023\\\/07\\\/cropped-cropped-logo-sombra2.png\",\"width\":1782,\"height\":1782,\"caption\":\"Fm Gente\"},\"image\":{\"@id\":\"https:\\\/\\\/fmgente.com.ar\\\/web\\\/#\\\/schema\\\/logo\\\/image\\\/\"}}]}<\/script>\n<!-- \/ Yoast SEO plugin. -->","yoast_head_json":{"title":"El fuerte conflicto de Oriana Sabatini y Paulo Dybala por su hija a poco de convertirse en padres - Fm Gente","robots":{"index":"index","follow":"follow","max-snippet":"max-snippet:-1","max-image-preview":"max-image-preview:large","max-video-preview":"max-video-preview:-1"},"canonical":"https:\/\/fmgente.com.ar\/web\/el-fuerte-conflicto-de-oriana-sabatini-y-paulo-dybala-por-su-hija-a-poco-de-convertirse-en-padres\/","og_locale":"es_ES","og_type":"article","og_title":"El fuerte conflicto de Oriana Sabatini y Paulo Dybala por su hija a poco de convertirse en padres - Fm Gente","og_description":"Oriana Sabatini atraviesa uno de los momentos m\u00e1s especiales de su vida. A pocos meses","og_url":"https:\/\/fmgente.com.ar\/web\/el-fuerte-conflicto-de-oriana-sabatini-y-paulo-dybala-por-su-hija-a-poco-de-convertirse-en-padres\/","og_site_name":"Fm Gente","article_published_time":"2025-10-05T03:08:52+00:00","og_image":[{"width":359,"height":226,"url":"https:\/\/fmgente.com.ar\/web\/wp-content\/uploads\/2025\/10\/IMG_5980-359x226-21.jpg","type":"image\/jpeg"}],"twitter_card":"summary_large_image","twitter_misc":{"Tiempo de lectura":"3 minutos"},"schema":{"@context":"https:\/\/schema.org","@graph":[{"@type":"Article","@id":"https:\/\/fmgente.com.ar\/web\/el-fuerte-conflicto-de-oriana-sabatini-y-paulo-dybala-por-su-hija-a-poco-de-convertirse-en-padres\/#article","isPartOf":{"@id":"https:\/\/fmgente.com.ar\/web\/el-fuerte-conflicto-de-oriana-sabatini-y-paulo-dybala-por-su-hija-a-poco-de-convertirse-en-padres\/"},"author":{"name":"","@id":""},"headline":"El fuerte conflicto de Oriana Sabatini y Paulo Dybala por su hija a poco de convertirse en padres","datePublished":"2025-10-05T03:08:52+00:00","mainEntityOfPage":{"@id":"https:\/\/fmgente.com.ar\/web\/el-fuerte-conflicto-de-oriana-sabatini-y-paulo-dybala-por-su-hija-a-poco-de-convertirse-en-padres\/"},"wordCount":599,"publisher":{"@id":"https:\/\/fmgente.com.ar\/web\/#organization"},"image":{"@id":"https:\/\/fmgente.com.ar\/web\/el-fuerte-conflicto-de-oriana-sabatini-y-paulo-dybala-por-su-hija-a-poco-de-convertirse-en-padres\/#primaryimage"},"thumbnailUrl":"https:\/\/fmgente.com.ar\/web\/wp-content\/uploads\/2025\/10\/IMG_5980-359x226-21.jpg","articleSection":["DESTACADAS"],"inLanguage":"es"},{"@type":"WebPage","@id":"https:\/\/fmgente.com.ar\/web\/el-fuerte-conflicto-de-oriana-sabatini-y-paulo-dybala-por-su-hija-a-poco-de-convertirse-en-padres\/","url":"https:\/\/fmgente.com.ar\/web\/el-fuerte-conflicto-de-oriana-sabatini-y-paulo-dybala-por-su-hija-a-poco-de-convertirse-en-padres\/","name":"El fuerte conflicto de Oriana Sabatini y Paulo Dybala por su hija a poco de convertirse en padres - Fm Gente","isPartOf":{"@id":"https:\/\/fmgente.com.ar\/web\/#website"},"primaryImageOfPage":{"@id":"https:\/\/fmgente.com.ar\/web\/el-fuerte-conflicto-de-oriana-sabatini-y-paulo-dybala-por-su-hija-a-poco-de-convertirse-en-padres\/#primaryimage"},"image":{"@id":"https:\/\/fmgente.com.ar\/web\/el-fuerte-conflicto-de-oriana-sabatini-y-paulo-dybala-por-su-hija-a-poco-de-convertirse-en-padres\/#primaryimage"},"thumbnailUrl":"https:\/\/fmgente.com.ar\/web\/wp-content\/uploads\/2025\/10\/IMG_5980-359x226-21.jpg","datePublished":"2025-10-05T03:08:52+00:00","inLanguage":"es","potentialAction":[{"@type":"ReadAction","target":["https:\/\/fmgente.com.ar\/web\/el-fuerte-conflicto-de-oriana-sabatini-y-paulo-dybala-por-su-hija-a-poco-de-convertirse-en-padres\/"]}]},{"@type":"ImageObject","inLanguage":"es","@id":"https:\/\/fmgente.com.ar\/web\/el-fuerte-conflicto-de-oriana-sabatini-y-paulo-dybala-por-su-hija-a-poco-de-convertirse-en-padres\/#primaryimage","url":"https:\/\/fmgente.com.ar\/web\/wp-content\/uploads\/2025\/10\/IMG_5980-359x226-21.jpg","contentUrl":"https:\/\/fmgente.com.ar\/web\/wp-content\/uploads\/2025\/10\/IMG_5980-359x226-21.jpg","width":359,"height":226},{"@type":"WebSite","@id":"https:\/\/fmgente.com.ar\/web\/#website","url":"https:\/\/fmgente.com.ar\/web\/","name":"Fm Gente","description":"- Jes\u00fas Mar\u00eda","publisher":{"@id":"https:\/\/fmgente.com.ar\/web\/#organization"},"potentialAction":[{"@type":"SearchAction","target":{"@type":"EntryPoint","urlTemplate":"https:\/\/fmgente.com.ar\/web\/?s={search_term_string}"},"query-input":{"@type":"PropertyValueSpecification","valueRequired":true,"valueName":"search_term_string"}}],"inLanguage":"es"},{"@type":"Organization","@id":"https:\/\/fmgente.com.ar\/web\/#organization","name":"Fm Gente","url":"https:\/\/fmgente.com.ar\/web\/","logo":{"@type":"ImageObject","inLanguage":"es","@id":"https:\/\/fmgente.com.ar\/web\/#\/schema\/logo\/image\/","url":"https:\/\/fmgente.com.ar\/web\/wp-content\/uploads\/2023\/07\/cropped-cropped-logo-sombra2.png","contentUrl":"https:\/\/fmgente.com.ar\/web\/wp-content\/uploads\/2023\/07\/cropped-cropped-logo-sombra2.png","width":1782,"height":1782,"caption":"Fm Gente"},"image":{"@id":"https:\/\/fmgente.com.ar\/web\/#\/schema\/logo\/image\/"}}]}},"_links":{"self":[{"href":"https:\/\/fmgente.com.ar\/web\/wp-json\/wp\/v2\/posts\/6104","targetHints":{"allow":["GET"]}}],"collection":[{"href":"https:\/\/fmgente.com.ar\/web\/wp-json\/wp\/v2\/posts"}],"about":[{"href":"https:\/\/fmgente.com.ar\/web\/wp-json\/wp\/v2\/types\/post"}],"replies":[{"embeddable":true,"href":"https:\/\/fmgente.com.ar\/web\/wp-json\/wp\/v2\/comments?post=6104"}],"version-history":[{"count":0,"href":"https:\/\/fmgente.com.ar\/web\/wp-json\/wp\/v2\/posts\/6104\/revisions"}],"wp:featuredmedia":[{"embeddable":true,"href":"https:\/\/fmgente.com.ar\/web\/wp-json\/wp\/v2\/media\/6105"}],"wp:attachment":[{"href":"https:\/\/fmgente.com.ar\/web\/wp-json\/wp\/v2\/media?parent=6104"}],"wp:term":[{"taxonomy":"category","embeddable":true,"href":"https:\/\/fmgente.com.ar\/web\/wp-json\/wp\/v2\/categories?post=6104"},{"taxonomy":"post_tag","embeddable":true,"href":"https:\/\/fmgente.com.ar\/web\/wp-json\/wp\/v2\/tags?post=6104"}],"curies":[{"name":"wp","href":"https:\/\/api.w.org\/{rel}","templated":true}]}}