{"id":6102,"date":"2025-10-05T00:08:51","date_gmt":"2025-10-05T03:08:51","guid":{"rendered":"https:\/\/fmgente.com.ar\/la-escandalosa-razon-por-la-que-homo-argentum-retraso-su-llegada-a-las-plataformas-de-series\/"},"modified":"2025-10-05T00:08:51","modified_gmt":"2025-10-05T03:08:51","slug":"la-escandalosa-razon-por-la-que-homo-argentum-retraso-su-llegada-a-las-plataformas-de-series","status":"publish","type":"post","link":"https:\/\/fmgente.com.ar\/web\/la-escandalosa-razon-por-la-que-homo-argentum-retraso-su-llegada-a-las-plataformas-de-series\/","title":{"rendered":"La escandalosa raz\u00f3n por la que Homo Argentum retras\u00f3 su llegada a las plataformas de series"},"content":{"rendered":"<p>El boom en salas de <em><a href=\"https:\/\/www.paparazzi.com.ar\/?s=Homo+Argentum\">Homo Argentum<\/a><\/em> termin\u00f3 por definir su calendario digital: la pel\u00edcula dirigida por <strong>Mariano Cohn y Gast\u00f3n Duprat<\/strong> y protagonizada por <strong><a href=\"https:\/\/www.paparazzi.com.ar\/?s=Guillermo+Francella\">Guillermo Francella<\/a><\/strong> tendr\u00e1 su estreno en Disney+ el 19 de diciembre, seg\u00fan confirmaron fuentes vinculadas a la distribuci\u00f3n.<\/p>\n<p>El largometraje no sigui\u00f3 la v\u00eda habitual: mientras lo normal es que una cinta pase a streaming entre 40 y 60 d\u00edas tras su estreno en cines, en este caso la llegada a la plataforma se extendi\u00f3. La decisi\u00f3n obedeci\u00f3 a un motivo claro: <em>Homo Argentum<\/em> mantuvo un rendimiento sostenido en boleter\u00edas y los productores optaron por alargar ese envi\u00f3n antes de habilitar su visi\u00f3n en el hogar.<\/p>\n<p>El film se present\u00f3 como una propuesta poco convencional: est\u00e1 compuesto por <em>\u201c16 microrelatos\u201d<\/em> protagonizados por Francella, en los que cada vi\u00f1eta \u2014de entre uno y doce minutos\u2014 muestra a un personaje distinto que, aun con su singularidad, comparte la nacionalidad de los int\u00e9rpretes. <\/p>\n<div class=\"mt-box \">\n<h4 class=\"mt-heading\">Mir\u00e1 Tambi\u00e9n<\/h4>\n<p><a href=\"https:\/\/www.paparazzi.com.ar\/teve\/exclusivo-el-tenso-encuentro-entre-pampita-y-nicole-neumann-por-que-ni-se-saludaron\/\"><\/p>\n<div class=\"mt-content\">\n<div class=\"mt-image-container\"><img decoding=\"async\" src=\"https:\/\/www.paparazzi.com.ar\/wp-content\/uploads\/2025\/09\/pampita-14-359x226.png\" alt=\"\u00a1Exclusivo! El tenso encuentro entre Pampita y Nicole Neumann: por qu\u00e9 ni se saludaron\" class=\"mt-image\" loading=\"lazy\" \/><\/div>\n<h5 class=\"mt-title\">\u00a1Exclusivo! El tenso encuentro entre Pampita y Nicole Neumann: por qu\u00e9 ni se saludaron<\/h5>\n<\/div>\n<p><\/a><\/div>\n<p>Ese formato fragmentado permiti\u00f3 una mirada m\u00faltiple sobre la realidad argentina, combinando comedia e iron\u00eda con una cr\u00edtica social que no dej\u00f3 a nadie indiferente, tanto que hasta <a href=\"https:\/\/www.paparazzi.com.ar\/teve\/eva-de-dominici-revelo-lo-que-menos-le-gusto-de-homo-argentum-la-pelicula-de-guillermo-francella\/\">Eva de Dominici revel\u00f3 lo que menos le gust\u00f3 de la pel\u00edcula<\/a>. Precisamente por eso gener\u00f3 debates y opiniones encontradas en el p\u00fablico y en la cr\u00edtica.<\/p>\n<p>Disney+ se qued\u00f3 con los derechos exclusivos de la versi\u00f3n para plataformas, garantizando que la producci\u00f3n llegue a sus suscriptores en la fecha pactada. Antes de ese paso, la pel\u00edcula continu\u00f3 su recorrido internacional: ya se proyect\u00f3 en cines de Chile y Uruguay.<\/p>\n<div class=\"mt-box \">\n<h4 class=\"mt-heading\">Mir\u00e1 Tambi\u00e9n<\/h4>\n<p><a href=\"https:\/\/www.paparazzi.com.ar\/teve\/guillermo-francella-apoyo-julieta-prandi-juicio-claudio-contardi\/\"><\/p>\n<div class=\"mt-content\">\n<div class=\"mt-image-container\"><img decoding=\"async\" src=\"https:\/\/www.paparazzi.com.ar\/wp-content\/uploads\/2025\/08\/guillermo-francella-julieta-prandi-359x226.jpg\" alt=\"Guillermo Francella rompi\u00f3 el silencio sobre Julieta Prandi y el infierno que vivi\u00f3 por culpa de su ex marido: &quot;Pobrecita, lo...&quot;\" class=\"mt-image\" loading=\"lazy\" \/><\/div>\n<h5 class=\"mt-title\">Guillermo Francella rompi\u00f3 el silencio sobre Julieta Prandi y el infierno que vivi\u00f3 por culpa de su ex marido: \u00abPobrecita, lo&#8230;\u00bb<\/h5>\n<\/div>\n<p><\/a><\/div>\n<p>Adem\u00e1s, su calendario regional incluy\u00f3 estrenos en Paraguay (4 de septiembre), Per\u00fa (23 de septiembre), Ecuador (16 de octubre) y Brasil (20 de noviembre). \u00bfQu\u00e9 ofrece <em>Homo Argentum<\/em>? En palabras simples: un collage de personajes que \u2014a fuerza de humor y de una mirada filosa\u2014 invitan a pensar sobre costumbres, contradicciones y rasgos culturales. <\/p>\n<p>El sello de Cohn y Duprat, ya conocido por obras que cuestionan y provocan, se hace aqu\u00ed patente en historias breves que, puestas en cadena, buscan construir una radiograf\u00eda del llamado \u201cgen argentino\u201d. Guillermo Francella, por su parte, volvi\u00f3 a convertirse en el eje del fen\u00f3meno.<\/p>\n<div class=\"mt-box \">\n<h4 class=\"mt-heading\">Mir\u00e1 Tambi\u00e9n<\/h4>\n<p><a href=\"https:\/\/www.paparazzi.com.ar\/teve\/la-impactante-confesion-de-guillermo-francella-que-lo-lleno-de-tristeza-fue-durisimo\/\"><\/p>\n<div class=\"mt-content\">\n<div class=\"mt-image-container\"><img decoding=\"async\" src=\"https:\/\/www.paparazzi.com.ar\/wp-content\/uploads\/2025\/08\/Guillermo-Francella-Marynes-Brena-359x226.jpg\" alt=\"La impactante confesi\u00f3n de Guillermo Francella que lo llen\u00f3 de tristeza: \u201cFue dur\u00edsimo\u201d\" class=\"mt-image\" loading=\"lazy\" \/><\/div>\n<h5 class=\"mt-title\">La impactante confesi\u00f3n de Guillermo Francella que lo llen\u00f3 de tristeza: \u201cFue dur\u00edsimo\u201d<\/h5>\n<\/div>\n<p><\/a><\/div>\n<p>Su capacidad para transitar tonos distintos \u2014del drama a la comedia m\u00e1s \u00e1cida\u2014 fue celebrada por muchos espectadores y puesta en discusi\u00f3n por otros. El resultado: una pel\u00edcula que no solo fue \u00e9xito de p\u00fablico, sino que adem\u00e1s encendi\u00f3 la conversaci\u00f3n cultural y pol\u00edtica sobre el humor como herramienta de reflexi\u00f3n.<\/p>\n<p>El 19 de diciembre ser\u00e1 la prueba de fuego en las pantallas de casa: los que no la vieron en cine tendr\u00e1n la opci\u00f3n de disfrutarla en Disney+, y los que s\u00ed la vivieron en la sala podr\u00e1n revisitar sus microhistorias y sumarse al debate que la pel\u00edcula prometi\u00f3 desde su estreno.<\/p>\n<div class=\"mt-box \">\n<h4 class=\"mt-heading\">Mir\u00e1 Tambi\u00e9n<\/h4>\n<p><a href=\"https:\/\/www.paparazzi.com.ar\/teve\/que-es-lo-que-mas-odia-guillermo-francella-de-ser-un-actor-tan-famoso\/\"><\/p>\n<div class=\"mt-content\">\n<div class=\"mt-image-container\"><img decoding=\"async\" src=\"https:\/\/www.paparazzi.com.ar\/wp-content\/uploads\/2025\/08\/Guillermo-Francella-1-e1754684698151-359x226.jpg\" alt=\"Qu\u00e9 es lo que m\u00e1s odia Guillermo Francella de ser un actor tan famoso\" class=\"mt-image\" loading=\"lazy\" \/><\/div>\n<h5 class=\"mt-title\">Qu\u00e9 es lo que m\u00e1s odia Guillermo Francella de ser un actor tan famoso<\/h5>\n<\/div>\n<p><\/a><\/div>\n<div class=\"mt-box \">\n<h4 class=\"mt-heading\">Mir\u00e1 Tambi\u00e9n<\/h4>\n<p><a href=\"https:\/\/www.paparazzi.com.ar\/teve\/guillermo-francella-ataco-con-todo-a-telefe-por-casados-con-hijos-sin-cobrar-ni\/\"><\/p>\n<div class=\"mt-content\">\n<div class=\"mt-image-container\"><img decoding=\"async\" src=\"https:\/\/www.paparazzi.com.ar\/wp-content\/uploads\/2025\/08\/Guillermo-Francella-359x226.jpg\" alt=\"Guillermo Francella atac\u00f3 con todo a Telefe por Casados con hijos: &quot;Sin cobrar ni\u2026&quot;\" class=\"mt-image\" loading=\"lazy\" \/><\/div>\n<h5 class=\"mt-title\">Guillermo Francella atac\u00f3 con todo a Telefe por Casados con hijos: \u00abSin cobrar ni\u2026\u00bb<\/h5>\n<\/div>\n<p><\/a><\/div>\n<p>The post <a href=\"https:\/\/www.paparazzi.com.ar\/teve\/la-escandalosa-razon-por-la-que-homo-argentum-retraso-su-llegada-a-las-plataformas-de-series\/\">La escandalosa raz\u00f3n por la que Homo Argentum retras\u00f3 su llegada a las plataformas de series<\/a> appeared first on <a href=\"https:\/\/www.paparazzi.com.ar\">Revista Paparazzi<\/a>.<\/p>\n","protected":false},"excerpt":{"rendered":"<p>El boom en salas de Homo Argentum termin\u00f3 por definir su calendario digital: la pel\u00edcula<\/p>\n","protected":false},"author":0,"featured_media":6103,"comment_status":"","ping_status":"","sticky":false,"template":"","format":"standard","meta":{"footnotes":""},"categories":[11],"tags":[],"class_list":["post-6102","post","type-post","status-publish","format-standard","has-post-thumbnail","hentry","category-destacadas"],"yoast_head":"<!-- This site is optimized with the Yoast SEO plugin v27.4 - https:\/\/yoast.com\/product\/yoast-seo-wordpress\/ -->\n<title>La escandalosa raz\u00f3n por la que Homo Argentum retras\u00f3 su llegada a las plataformas de series - Fm Gente<\/title>\n<meta name=\"robots\" content=\"index, follow, max-snippet:-1, max-image-preview:large, max-video-preview:-1\" \/>\n<link rel=\"canonical\" href=\"https:\/\/fmgente.com.ar\/web\/la-escandalosa-razon-por-la-que-homo-argentum-retraso-su-llegada-a-las-plataformas-de-series\/\" \/>\n<meta property=\"og:locale\" content=\"es_ES\" \/>\n<meta property=\"og:type\" content=\"article\" \/>\n<meta property=\"og:title\" content=\"La escandalosa raz\u00f3n por la que Homo Argentum retras\u00f3 su llegada a las plataformas de series - Fm Gente\" \/>\n<meta property=\"og:description\" content=\"El boom en salas de Homo Argentum termin\u00f3 por definir su calendario digital: la pel\u00edcula\" \/>\n<meta property=\"og:url\" content=\"https:\/\/fmgente.com.ar\/web\/la-escandalosa-razon-por-la-que-homo-argentum-retraso-su-llegada-a-las-plataformas-de-series\/\" \/>\n<meta property=\"og:site_name\" content=\"Fm Gente\" \/>\n<meta property=\"article:published_time\" content=\"2025-10-05T03:08:51+00:00\" \/>\n<meta property=\"og:image\" content=\"https:\/\/fmgente.com.ar\/web\/wp-content\/uploads\/2025\/10\/pampita-14-359x226-9.png\" \/>\n\t<meta property=\"og:image:width\" content=\"359\" \/>\n\t<meta property=\"og:image:height\" content=\"226\" \/>\n\t<meta property=\"og:image:type\" content=\"image\/png\" \/>\n<meta name=\"twitter:card\" content=\"summary_large_image\" \/>\n<meta name=\"twitter:label1\" content=\"Tiempo de lectura\" \/>\n\t<meta name=\"twitter:data1\" content=\"3 minutos\" \/>\n<script type=\"application\/ld+json\" class=\"yoast-schema-graph\">{\"@context\":\"https:\\\/\\\/schema.org\",\"@graph\":[{\"@type\":\"Article\",\"@id\":\"https:\\\/\\\/fmgente.com.ar\\\/web\\\/la-escandalosa-razon-por-la-que-homo-argentum-retraso-su-llegada-a-las-plataformas-de-series\\\/#article\",\"isPartOf\":{\"@id\":\"https:\\\/\\\/fmgente.com.ar\\\/web\\\/la-escandalosa-razon-por-la-que-homo-argentum-retraso-su-llegada-a-las-plataformas-de-series\\\/\"},\"author\":{\"name\":\"\",\"@id\":\"\"},\"headline\":\"La escandalosa raz\u00f3n por la que Homo Argentum retras\u00f3 su llegada a las plataformas de series\",\"datePublished\":\"2025-10-05T03:08:51+00:00\",\"mainEntityOfPage\":{\"@id\":\"https:\\\/\\\/fmgente.com.ar\\\/web\\\/la-escandalosa-razon-por-la-que-homo-argentum-retraso-su-llegada-a-las-plataformas-de-series\\\/\"},\"wordCount\":618,\"publisher\":{\"@id\":\"https:\\\/\\\/fmgente.com.ar\\\/web\\\/#organization\"},\"image\":{\"@id\":\"https:\\\/\\\/fmgente.com.ar\\\/web\\\/la-escandalosa-razon-por-la-que-homo-argentum-retraso-su-llegada-a-las-plataformas-de-series\\\/#primaryimage\"},\"thumbnailUrl\":\"https:\\\/\\\/fmgente.com.ar\\\/web\\\/wp-content\\\/uploads\\\/2025\\\/10\\\/pampita-14-359x226-9.png\",\"articleSection\":[\"DESTACADAS\"],\"inLanguage\":\"es\"},{\"@type\":\"WebPage\",\"@id\":\"https:\\\/\\\/fmgente.com.ar\\\/web\\\/la-escandalosa-razon-por-la-que-homo-argentum-retraso-su-llegada-a-las-plataformas-de-series\\\/\",\"url\":\"https:\\\/\\\/fmgente.com.ar\\\/web\\\/la-escandalosa-razon-por-la-que-homo-argentum-retraso-su-llegada-a-las-plataformas-de-series\\\/\",\"name\":\"La escandalosa raz\u00f3n por la que Homo Argentum retras\u00f3 su llegada a las plataformas de series - Fm Gente\",\"isPartOf\":{\"@id\":\"https:\\\/\\\/fmgente.com.ar\\\/web\\\/#website\"},\"primaryImageOfPage\":{\"@id\":\"https:\\\/\\\/fmgente.com.ar\\\/web\\\/la-escandalosa-razon-por-la-que-homo-argentum-retraso-su-llegada-a-las-plataformas-de-series\\\/#primaryimage\"},\"image\":{\"@id\":\"https:\\\/\\\/fmgente.com.ar\\\/web\\\/la-escandalosa-razon-por-la-que-homo-argentum-retraso-su-llegada-a-las-plataformas-de-series\\\/#primaryimage\"},\"thumbnailUrl\":\"https:\\\/\\\/fmgente.com.ar\\\/web\\\/wp-content\\\/uploads\\\/2025\\\/10\\\/pampita-14-359x226-9.png\",\"datePublished\":\"2025-10-05T03:08:51+00:00\",\"inLanguage\":\"es\",\"potentialAction\":[{\"@type\":\"ReadAction\",\"target\":[\"https:\\\/\\\/fmgente.com.ar\\\/web\\\/la-escandalosa-razon-por-la-que-homo-argentum-retraso-su-llegada-a-las-plataformas-de-series\\\/\"]}]},{\"@type\":\"ImageObject\",\"inLanguage\":\"es\",\"@id\":\"https:\\\/\\\/fmgente.com.ar\\\/web\\\/la-escandalosa-razon-por-la-que-homo-argentum-retraso-su-llegada-a-las-plataformas-de-series\\\/#primaryimage\",\"url\":\"https:\\\/\\\/fmgente.com.ar\\\/web\\\/wp-content\\\/uploads\\\/2025\\\/10\\\/pampita-14-359x226-9.png\",\"contentUrl\":\"https:\\\/\\\/fmgente.com.ar\\\/web\\\/wp-content\\\/uploads\\\/2025\\\/10\\\/pampita-14-359x226-9.png\",\"width\":359,\"height\":226},{\"@type\":\"WebSite\",\"@id\":\"https:\\\/\\\/fmgente.com.ar\\\/web\\\/#website\",\"url\":\"https:\\\/\\\/fmgente.com.ar\\\/web\\\/\",\"name\":\"Fm Gente\",\"description\":\"- Jes\u00fas Mar\u00eda\",\"publisher\":{\"@id\":\"https:\\\/\\\/fmgente.com.ar\\\/web\\\/#organization\"},\"potentialAction\":[{\"@type\":\"SearchAction\",\"target\":{\"@type\":\"EntryPoint\",\"urlTemplate\":\"https:\\\/\\\/fmgente.com.ar\\\/web\\\/?s={search_term_string}\"},\"query-input\":{\"@type\":\"PropertyValueSpecification\",\"valueRequired\":true,\"valueName\":\"search_term_string\"}}],\"inLanguage\":\"es\"},{\"@type\":\"Organization\",\"@id\":\"https:\\\/\\\/fmgente.com.ar\\\/web\\\/#organization\",\"name\":\"Fm Gente\",\"url\":\"https:\\\/\\\/fmgente.com.ar\\\/web\\\/\",\"logo\":{\"@type\":\"ImageObject\",\"inLanguage\":\"es\",\"@id\":\"https:\\\/\\\/fmgente.com.ar\\\/web\\\/#\\\/schema\\\/logo\\\/image\\\/\",\"url\":\"https:\\\/\\\/fmgente.com.ar\\\/web\\\/wp-content\\\/uploads\\\/2023\\\/07\\\/cropped-cropped-logo-sombra2.png\",\"contentUrl\":\"https:\\\/\\\/fmgente.com.ar\\\/web\\\/wp-content\\\/uploads\\\/2023\\\/07\\\/cropped-cropped-logo-sombra2.png\",\"width\":1782,\"height\":1782,\"caption\":\"Fm Gente\"},\"image\":{\"@id\":\"https:\\\/\\\/fmgente.com.ar\\\/web\\\/#\\\/schema\\\/logo\\\/image\\\/\"}}]}<\/script>\n<!-- \/ Yoast SEO plugin. -->","yoast_head_json":{"title":"La escandalosa raz\u00f3n por la que Homo Argentum retras\u00f3 su llegada a las plataformas de series - Fm Gente","robots":{"index":"index","follow":"follow","max-snippet":"max-snippet:-1","max-image-preview":"max-image-preview:large","max-video-preview":"max-video-preview:-1"},"canonical":"https:\/\/fmgente.com.ar\/web\/la-escandalosa-razon-por-la-que-homo-argentum-retraso-su-llegada-a-las-plataformas-de-series\/","og_locale":"es_ES","og_type":"article","og_title":"La escandalosa raz\u00f3n por la que Homo Argentum retras\u00f3 su llegada a las plataformas de series - Fm Gente","og_description":"El boom en salas de Homo Argentum termin\u00f3 por definir su calendario digital: la pel\u00edcula","og_url":"https:\/\/fmgente.com.ar\/web\/la-escandalosa-razon-por-la-que-homo-argentum-retraso-su-llegada-a-las-plataformas-de-series\/","og_site_name":"Fm Gente","article_published_time":"2025-10-05T03:08:51+00:00","og_image":[{"width":359,"height":226,"url":"https:\/\/fmgente.com.ar\/web\/wp-content\/uploads\/2025\/10\/pampita-14-359x226-9.png","type":"image\/png"}],"twitter_card":"summary_large_image","twitter_misc":{"Tiempo de lectura":"3 minutos"},"schema":{"@context":"https:\/\/schema.org","@graph":[{"@type":"Article","@id":"https:\/\/fmgente.com.ar\/web\/la-escandalosa-razon-por-la-que-homo-argentum-retraso-su-llegada-a-las-plataformas-de-series\/#article","isPartOf":{"@id":"https:\/\/fmgente.com.ar\/web\/la-escandalosa-razon-por-la-que-homo-argentum-retraso-su-llegada-a-las-plataformas-de-series\/"},"author":{"name":"","@id":""},"headline":"La escandalosa raz\u00f3n por la que Homo Argentum retras\u00f3 su llegada a las plataformas de series","datePublished":"2025-10-05T03:08:51+00:00","mainEntityOfPage":{"@id":"https:\/\/fmgente.com.ar\/web\/la-escandalosa-razon-por-la-que-homo-argentum-retraso-su-llegada-a-las-plataformas-de-series\/"},"wordCount":618,"publisher":{"@id":"https:\/\/fmgente.com.ar\/web\/#organization"},"image":{"@id":"https:\/\/fmgente.com.ar\/web\/la-escandalosa-razon-por-la-que-homo-argentum-retraso-su-llegada-a-las-plataformas-de-series\/#primaryimage"},"thumbnailUrl":"https:\/\/fmgente.com.ar\/web\/wp-content\/uploads\/2025\/10\/pampita-14-359x226-9.png","articleSection":["DESTACADAS"],"inLanguage":"es"},{"@type":"WebPage","@id":"https:\/\/fmgente.com.ar\/web\/la-escandalosa-razon-por-la-que-homo-argentum-retraso-su-llegada-a-las-plataformas-de-series\/","url":"https:\/\/fmgente.com.ar\/web\/la-escandalosa-razon-por-la-que-homo-argentum-retraso-su-llegada-a-las-plataformas-de-series\/","name":"La escandalosa raz\u00f3n por la que Homo Argentum retras\u00f3 su llegada a las plataformas de series - Fm Gente","isPartOf":{"@id":"https:\/\/fmgente.com.ar\/web\/#website"},"primaryImageOfPage":{"@id":"https:\/\/fmgente.com.ar\/web\/la-escandalosa-razon-por-la-que-homo-argentum-retraso-su-llegada-a-las-plataformas-de-series\/#primaryimage"},"image":{"@id":"https:\/\/fmgente.com.ar\/web\/la-escandalosa-razon-por-la-que-homo-argentum-retraso-su-llegada-a-las-plataformas-de-series\/#primaryimage"},"thumbnailUrl":"https:\/\/fmgente.com.ar\/web\/wp-content\/uploads\/2025\/10\/pampita-14-359x226-9.png","datePublished":"2025-10-05T03:08:51+00:00","inLanguage":"es","potentialAction":[{"@type":"ReadAction","target":["https:\/\/fmgente.com.ar\/web\/la-escandalosa-razon-por-la-que-homo-argentum-retraso-su-llegada-a-las-plataformas-de-series\/"]}]},{"@type":"ImageObject","inLanguage":"es","@id":"https:\/\/fmgente.com.ar\/web\/la-escandalosa-razon-por-la-que-homo-argentum-retraso-su-llegada-a-las-plataformas-de-series\/#primaryimage","url":"https:\/\/fmgente.com.ar\/web\/wp-content\/uploads\/2025\/10\/pampita-14-359x226-9.png","contentUrl":"https:\/\/fmgente.com.ar\/web\/wp-content\/uploads\/2025\/10\/pampita-14-359x226-9.png","width":359,"height":226},{"@type":"WebSite","@id":"https:\/\/fmgente.com.ar\/web\/#website","url":"https:\/\/fmgente.com.ar\/web\/","name":"Fm Gente","description":"- Jes\u00fas Mar\u00eda","publisher":{"@id":"https:\/\/fmgente.com.ar\/web\/#organization"},"potentialAction":[{"@type":"SearchAction","target":{"@type":"EntryPoint","urlTemplate":"https:\/\/fmgente.com.ar\/web\/?s={search_term_string}"},"query-input":{"@type":"PropertyValueSpecification","valueRequired":true,"valueName":"search_term_string"}}],"inLanguage":"es"},{"@type":"Organization","@id":"https:\/\/fmgente.com.ar\/web\/#organization","name":"Fm Gente","url":"https:\/\/fmgente.com.ar\/web\/","logo":{"@type":"ImageObject","inLanguage":"es","@id":"https:\/\/fmgente.com.ar\/web\/#\/schema\/logo\/image\/","url":"https:\/\/fmgente.com.ar\/web\/wp-content\/uploads\/2023\/07\/cropped-cropped-logo-sombra2.png","contentUrl":"https:\/\/fmgente.com.ar\/web\/wp-content\/uploads\/2023\/07\/cropped-cropped-logo-sombra2.png","width":1782,"height":1782,"caption":"Fm Gente"},"image":{"@id":"https:\/\/fmgente.com.ar\/web\/#\/schema\/logo\/image\/"}}]}},"_links":{"self":[{"href":"https:\/\/fmgente.com.ar\/web\/wp-json\/wp\/v2\/posts\/6102","targetHints":{"allow":["GET"]}}],"collection":[{"href":"https:\/\/fmgente.com.ar\/web\/wp-json\/wp\/v2\/posts"}],"about":[{"href":"https:\/\/fmgente.com.ar\/web\/wp-json\/wp\/v2\/types\/post"}],"replies":[{"embeddable":true,"href":"https:\/\/fmgente.com.ar\/web\/wp-json\/wp\/v2\/comments?post=6102"}],"version-history":[{"count":0,"href":"https:\/\/fmgente.com.ar\/web\/wp-json\/wp\/v2\/posts\/6102\/revisions"}],"wp:featuredmedia":[{"embeddable":true,"href":"https:\/\/fmgente.com.ar\/web\/wp-json\/wp\/v2\/media\/6103"}],"wp:attachment":[{"href":"https:\/\/fmgente.com.ar\/web\/wp-json\/wp\/v2\/media?parent=6102"}],"wp:term":[{"taxonomy":"category","embeddable":true,"href":"https:\/\/fmgente.com.ar\/web\/wp-json\/wp\/v2\/categories?post=6102"},{"taxonomy":"post_tag","embeddable":true,"href":"https:\/\/fmgente.com.ar\/web\/wp-json\/wp\/v2\/tags?post=6102"}],"curies":[{"name":"wp","href":"https:\/\/api.w.org\/{rel}","templated":true}]}}