{"id":6100,"date":"2025-10-04T23:06:33","date_gmt":"2025-10-05T02:06:33","guid":{"rendered":"https:\/\/fmgente.com.ar\/el-famoso-conductor-que-se-caso-en-secreto-despues-de-4-anos-de-relacion-con-su-novia\/"},"modified":"2025-10-04T23:06:33","modified_gmt":"2025-10-05T02:06:33","slug":"el-famoso-conductor-que-se-caso-en-secreto-despues-de-4-anos-de-relacion-con-su-novia","status":"publish","type":"post","link":"https:\/\/fmgente.com.ar\/web\/el-famoso-conductor-que-se-caso-en-secreto-despues-de-4-anos-de-relacion-con-su-novia\/","title":{"rendered":"El famoso conductor que se cas\u00f3 en secreto despu\u00e9s de 4 a\u00f1os de relaci\u00f3n con su novia"},"content":{"rendered":"<p>Una bomba completamente inesperada cay\u00f3 este s\u00e1bado dentro del mundo del espect\u00e1culo. Si bien era sabido que lo estaba planificando y que de hecho hab\u00eda anunciado este gran paso hace unos meses, reci\u00e9n hoy se supo que un famoso conductor decidi\u00f3 dar el \u201cs\u00ed, quiero\u201d y se cas\u00f3 con su novia despu\u00e9s de 4 a\u00f1os de relaci\u00f3n.<\/p>\n<p>\u00bfDe qui\u00e9n hablamos? De <strong><a href=\"https:\/\/www.paparazzi.com.ar\/romances\/quien-es-el-famoso-conductor-de-tv-que-confirmo-el-casamiento-con-su-novia-estamos-felices\/\">Agust\u00edn Neglia<\/a><\/strong>, el conductor de Modo Selfie, uno de los programas m\u00e1s importantes de Am\u00e9rica TV que recorre el mundo mostrando diferentes destinos tur\u00edsticos, desde los m\u00e1s ex\u00f3ticos y extra\u00f1os hasta los m\u00e1s populares y lujosos. Se sab\u00eda que estaba planeando todo para su casamiento, aunque no hab\u00edan revelado que la fecha elegida fue este s\u00e1bado 4 de octubre.<\/p>\n<p>Hace apenas unos meses, <strong>Agust\u00edn<\/strong> decidi\u00f3 proponerle matrimonio a <strong><a href=\"https:\/\/www.paparazzi.com.ar\/tag\/agustin-neglia\/\">Mariana Rojas<\/a><\/strong>, su novia. Y lo hizo de la forma m\u00e1s rom\u00e1ntica que uno puede imaginarse: arriba de los globos aerost\u00e1ticos, como parte de una sorpresa que ella no se esperaba y la emocion\u00f3 por completo. Obviamente acept\u00f3 la propuesta, y de ah\u00ed comenzaron a planificar todo.<\/p>\n<div class=\"mt-box \">\n<h4 class=\"mt-heading\">Mir\u00e1 Tambi\u00e9n<\/h4>\n<p><a href=\"https:\/\/www.paparazzi.com.ar\/videos\/exclusivo-marcelo-polino-hablo-como-nunca-de-su-vida-intima-y-conto-cuando-fue-la-ultima-vez-que-tuvo-sexo-con-una-mujer\/\"><\/p>\n<div class=\"mt-content\">\n<div class=\"mt-image-container\"><img decoding=\"async\" src=\"https:\/\/www.paparazzi.com.ar\/wp-content\/uploads\/2025\/09\/IMG_5980-359x226.jpg\" alt=\"\u00a1Exclusivo! Marcelo Polino habl\u00f3 como nunca de su vida \u00edntima y cont\u00f3 cu\u00e1ndo fue la \u00faltima vez que tuvo sexo con una mujer\u00a0\" class=\"mt-image\" loading=\"lazy\" \/><\/div>\n<h5 class=\"mt-title\">\u00a1Exclusivo! Marcelo Polino habl\u00f3 como nunca de su vida \u00edntima y cont\u00f3 cu\u00e1ndo fue la \u00faltima vez que tuvo sexo con una mujer\u00a0<\/h5>\n<\/div>\n<p><\/a><\/div>\n<p>Este s\u00e1bado en<strong><em> Secretos Verdaderos<\/em><\/strong> anunciaron que finalmente <strong>Neglia<\/strong> firm\u00f3 la libreta para casarse por civil con su novia. Pero todav\u00eda queda mucho m\u00e1s, ya que se estima que har\u00e1n varias fiestas junto a sus seres queridos para celebrar su amor. Un m\u00e9todo que varios famosos han adquirido en los \u00faltimos a\u00f1os, y para no dejar a nadie afuera de un evento tan importante.<\/p>\n<h2 class=\"wp-block-heading\">LA SO\u00d1ADA BODA DE AGUST\u00cdN NEGLIA, EL CONDUCTOR DE MODO SELFIE<\/h2>\n<p>Si bien <strong>Agust\u00edn<\/strong> y <strong>Mariana<\/strong> se casaron hoy en Mar del Plata -de donde ella es oriunda-, todav\u00eda hay mucho festejo por delante. Es que ambos est\u00e1n pensando en hacer una fiesta total en Riviera Maya, el extraordinario destino en M\u00e9xico, en medio de la arena, el sol y el mar. Un broche de oro \u00fanico para sellar y formalizar a\u00fan m\u00e1s esta historia de amor.<\/p>\n<p><em>\u201cTenemos amigos en todo el mundo, entonces era una responsabilidad elegir un destino al que todos est\u00e9n casi obligados a ir. Palladium nos parec\u00eda un lugar que juntaba todas nuestras caracter\u00edsticas: tranquilo, relajante y muy de la naturaleza\u201d<\/em>, cont\u00f3 <strong>Neglia<\/strong> hace unos d\u00edas en una entrevista con la revista Caras, explicando el por qu\u00e9 del destino que eligieron para la boda.<\/p>\n<div class=\"mt-box \">\n<h4 class=\"mt-heading\">Mir\u00e1 Tambi\u00e9n<\/h4>\n<p><a href=\"https:\/\/www.paparazzi.com.ar\/romances\/quien-es-el-famoso-conductor-de-tv-que-confirmo-el-casamiento-con-su-novia-estamos-felices\/\"><\/p>\n<div class=\"mt-content\">\n<div class=\"mt-image-container\"><img decoding=\"async\" src=\"https:\/\/www.paparazzi.com.ar\/wp-content\/uploads\/2024\/11\/Quien-es-el-famoso-conductor-de-TV-que-le-pidio-casamiento-a-su-novia-y-acepto-22Estamos-felices22.jpg.webp\" alt=\"Qui\u00e9n es el famoso conductor de TV que confirm\u00f3 el casamiento con su novia: &quot;Estamos felices&quot;\" class=\"mt-image\" loading=\"lazy\" \/><\/div>\n<h5 class=\"mt-title\">Qui\u00e9n es el famoso conductor de TV que confirm\u00f3 el casamiento con su novia: \u00abEstamos felices\u00bb<\/h5>\n<\/div>\n<p><\/a><\/div>\n<p><em>\u201cLa boda es el 31 de octubre, Halloween, el d\u00eda de los muertos y el cumplea\u00f1os de mi pap\u00e1\u201d<\/em>, explic\u00f3 por su parte <strong>Mariana<\/strong>, prepar\u00e1ndose para lo que ser\u00e1 una mega fiesta que promete tener varios d\u00edas de celebraci\u00f3n en el Caribe. Es que, tambi\u00e9n explicaron que el 30 de octubre tendr\u00e1n un ritual de las intenciones con un cham\u00e1n maya, y el 29 tambi\u00e9n como otro d\u00eda especial con sus votos de blanco.<\/p>\n<figure class=\"wp-block-image size-full\"><img decoding=\"async\" width=\"311\" height=\"556\" src=\"https:\/\/www.paparazzi.com.ar\/wp-content\/uploads\/2025\/10\/agustin-neglia-1.png.webp\" loading=\"lazy\" alt=\"\" class=\"wp-image-446451\" \/><\/figure>\n<figure class=\"wp-block-image size-full\"><img decoding=\"async\" width=\"311\" height=\"556\" src=\"https:\/\/www.paparazzi.com.ar\/wp-content\/uploads\/2025\/10\/agustin-neglia-2.png.webp\" loading=\"lazy\" alt=\"\" class=\"wp-image-446452\" \/><\/figure>\n<figure class=\"wp-block-image size-full\"><img decoding=\"async\" width=\"311\" height=\"556\" src=\"https:\/\/www.paparazzi.com.ar\/wp-content\/uploads\/2025\/10\/agustin-neglia-3.png.webp\" loading=\"lazy\" alt=\"\" class=\"wp-image-446453\" \/><\/figure>\n<figure class=\"wp-block-image size-full\"><img decoding=\"async\" width=\"311\" height=\"556\" src=\"https:\/\/www.paparazzi.com.ar\/wp-content\/uploads\/2025\/10\/agustin-neglia-4.png.webp\" loading=\"lazy\" alt=\"\" class=\"wp-image-446454\" \/><\/figure>\n<figure class=\"wp-block-image size-full\"><img decoding=\"async\" width=\"311\" height=\"556\" src=\"https:\/\/www.paparazzi.com.ar\/wp-content\/uploads\/2025\/10\/agustin-neglia-5.png.webp\" loading=\"lazy\" alt=\"\" class=\"wp-image-446455\" \/><\/figure>\n<div class=\"mt-box \">\n<h4 class=\"mt-heading\">Mir\u00e1 Tambi\u00e9n<\/h4>\n<p><a href=\"https:\/\/www.paparazzi.com.ar\/teve\/la-angustiante-frase-que-thiago-medina-le-repite-a-daniela-celis-en-terapia-intensiva\/\"><\/p>\n<div class=\"mt-content\">\n<div class=\"mt-image-container\"><img decoding=\"async\" src=\"https:\/\/www.paparazzi.com.ar\/wp-content\/uploads\/2025\/10\/Thiago-Medina-Daniela-Celis-1-359x226.jpg\" alt=\"La angustiante frase que Thiago Medina le repite a Daniela Celis en terapia intensiva\" class=\"mt-image\" loading=\"lazy\" \/><\/div>\n<h5 class=\"mt-title\">La angustiante frase que Thiago Medina le repite a Daniela Celis en terapia intensiva<\/h5>\n<\/div>\n<p><\/a><\/div>\n<div class=\"mt-box \">\n<h4 class=\"mt-heading\">Mir\u00e1 Tambi\u00e9n<\/h4>\n<p><a href=\"https:\/\/www.paparazzi.com.ar\/romances\/la-intima-promesa-de-evangelina-anderson-a-su-hijo-tras-los-rumores-de-romance-con-leandro-paredes\/\"><\/p>\n<div class=\"mt-content\">\n<div class=\"mt-image-container\"><img decoding=\"async\" src=\"https:\/\/www.paparazzi.com.ar\/wp-content\/uploads\/2025\/10\/Evangelina-Anderson-Bastian-Demichelis-359x226.jpg\" alt=\"La \u00edntima promesa de Evangelina Anderson a su hijo tras su separaci\u00f3n de Mart\u00edn Demichelis\" class=\"mt-image\" loading=\"lazy\" \/><\/div>\n<h5 class=\"mt-title\">La \u00edntima promesa de Evangelina Anderson a su hijo tras su separaci\u00f3n de Mart\u00edn Demichelis<\/h5>\n<\/div>\n<p><\/a><\/div>\n<p>The post <a href=\"https:\/\/www.paparazzi.com.ar\/teve\/el-famoso-conductor-que-se-caso-en-secreto-despues-de-4-anos-de-relacion-con-su-novia\/\">El famoso conductor que se cas\u00f3 en secreto despu\u00e9s de 4 a\u00f1os de relaci\u00f3n con su novia<\/a> appeared first on <a href=\"https:\/\/www.paparazzi.com.ar\">Revista Paparazzi<\/a>.<\/p>\n","protected":false},"excerpt":{"rendered":"<p>Una bomba completamente inesperada cay\u00f3 este s\u00e1bado dentro del mundo del espect\u00e1culo. Si bien era<\/p>\n","protected":false},"author":0,"featured_media":6101,"comment_status":"","ping_status":"","sticky":false,"template":"","format":"standard","meta":{"footnotes":""},"categories":[11],"tags":[],"class_list":["post-6100","post","type-post","status-publish","format-standard","has-post-thumbnail","hentry","category-destacadas"],"yoast_head":"<!-- This site is optimized with the Yoast SEO plugin v27.4 - https:\/\/yoast.com\/product\/yoast-seo-wordpress\/ -->\n<title>El famoso conductor que se cas\u00f3 en secreto despu\u00e9s de 4 a\u00f1os de relaci\u00f3n con su novia - Fm Gente<\/title>\n<meta name=\"robots\" content=\"index, follow, max-snippet:-1, max-image-preview:large, max-video-preview:-1\" \/>\n<link rel=\"canonical\" href=\"https:\/\/fmgente.com.ar\/web\/el-famoso-conductor-que-se-caso-en-secreto-despues-de-4-anos-de-relacion-con-su-novia\/\" \/>\n<meta property=\"og:locale\" content=\"es_ES\" \/>\n<meta property=\"og:type\" content=\"article\" \/>\n<meta property=\"og:title\" content=\"El famoso conductor que se cas\u00f3 en secreto despu\u00e9s de 4 a\u00f1os de relaci\u00f3n con su novia - Fm Gente\" \/>\n<meta property=\"og:description\" content=\"Una bomba completamente inesperada cay\u00f3 este s\u00e1bado dentro del mundo del espect\u00e1culo. Si bien era\" \/>\n<meta property=\"og:url\" content=\"https:\/\/fmgente.com.ar\/web\/el-famoso-conductor-que-se-caso-en-secreto-despues-de-4-anos-de-relacion-con-su-novia\/\" \/>\n<meta property=\"og:site_name\" content=\"Fm Gente\" \/>\n<meta property=\"article:published_time\" content=\"2025-10-05T02:06:33+00:00\" \/>\n<meta property=\"og:image\" content=\"https:\/\/fmgente.com.ar\/web\/wp-content\/uploads\/2025\/10\/IMG_5980-359x226-20.jpg\" \/>\n\t<meta property=\"og:image:width\" content=\"359\" \/>\n\t<meta property=\"og:image:height\" content=\"226\" \/>\n\t<meta property=\"og:image:type\" content=\"image\/jpeg\" \/>\n<meta name=\"twitter:card\" content=\"summary_large_image\" \/>\n<meta name=\"twitter:label1\" content=\"Tiempo de lectura\" \/>\n\t<meta name=\"twitter:data1\" content=\"3 minutos\" \/>\n<script type=\"application\/ld+json\" class=\"yoast-schema-graph\">{\"@context\":\"https:\\\/\\\/schema.org\",\"@graph\":[{\"@type\":\"Article\",\"@id\":\"https:\\\/\\\/fmgente.com.ar\\\/web\\\/el-famoso-conductor-que-se-caso-en-secreto-despues-de-4-anos-de-relacion-con-su-novia\\\/#article\",\"isPartOf\":{\"@id\":\"https:\\\/\\\/fmgente.com.ar\\\/web\\\/el-famoso-conductor-que-se-caso-en-secreto-despues-de-4-anos-de-relacion-con-su-novia\\\/\"},\"author\":{\"name\":\"\",\"@id\":\"\"},\"headline\":\"El famoso conductor que se cas\u00f3 en secreto despu\u00e9s de 4 a\u00f1os de relaci\u00f3n con su novia\",\"datePublished\":\"2025-10-05T02:06:33+00:00\",\"mainEntityOfPage\":{\"@id\":\"https:\\\/\\\/fmgente.com.ar\\\/web\\\/el-famoso-conductor-que-se-caso-en-secreto-despues-de-4-anos-de-relacion-con-su-novia\\\/\"},\"wordCount\":627,\"publisher\":{\"@id\":\"https:\\\/\\\/fmgente.com.ar\\\/web\\\/#organization\"},\"image\":{\"@id\":\"https:\\\/\\\/fmgente.com.ar\\\/web\\\/el-famoso-conductor-que-se-caso-en-secreto-despues-de-4-anos-de-relacion-con-su-novia\\\/#primaryimage\"},\"thumbnailUrl\":\"https:\\\/\\\/fmgente.com.ar\\\/web\\\/wp-content\\\/uploads\\\/2025\\\/10\\\/IMG_5980-359x226-20.jpg\",\"articleSection\":[\"DESTACADAS\"],\"inLanguage\":\"es\"},{\"@type\":\"WebPage\",\"@id\":\"https:\\\/\\\/fmgente.com.ar\\\/web\\\/el-famoso-conductor-que-se-caso-en-secreto-despues-de-4-anos-de-relacion-con-su-novia\\\/\",\"url\":\"https:\\\/\\\/fmgente.com.ar\\\/web\\\/el-famoso-conductor-que-se-caso-en-secreto-despues-de-4-anos-de-relacion-con-su-novia\\\/\",\"name\":\"El famoso conductor que se cas\u00f3 en secreto despu\u00e9s de 4 a\u00f1os de relaci\u00f3n con su novia - Fm Gente\",\"isPartOf\":{\"@id\":\"https:\\\/\\\/fmgente.com.ar\\\/web\\\/#website\"},\"primaryImageOfPage\":{\"@id\":\"https:\\\/\\\/fmgente.com.ar\\\/web\\\/el-famoso-conductor-que-se-caso-en-secreto-despues-de-4-anos-de-relacion-con-su-novia\\\/#primaryimage\"},\"image\":{\"@id\":\"https:\\\/\\\/fmgente.com.ar\\\/web\\\/el-famoso-conductor-que-se-caso-en-secreto-despues-de-4-anos-de-relacion-con-su-novia\\\/#primaryimage\"},\"thumbnailUrl\":\"https:\\\/\\\/fmgente.com.ar\\\/web\\\/wp-content\\\/uploads\\\/2025\\\/10\\\/IMG_5980-359x226-20.jpg\",\"datePublished\":\"2025-10-05T02:06:33+00:00\",\"inLanguage\":\"es\",\"potentialAction\":[{\"@type\":\"ReadAction\",\"target\":[\"https:\\\/\\\/fmgente.com.ar\\\/web\\\/el-famoso-conductor-que-se-caso-en-secreto-despues-de-4-anos-de-relacion-con-su-novia\\\/\"]}]},{\"@type\":\"ImageObject\",\"inLanguage\":\"es\",\"@id\":\"https:\\\/\\\/fmgente.com.ar\\\/web\\\/el-famoso-conductor-que-se-caso-en-secreto-despues-de-4-anos-de-relacion-con-su-novia\\\/#primaryimage\",\"url\":\"https:\\\/\\\/fmgente.com.ar\\\/web\\\/wp-content\\\/uploads\\\/2025\\\/10\\\/IMG_5980-359x226-20.jpg\",\"contentUrl\":\"https:\\\/\\\/fmgente.com.ar\\\/web\\\/wp-content\\\/uploads\\\/2025\\\/10\\\/IMG_5980-359x226-20.jpg\",\"width\":359,\"height\":226},{\"@type\":\"WebSite\",\"@id\":\"https:\\\/\\\/fmgente.com.ar\\\/web\\\/#website\",\"url\":\"https:\\\/\\\/fmgente.com.ar\\\/web\\\/\",\"name\":\"Fm Gente\",\"description\":\"- Jes\u00fas Mar\u00eda\",\"publisher\":{\"@id\":\"https:\\\/\\\/fmgente.com.ar\\\/web\\\/#organization\"},\"potentialAction\":[{\"@type\":\"SearchAction\",\"target\":{\"@type\":\"EntryPoint\",\"urlTemplate\":\"https:\\\/\\\/fmgente.com.ar\\\/web\\\/?s={search_term_string}\"},\"query-input\":{\"@type\":\"PropertyValueSpecification\",\"valueRequired\":true,\"valueName\":\"search_term_string\"}}],\"inLanguage\":\"es\"},{\"@type\":\"Organization\",\"@id\":\"https:\\\/\\\/fmgente.com.ar\\\/web\\\/#organization\",\"name\":\"Fm Gente\",\"url\":\"https:\\\/\\\/fmgente.com.ar\\\/web\\\/\",\"logo\":{\"@type\":\"ImageObject\",\"inLanguage\":\"es\",\"@id\":\"https:\\\/\\\/fmgente.com.ar\\\/web\\\/#\\\/schema\\\/logo\\\/image\\\/\",\"url\":\"https:\\\/\\\/fmgente.com.ar\\\/web\\\/wp-content\\\/uploads\\\/2023\\\/07\\\/cropped-cropped-logo-sombra2.png\",\"contentUrl\":\"https:\\\/\\\/fmgente.com.ar\\\/web\\\/wp-content\\\/uploads\\\/2023\\\/07\\\/cropped-cropped-logo-sombra2.png\",\"width\":1782,\"height\":1782,\"caption\":\"Fm Gente\"},\"image\":{\"@id\":\"https:\\\/\\\/fmgente.com.ar\\\/web\\\/#\\\/schema\\\/logo\\\/image\\\/\"}}]}<\/script>\n<!-- \/ Yoast SEO plugin. -->","yoast_head_json":{"title":"El famoso conductor que se cas\u00f3 en secreto despu\u00e9s de 4 a\u00f1os de relaci\u00f3n con su novia - Fm Gente","robots":{"index":"index","follow":"follow","max-snippet":"max-snippet:-1","max-image-preview":"max-image-preview:large","max-video-preview":"max-video-preview:-1"},"canonical":"https:\/\/fmgente.com.ar\/web\/el-famoso-conductor-que-se-caso-en-secreto-despues-de-4-anos-de-relacion-con-su-novia\/","og_locale":"es_ES","og_type":"article","og_title":"El famoso conductor que se cas\u00f3 en secreto despu\u00e9s de 4 a\u00f1os de relaci\u00f3n con su novia - Fm Gente","og_description":"Una bomba completamente inesperada cay\u00f3 este s\u00e1bado dentro del mundo del espect\u00e1culo. Si bien era","og_url":"https:\/\/fmgente.com.ar\/web\/el-famoso-conductor-que-se-caso-en-secreto-despues-de-4-anos-de-relacion-con-su-novia\/","og_site_name":"Fm Gente","article_published_time":"2025-10-05T02:06:33+00:00","og_image":[{"width":359,"height":226,"url":"https:\/\/fmgente.com.ar\/web\/wp-content\/uploads\/2025\/10\/IMG_5980-359x226-20.jpg","type":"image\/jpeg"}],"twitter_card":"summary_large_image","twitter_misc":{"Tiempo de lectura":"3 minutos"},"schema":{"@context":"https:\/\/schema.org","@graph":[{"@type":"Article","@id":"https:\/\/fmgente.com.ar\/web\/el-famoso-conductor-que-se-caso-en-secreto-despues-de-4-anos-de-relacion-con-su-novia\/#article","isPartOf":{"@id":"https:\/\/fmgente.com.ar\/web\/el-famoso-conductor-que-se-caso-en-secreto-despues-de-4-anos-de-relacion-con-su-novia\/"},"author":{"name":"","@id":""},"headline":"El famoso conductor que se cas\u00f3 en secreto despu\u00e9s de 4 a\u00f1os de relaci\u00f3n con su novia","datePublished":"2025-10-05T02:06:33+00:00","mainEntityOfPage":{"@id":"https:\/\/fmgente.com.ar\/web\/el-famoso-conductor-que-se-caso-en-secreto-despues-de-4-anos-de-relacion-con-su-novia\/"},"wordCount":627,"publisher":{"@id":"https:\/\/fmgente.com.ar\/web\/#organization"},"image":{"@id":"https:\/\/fmgente.com.ar\/web\/el-famoso-conductor-que-se-caso-en-secreto-despues-de-4-anos-de-relacion-con-su-novia\/#primaryimage"},"thumbnailUrl":"https:\/\/fmgente.com.ar\/web\/wp-content\/uploads\/2025\/10\/IMG_5980-359x226-20.jpg","articleSection":["DESTACADAS"],"inLanguage":"es"},{"@type":"WebPage","@id":"https:\/\/fmgente.com.ar\/web\/el-famoso-conductor-que-se-caso-en-secreto-despues-de-4-anos-de-relacion-con-su-novia\/","url":"https:\/\/fmgente.com.ar\/web\/el-famoso-conductor-que-se-caso-en-secreto-despues-de-4-anos-de-relacion-con-su-novia\/","name":"El famoso conductor que se cas\u00f3 en secreto despu\u00e9s de 4 a\u00f1os de relaci\u00f3n con su novia - Fm Gente","isPartOf":{"@id":"https:\/\/fmgente.com.ar\/web\/#website"},"primaryImageOfPage":{"@id":"https:\/\/fmgente.com.ar\/web\/el-famoso-conductor-que-se-caso-en-secreto-despues-de-4-anos-de-relacion-con-su-novia\/#primaryimage"},"image":{"@id":"https:\/\/fmgente.com.ar\/web\/el-famoso-conductor-que-se-caso-en-secreto-despues-de-4-anos-de-relacion-con-su-novia\/#primaryimage"},"thumbnailUrl":"https:\/\/fmgente.com.ar\/web\/wp-content\/uploads\/2025\/10\/IMG_5980-359x226-20.jpg","datePublished":"2025-10-05T02:06:33+00:00","inLanguage":"es","potentialAction":[{"@type":"ReadAction","target":["https:\/\/fmgente.com.ar\/web\/el-famoso-conductor-que-se-caso-en-secreto-despues-de-4-anos-de-relacion-con-su-novia\/"]}]},{"@type":"ImageObject","inLanguage":"es","@id":"https:\/\/fmgente.com.ar\/web\/el-famoso-conductor-que-se-caso-en-secreto-despues-de-4-anos-de-relacion-con-su-novia\/#primaryimage","url":"https:\/\/fmgente.com.ar\/web\/wp-content\/uploads\/2025\/10\/IMG_5980-359x226-20.jpg","contentUrl":"https:\/\/fmgente.com.ar\/web\/wp-content\/uploads\/2025\/10\/IMG_5980-359x226-20.jpg","width":359,"height":226},{"@type":"WebSite","@id":"https:\/\/fmgente.com.ar\/web\/#website","url":"https:\/\/fmgente.com.ar\/web\/","name":"Fm Gente","description":"- Jes\u00fas Mar\u00eda","publisher":{"@id":"https:\/\/fmgente.com.ar\/web\/#organization"},"potentialAction":[{"@type":"SearchAction","target":{"@type":"EntryPoint","urlTemplate":"https:\/\/fmgente.com.ar\/web\/?s={search_term_string}"},"query-input":{"@type":"PropertyValueSpecification","valueRequired":true,"valueName":"search_term_string"}}],"inLanguage":"es"},{"@type":"Organization","@id":"https:\/\/fmgente.com.ar\/web\/#organization","name":"Fm Gente","url":"https:\/\/fmgente.com.ar\/web\/","logo":{"@type":"ImageObject","inLanguage":"es","@id":"https:\/\/fmgente.com.ar\/web\/#\/schema\/logo\/image\/","url":"https:\/\/fmgente.com.ar\/web\/wp-content\/uploads\/2023\/07\/cropped-cropped-logo-sombra2.png","contentUrl":"https:\/\/fmgente.com.ar\/web\/wp-content\/uploads\/2023\/07\/cropped-cropped-logo-sombra2.png","width":1782,"height":1782,"caption":"Fm Gente"},"image":{"@id":"https:\/\/fmgente.com.ar\/web\/#\/schema\/logo\/image\/"}}]}},"_links":{"self":[{"href":"https:\/\/fmgente.com.ar\/web\/wp-json\/wp\/v2\/posts\/6100","targetHints":{"allow":["GET"]}}],"collection":[{"href":"https:\/\/fmgente.com.ar\/web\/wp-json\/wp\/v2\/posts"}],"about":[{"href":"https:\/\/fmgente.com.ar\/web\/wp-json\/wp\/v2\/types\/post"}],"replies":[{"embeddable":true,"href":"https:\/\/fmgente.com.ar\/web\/wp-json\/wp\/v2\/comments?post=6100"}],"version-history":[{"count":0,"href":"https:\/\/fmgente.com.ar\/web\/wp-json\/wp\/v2\/posts\/6100\/revisions"}],"wp:featuredmedia":[{"embeddable":true,"href":"https:\/\/fmgente.com.ar\/web\/wp-json\/wp\/v2\/media\/6101"}],"wp:attachment":[{"href":"https:\/\/fmgente.com.ar\/web\/wp-json\/wp\/v2\/media?parent=6100"}],"wp:term":[{"taxonomy":"category","embeddable":true,"href":"https:\/\/fmgente.com.ar\/web\/wp-json\/wp\/v2\/categories?post=6100"},{"taxonomy":"post_tag","embeddable":true,"href":"https:\/\/fmgente.com.ar\/web\/wp-json\/wp\/v2\/tags?post=6100"}],"curies":[{"name":"wp","href":"https:\/\/api.w.org\/{rel}","templated":true}]}}