{"id":6098,"date":"2025-10-04T23:06:31","date_gmt":"2025-10-05T02:06:31","guid":{"rendered":"https:\/\/fmgente.com.ar\/a-sus-22-anos-morena-la-hija-de-pablo-echarri-y-nancy-duplaa-comenzo-a-trabajar-de-lo-que-tanto-sonaba\/"},"modified":"2025-10-04T23:06:31","modified_gmt":"2025-10-05T02:06:31","slug":"a-sus-22-anos-morena-la-hija-de-pablo-echarri-y-nancy-duplaa-comenzo-a-trabajar-de-lo-que-tanto-sonaba","status":"publish","type":"post","link":"https:\/\/fmgente.com.ar\/web\/a-sus-22-anos-morena-la-hija-de-pablo-echarri-y-nancy-duplaa-comenzo-a-trabajar-de-lo-que-tanto-sonaba\/","title":{"rendered":"A sus 22 a\u00f1os, Morena la hija de Pablo Echarri y Nancy Dupl\u00e1a comenz\u00f3 a trabajar de lo que tanto so\u00f1aba"},"content":{"rendered":"<p><strong><a href=\"https:\/\/www.paparazzi.com.ar\/?s=Morena+Echarri\">Morena Echarri<\/a><\/strong>, la hija de <strong><a href=\"https:\/\/www.paparazzi.com.ar\/?s=Pablo+Echarri\">Pablo Echarri<\/a><\/strong> y <strong><a href=\"https:\/\/www.paparazzi.com.ar\/?s=Nancy+Dupl%C3%A1a\">Nancy Dupl\u00e1a<\/a><\/strong>, acaba de dar un paso que pocos esperaban: su debut oficial en el mundo del modelaje. Con tan solo 22 a\u00f1os, la joven irrumpi\u00f3 en la escena fashionista argentina como figura central de la nueva campa\u00f1a \u201cEuphoria\u201d de <strong>Cynthia Martos<\/strong>, una colecci\u00f3n nocturna que celebra el poder, la libertad y la autenticidad de las nuevas generaciones.<\/p>\n<p>Lejos de pasar desapercibida, Morena se convirti\u00f3 en tendencia en redes sociales, donde su nombre r\u00e1pidamente se volvi\u00f3 sin\u00f3nimo de elegancia y frescura. Su presencia en las fotos gener\u00f3 una ola de comentarios positivos, destacando su estilo audaz, su porte natural y una belleza que combina rasgos heredados y personalidad propia.<\/p>\n<p>La producci\u00f3n de la campa\u00f1a mostr\u00f3 distintas facetas de la joven, alternando entre lo sofisticado y lo urbano. Uno de los looks m\u00e1s elogiados fue un conjunto de sastrer\u00eda negra \u2014saco, chaleco y pantal\u00f3n\u2014 que transmiti\u00f3 un aire minimalista y elegante, complementado con accesorios dorados y una actitud segura frente a la c\u00e1mara. <\/p>\n<div class=\"mt-box \">\n<h4 class=\"mt-heading\">Mir\u00e1 Tambi\u00e9n<\/h4>\n<p><a href=\"https:\/\/www.paparazzi.com.ar\/teve\/en-los-martin-fierro-cami-homs-revelo-si-definio-el-nombre-del-bebe-que-espera-con-el-principito-sosa\/\"><\/p>\n<div class=\"mt-content\">\n<div class=\"mt-image-container\"><img decoding=\"async\" src=\"https:\/\/www.paparazzi.com.ar\/wp-content\/uploads\/2025\/09\/cami-homs-359x226.png\" alt=\"\u00a1Exclusivo! Cami Homs confirm\u00f3 que ya tiene el nombre de la beb\u00e9 que espera con el Principito Sosa\" class=\"mt-image\" loading=\"lazy\" \/><\/div>\n<h5 class=\"mt-title\">\u00a1Exclusivo! Cami Homs confirm\u00f3 que ya tiene el nombre de la beb\u00e9 que espera con el Principito Sosa<\/h5>\n<\/div>\n<p><\/a><\/div>\n<p>Otro outfit que caus\u00f3 furor fue un mono negro con pedrer\u00eda y recortes cut out, que dejaba ver algunos de sus tatuajes. Tambi\u00e9n impact\u00f3 con un minivestido nude cubierto por bordados plateados y brillos que le dieron un toque et\u00e9reo, y con un vestido largo negro de cuello alto y aberturas decoradas con piedras, una combinaci\u00f3n perfecta entre vanguardia y sofisticaci\u00f3n.<\/p>\n<p>Desde la marca, destacaron la conexi\u00f3n de Morena con el esp\u00edritu de la colecci\u00f3n: <em>\u201cEuphoria es la celebraci\u00f3n de la noche\u2026 que encuentra en la oscuridad el escenario perfecto para brillar. Prendas de g\u00e9neros nobles, de ca\u00edda fluida y corte impecable que se combinan con la frescura y la fuerza de Morena Echarri, quien encarna el esp\u00edritu de esta propuesta\u201d<\/em>.<\/p>\n<div class=\"mt-box \">\n<h4 class=\"mt-heading\">Mir\u00e1 Tambi\u00e9n<\/h4>\n<p><a href=\"https:\/\/www.paparazzi.com.ar\/teve\/nancy-duplaa-traiciono-de-la-peor-manera-a-pablo-echarri-con-otro-actor-y-desato-el-escandalo\/\"><\/p>\n<div class=\"mt-content\">\n<div class=\"mt-image-container\"><img decoding=\"async\" src=\"https:\/\/www.paparazzi.com.ar\/wp-content\/uploads\/2025\/06\/pablo-echarri-nancy-duplaa-359x226.jpg\" alt=\"Nancy Dupl\u00e1a traicion\u00f3 de la peor manera a Pablo Echarri con otro actor y desat\u00f3 el esc\u00e1ndalo\" class=\"mt-image\" loading=\"lazy\" \/><\/div>\n<h5 class=\"mt-title\">Nancy Dupl\u00e1a traicion\u00f3 de la peor manera a Pablo Echarri con otro actor y desat\u00f3 el esc\u00e1ndalo<\/h5>\n<\/div>\n<p><\/a><\/div>\n<p>El maquillaje, a cargo de Sochi Herrera, acompa\u00f1\u00f3 con un estilo impactante: smokey eyes intensos, labios nude y un peinado relajado con cola de caballo y mechones sueltos, reforzando la impronta moderna y natural de la joven. Aunque su debut tom\u00f3 por sorpresa a muchos, el inter\u00e9s de Morena por el mundo de la moda no es nuevo. <\/p>\n<p>Desde chica mostr\u00f3 curiosidad por el dise\u00f1o y la confecci\u00f3n de prendas, una b\u00fasqueda creativa que ahora empieza a tomar forma profesional. Su incursi\u00f3n en el modelaje marca no solo un nuevo cap\u00edtulo en su vida, sino tambi\u00e9n una evoluci\u00f3n natural dentro de una familia profundamente ligada al arte.<\/p>\n<div class=\"mt-box \">\n<h4 class=\"mt-heading\">Mir\u00e1 Tambi\u00e9n<\/h4>\n<p><a href=\"https:\/\/www.paparazzi.com.ar\/teve\/pablo-echarri-marcho-por-cristina-y-se-peleo-muy-feo-y-muy-mal-con-un-periodista-si-los-exitos-fueran-la\/\"><\/p>\n<div class=\"mt-content\">\n<div class=\"mt-image-container\"><img decoding=\"async\" src=\"https:\/\/www.paparazzi.com.ar\/wp-content\/uploads\/2025\/06\/ECHARRI-1-359x226.jpg\" alt=\"Pablo Echarri march\u00f3 por Cristina y se pele\u00f3 muy feo y muy mal con un periodista: &quot;Si los \u00e9xitos fueran la...&quot;\" class=\"mt-image\" loading=\"lazy\" \/><\/div>\n<h5 class=\"mt-title\">Pablo Echarri march\u00f3 por Cristina y se pele\u00f3 muy feo y muy mal con un periodista: \u00abSi los \u00e9xitos fueran la&#8230;\u00bb<\/h5>\n<\/div>\n<p><\/a><\/div>\n<p>Hija de dos de los actores m\u00e1s admirados de la televisi\u00f3n argentina, Morena parece decidida a construir su propio camino. Con su primera campa\u00f1a, logr\u00f3 trascender el apellido y posicionarse como una de las promesas m\u00e1s interesantes del universo fashion local.<\/p>\n<p>\u00bfEl comienzo de una nueva heredera del estilo y la escena nacional? Todo indica que s\u00ed. Morena Echarri lleg\u00f3 para dejar huella con autenticidad, carisma y una frescura que conquista a primera vista.<\/p>\n<h2 class=\"wp-block-heading\">Las fotos de Morena Echarri:<\/h2>\n<figure class=\"wp-block-image size-large\"><img decoding=\"async\" src=\"https:\/\/www.paparazzi.com.ar\/wp-content\/uploads\/2025\/10\/image-47-768x1024.png.webp\" loading=\"lazy\" alt=\"\" class=\"wp-image-446431\" \/><\/figure>\n<figure class=\"wp-block-image size-large\"><img decoding=\"async\" src=\"https:\/\/www.paparazzi.com.ar\/wp-content\/uploads\/2025\/10\/image-48-768x1024.png.webp\" loading=\"lazy\" alt=\"\" class=\"wp-image-446432\" \/><\/figure>\n<figure class=\"wp-block-image size-large\"><img decoding=\"async\" src=\"https:\/\/www.paparazzi.com.ar\/wp-content\/uploads\/2025\/10\/image-49-768x1024.png.webp\" loading=\"lazy\" alt=\"\" class=\"wp-image-446433\" \/><\/figure>\n<div class=\"mt-box \">\n<h4 class=\"mt-heading\">Mir\u00e1 Tambi\u00e9n<\/h4>\n<p><a href=\"https:\/\/www.paparazzi.com.ar\/teve\/pablo-echarri-relato-como-fue-el-dia-que-el-hijo-de-nancy-duplaa-les-conto-que-era-bisexual-lloraba-como-un\/\"><\/p>\n<div class=\"mt-content\">\n<div class=\"mt-image-container\"><img decoding=\"async\" src=\"https:\/\/www.paparazzi.com.ar\/wp-content\/uploads\/2025\/09\/pablo-echarri-359x226.png\" alt=\"Pablo Echarri relat\u00f3 c\u00f3mo fue el d\u00eda que el hijo de Nancy Dupl\u00e1a les cont\u00f3 que era bisexual: &quot;Lloraba como un\u2026&quot;\" class=\"mt-image\" loading=\"lazy\" \/><\/div>\n<h5 class=\"mt-title\">Pablo Echarri relat\u00f3 c\u00f3mo fue el d\u00eda que el hijo de Nancy Dupl\u00e1a les cont\u00f3 que era bisexual: \u00abLloraba como un\u2026\u00bb<\/h5>\n<\/div>\n<p><\/a><\/div>\n<div class=\"mt-box \">\n<h4 class=\"mt-heading\">Mir\u00e1 Tambi\u00e9n<\/h4>\n<p><a href=\"https:\/\/www.paparazzi.com.ar\/teve\/pablo-echarri-revelo-el-duro-momento-que-atraviesa-nancy-duplaa-que-le-pasa-a-la-actriz\/\"><\/p>\n<div class=\"mt-content\">\n<div class=\"mt-image-container\"><img decoding=\"async\" src=\"https:\/\/www.paparazzi.com.ar\/wp-content\/uploads\/2025\/06\/pablo-echarri-nancy-duplaa-359x226.jpg\" alt=\"Pablo Echarri revel\u00f3 el duro momento que atraviesa Nancy Dupl\u00e1a: qu\u00e9 le pasa a la actriz\" class=\"mt-image\" loading=\"lazy\" \/><\/div>\n<h5 class=\"mt-title\">Pablo Echarri revel\u00f3 el duro momento que atraviesa Nancy Dupl\u00e1a: qu\u00e9 le pasa a la actriz<\/h5>\n<\/div>\n<p><\/a><\/div>\n<p>The post <a href=\"https:\/\/www.paparazzi.com.ar\/teve\/a-sus-22-anos-morena-la-hija-de-pablo-echarri-y-nancy-duplaa-comenzo-a-trabajar-de-lo-que-tanto-sonaba\/\">A sus 22 a\u00f1os, Morena la hija de Pablo Echarri y Nancy Dupl\u00e1a comenz\u00f3 a trabajar de lo que tanto so\u00f1aba<\/a> appeared first on <a href=\"https:\/\/www.paparazzi.com.ar\">Revista Paparazzi<\/a>.<\/p>\n","protected":false},"excerpt":{"rendered":"<p>Morena Echarri, la hija de Pablo Echarri y Nancy Dupl\u00e1a, acaba de dar un paso<\/p>\n","protected":false},"author":0,"featured_media":6099,"comment_status":"","ping_status":"","sticky":false,"template":"","format":"standard","meta":{"footnotes":""},"categories":[11],"tags":[],"class_list":["post-6098","post","type-post","status-publish","format-standard","has-post-thumbnail","hentry","category-destacadas"],"yoast_head":"<!-- This site is optimized with the Yoast SEO plugin v27.4 - https:\/\/yoast.com\/product\/yoast-seo-wordpress\/ -->\n<title>A sus 22 a\u00f1os, Morena la hija de Pablo Echarri y Nancy Dupl\u00e1a comenz\u00f3 a trabajar de lo que tanto so\u00f1aba - Fm Gente<\/title>\n<meta name=\"robots\" content=\"index, follow, max-snippet:-1, max-image-preview:large, max-video-preview:-1\" \/>\n<link rel=\"canonical\" href=\"https:\/\/fmgente.com.ar\/web\/a-sus-22-anos-morena-la-hija-de-pablo-echarri-y-nancy-duplaa-comenzo-a-trabajar-de-lo-que-tanto-sonaba\/\" \/>\n<meta property=\"og:locale\" content=\"es_ES\" \/>\n<meta property=\"og:type\" content=\"article\" \/>\n<meta property=\"og:title\" content=\"A sus 22 a\u00f1os, Morena la hija de Pablo Echarri y Nancy Dupl\u00e1a comenz\u00f3 a trabajar de lo que tanto so\u00f1aba - Fm Gente\" \/>\n<meta property=\"og:description\" content=\"Morena Echarri, la hija de Pablo Echarri y Nancy Dupl\u00e1a, acaba de dar un paso\" \/>\n<meta property=\"og:url\" content=\"https:\/\/fmgente.com.ar\/web\/a-sus-22-anos-morena-la-hija-de-pablo-echarri-y-nancy-duplaa-comenzo-a-trabajar-de-lo-que-tanto-sonaba\/\" \/>\n<meta property=\"og:site_name\" content=\"Fm Gente\" \/>\n<meta property=\"article:published_time\" content=\"2025-10-05T02:06:31+00:00\" \/>\n<meta property=\"og:image\" content=\"https:\/\/fmgente.com.ar\/web\/wp-content\/uploads\/2025\/10\/cami-homs-359x226-3.png\" \/>\n\t<meta property=\"og:image:width\" content=\"359\" \/>\n\t<meta property=\"og:image:height\" content=\"226\" \/>\n\t<meta property=\"og:image:type\" content=\"image\/png\" \/>\n<meta name=\"twitter:card\" content=\"summary_large_image\" \/>\n<meta name=\"twitter:label1\" content=\"Tiempo de lectura\" \/>\n\t<meta name=\"twitter:data1\" content=\"3 minutos\" \/>\n<script type=\"application\/ld+json\" class=\"yoast-schema-graph\">{\"@context\":\"https:\\\/\\\/schema.org\",\"@graph\":[{\"@type\":\"Article\",\"@id\":\"https:\\\/\\\/fmgente.com.ar\\\/web\\\/a-sus-22-anos-morena-la-hija-de-pablo-echarri-y-nancy-duplaa-comenzo-a-trabajar-de-lo-que-tanto-sonaba\\\/#article\",\"isPartOf\":{\"@id\":\"https:\\\/\\\/fmgente.com.ar\\\/web\\\/a-sus-22-anos-morena-la-hija-de-pablo-echarri-y-nancy-duplaa-comenzo-a-trabajar-de-lo-que-tanto-sonaba\\\/\"},\"author\":{\"name\":\"\",\"@id\":\"\"},\"headline\":\"A sus 22 a\u00f1os, Morena la hija de Pablo Echarri y Nancy Dupl\u00e1a comenz\u00f3 a trabajar de lo que tanto so\u00f1aba\",\"datePublished\":\"2025-10-05T02:06:31+00:00\",\"mainEntityOfPage\":{\"@id\":\"https:\\\/\\\/fmgente.com.ar\\\/web\\\/a-sus-22-anos-morena-la-hija-de-pablo-echarri-y-nancy-duplaa-comenzo-a-trabajar-de-lo-que-tanto-sonaba\\\/\"},\"wordCount\":679,\"publisher\":{\"@id\":\"https:\\\/\\\/fmgente.com.ar\\\/web\\\/#organization\"},\"image\":{\"@id\":\"https:\\\/\\\/fmgente.com.ar\\\/web\\\/a-sus-22-anos-morena-la-hija-de-pablo-echarri-y-nancy-duplaa-comenzo-a-trabajar-de-lo-que-tanto-sonaba\\\/#primaryimage\"},\"thumbnailUrl\":\"https:\\\/\\\/fmgente.com.ar\\\/web\\\/wp-content\\\/uploads\\\/2025\\\/10\\\/cami-homs-359x226-3.png\",\"articleSection\":[\"DESTACADAS\"],\"inLanguage\":\"es\"},{\"@type\":\"WebPage\",\"@id\":\"https:\\\/\\\/fmgente.com.ar\\\/web\\\/a-sus-22-anos-morena-la-hija-de-pablo-echarri-y-nancy-duplaa-comenzo-a-trabajar-de-lo-que-tanto-sonaba\\\/\",\"url\":\"https:\\\/\\\/fmgente.com.ar\\\/web\\\/a-sus-22-anos-morena-la-hija-de-pablo-echarri-y-nancy-duplaa-comenzo-a-trabajar-de-lo-que-tanto-sonaba\\\/\",\"name\":\"A sus 22 a\u00f1os, Morena la hija de Pablo Echarri y Nancy Dupl\u00e1a comenz\u00f3 a trabajar de lo que tanto so\u00f1aba - Fm Gente\",\"isPartOf\":{\"@id\":\"https:\\\/\\\/fmgente.com.ar\\\/web\\\/#website\"},\"primaryImageOfPage\":{\"@id\":\"https:\\\/\\\/fmgente.com.ar\\\/web\\\/a-sus-22-anos-morena-la-hija-de-pablo-echarri-y-nancy-duplaa-comenzo-a-trabajar-de-lo-que-tanto-sonaba\\\/#primaryimage\"},\"image\":{\"@id\":\"https:\\\/\\\/fmgente.com.ar\\\/web\\\/a-sus-22-anos-morena-la-hija-de-pablo-echarri-y-nancy-duplaa-comenzo-a-trabajar-de-lo-que-tanto-sonaba\\\/#primaryimage\"},\"thumbnailUrl\":\"https:\\\/\\\/fmgente.com.ar\\\/web\\\/wp-content\\\/uploads\\\/2025\\\/10\\\/cami-homs-359x226-3.png\",\"datePublished\":\"2025-10-05T02:06:31+00:00\",\"inLanguage\":\"es\",\"potentialAction\":[{\"@type\":\"ReadAction\",\"target\":[\"https:\\\/\\\/fmgente.com.ar\\\/web\\\/a-sus-22-anos-morena-la-hija-de-pablo-echarri-y-nancy-duplaa-comenzo-a-trabajar-de-lo-que-tanto-sonaba\\\/\"]}]},{\"@type\":\"ImageObject\",\"inLanguage\":\"es\",\"@id\":\"https:\\\/\\\/fmgente.com.ar\\\/web\\\/a-sus-22-anos-morena-la-hija-de-pablo-echarri-y-nancy-duplaa-comenzo-a-trabajar-de-lo-que-tanto-sonaba\\\/#primaryimage\",\"url\":\"https:\\\/\\\/fmgente.com.ar\\\/web\\\/wp-content\\\/uploads\\\/2025\\\/10\\\/cami-homs-359x226-3.png\",\"contentUrl\":\"https:\\\/\\\/fmgente.com.ar\\\/web\\\/wp-content\\\/uploads\\\/2025\\\/10\\\/cami-homs-359x226-3.png\",\"width\":359,\"height\":226},{\"@type\":\"WebSite\",\"@id\":\"https:\\\/\\\/fmgente.com.ar\\\/web\\\/#website\",\"url\":\"https:\\\/\\\/fmgente.com.ar\\\/web\\\/\",\"name\":\"Fm Gente\",\"description\":\"- Jes\u00fas Mar\u00eda\",\"publisher\":{\"@id\":\"https:\\\/\\\/fmgente.com.ar\\\/web\\\/#organization\"},\"potentialAction\":[{\"@type\":\"SearchAction\",\"target\":{\"@type\":\"EntryPoint\",\"urlTemplate\":\"https:\\\/\\\/fmgente.com.ar\\\/web\\\/?s={search_term_string}\"},\"query-input\":{\"@type\":\"PropertyValueSpecification\",\"valueRequired\":true,\"valueName\":\"search_term_string\"}}],\"inLanguage\":\"es\"},{\"@type\":\"Organization\",\"@id\":\"https:\\\/\\\/fmgente.com.ar\\\/web\\\/#organization\",\"name\":\"Fm Gente\",\"url\":\"https:\\\/\\\/fmgente.com.ar\\\/web\\\/\",\"logo\":{\"@type\":\"ImageObject\",\"inLanguage\":\"es\",\"@id\":\"https:\\\/\\\/fmgente.com.ar\\\/web\\\/#\\\/schema\\\/logo\\\/image\\\/\",\"url\":\"https:\\\/\\\/fmgente.com.ar\\\/web\\\/wp-content\\\/uploads\\\/2023\\\/07\\\/cropped-cropped-logo-sombra2.png\",\"contentUrl\":\"https:\\\/\\\/fmgente.com.ar\\\/web\\\/wp-content\\\/uploads\\\/2023\\\/07\\\/cropped-cropped-logo-sombra2.png\",\"width\":1782,\"height\":1782,\"caption\":\"Fm Gente\"},\"image\":{\"@id\":\"https:\\\/\\\/fmgente.com.ar\\\/web\\\/#\\\/schema\\\/logo\\\/image\\\/\"}}]}<\/script>\n<!-- \/ Yoast SEO plugin. -->","yoast_head_json":{"title":"A sus 22 a\u00f1os, Morena la hija de Pablo Echarri y Nancy Dupl\u00e1a comenz\u00f3 a trabajar de lo que tanto so\u00f1aba - Fm Gente","robots":{"index":"index","follow":"follow","max-snippet":"max-snippet:-1","max-image-preview":"max-image-preview:large","max-video-preview":"max-video-preview:-1"},"canonical":"https:\/\/fmgente.com.ar\/web\/a-sus-22-anos-morena-la-hija-de-pablo-echarri-y-nancy-duplaa-comenzo-a-trabajar-de-lo-que-tanto-sonaba\/","og_locale":"es_ES","og_type":"article","og_title":"A sus 22 a\u00f1os, Morena la hija de Pablo Echarri y Nancy Dupl\u00e1a comenz\u00f3 a trabajar de lo que tanto so\u00f1aba - Fm Gente","og_description":"Morena Echarri, la hija de Pablo Echarri y Nancy Dupl\u00e1a, acaba de dar un paso","og_url":"https:\/\/fmgente.com.ar\/web\/a-sus-22-anos-morena-la-hija-de-pablo-echarri-y-nancy-duplaa-comenzo-a-trabajar-de-lo-que-tanto-sonaba\/","og_site_name":"Fm Gente","article_published_time":"2025-10-05T02:06:31+00:00","og_image":[{"width":359,"height":226,"url":"https:\/\/fmgente.com.ar\/web\/wp-content\/uploads\/2025\/10\/cami-homs-359x226-3.png","type":"image\/png"}],"twitter_card":"summary_large_image","twitter_misc":{"Tiempo de lectura":"3 minutos"},"schema":{"@context":"https:\/\/schema.org","@graph":[{"@type":"Article","@id":"https:\/\/fmgente.com.ar\/web\/a-sus-22-anos-morena-la-hija-de-pablo-echarri-y-nancy-duplaa-comenzo-a-trabajar-de-lo-que-tanto-sonaba\/#article","isPartOf":{"@id":"https:\/\/fmgente.com.ar\/web\/a-sus-22-anos-morena-la-hija-de-pablo-echarri-y-nancy-duplaa-comenzo-a-trabajar-de-lo-que-tanto-sonaba\/"},"author":{"name":"","@id":""},"headline":"A sus 22 a\u00f1os, Morena la hija de Pablo Echarri y Nancy Dupl\u00e1a comenz\u00f3 a trabajar de lo que tanto so\u00f1aba","datePublished":"2025-10-05T02:06:31+00:00","mainEntityOfPage":{"@id":"https:\/\/fmgente.com.ar\/web\/a-sus-22-anos-morena-la-hija-de-pablo-echarri-y-nancy-duplaa-comenzo-a-trabajar-de-lo-que-tanto-sonaba\/"},"wordCount":679,"publisher":{"@id":"https:\/\/fmgente.com.ar\/web\/#organization"},"image":{"@id":"https:\/\/fmgente.com.ar\/web\/a-sus-22-anos-morena-la-hija-de-pablo-echarri-y-nancy-duplaa-comenzo-a-trabajar-de-lo-que-tanto-sonaba\/#primaryimage"},"thumbnailUrl":"https:\/\/fmgente.com.ar\/web\/wp-content\/uploads\/2025\/10\/cami-homs-359x226-3.png","articleSection":["DESTACADAS"],"inLanguage":"es"},{"@type":"WebPage","@id":"https:\/\/fmgente.com.ar\/web\/a-sus-22-anos-morena-la-hija-de-pablo-echarri-y-nancy-duplaa-comenzo-a-trabajar-de-lo-que-tanto-sonaba\/","url":"https:\/\/fmgente.com.ar\/web\/a-sus-22-anos-morena-la-hija-de-pablo-echarri-y-nancy-duplaa-comenzo-a-trabajar-de-lo-que-tanto-sonaba\/","name":"A sus 22 a\u00f1os, Morena la hija de Pablo Echarri y Nancy Dupl\u00e1a comenz\u00f3 a trabajar de lo que tanto so\u00f1aba - Fm Gente","isPartOf":{"@id":"https:\/\/fmgente.com.ar\/web\/#website"},"primaryImageOfPage":{"@id":"https:\/\/fmgente.com.ar\/web\/a-sus-22-anos-morena-la-hija-de-pablo-echarri-y-nancy-duplaa-comenzo-a-trabajar-de-lo-que-tanto-sonaba\/#primaryimage"},"image":{"@id":"https:\/\/fmgente.com.ar\/web\/a-sus-22-anos-morena-la-hija-de-pablo-echarri-y-nancy-duplaa-comenzo-a-trabajar-de-lo-que-tanto-sonaba\/#primaryimage"},"thumbnailUrl":"https:\/\/fmgente.com.ar\/web\/wp-content\/uploads\/2025\/10\/cami-homs-359x226-3.png","datePublished":"2025-10-05T02:06:31+00:00","inLanguage":"es","potentialAction":[{"@type":"ReadAction","target":["https:\/\/fmgente.com.ar\/web\/a-sus-22-anos-morena-la-hija-de-pablo-echarri-y-nancy-duplaa-comenzo-a-trabajar-de-lo-que-tanto-sonaba\/"]}]},{"@type":"ImageObject","inLanguage":"es","@id":"https:\/\/fmgente.com.ar\/web\/a-sus-22-anos-morena-la-hija-de-pablo-echarri-y-nancy-duplaa-comenzo-a-trabajar-de-lo-que-tanto-sonaba\/#primaryimage","url":"https:\/\/fmgente.com.ar\/web\/wp-content\/uploads\/2025\/10\/cami-homs-359x226-3.png","contentUrl":"https:\/\/fmgente.com.ar\/web\/wp-content\/uploads\/2025\/10\/cami-homs-359x226-3.png","width":359,"height":226},{"@type":"WebSite","@id":"https:\/\/fmgente.com.ar\/web\/#website","url":"https:\/\/fmgente.com.ar\/web\/","name":"Fm Gente","description":"- Jes\u00fas Mar\u00eda","publisher":{"@id":"https:\/\/fmgente.com.ar\/web\/#organization"},"potentialAction":[{"@type":"SearchAction","target":{"@type":"EntryPoint","urlTemplate":"https:\/\/fmgente.com.ar\/web\/?s={search_term_string}"},"query-input":{"@type":"PropertyValueSpecification","valueRequired":true,"valueName":"search_term_string"}}],"inLanguage":"es"},{"@type":"Organization","@id":"https:\/\/fmgente.com.ar\/web\/#organization","name":"Fm Gente","url":"https:\/\/fmgente.com.ar\/web\/","logo":{"@type":"ImageObject","inLanguage":"es","@id":"https:\/\/fmgente.com.ar\/web\/#\/schema\/logo\/image\/","url":"https:\/\/fmgente.com.ar\/web\/wp-content\/uploads\/2023\/07\/cropped-cropped-logo-sombra2.png","contentUrl":"https:\/\/fmgente.com.ar\/web\/wp-content\/uploads\/2023\/07\/cropped-cropped-logo-sombra2.png","width":1782,"height":1782,"caption":"Fm Gente"},"image":{"@id":"https:\/\/fmgente.com.ar\/web\/#\/schema\/logo\/image\/"}}]}},"_links":{"self":[{"href":"https:\/\/fmgente.com.ar\/web\/wp-json\/wp\/v2\/posts\/6098","targetHints":{"allow":["GET"]}}],"collection":[{"href":"https:\/\/fmgente.com.ar\/web\/wp-json\/wp\/v2\/posts"}],"about":[{"href":"https:\/\/fmgente.com.ar\/web\/wp-json\/wp\/v2\/types\/post"}],"replies":[{"embeddable":true,"href":"https:\/\/fmgente.com.ar\/web\/wp-json\/wp\/v2\/comments?post=6098"}],"version-history":[{"count":0,"href":"https:\/\/fmgente.com.ar\/web\/wp-json\/wp\/v2\/posts\/6098\/revisions"}],"wp:featuredmedia":[{"embeddable":true,"href":"https:\/\/fmgente.com.ar\/web\/wp-json\/wp\/v2\/media\/6099"}],"wp:attachment":[{"href":"https:\/\/fmgente.com.ar\/web\/wp-json\/wp\/v2\/media?parent=6098"}],"wp:term":[{"taxonomy":"category","embeddable":true,"href":"https:\/\/fmgente.com.ar\/web\/wp-json\/wp\/v2\/categories?post=6098"},{"taxonomy":"post_tag","embeddable":true,"href":"https:\/\/fmgente.com.ar\/web\/wp-json\/wp\/v2\/tags?post=6098"}],"curies":[{"name":"wp","href":"https:\/\/api.w.org\/{rel}","templated":true}]}}