{"id":6096,"date":"2025-10-04T22:05:26","date_gmt":"2025-10-05T01:05:26","guid":{"rendered":"https:\/\/fmgente.com.ar\/la-angustiante-frase-que-thiago-medina-le-repite-a-daniela-celis-en-terapia-intensiva\/"},"modified":"2025-10-04T22:05:26","modified_gmt":"2025-10-05T01:05:26","slug":"la-angustiante-frase-que-thiago-medina-le-repite-a-daniela-celis-en-terapia-intensiva","status":"publish","type":"post","link":"https:\/\/fmgente.com.ar\/web\/la-angustiante-frase-que-thiago-medina-le-repite-a-daniela-celis-en-terapia-intensiva\/","title":{"rendered":"La angustiante frase que Thiago Medina le repite a Daniela Celis en terapia intensiva"},"content":{"rendered":"<p><strong>Thiago Medina<\/strong> sigue mostrando s\u00edntomas positivos y m\u00e1s que alentadores en su recuperaci\u00f3n. Tras varios d\u00edas en estado cr\u00edtico y con su vida pendiendo de un hilo, el ex <strong>Gran Hermano<\/strong> abri\u00f3 los ojos mientras sigue internado en terapia intensiva e ilusion\u00f3 a todos. Fue sin dudas una de las mejores noticias desde el dram\u00e1tico accidente en moto que sufri\u00f3 el pasado 12 de septiembre.<\/p>\n<p>Sin dudas que la mejor\u00eda de <strong><a href=\"https:\/\/www.paparazzi.com.ar\/teve\/la-fuerte-promesa-que-cumplio-daniela-celis-en-medio-de-la-recuperacion-de-thiago-medina\/\">Thiago<\/a><\/strong> trajo alivio y alegr\u00eda tanto a su familia como a quienes lo siguen desde hace a\u00f1os. Y en medio de este proceso se conoci\u00f3 qu\u00e9 es lo primero que pide el influencer cada vez que recibe la visita de su expareja, <strong>Daniela Celis<\/strong>.<\/p>\n<p>Conmovido por la ausencia de sus hijas, <strong>Thiago<\/strong> repite siempre la misma frase. <em>\u201cQuiero ver a las nenas\u201d<\/em>, exige al ver entrar a <strong><a href=\"https:\/\/www.paparazzi.com.ar\/teve\/todo-un-guerrero-asi-luce-thiago-medina-tras-despertar-de-un-coma-de-23-dias\/\">Daniela<\/a><\/strong> en la sala de terapia, seg\u00fan revel\u00f3 Julio, su padre. Pero por ahora ese reencuentro deber\u00e1 esperar: las reglas del hospital no permiten que ingresen menores, aunque le acercan dibujos y videos de sus gemelas, Laia y Aim\u00e9, para que pueda sentirlas cerca.<\/p>\n<div class=\"mt-box \">\n<h4 class=\"mt-heading\">Mir\u00e1 Tambi\u00e9n<\/h4>\n<p><a href=\"https:\/\/www.paparazzi.com.ar\/videos\/exclusivo-marcelo-polino-hablo-como-nunca-de-su-vida-intima-y-conto-cuando-fue-la-ultima-vez-que-tuvo-sexo-con-una-mujer\/\"><\/p>\n<div class=\"mt-content\">\n<div class=\"mt-image-container\"><img decoding=\"async\" src=\"https:\/\/www.paparazzi.com.ar\/wp-content\/uploads\/2025\/09\/IMG_5980-359x226.jpg\" alt=\"\u00a1Exclusivo! Marcelo Polino habl\u00f3 como nunca de su vida \u00edntima y cont\u00f3 cu\u00e1ndo fue la \u00faltima vez que tuvo sexo con una mujer\u00a0\" class=\"mt-image\" loading=\"lazy\" \/><\/div>\n<h5 class=\"mt-title\">\u00a1Exclusivo! Marcelo Polino habl\u00f3 como nunca de su vida \u00edntima y cont\u00f3 cu\u00e1ndo fue la \u00faltima vez que tuvo sexo con una mujer\u00a0<\/h5>\n<\/div>\n<p><\/a><\/div>\n<p><em>\u201cLe muestran unos videitos por ahora, no las puede ver porque est\u00e1 en terapia, pero igualmente esto, la verdad, es muy bueno y \u00e9l ve videitos, por lo menos se r\u00ede y le dicen que tienen el pelo largo, que le tienen que cortar el flequillo y lo grandes que est\u00e1n\u201d<\/em>, cont\u00f3 Julio en di\u00e1logo con Puro Show. As\u00ed, <strong><a href=\"https:\/\/www.paparazzi.com.ar\/teve\/un-milagro-thiago-medina-rompio-el-silencio-desde-su-internacion-y-lleno-de-emocion-a-todos\/\">Thiago<\/a><\/strong> deber\u00e1 esperar un poco m\u00e1s a ese reencuentro con sus nenas.<\/p>\n<h2 class=\"wp-block-heading\">THIAGO MEDINA PIDE DESESPERADO POR SUS HIJAS EN MEDIO DE SU INTERNACI\u00d3N<\/h2>\n<p>Las palabras del padre dejan en claro que, a pesar de las limitaciones m\u00e9dicas, la conexi\u00f3n con las peque\u00f1as sigue intacta y es uno de los motores que empuja la recuperaci\u00f3n del ex GH. Mientras tanto, <strong>Daniela<\/strong> confirm\u00f3 que evoluciona favorablemente y que existe la posibilidad de que pronto abandone la terapia intensiva. La decisi\u00f3n, sin embargo, se encuentra en manos de los m\u00e9dicos.<\/p>\n<p>Por otro lado, la familia no solo acompa\u00f1a a <strong>Thiago<\/strong> en este proceso sino que tambi\u00e9n se plant\u00f3 con firmeza frente a lo que vendr\u00e1. Tanto su hermana Camilota como su hermano aseguraron que <em>\u201cla moto se termin\u00f3\u201d<\/em>, dejando en claro que no permitir\u00e1n que vuelva a subirse a un veh\u00edculo que casi le cuesta la vida.<\/p>\n<div class=\"mt-box \">\n<h4 class=\"mt-heading\">Mir\u00e1 Tambi\u00e9n<\/h4>\n<p><a href=\"https:\/\/www.paparazzi.com.ar\/teve\/la-fuerte-promesa-que-cumplio-daniela-celis-en-medio-de-la-recuperacion-de-thiago-medina\/\"><\/p>\n<div class=\"mt-content\">\n<div class=\"mt-image-container\"><img decoding=\"async\" src=\"https:\/\/www.paparazzi.com.ar\/wp-content\/uploads\/2025\/09\/La-noche-de-terror-que-paso-Daniela-Celis-con-Thiago-Medina-peleando-por-su-vida-tras-accidentarse-359x226.jpg\" alt=\"La fuerte promesa que cumpli\u00f3 Daniela Celis en medio de la recuperaci\u00f3n de Thiago Medina\" class=\"mt-image\" loading=\"lazy\" \/><\/div>\n<h5 class=\"mt-title\">La fuerte promesa que cumpli\u00f3 Daniela Celis en medio de la recuperaci\u00f3n de Thiago Medina<\/h5>\n<\/div>\n<p><\/a><\/div>\n<p>La lucha de <strong>Thiago<\/strong> emociona y conmueve a quienes siguen de cerca cada paso de su recuperaci\u00f3n. Y en el centro de esa batalla, aparece un deseo sencillo y a la vez gigante: volver a abrazar a sus hijas. Hasta el momento en el que los m\u00e9dicos lo trasladen a una sala, fuera de terapia intensiva, ese reencuentro deber\u00e1 esperar un poco m\u00e1s.<\/p>\n<div class=\"mt-box \">\n<h4 class=\"mt-heading\">Mir\u00e1 Tambi\u00e9n<\/h4>\n<p><a href=\"https:\/\/www.paparazzi.com.ar\/teve\/todo-un-guerrero-asi-luce-thiago-medina-tras-despertar-de-un-coma-de-23-dias\/\"><\/p>\n<div class=\"mt-content\">\n<div class=\"mt-image-container\"><img decoding=\"async\" src=\"https:\/\/www.paparazzi.com.ar\/wp-content\/uploads\/2025\/10\/Todo-un-guerrero-asi-luce-Thiago-Medina-tras-despertar-de-un-coma-de-23-dias--359x226.jpg\" alt=\"Todo un guerrero: as\u00ed luce Thiago Medina tras despertar de un coma de 23 d\u00edas\" class=\"mt-image\" loading=\"lazy\" \/><\/div>\n<h5 class=\"mt-title\">Todo un guerrero: as\u00ed luce Thiago Medina tras despertar de un coma de 23 d\u00edas<\/h5>\n<\/div>\n<p><\/a><\/div>\n<div class=\"mt-box \">\n<h4 class=\"mt-heading\">Mir\u00e1 Tambi\u00e9n<\/h4>\n<p><a href=\"https:\/\/www.paparazzi.com.ar\/teve\/un-milagro-thiago-medina-rompio-el-silencio-desde-su-internacion-y-lleno-de-emocion-a-todos\/\"><\/p>\n<div class=\"mt-content\">\n<div class=\"mt-image-container\"><img decoding=\"async\" src=\"https:\/\/www.paparazzi.com.ar\/wp-content\/uploads\/2025\/10\/\u00a1Un-milagro-Thiago-Medina-rompio-el-silencio-desde-su-internacion-y-lleno-de-emocion-a-todos-359x226.jpg\" alt=\"\u00a1Un milagro! Thiago Medina rompi\u00f3 el silencio desde su internaci\u00f3n y llen\u00f3 de emoci\u00f3n a todos\" class=\"mt-image\" loading=\"lazy\" \/><\/div>\n<h5 class=\"mt-title\">\u00a1Un milagro! Thiago Medina rompi\u00f3 el silencio desde su internaci\u00f3n y llen\u00f3 de emoci\u00f3n a todos<\/h5>\n<\/div>\n<p><\/a><\/div>\n<p>The post <a href=\"https:\/\/www.paparazzi.com.ar\/teve\/la-angustiante-frase-que-thiago-medina-le-repite-a-daniela-celis-en-terapia-intensiva\/\">La angustiante frase que Thiago Medina le repite a Daniela Celis en terapia intensiva<\/a> appeared first on <a href=\"https:\/\/www.paparazzi.com.ar\">Revista Paparazzi<\/a>.<\/p>\n","protected":false},"excerpt":{"rendered":"<p>Thiago Medina sigue mostrando s\u00edntomas positivos y m\u00e1s que alentadores en su recuperaci\u00f3n. Tras varios<\/p>\n","protected":false},"author":0,"featured_media":6097,"comment_status":"","ping_status":"","sticky":false,"template":"","format":"standard","meta":{"footnotes":""},"categories":[11],"tags":[],"class_list":["post-6096","post","type-post","status-publish","format-standard","has-post-thumbnail","hentry","category-destacadas"],"yoast_head":"<!-- This site is optimized with the Yoast SEO plugin v27.4 - https:\/\/yoast.com\/product\/yoast-seo-wordpress\/ -->\n<title>La angustiante frase que Thiago Medina le repite a Daniela Celis en terapia intensiva - Fm Gente<\/title>\n<meta name=\"robots\" content=\"index, follow, max-snippet:-1, max-image-preview:large, max-video-preview:-1\" \/>\n<link rel=\"canonical\" href=\"https:\/\/fmgente.com.ar\/web\/la-angustiante-frase-que-thiago-medina-le-repite-a-daniela-celis-en-terapia-intensiva\/\" \/>\n<meta property=\"og:locale\" content=\"es_ES\" \/>\n<meta property=\"og:type\" content=\"article\" \/>\n<meta property=\"og:title\" content=\"La angustiante frase que Thiago Medina le repite a Daniela Celis en terapia intensiva - Fm Gente\" \/>\n<meta property=\"og:description\" content=\"Thiago Medina sigue mostrando s\u00edntomas positivos y m\u00e1s que alentadores en su recuperaci\u00f3n. Tras varios\" \/>\n<meta property=\"og:url\" content=\"https:\/\/fmgente.com.ar\/web\/la-angustiante-frase-que-thiago-medina-le-repite-a-daniela-celis-en-terapia-intensiva\/\" \/>\n<meta property=\"og:site_name\" content=\"Fm Gente\" \/>\n<meta property=\"article:published_time\" content=\"2025-10-05T01:05:26+00:00\" \/>\n<meta property=\"og:image\" content=\"https:\/\/fmgente.com.ar\/web\/wp-content\/uploads\/2025\/10\/IMG_5980-359x226-19.jpg\" \/>\n\t<meta property=\"og:image:width\" content=\"359\" \/>\n\t<meta property=\"og:image:height\" content=\"226\" \/>\n\t<meta property=\"og:image:type\" content=\"image\/jpeg\" \/>\n<meta name=\"twitter:card\" content=\"summary_large_image\" \/>\n<meta name=\"twitter:label1\" content=\"Tiempo de lectura\" \/>\n\t<meta name=\"twitter:data1\" content=\"3 minutos\" \/>\n<script type=\"application\/ld+json\" class=\"yoast-schema-graph\">{\"@context\":\"https:\\\/\\\/schema.org\",\"@graph\":[{\"@type\":\"Article\",\"@id\":\"https:\\\/\\\/fmgente.com.ar\\\/web\\\/la-angustiante-frase-que-thiago-medina-le-repite-a-daniela-celis-en-terapia-intensiva\\\/#article\",\"isPartOf\":{\"@id\":\"https:\\\/\\\/fmgente.com.ar\\\/web\\\/la-angustiante-frase-que-thiago-medina-le-repite-a-daniela-celis-en-terapia-intensiva\\\/\"},\"author\":{\"name\":\"\",\"@id\":\"\"},\"headline\":\"La angustiante frase que Thiago Medina le repite a Daniela Celis en terapia intensiva\",\"datePublished\":\"2025-10-05T01:05:26+00:00\",\"mainEntityOfPage\":{\"@id\":\"https:\\\/\\\/fmgente.com.ar\\\/web\\\/la-angustiante-frase-que-thiago-medina-le-repite-a-daniela-celis-en-terapia-intensiva\\\/\"},\"wordCount\":596,\"publisher\":{\"@id\":\"https:\\\/\\\/fmgente.com.ar\\\/web\\\/#organization\"},\"image\":{\"@id\":\"https:\\\/\\\/fmgente.com.ar\\\/web\\\/la-angustiante-frase-que-thiago-medina-le-repite-a-daniela-celis-en-terapia-intensiva\\\/#primaryimage\"},\"thumbnailUrl\":\"https:\\\/\\\/fmgente.com.ar\\\/web\\\/wp-content\\\/uploads\\\/2025\\\/10\\\/IMG_5980-359x226-19.jpg\",\"articleSection\":[\"DESTACADAS\"],\"inLanguage\":\"es\"},{\"@type\":\"WebPage\",\"@id\":\"https:\\\/\\\/fmgente.com.ar\\\/web\\\/la-angustiante-frase-que-thiago-medina-le-repite-a-daniela-celis-en-terapia-intensiva\\\/\",\"url\":\"https:\\\/\\\/fmgente.com.ar\\\/web\\\/la-angustiante-frase-que-thiago-medina-le-repite-a-daniela-celis-en-terapia-intensiva\\\/\",\"name\":\"La angustiante frase que Thiago Medina le repite a Daniela Celis en terapia intensiva - Fm Gente\",\"isPartOf\":{\"@id\":\"https:\\\/\\\/fmgente.com.ar\\\/web\\\/#website\"},\"primaryImageOfPage\":{\"@id\":\"https:\\\/\\\/fmgente.com.ar\\\/web\\\/la-angustiante-frase-que-thiago-medina-le-repite-a-daniela-celis-en-terapia-intensiva\\\/#primaryimage\"},\"image\":{\"@id\":\"https:\\\/\\\/fmgente.com.ar\\\/web\\\/la-angustiante-frase-que-thiago-medina-le-repite-a-daniela-celis-en-terapia-intensiva\\\/#primaryimage\"},\"thumbnailUrl\":\"https:\\\/\\\/fmgente.com.ar\\\/web\\\/wp-content\\\/uploads\\\/2025\\\/10\\\/IMG_5980-359x226-19.jpg\",\"datePublished\":\"2025-10-05T01:05:26+00:00\",\"inLanguage\":\"es\",\"potentialAction\":[{\"@type\":\"ReadAction\",\"target\":[\"https:\\\/\\\/fmgente.com.ar\\\/web\\\/la-angustiante-frase-que-thiago-medina-le-repite-a-daniela-celis-en-terapia-intensiva\\\/\"]}]},{\"@type\":\"ImageObject\",\"inLanguage\":\"es\",\"@id\":\"https:\\\/\\\/fmgente.com.ar\\\/web\\\/la-angustiante-frase-que-thiago-medina-le-repite-a-daniela-celis-en-terapia-intensiva\\\/#primaryimage\",\"url\":\"https:\\\/\\\/fmgente.com.ar\\\/web\\\/wp-content\\\/uploads\\\/2025\\\/10\\\/IMG_5980-359x226-19.jpg\",\"contentUrl\":\"https:\\\/\\\/fmgente.com.ar\\\/web\\\/wp-content\\\/uploads\\\/2025\\\/10\\\/IMG_5980-359x226-19.jpg\",\"width\":359,\"height\":226},{\"@type\":\"WebSite\",\"@id\":\"https:\\\/\\\/fmgente.com.ar\\\/web\\\/#website\",\"url\":\"https:\\\/\\\/fmgente.com.ar\\\/web\\\/\",\"name\":\"Fm Gente\",\"description\":\"- Jes\u00fas Mar\u00eda\",\"publisher\":{\"@id\":\"https:\\\/\\\/fmgente.com.ar\\\/web\\\/#organization\"},\"potentialAction\":[{\"@type\":\"SearchAction\",\"target\":{\"@type\":\"EntryPoint\",\"urlTemplate\":\"https:\\\/\\\/fmgente.com.ar\\\/web\\\/?s={search_term_string}\"},\"query-input\":{\"@type\":\"PropertyValueSpecification\",\"valueRequired\":true,\"valueName\":\"search_term_string\"}}],\"inLanguage\":\"es\"},{\"@type\":\"Organization\",\"@id\":\"https:\\\/\\\/fmgente.com.ar\\\/web\\\/#organization\",\"name\":\"Fm Gente\",\"url\":\"https:\\\/\\\/fmgente.com.ar\\\/web\\\/\",\"logo\":{\"@type\":\"ImageObject\",\"inLanguage\":\"es\",\"@id\":\"https:\\\/\\\/fmgente.com.ar\\\/web\\\/#\\\/schema\\\/logo\\\/image\\\/\",\"url\":\"https:\\\/\\\/fmgente.com.ar\\\/web\\\/wp-content\\\/uploads\\\/2023\\\/07\\\/cropped-cropped-logo-sombra2.png\",\"contentUrl\":\"https:\\\/\\\/fmgente.com.ar\\\/web\\\/wp-content\\\/uploads\\\/2023\\\/07\\\/cropped-cropped-logo-sombra2.png\",\"width\":1782,\"height\":1782,\"caption\":\"Fm Gente\"},\"image\":{\"@id\":\"https:\\\/\\\/fmgente.com.ar\\\/web\\\/#\\\/schema\\\/logo\\\/image\\\/\"}}]}<\/script>\n<!-- \/ Yoast SEO plugin. -->","yoast_head_json":{"title":"La angustiante frase que Thiago Medina le repite a Daniela Celis en terapia intensiva - Fm Gente","robots":{"index":"index","follow":"follow","max-snippet":"max-snippet:-1","max-image-preview":"max-image-preview:large","max-video-preview":"max-video-preview:-1"},"canonical":"https:\/\/fmgente.com.ar\/web\/la-angustiante-frase-que-thiago-medina-le-repite-a-daniela-celis-en-terapia-intensiva\/","og_locale":"es_ES","og_type":"article","og_title":"La angustiante frase que Thiago Medina le repite a Daniela Celis en terapia intensiva - Fm Gente","og_description":"Thiago Medina sigue mostrando s\u00edntomas positivos y m\u00e1s que alentadores en su recuperaci\u00f3n. Tras varios","og_url":"https:\/\/fmgente.com.ar\/web\/la-angustiante-frase-que-thiago-medina-le-repite-a-daniela-celis-en-terapia-intensiva\/","og_site_name":"Fm Gente","article_published_time":"2025-10-05T01:05:26+00:00","og_image":[{"width":359,"height":226,"url":"https:\/\/fmgente.com.ar\/web\/wp-content\/uploads\/2025\/10\/IMG_5980-359x226-19.jpg","type":"image\/jpeg"}],"twitter_card":"summary_large_image","twitter_misc":{"Tiempo de lectura":"3 minutos"},"schema":{"@context":"https:\/\/schema.org","@graph":[{"@type":"Article","@id":"https:\/\/fmgente.com.ar\/web\/la-angustiante-frase-que-thiago-medina-le-repite-a-daniela-celis-en-terapia-intensiva\/#article","isPartOf":{"@id":"https:\/\/fmgente.com.ar\/web\/la-angustiante-frase-que-thiago-medina-le-repite-a-daniela-celis-en-terapia-intensiva\/"},"author":{"name":"","@id":""},"headline":"La angustiante frase que Thiago Medina le repite a Daniela Celis en terapia intensiva","datePublished":"2025-10-05T01:05:26+00:00","mainEntityOfPage":{"@id":"https:\/\/fmgente.com.ar\/web\/la-angustiante-frase-que-thiago-medina-le-repite-a-daniela-celis-en-terapia-intensiva\/"},"wordCount":596,"publisher":{"@id":"https:\/\/fmgente.com.ar\/web\/#organization"},"image":{"@id":"https:\/\/fmgente.com.ar\/web\/la-angustiante-frase-que-thiago-medina-le-repite-a-daniela-celis-en-terapia-intensiva\/#primaryimage"},"thumbnailUrl":"https:\/\/fmgente.com.ar\/web\/wp-content\/uploads\/2025\/10\/IMG_5980-359x226-19.jpg","articleSection":["DESTACADAS"],"inLanguage":"es"},{"@type":"WebPage","@id":"https:\/\/fmgente.com.ar\/web\/la-angustiante-frase-que-thiago-medina-le-repite-a-daniela-celis-en-terapia-intensiva\/","url":"https:\/\/fmgente.com.ar\/web\/la-angustiante-frase-que-thiago-medina-le-repite-a-daniela-celis-en-terapia-intensiva\/","name":"La angustiante frase que Thiago Medina le repite a Daniela Celis en terapia intensiva - Fm Gente","isPartOf":{"@id":"https:\/\/fmgente.com.ar\/web\/#website"},"primaryImageOfPage":{"@id":"https:\/\/fmgente.com.ar\/web\/la-angustiante-frase-que-thiago-medina-le-repite-a-daniela-celis-en-terapia-intensiva\/#primaryimage"},"image":{"@id":"https:\/\/fmgente.com.ar\/web\/la-angustiante-frase-que-thiago-medina-le-repite-a-daniela-celis-en-terapia-intensiva\/#primaryimage"},"thumbnailUrl":"https:\/\/fmgente.com.ar\/web\/wp-content\/uploads\/2025\/10\/IMG_5980-359x226-19.jpg","datePublished":"2025-10-05T01:05:26+00:00","inLanguage":"es","potentialAction":[{"@type":"ReadAction","target":["https:\/\/fmgente.com.ar\/web\/la-angustiante-frase-que-thiago-medina-le-repite-a-daniela-celis-en-terapia-intensiva\/"]}]},{"@type":"ImageObject","inLanguage":"es","@id":"https:\/\/fmgente.com.ar\/web\/la-angustiante-frase-que-thiago-medina-le-repite-a-daniela-celis-en-terapia-intensiva\/#primaryimage","url":"https:\/\/fmgente.com.ar\/web\/wp-content\/uploads\/2025\/10\/IMG_5980-359x226-19.jpg","contentUrl":"https:\/\/fmgente.com.ar\/web\/wp-content\/uploads\/2025\/10\/IMG_5980-359x226-19.jpg","width":359,"height":226},{"@type":"WebSite","@id":"https:\/\/fmgente.com.ar\/web\/#website","url":"https:\/\/fmgente.com.ar\/web\/","name":"Fm Gente","description":"- Jes\u00fas Mar\u00eda","publisher":{"@id":"https:\/\/fmgente.com.ar\/web\/#organization"},"potentialAction":[{"@type":"SearchAction","target":{"@type":"EntryPoint","urlTemplate":"https:\/\/fmgente.com.ar\/web\/?s={search_term_string}"},"query-input":{"@type":"PropertyValueSpecification","valueRequired":true,"valueName":"search_term_string"}}],"inLanguage":"es"},{"@type":"Organization","@id":"https:\/\/fmgente.com.ar\/web\/#organization","name":"Fm Gente","url":"https:\/\/fmgente.com.ar\/web\/","logo":{"@type":"ImageObject","inLanguage":"es","@id":"https:\/\/fmgente.com.ar\/web\/#\/schema\/logo\/image\/","url":"https:\/\/fmgente.com.ar\/web\/wp-content\/uploads\/2023\/07\/cropped-cropped-logo-sombra2.png","contentUrl":"https:\/\/fmgente.com.ar\/web\/wp-content\/uploads\/2023\/07\/cropped-cropped-logo-sombra2.png","width":1782,"height":1782,"caption":"Fm Gente"},"image":{"@id":"https:\/\/fmgente.com.ar\/web\/#\/schema\/logo\/image\/"}}]}},"_links":{"self":[{"href":"https:\/\/fmgente.com.ar\/web\/wp-json\/wp\/v2\/posts\/6096","targetHints":{"allow":["GET"]}}],"collection":[{"href":"https:\/\/fmgente.com.ar\/web\/wp-json\/wp\/v2\/posts"}],"about":[{"href":"https:\/\/fmgente.com.ar\/web\/wp-json\/wp\/v2\/types\/post"}],"replies":[{"embeddable":true,"href":"https:\/\/fmgente.com.ar\/web\/wp-json\/wp\/v2\/comments?post=6096"}],"version-history":[{"count":0,"href":"https:\/\/fmgente.com.ar\/web\/wp-json\/wp\/v2\/posts\/6096\/revisions"}],"wp:featuredmedia":[{"embeddable":true,"href":"https:\/\/fmgente.com.ar\/web\/wp-json\/wp\/v2\/media\/6097"}],"wp:attachment":[{"href":"https:\/\/fmgente.com.ar\/web\/wp-json\/wp\/v2\/media?parent=6096"}],"wp:term":[{"taxonomy":"category","embeddable":true,"href":"https:\/\/fmgente.com.ar\/web\/wp-json\/wp\/v2\/categories?post=6096"},{"taxonomy":"post_tag","embeddable":true,"href":"https:\/\/fmgente.com.ar\/web\/wp-json\/wp\/v2\/tags?post=6096"}],"curies":[{"name":"wp","href":"https:\/\/api.w.org\/{rel}","templated":true}]}}