{"id":6090,"date":"2025-10-04T21:05:09","date_gmt":"2025-10-05T00:05:09","guid":{"rendered":"https:\/\/fmgente.com.ar\/la-revelacion-de-marcela-tinayre-sobre-su-nieto-adolescente-silvestre-tenia-obsesion-por\/"},"modified":"2025-10-04T21:05:09","modified_gmt":"2025-10-05T00:05:09","slug":"la-revelacion-de-marcela-tinayre-sobre-su-nieto-adolescente-silvestre-tenia-obsesion-por","status":"publish","type":"post","link":"https:\/\/fmgente.com.ar\/web\/la-revelacion-de-marcela-tinayre-sobre-su-nieto-adolescente-silvestre-tenia-obsesion-por\/","title":{"rendered":"La revelaci\u00f3n de Marcela Tinayre sobre su nieto adolescente Silvestre: &quot;Ten\u00eda obsesi\u00f3n por\u2026&quot;"},"content":{"rendered":"<p>La \u00faltima edici\u00f3n de los Premios Mart\u00edn Fierro 2025 tuvo un protagonista inesperado: <strong><a href=\"https:\/\/www.paparazzi.com.ar\/?s=Silvestre+Valenzuela\">Silvestre Valenzuela<\/a><\/strong>, el hijo de <strong>Juana Viale<\/strong> y <strong>Gonzalo Valenzuela<\/strong>, que<a href=\"https:\/\/www.paparazzi.com.ar\/looks\/como-crecio-las-fotos-de-silvestre-el-hijo-adolescente-de-juana-viale-y-gonzalo-valenzuela\/\"> deslumbr\u00f3 a todos con su look y su simpat\u00eda<\/a>. A sus 17 a\u00f1os, el joven debut\u00f3 en la gala m\u00e1s importante de la televisi\u00f3n argentina y termin\u00f3 convirti\u00e9ndose en uno de los nombres m\u00e1s comentados de la noche.<\/p>\n<p>Silvestre acompa\u00f1\u00f3 a su madre, a su abuela <strong>Marcela Tinayre<\/strong> y a su bisabuela <strong>Mirtha Legrand<\/strong>, quien fue homenajeada por su trayectoria. Pero lo que nadie esperaba era que el nieto de Marcela se llevara gran parte del protagonismo. <\/p>\n<p>Su estilo \u2014un saco azul largo, pantalones de vestir, camisa blanca, corbata azul y blanca, cintur\u00f3n marr\u00f3n y zapatillas urbanas\u2014 gener\u00f3 furor en redes sociales, donde miles de usuarios destacaron su elegancia y frescura m\u00e1s all\u00e1 de <a href=\"https:\/\/www.paparazzi.com.ar\/teve\/gonzalo-valenzuela-revelo-como-lucha-contra-la-epilepsia-de-su-hijo-silvestre\/\">la dura enfermedad contra la que lucha<\/a>.<\/p>\n<div class=\"mt-box \">\n<h4 class=\"mt-heading\">Mir\u00e1 Tambi\u00e9n<\/h4>\n<p><a href=\"https:\/\/www.paparazzi.com.ar\/teve\/exclusivo-el-tenso-encuentro-entre-pampita-y-nicole-neumann-por-que-ni-se-saludaron\/\"><\/p>\n<div class=\"mt-content\">\n<div class=\"mt-image-container\"><img decoding=\"async\" src=\"https:\/\/www.paparazzi.com.ar\/wp-content\/uploads\/2025\/09\/pampita-14-359x226.png\" alt=\"\u00a1Exclusivo! El tenso encuentro entre Pampita y Nicole Neumann: por qu\u00e9 ni se saludaron\" class=\"mt-image\" loading=\"lazy\" \/><\/div>\n<h5 class=\"mt-title\">\u00a1Exclusivo! El tenso encuentro entre Pampita y Nicole Neumann: por qu\u00e9 ni se saludaron<\/h5>\n<\/div>\n<p><\/a><\/div>\n<p>En plataformas como X, los comentarios se multiplicaron: <em>\u201cEnamorada del hijo de Juana\u201d<\/em>, <em>\u201cQu\u00e9 facha tiene Silvestre\u201d<\/em>, <em>\u201cEse chico nos dej\u00f3 a todos enamorados\u201d<\/em>, fueron solo algunos de los mensajes que lo convirtieron en tendencia. El detalle m\u00e1s comentado fue el colgante de Stitch que llev\u00f3 en su cintur\u00f3n, un gui\u00f1o divertido que rompi\u00f3 con la formalidad del evento.<\/p>\n<p>Su abuela, <strong>Marcela Tinayre<\/strong>, habl\u00f3 del tema en una entrevista con <strong>Luis Ventura<\/strong> para <em>Ventura Show<\/em> y se mostr\u00f3 feliz por la repercusi\u00f3n que tuvo su nieto: <em>\u201cSilvestre me llama&#8230; A m\u00ed me dicen Mima, mis nietos, \u00bfno? Entonces, me dice: \u2018Mima, yo no puedo creer lo que pas\u00f3 conmigo\u2019\u201d,<\/em> relat\u00f3 entre risas. <\/p>\n<div class=\"mt-box \">\n<h4 class=\"mt-heading\">Mir\u00e1 Tambi\u00e9n<\/h4>\n<p><a href=\"https:\/\/www.paparazzi.com.ar\/teve\/juana-viale-sorprendio-en-brasil-con-un-desafio-extremo-que-pocos-se-animan-a-enfrentar\/\"><\/p>\n<div class=\"mt-content\">\n<div class=\"mt-image-container\"><img decoding=\"async\" src=\"https:\/\/www.paparazzi.com.ar\/wp-content\/uploads\/2025\/09\/Juana-Viale-359x226.jpg\" alt=\"Juana Viale sorprendi\u00f3 en Brasil con un desaf\u00edo extremo que pocos se animan a enfrentar\" class=\"mt-image\" loading=\"lazy\" \/><\/div>\n<h5 class=\"mt-title\">Juana Viale sorprendi\u00f3 en Brasil con un desaf\u00edo extremo que pocos se animan a enfrentar<\/h5>\n<\/div>\n<p><\/a><\/div>\n<p>Orgullosa, agreg\u00f3: <em>\u201cEs educad\u00edsimo, y adem\u00e1s, se re\u00eda, estaba contento. En los cortes se iba a pasear y dec\u00edamos: \u2018\u00bfA d\u00f3nde vas?\u2019, y \u00e9l dec\u00eda: \u2018Ah, voy a dar una vuelta, porque quer\u00ed<\/em>a ver todo\u2019\u201d. Por su parte, Ventura revel\u00f3 que el inter\u00e9s del joven por asistir a los Mart\u00edn Fierro no era nuevo.<\/p>\n<p><em>\u201cDesde que tiene doce a\u00f1os le pide a Juana de ir y Juana le dijo: \u2018No, hasta que no tengas diecisiete, dieciocho, yo no te llevo los Mart\u00edn Fierro. \u00bfPara qu\u00e9 te voy a exponer?\u2019\u201d<\/em>. Finalmente, este 2025 lleg\u00f3 su momento, y su aparici\u00f3n marc\u00f3 un antes y un despu\u00e9s para el clan Legrand-Viale-Valenzuela.<\/p>\n<div class=\"mt-box \">\n<h4 class=\"mt-heading\">Mir\u00e1 Tambi\u00e9n<\/h4>\n<p><a href=\"https:\/\/www.paparazzi.com.ar\/teve\/gonzalo-valenzuela-conto-como-ayudo-a-su-hijo-con-juana-viale-tras-ser-diagnosticado-con-epilepsia\/\"><\/p>\n<div class=\"mt-content\">\n<div class=\"mt-image-container\"><img decoding=\"async\" src=\"https:\/\/www.paparazzi.com.ar\/wp-content\/uploads\/2025\/08\/Gonzalo-Valenzuela-Silvestre-Juana-Viale-359x226.jpg\" alt=\"Gonzalo Valenzuela cont\u00f3 c\u00f3mo es la vida de su hijo con Juana Viale tras ser diagnosticado con epilepsia\" class=\"mt-image\" loading=\"lazy\" \/><\/div>\n<h5 class=\"mt-title\">Gonzalo Valenzuela cont\u00f3 c\u00f3mo es la vida de su hijo con Juana Viale tras ser diagnosticado con epilepsia<\/h5>\n<\/div>\n<p><\/a><\/div>\n<p>Marcela reflexion\u00f3 adem\u00e1s sobre el futuro de los j\u00f3venes del mundo del espect\u00e1culo: <em>\u201cEs muy divertido, porque no s\u00e9 si alguno de todos estos que van se va a dedicar a las artes, a la parte art\u00edstica\u201d<\/em>, dijo, dejando abierta la puerta a lo que podr\u00eda ser un camino prometedor para Silvestre.<\/p>\n<p>La presencia del adolescente confirm\u00f3 el surgimiento de una nueva generaci\u00f3n dentro de las familias m\u00e1s emblem\u00e1ticas del ambiente art\u00edstico argentino. Carism\u00e1tico, seguro y con un estilo propio, Silvestre Valenzuela no solo cumpli\u00f3 su sue\u00f1o de ir a los Mart\u00edn Fierro, sino que logr\u00f3 convertirse en la gran revelaci\u00f3n de la noche.<\/p>\n<figure class=\"wp-block-image size-full\"><img decoding=\"async\" width=\"992\" height=\"727\" src=\"https:\/\/www.paparazzi.com.ar\/wp-content\/uploads\/2025\/10\/image-36.png.webp\" loading=\"lazy\" alt=\"\" class=\"wp-image-446415\" \/><\/figure>\n<figure class=\"wp-block-image size-large\"><img decoding=\"async\" src=\"https:\/\/www.paparazzi.com.ar\/wp-content\/uploads\/2025\/10\/image-37-683x1024.png.webp\" loading=\"lazy\" alt=\"\" class=\"wp-image-446416\" \/><\/figure>\n<div class=\"mt-box \">\n<h4 class=\"mt-heading\">Mir\u00e1 Tambi\u00e9n<\/h4>\n<p><a href=\"https:\/\/www.paparazzi.com.ar\/teve\/marcela-tinayre-cumplio-74-en-la-noche-de-halloween-looks-regalos-y-un-misterio-sobre-juana-viale\/\"><\/p>\n<div class=\"mt-content\">\n<div class=\"mt-image-container\"><img decoding=\"async\" src=\"https:\/\/www.paparazzi.com.ar\/wp-content\/uploads\/2024\/11\/TINAYRE-NUEVA-2.jpg.webp\" alt=\"Marcela Tinayre cumpli\u00f3 74 en la noche de Halloween: looks, regalos y un misterio sobre Juana Viale\" class=\"mt-image\" loading=\"lazy\" \/><\/div>\n<h5 class=\"mt-title\">Marcela Tinayre cumpli\u00f3 74 en la noche de Halloween: looks, regalos y un misterio sobre Juana Viale<\/h5>\n<\/div>\n<p><\/a><\/div>\n<div class=\"mt-box \">\n<h4 class=\"mt-heading\">Mir\u00e1 Tambi\u00e9n<\/h4>\n<p><a href=\"https:\/\/www.paparazzi.com.ar\/teve\/el-video-de-marcela-tinayre-con-la-peor-de-las-ondas-en-el-cumpleanos-de-mirtha-legrand\/\"><\/p>\n<div class=\"mt-content\">\n<div class=\"mt-image-container\"><img decoding=\"async\" src=\"https:\/\/www.paparazzi.com.ar\/wp-content\/uploads\/2025\/02\/Marcela-Tinayre-Mirtha-Legrand-359x226.jpg\" alt=\"El video de Marcela Tinayre con la peor de las ondas en el cumplea\u00f1os de Mirtha Legrand\" class=\"mt-image\" loading=\"lazy\" \/><\/div>\n<h5 class=\"mt-title\">El video de Marcela Tinayre con la peor de las ondas en el cumplea\u00f1os de Mirtha Legrand<\/h5>\n<\/div>\n<p><\/a><\/div>\n<p>The post <a href=\"https:\/\/www.paparazzi.com.ar\/teve\/la-revelacion-de-marcela-tinayre-sobre-su-nieto-adolescente-silvestre-tenia-obsesion-por\/\">La revelaci\u00f3n de Marcela Tinayre sobre su nieto adolescente Silvestre: &quot;Ten\u00eda obsesi\u00f3n por\u2026&quot;<\/a> appeared first on <a href=\"https:\/\/www.paparazzi.com.ar\">Revista Paparazzi<\/a>.<\/p>\n","protected":false},"excerpt":{"rendered":"<p>La \u00faltima edici\u00f3n de los Premios Mart\u00edn Fierro 2025 tuvo un protagonista inesperado: Silvestre Valenzuela,<\/p>\n","protected":false},"author":0,"featured_media":6091,"comment_status":"","ping_status":"","sticky":false,"template":"","format":"standard","meta":{"footnotes":""},"categories":[11],"tags":[],"class_list":["post-6090","post","type-post","status-publish","format-standard","has-post-thumbnail","hentry","category-destacadas"],"yoast_head":"<!-- This site is optimized with the Yoast SEO plugin v27.4 - https:\/\/yoast.com\/product\/yoast-seo-wordpress\/ -->\n<title>La revelaci\u00f3n de Marcela Tinayre sobre su nieto adolescente Silvestre: &quot;Ten\u00eda obsesi\u00f3n por\u2026&quot; - Fm Gente<\/title>\n<meta name=\"robots\" content=\"index, follow, max-snippet:-1, max-image-preview:large, max-video-preview:-1\" \/>\n<link rel=\"canonical\" href=\"https:\/\/fmgente.com.ar\/web\/la-revelacion-de-marcela-tinayre-sobre-su-nieto-adolescente-silvestre-tenia-obsesion-por\/\" \/>\n<meta property=\"og:locale\" content=\"es_ES\" \/>\n<meta property=\"og:type\" content=\"article\" \/>\n<meta property=\"og:title\" content=\"La revelaci\u00f3n de Marcela Tinayre sobre su nieto adolescente Silvestre: &quot;Ten\u00eda obsesi\u00f3n por\u2026&quot; - Fm Gente\" \/>\n<meta property=\"og:description\" content=\"La \u00faltima edici\u00f3n de los Premios Mart\u00edn Fierro 2025 tuvo un protagonista inesperado: Silvestre Valenzuela,\" \/>\n<meta property=\"og:url\" content=\"https:\/\/fmgente.com.ar\/web\/la-revelacion-de-marcela-tinayre-sobre-su-nieto-adolescente-silvestre-tenia-obsesion-por\/\" \/>\n<meta property=\"og:site_name\" content=\"Fm Gente\" \/>\n<meta property=\"article:published_time\" content=\"2025-10-05T00:05:09+00:00\" \/>\n<meta property=\"og:image\" content=\"https:\/\/fmgente.com.ar\/web\/wp-content\/uploads\/2025\/10\/pampita-14-359x226-7.png\" \/>\n\t<meta property=\"og:image:width\" content=\"359\" \/>\n\t<meta property=\"og:image:height\" content=\"226\" \/>\n\t<meta property=\"og:image:type\" content=\"image\/png\" \/>\n<meta name=\"twitter:card\" content=\"summary_large_image\" \/>\n<meta name=\"twitter:label1\" content=\"Tiempo de lectura\" \/>\n\t<meta name=\"twitter:data1\" content=\"3 minutos\" \/>\n<script type=\"application\/ld+json\" class=\"yoast-schema-graph\">{\"@context\":\"https:\\\/\\\/schema.org\",\"@graph\":[{\"@type\":\"Article\",\"@id\":\"https:\\\/\\\/fmgente.com.ar\\\/web\\\/la-revelacion-de-marcela-tinayre-sobre-su-nieto-adolescente-silvestre-tenia-obsesion-por\\\/#article\",\"isPartOf\":{\"@id\":\"https:\\\/\\\/fmgente.com.ar\\\/web\\\/la-revelacion-de-marcela-tinayre-sobre-su-nieto-adolescente-silvestre-tenia-obsesion-por\\\/\"},\"author\":{\"name\":\"\",\"@id\":\"\"},\"headline\":\"La revelaci\u00f3n de Marcela Tinayre sobre su nieto adolescente Silvestre: &quot;Ten\u00eda obsesi\u00f3n por\u2026&quot;\",\"datePublished\":\"2025-10-05T00:05:09+00:00\",\"mainEntityOfPage\":{\"@id\":\"https:\\\/\\\/fmgente.com.ar\\\/web\\\/la-revelacion-de-marcela-tinayre-sobre-su-nieto-adolescente-silvestre-tenia-obsesion-por\\\/\"},\"wordCount\":648,\"publisher\":{\"@id\":\"https:\\\/\\\/fmgente.com.ar\\\/web\\\/#organization\"},\"image\":{\"@id\":\"https:\\\/\\\/fmgente.com.ar\\\/web\\\/la-revelacion-de-marcela-tinayre-sobre-su-nieto-adolescente-silvestre-tenia-obsesion-por\\\/#primaryimage\"},\"thumbnailUrl\":\"https:\\\/\\\/fmgente.com.ar\\\/web\\\/wp-content\\\/uploads\\\/2025\\\/10\\\/pampita-14-359x226-7.png\",\"articleSection\":[\"DESTACADAS\"],\"inLanguage\":\"es\"},{\"@type\":\"WebPage\",\"@id\":\"https:\\\/\\\/fmgente.com.ar\\\/web\\\/la-revelacion-de-marcela-tinayre-sobre-su-nieto-adolescente-silvestre-tenia-obsesion-por\\\/\",\"url\":\"https:\\\/\\\/fmgente.com.ar\\\/web\\\/la-revelacion-de-marcela-tinayre-sobre-su-nieto-adolescente-silvestre-tenia-obsesion-por\\\/\",\"name\":\"La revelaci\u00f3n de Marcela Tinayre sobre su nieto adolescente Silvestre: &quot;Ten\u00eda obsesi\u00f3n por\u2026&quot; - Fm Gente\",\"isPartOf\":{\"@id\":\"https:\\\/\\\/fmgente.com.ar\\\/web\\\/#website\"},\"primaryImageOfPage\":{\"@id\":\"https:\\\/\\\/fmgente.com.ar\\\/web\\\/la-revelacion-de-marcela-tinayre-sobre-su-nieto-adolescente-silvestre-tenia-obsesion-por\\\/#primaryimage\"},\"image\":{\"@id\":\"https:\\\/\\\/fmgente.com.ar\\\/web\\\/la-revelacion-de-marcela-tinayre-sobre-su-nieto-adolescente-silvestre-tenia-obsesion-por\\\/#primaryimage\"},\"thumbnailUrl\":\"https:\\\/\\\/fmgente.com.ar\\\/web\\\/wp-content\\\/uploads\\\/2025\\\/10\\\/pampita-14-359x226-7.png\",\"datePublished\":\"2025-10-05T00:05:09+00:00\",\"inLanguage\":\"es\",\"potentialAction\":[{\"@type\":\"ReadAction\",\"target\":[\"https:\\\/\\\/fmgente.com.ar\\\/web\\\/la-revelacion-de-marcela-tinayre-sobre-su-nieto-adolescente-silvestre-tenia-obsesion-por\\\/\"]}]},{\"@type\":\"ImageObject\",\"inLanguage\":\"es\",\"@id\":\"https:\\\/\\\/fmgente.com.ar\\\/web\\\/la-revelacion-de-marcela-tinayre-sobre-su-nieto-adolescente-silvestre-tenia-obsesion-por\\\/#primaryimage\",\"url\":\"https:\\\/\\\/fmgente.com.ar\\\/web\\\/wp-content\\\/uploads\\\/2025\\\/10\\\/pampita-14-359x226-7.png\",\"contentUrl\":\"https:\\\/\\\/fmgente.com.ar\\\/web\\\/wp-content\\\/uploads\\\/2025\\\/10\\\/pampita-14-359x226-7.png\",\"width\":359,\"height\":226},{\"@type\":\"WebSite\",\"@id\":\"https:\\\/\\\/fmgente.com.ar\\\/web\\\/#website\",\"url\":\"https:\\\/\\\/fmgente.com.ar\\\/web\\\/\",\"name\":\"Fm Gente\",\"description\":\"- Jes\u00fas Mar\u00eda\",\"publisher\":{\"@id\":\"https:\\\/\\\/fmgente.com.ar\\\/web\\\/#organization\"},\"potentialAction\":[{\"@type\":\"SearchAction\",\"target\":{\"@type\":\"EntryPoint\",\"urlTemplate\":\"https:\\\/\\\/fmgente.com.ar\\\/web\\\/?s={search_term_string}\"},\"query-input\":{\"@type\":\"PropertyValueSpecification\",\"valueRequired\":true,\"valueName\":\"search_term_string\"}}],\"inLanguage\":\"es\"},{\"@type\":\"Organization\",\"@id\":\"https:\\\/\\\/fmgente.com.ar\\\/web\\\/#organization\",\"name\":\"Fm Gente\",\"url\":\"https:\\\/\\\/fmgente.com.ar\\\/web\\\/\",\"logo\":{\"@type\":\"ImageObject\",\"inLanguage\":\"es\",\"@id\":\"https:\\\/\\\/fmgente.com.ar\\\/web\\\/#\\\/schema\\\/logo\\\/image\\\/\",\"url\":\"https:\\\/\\\/fmgente.com.ar\\\/web\\\/wp-content\\\/uploads\\\/2023\\\/07\\\/cropped-cropped-logo-sombra2.png\",\"contentUrl\":\"https:\\\/\\\/fmgente.com.ar\\\/web\\\/wp-content\\\/uploads\\\/2023\\\/07\\\/cropped-cropped-logo-sombra2.png\",\"width\":1782,\"height\":1782,\"caption\":\"Fm Gente\"},\"image\":{\"@id\":\"https:\\\/\\\/fmgente.com.ar\\\/web\\\/#\\\/schema\\\/logo\\\/image\\\/\"}}]}<\/script>\n<!-- \/ Yoast SEO plugin. -->","yoast_head_json":{"title":"La revelaci\u00f3n de Marcela Tinayre sobre su nieto adolescente Silvestre: &quot;Ten\u00eda obsesi\u00f3n por\u2026&quot; - Fm Gente","robots":{"index":"index","follow":"follow","max-snippet":"max-snippet:-1","max-image-preview":"max-image-preview:large","max-video-preview":"max-video-preview:-1"},"canonical":"https:\/\/fmgente.com.ar\/web\/la-revelacion-de-marcela-tinayre-sobre-su-nieto-adolescente-silvestre-tenia-obsesion-por\/","og_locale":"es_ES","og_type":"article","og_title":"La revelaci\u00f3n de Marcela Tinayre sobre su nieto adolescente Silvestre: &quot;Ten\u00eda obsesi\u00f3n por\u2026&quot; - Fm Gente","og_description":"La \u00faltima edici\u00f3n de los Premios Mart\u00edn Fierro 2025 tuvo un protagonista inesperado: Silvestre Valenzuela,","og_url":"https:\/\/fmgente.com.ar\/web\/la-revelacion-de-marcela-tinayre-sobre-su-nieto-adolescente-silvestre-tenia-obsesion-por\/","og_site_name":"Fm Gente","article_published_time":"2025-10-05T00:05:09+00:00","og_image":[{"width":359,"height":226,"url":"https:\/\/fmgente.com.ar\/web\/wp-content\/uploads\/2025\/10\/pampita-14-359x226-7.png","type":"image\/png"}],"twitter_card":"summary_large_image","twitter_misc":{"Tiempo de lectura":"3 minutos"},"schema":{"@context":"https:\/\/schema.org","@graph":[{"@type":"Article","@id":"https:\/\/fmgente.com.ar\/web\/la-revelacion-de-marcela-tinayre-sobre-su-nieto-adolescente-silvestre-tenia-obsesion-por\/#article","isPartOf":{"@id":"https:\/\/fmgente.com.ar\/web\/la-revelacion-de-marcela-tinayre-sobre-su-nieto-adolescente-silvestre-tenia-obsesion-por\/"},"author":{"name":"","@id":""},"headline":"La revelaci\u00f3n de Marcela Tinayre sobre su nieto adolescente Silvestre: &quot;Ten\u00eda obsesi\u00f3n por\u2026&quot;","datePublished":"2025-10-05T00:05:09+00:00","mainEntityOfPage":{"@id":"https:\/\/fmgente.com.ar\/web\/la-revelacion-de-marcela-tinayre-sobre-su-nieto-adolescente-silvestre-tenia-obsesion-por\/"},"wordCount":648,"publisher":{"@id":"https:\/\/fmgente.com.ar\/web\/#organization"},"image":{"@id":"https:\/\/fmgente.com.ar\/web\/la-revelacion-de-marcela-tinayre-sobre-su-nieto-adolescente-silvestre-tenia-obsesion-por\/#primaryimage"},"thumbnailUrl":"https:\/\/fmgente.com.ar\/web\/wp-content\/uploads\/2025\/10\/pampita-14-359x226-7.png","articleSection":["DESTACADAS"],"inLanguage":"es"},{"@type":"WebPage","@id":"https:\/\/fmgente.com.ar\/web\/la-revelacion-de-marcela-tinayre-sobre-su-nieto-adolescente-silvestre-tenia-obsesion-por\/","url":"https:\/\/fmgente.com.ar\/web\/la-revelacion-de-marcela-tinayre-sobre-su-nieto-adolescente-silvestre-tenia-obsesion-por\/","name":"La revelaci\u00f3n de Marcela Tinayre sobre su nieto adolescente Silvestre: &quot;Ten\u00eda obsesi\u00f3n por\u2026&quot; - Fm Gente","isPartOf":{"@id":"https:\/\/fmgente.com.ar\/web\/#website"},"primaryImageOfPage":{"@id":"https:\/\/fmgente.com.ar\/web\/la-revelacion-de-marcela-tinayre-sobre-su-nieto-adolescente-silvestre-tenia-obsesion-por\/#primaryimage"},"image":{"@id":"https:\/\/fmgente.com.ar\/web\/la-revelacion-de-marcela-tinayre-sobre-su-nieto-adolescente-silvestre-tenia-obsesion-por\/#primaryimage"},"thumbnailUrl":"https:\/\/fmgente.com.ar\/web\/wp-content\/uploads\/2025\/10\/pampita-14-359x226-7.png","datePublished":"2025-10-05T00:05:09+00:00","inLanguage":"es","potentialAction":[{"@type":"ReadAction","target":["https:\/\/fmgente.com.ar\/web\/la-revelacion-de-marcela-tinayre-sobre-su-nieto-adolescente-silvestre-tenia-obsesion-por\/"]}]},{"@type":"ImageObject","inLanguage":"es","@id":"https:\/\/fmgente.com.ar\/web\/la-revelacion-de-marcela-tinayre-sobre-su-nieto-adolescente-silvestre-tenia-obsesion-por\/#primaryimage","url":"https:\/\/fmgente.com.ar\/web\/wp-content\/uploads\/2025\/10\/pampita-14-359x226-7.png","contentUrl":"https:\/\/fmgente.com.ar\/web\/wp-content\/uploads\/2025\/10\/pampita-14-359x226-7.png","width":359,"height":226},{"@type":"WebSite","@id":"https:\/\/fmgente.com.ar\/web\/#website","url":"https:\/\/fmgente.com.ar\/web\/","name":"Fm Gente","description":"- Jes\u00fas Mar\u00eda","publisher":{"@id":"https:\/\/fmgente.com.ar\/web\/#organization"},"potentialAction":[{"@type":"SearchAction","target":{"@type":"EntryPoint","urlTemplate":"https:\/\/fmgente.com.ar\/web\/?s={search_term_string}"},"query-input":{"@type":"PropertyValueSpecification","valueRequired":true,"valueName":"search_term_string"}}],"inLanguage":"es"},{"@type":"Organization","@id":"https:\/\/fmgente.com.ar\/web\/#organization","name":"Fm Gente","url":"https:\/\/fmgente.com.ar\/web\/","logo":{"@type":"ImageObject","inLanguage":"es","@id":"https:\/\/fmgente.com.ar\/web\/#\/schema\/logo\/image\/","url":"https:\/\/fmgente.com.ar\/web\/wp-content\/uploads\/2023\/07\/cropped-cropped-logo-sombra2.png","contentUrl":"https:\/\/fmgente.com.ar\/web\/wp-content\/uploads\/2023\/07\/cropped-cropped-logo-sombra2.png","width":1782,"height":1782,"caption":"Fm Gente"},"image":{"@id":"https:\/\/fmgente.com.ar\/web\/#\/schema\/logo\/image\/"}}]}},"_links":{"self":[{"href":"https:\/\/fmgente.com.ar\/web\/wp-json\/wp\/v2\/posts\/6090","targetHints":{"allow":["GET"]}}],"collection":[{"href":"https:\/\/fmgente.com.ar\/web\/wp-json\/wp\/v2\/posts"}],"about":[{"href":"https:\/\/fmgente.com.ar\/web\/wp-json\/wp\/v2\/types\/post"}],"replies":[{"embeddable":true,"href":"https:\/\/fmgente.com.ar\/web\/wp-json\/wp\/v2\/comments?post=6090"}],"version-history":[{"count":0,"href":"https:\/\/fmgente.com.ar\/web\/wp-json\/wp\/v2\/posts\/6090\/revisions"}],"wp:featuredmedia":[{"embeddable":true,"href":"https:\/\/fmgente.com.ar\/web\/wp-json\/wp\/v2\/media\/6091"}],"wp:attachment":[{"href":"https:\/\/fmgente.com.ar\/web\/wp-json\/wp\/v2\/media?parent=6090"}],"wp:term":[{"taxonomy":"category","embeddable":true,"href":"https:\/\/fmgente.com.ar\/web\/wp-json\/wp\/v2\/categories?post=6090"},{"taxonomy":"post_tag","embeddable":true,"href":"https:\/\/fmgente.com.ar\/web\/wp-json\/wp\/v2\/tags?post=6090"}],"curies":[{"name":"wp","href":"https:\/\/api.w.org\/{rel}","templated":true}]}}