{"id":6088,"date":"2025-10-04T20:10:25","date_gmt":"2025-10-04T23:10:25","guid":{"rendered":"https:\/\/fmgente.com.ar\/la-intima-promesa-de-evangelina-anderson-a-su-hijo-tras-su-separacion-de-martin-demichelis\/"},"modified":"2025-10-04T20:10:25","modified_gmt":"2025-10-04T23:10:25","slug":"la-intima-promesa-de-evangelina-anderson-a-su-hijo-tras-su-separacion-de-martin-demichelis","status":"publish","type":"post","link":"https:\/\/fmgente.com.ar\/web\/la-intima-promesa-de-evangelina-anderson-a-su-hijo-tras-su-separacion-de-martin-demichelis\/","title":{"rendered":"La \u00edntima promesa de Evangelina Anderson a su hijo tras su separaci\u00f3n de Mart\u00edn Demichelis"},"content":{"rendered":"<p><strong>Evangelina Anderson<\/strong> volvi\u00f3 a emocionar con un gesto cargado de simbolismo que comparti\u00f3 en sus redes sociales. En las \u00faltimas horas, la modelo y conductora public\u00f3 en sus historias de Instagram una imagen junto a su hijo mayor, <strong>Bastian<\/strong>, fruto de su relaci\u00f3n con <strong>Mart\u00edn Demichelis<\/strong>, que r\u00e1pidamente se volvi\u00f3 viral por la fuerza del mensaje.<\/p>\n<p>En la foto se la ve a <strong><a href=\"https:\/\/www.paparazzi.com.ar\/romances\/toda-la-verdad-evangelina-anderson-se-abrio-con-camila-galante-sobre-su-romance-con-leandro-paredes\/\">Evangelina<\/a><\/strong> abrazada al brazo tatuado de su hijo, donde meses atr\u00e1s \u00e9l decidi\u00f3 grabarse en la piel un dise\u00f1o muy especial: los ojos de su madre combinados con los de una leona. Una elecci\u00f3n que habla de uni\u00f3n, fuerza y protecci\u00f3n, pero tambi\u00e9n de la complicidad que los une en esta etapa de la vida.<\/p>\n<p>Sobre esa postal, <strong><a href=\"https:\/\/www.paparazzi.com.ar\/romances\/evangelina-anderson-hablo-a-fondo-del-romance-con-leandro-paredes-no-me-arrepiento\/\">Evangelina<\/a><\/strong> escribi\u00f3 una frase breve, directa y llena de amor: <em>\u201cSiempre voy a defenderte como una leona\u201d<\/em>. Una declaraci\u00f3n que no necesit\u00f3 m\u00e1s explicaciones y que sus seguidores interpretaron como un gesto maternal en medio de un momento de grandes cambios personales para la modelo.<\/p>\n<div class=\"mt-box \">\n<h4 class=\"mt-heading\">Mir\u00e1 Tambi\u00e9n<\/h4>\n<p><a href=\"https:\/\/www.paparazzi.com.ar\/videos\/exclusivo-marcelo-polino-hablo-como-nunca-de-su-vida-intima-y-conto-cuando-fue-la-ultima-vez-que-tuvo-sexo-con-una-mujer\/\"><\/p>\n<div class=\"mt-content\">\n<div class=\"mt-image-container\"><img decoding=\"async\" src=\"https:\/\/www.paparazzi.com.ar\/wp-content\/uploads\/2025\/09\/IMG_5980-359x226.jpg\" alt=\"\u00a1Exclusivo! Marcelo Polino habl\u00f3 como nunca de su vida \u00edntima y cont\u00f3 cu\u00e1ndo fue la \u00faltima vez que tuvo sexo con una mujer\u00a0\" class=\"mt-image\" loading=\"lazy\" \/><\/div>\n<h5 class=\"mt-title\">\u00a1Exclusivo! Marcelo Polino habl\u00f3 como nunca de su vida \u00edntima y cont\u00f3 cu\u00e1ndo fue la \u00faltima vez que tuvo sexo con una mujer\u00a0<\/h5>\n<\/div>\n<p><\/a><\/div>\n<p>Vale recordar que semanas atr\u00e1s <strong><a href=\"https:\/\/www.paparazzi.com.ar\/teve\/el-mensaje-de-evangelina-anderson-a-valentino-el-hijo-de-wanda-nara-en-medio-de-su-momento-mas-dificil\/\">Anderson<\/a><\/strong> confirm\u00f3 la separaci\u00f3n definitiva de <strong>Demichelis<\/strong>, padre de sus tres hijos. En ese contexto, cada mensaje p\u00fablico cobra un matiz diferente y sus fan\u00e1ticos leen entre l\u00edneas se\u00f1ales de la nueva etapa que atraviesa junto a su familia.<\/p>\n<h2 class=\"wp-block-heading\">LA FOTO DE EVANGELINA CON SU HIJO MAYOR EN MEDIO DE UN MOMENTO FR\u00c1GIL DE SU VIDA<\/h2>\n<p>El posteo estuvo acompa\u00f1ado por la canci\u00f3n Querida yo, en la versi\u00f3n de Camilo y Yami Safdie, un tema introspectivo y sensible que reforz\u00f3 el tono \u00edntimo del mensaje. No fue una publicaci\u00f3n m\u00e1s: la elecci\u00f3n musical y la potencia de la imagen crearon un clima emocional que conect\u00f3 de inmediato a <strong>Evangelina<\/strong> con quienes siguen su d\u00eda a d\u00eda.<\/p>\n<p>La imagen en s\u00ed transmite m\u00faltiples lecturas. De un lado, el costado maternal de <strong>Evangelina<\/strong>, ese que deja claro cada vez que habla o muestra a sus hijos. Pero tambi\u00e9n una se\u00f1al de uni\u00f3n, lo que varios entendieron como un claro mensaje hacia <strong>Demichelis<\/strong> tras la infidelidad y ruptura. Esa fusi\u00f3n entre ternura y fuerza, entre madre e hijo, refuerza la idea de un v\u00ednculo indestructible.<\/p>\n<div class=\"mt-box \">\n<h4 class=\"mt-heading\">Mir\u00e1 Tambi\u00e9n<\/h4>\n<p><a href=\"https:\/\/www.paparazzi.com.ar\/romances\/toda-la-verdad-evangelina-anderson-se-abrio-con-camila-galante-sobre-su-romance-con-leandro-paredes\/\"><\/p>\n<div class=\"mt-content\">\n<div class=\"mt-image-container\"><img decoding=\"async\" src=\"https:\/\/www.paparazzi.com.ar\/wp-content\/uploads\/2025\/10\/evangelina-anderson-camila-galante-leandro-paredes-359x226.jpg\" alt=\"\u00a1Toda la verdad! Evangelina Anderson se abri\u00f3 con Camila Galante sobre su romance con Leandro Paredes\" class=\"mt-image\" loading=\"lazy\" \/><\/div>\n<h5 class=\"mt-title\">\u00a1Toda la verdad! Evangelina Anderson se abri\u00f3 con Camila Galante sobre su romance con Leandro Paredes<\/h5>\n<\/div>\n<p><\/a><\/div>\n<p><strong>Evangelina<\/strong> ya hab\u00eda usado las redes en otras ocasiones para compartir emociones profundas, pero esta vez el gesto adquiri\u00f3 otra dimensi\u00f3n. No solo porque llega despu\u00e9s de una separaci\u00f3n medi\u00e1tica, sino porque pone en primer plano lo que para ella es lo m\u00e1s importante: sus hijos.<\/p>\n<figure class=\"wp-block-image size-full\"><img decoding=\"async\" width=\"322\" height=\"576\" src=\"https:\/\/www.paparazzi.com.ar\/wp-content\/uploads\/2025\/10\/evangelina-anderson-bastian-demichelis-1.png.webp\" loading=\"lazy\" alt=\"\" class=\"wp-image-446440\" \/><\/figure>\n<div class=\"mt-box \">\n<h4 class=\"mt-heading\">Mir\u00e1 Tambi\u00e9n<\/h4>\n<p><a href=\"https:\/\/www.paparazzi.com.ar\/romances\/evangelina-anderson-hablo-a-fondo-del-romance-con-leandro-paredes-no-me-arrepiento\/\"><\/p>\n<div class=\"mt-content\">\n<div class=\"mt-image-container\"><img decoding=\"async\" src=\"https:\/\/www.paparazzi.com.ar\/wp-content\/uploads\/2025\/09\/Evangelina-Anderson-Leandro-Paredes-Camila-Galante-359x226.jpg\" alt=\"Evangelina Anderson habl\u00f3 a fondo del &quot;romance&quot; con Leandro Paredes: &quot;No me arrepiento&quot;\" class=\"mt-image\" loading=\"lazy\" \/><\/div>\n<h5 class=\"mt-title\">Evangelina Anderson habl\u00f3 a fondo del \u00abromance\u00bb con Leandro Paredes: \u00abNo me arrepiento\u00bb<\/h5>\n<\/div>\n<p><\/a><\/div>\n<div class=\"mt-box \">\n<h4 class=\"mt-heading\">Mir\u00e1 Tambi\u00e9n<\/h4>\n<p><a href=\"https:\/\/www.paparazzi.com.ar\/teve\/el-mensaje-de-evangelina-anderson-a-valentino-el-hijo-de-wanda-nara-en-medio-de-su-momento-mas-dificil\/\"><\/p>\n<div class=\"mt-content\">\n<div class=\"mt-image-container\"><img decoding=\"async\" src=\"https:\/\/www.paparazzi.com.ar\/wp-content\/uploads\/2025\/09\/Evangelina-Anderson-Valentino-Lopez-Wanda-Nara-359x226.jpg\" alt=\"El mensaje de Evangelina Anderson a Valentino, el hijo de Wanda Nara, en medio de su momento m\u00e1s dif\u00edcil\" class=\"mt-image\" loading=\"lazy\" \/><\/div>\n<h5 class=\"mt-title\">El mensaje de Evangelina Anderson a Valentino, el hijo de Wanda Nara, en medio de su momento m\u00e1s dif\u00edcil<\/h5>\n<\/div>\n<p><\/a><\/div>\n<p>The post <a href=\"https:\/\/www.paparazzi.com.ar\/romances\/la-intima-promesa-de-evangelina-anderson-a-su-hijo-tras-los-rumores-de-romance-con-leandro-paredes\/\">La \u00edntima promesa de Evangelina Anderson a su hijo tras su separaci\u00f3n de Mart\u00edn Demichelis<\/a> appeared first on <a href=\"https:\/\/www.paparazzi.com.ar\">Revista Paparazzi<\/a>.<\/p>\n","protected":false},"excerpt":{"rendered":"<p>Evangelina Anderson volvi\u00f3 a emocionar con un gesto cargado de simbolismo que comparti\u00f3 en sus<\/p>\n","protected":false},"author":0,"featured_media":6089,"comment_status":"","ping_status":"","sticky":false,"template":"","format":"standard","meta":{"footnotes":""},"categories":[11],"tags":[],"class_list":["post-6088","post","type-post","status-publish","format-standard","has-post-thumbnail","hentry","category-destacadas"],"yoast_head":"<!-- This site is optimized with the Yoast SEO plugin v27.4 - https:\/\/yoast.com\/product\/yoast-seo-wordpress\/ -->\n<title>La \u00edntima promesa de Evangelina Anderson a su hijo tras su separaci\u00f3n de Mart\u00edn Demichelis - Fm Gente<\/title>\n<meta name=\"robots\" content=\"index, follow, max-snippet:-1, max-image-preview:large, max-video-preview:-1\" \/>\n<link rel=\"canonical\" href=\"https:\/\/fmgente.com.ar\/web\/la-intima-promesa-de-evangelina-anderson-a-su-hijo-tras-su-separacion-de-martin-demichelis\/\" \/>\n<meta property=\"og:locale\" content=\"es_ES\" \/>\n<meta property=\"og:type\" content=\"article\" \/>\n<meta property=\"og:title\" content=\"La \u00edntima promesa de Evangelina Anderson a su hijo tras su separaci\u00f3n de Mart\u00edn Demichelis - Fm Gente\" \/>\n<meta property=\"og:description\" content=\"Evangelina Anderson volvi\u00f3 a emocionar con un gesto cargado de simbolismo que comparti\u00f3 en sus\" \/>\n<meta property=\"og:url\" content=\"https:\/\/fmgente.com.ar\/web\/la-intima-promesa-de-evangelina-anderson-a-su-hijo-tras-su-separacion-de-martin-demichelis\/\" \/>\n<meta property=\"og:site_name\" content=\"Fm Gente\" \/>\n<meta property=\"article:published_time\" content=\"2025-10-04T23:10:25+00:00\" \/>\n<meta property=\"og:image\" content=\"https:\/\/fmgente.com.ar\/web\/wp-content\/uploads\/2025\/10\/IMG_5980-359x226-18.jpg\" \/>\n\t<meta property=\"og:image:width\" content=\"359\" \/>\n\t<meta property=\"og:image:height\" content=\"226\" \/>\n\t<meta property=\"og:image:type\" content=\"image\/jpeg\" \/>\n<meta name=\"twitter:card\" content=\"summary_large_image\" \/>\n<meta name=\"twitter:label1\" content=\"Tiempo de lectura\" \/>\n\t<meta name=\"twitter:data1\" content=\"3 minutos\" \/>\n<script type=\"application\/ld+json\" class=\"yoast-schema-graph\">{\"@context\":\"https:\\\/\\\/schema.org\",\"@graph\":[{\"@type\":\"Article\",\"@id\":\"https:\\\/\\\/fmgente.com.ar\\\/web\\\/la-intima-promesa-de-evangelina-anderson-a-su-hijo-tras-su-separacion-de-martin-demichelis\\\/#article\",\"isPartOf\":{\"@id\":\"https:\\\/\\\/fmgente.com.ar\\\/web\\\/la-intima-promesa-de-evangelina-anderson-a-su-hijo-tras-su-separacion-de-martin-demichelis\\\/\"},\"author\":{\"name\":\"\",\"@id\":\"\"},\"headline\":\"La \u00edntima promesa de Evangelina Anderson a su hijo tras su separaci\u00f3n de Mart\u00edn Demichelis\",\"datePublished\":\"2025-10-04T23:10:25+00:00\",\"mainEntityOfPage\":{\"@id\":\"https:\\\/\\\/fmgente.com.ar\\\/web\\\/la-intima-promesa-de-evangelina-anderson-a-su-hijo-tras-su-separacion-de-martin-demichelis\\\/\"},\"wordCount\":564,\"publisher\":{\"@id\":\"https:\\\/\\\/fmgente.com.ar\\\/web\\\/#organization\"},\"image\":{\"@id\":\"https:\\\/\\\/fmgente.com.ar\\\/web\\\/la-intima-promesa-de-evangelina-anderson-a-su-hijo-tras-su-separacion-de-martin-demichelis\\\/#primaryimage\"},\"thumbnailUrl\":\"https:\\\/\\\/fmgente.com.ar\\\/web\\\/wp-content\\\/uploads\\\/2025\\\/10\\\/IMG_5980-359x226-18.jpg\",\"articleSection\":[\"DESTACADAS\"],\"inLanguage\":\"es\"},{\"@type\":\"WebPage\",\"@id\":\"https:\\\/\\\/fmgente.com.ar\\\/web\\\/la-intima-promesa-de-evangelina-anderson-a-su-hijo-tras-su-separacion-de-martin-demichelis\\\/\",\"url\":\"https:\\\/\\\/fmgente.com.ar\\\/web\\\/la-intima-promesa-de-evangelina-anderson-a-su-hijo-tras-su-separacion-de-martin-demichelis\\\/\",\"name\":\"La \u00edntima promesa de Evangelina Anderson a su hijo tras su separaci\u00f3n de Mart\u00edn Demichelis - Fm Gente\",\"isPartOf\":{\"@id\":\"https:\\\/\\\/fmgente.com.ar\\\/web\\\/#website\"},\"primaryImageOfPage\":{\"@id\":\"https:\\\/\\\/fmgente.com.ar\\\/web\\\/la-intima-promesa-de-evangelina-anderson-a-su-hijo-tras-su-separacion-de-martin-demichelis\\\/#primaryimage\"},\"image\":{\"@id\":\"https:\\\/\\\/fmgente.com.ar\\\/web\\\/la-intima-promesa-de-evangelina-anderson-a-su-hijo-tras-su-separacion-de-martin-demichelis\\\/#primaryimage\"},\"thumbnailUrl\":\"https:\\\/\\\/fmgente.com.ar\\\/web\\\/wp-content\\\/uploads\\\/2025\\\/10\\\/IMG_5980-359x226-18.jpg\",\"datePublished\":\"2025-10-04T23:10:25+00:00\",\"inLanguage\":\"es\",\"potentialAction\":[{\"@type\":\"ReadAction\",\"target\":[\"https:\\\/\\\/fmgente.com.ar\\\/web\\\/la-intima-promesa-de-evangelina-anderson-a-su-hijo-tras-su-separacion-de-martin-demichelis\\\/\"]}]},{\"@type\":\"ImageObject\",\"inLanguage\":\"es\",\"@id\":\"https:\\\/\\\/fmgente.com.ar\\\/web\\\/la-intima-promesa-de-evangelina-anderson-a-su-hijo-tras-su-separacion-de-martin-demichelis\\\/#primaryimage\",\"url\":\"https:\\\/\\\/fmgente.com.ar\\\/web\\\/wp-content\\\/uploads\\\/2025\\\/10\\\/IMG_5980-359x226-18.jpg\",\"contentUrl\":\"https:\\\/\\\/fmgente.com.ar\\\/web\\\/wp-content\\\/uploads\\\/2025\\\/10\\\/IMG_5980-359x226-18.jpg\",\"width\":359,\"height\":226},{\"@type\":\"WebSite\",\"@id\":\"https:\\\/\\\/fmgente.com.ar\\\/web\\\/#website\",\"url\":\"https:\\\/\\\/fmgente.com.ar\\\/web\\\/\",\"name\":\"Fm Gente\",\"description\":\"- Jes\u00fas Mar\u00eda\",\"publisher\":{\"@id\":\"https:\\\/\\\/fmgente.com.ar\\\/web\\\/#organization\"},\"potentialAction\":[{\"@type\":\"SearchAction\",\"target\":{\"@type\":\"EntryPoint\",\"urlTemplate\":\"https:\\\/\\\/fmgente.com.ar\\\/web\\\/?s={search_term_string}\"},\"query-input\":{\"@type\":\"PropertyValueSpecification\",\"valueRequired\":true,\"valueName\":\"search_term_string\"}}],\"inLanguage\":\"es\"},{\"@type\":\"Organization\",\"@id\":\"https:\\\/\\\/fmgente.com.ar\\\/web\\\/#organization\",\"name\":\"Fm Gente\",\"url\":\"https:\\\/\\\/fmgente.com.ar\\\/web\\\/\",\"logo\":{\"@type\":\"ImageObject\",\"inLanguage\":\"es\",\"@id\":\"https:\\\/\\\/fmgente.com.ar\\\/web\\\/#\\\/schema\\\/logo\\\/image\\\/\",\"url\":\"https:\\\/\\\/fmgente.com.ar\\\/web\\\/wp-content\\\/uploads\\\/2023\\\/07\\\/cropped-cropped-logo-sombra2.png\",\"contentUrl\":\"https:\\\/\\\/fmgente.com.ar\\\/web\\\/wp-content\\\/uploads\\\/2023\\\/07\\\/cropped-cropped-logo-sombra2.png\",\"width\":1782,\"height\":1782,\"caption\":\"Fm Gente\"},\"image\":{\"@id\":\"https:\\\/\\\/fmgente.com.ar\\\/web\\\/#\\\/schema\\\/logo\\\/image\\\/\"}}]}<\/script>\n<!-- \/ Yoast SEO plugin. -->","yoast_head_json":{"title":"La \u00edntima promesa de Evangelina Anderson a su hijo tras su separaci\u00f3n de Mart\u00edn Demichelis - Fm Gente","robots":{"index":"index","follow":"follow","max-snippet":"max-snippet:-1","max-image-preview":"max-image-preview:large","max-video-preview":"max-video-preview:-1"},"canonical":"https:\/\/fmgente.com.ar\/web\/la-intima-promesa-de-evangelina-anderson-a-su-hijo-tras-su-separacion-de-martin-demichelis\/","og_locale":"es_ES","og_type":"article","og_title":"La \u00edntima promesa de Evangelina Anderson a su hijo tras su separaci\u00f3n de Mart\u00edn Demichelis - Fm Gente","og_description":"Evangelina Anderson volvi\u00f3 a emocionar con un gesto cargado de simbolismo que comparti\u00f3 en sus","og_url":"https:\/\/fmgente.com.ar\/web\/la-intima-promesa-de-evangelina-anderson-a-su-hijo-tras-su-separacion-de-martin-demichelis\/","og_site_name":"Fm Gente","article_published_time":"2025-10-04T23:10:25+00:00","og_image":[{"width":359,"height":226,"url":"https:\/\/fmgente.com.ar\/web\/wp-content\/uploads\/2025\/10\/IMG_5980-359x226-18.jpg","type":"image\/jpeg"}],"twitter_card":"summary_large_image","twitter_misc":{"Tiempo de lectura":"3 minutos"},"schema":{"@context":"https:\/\/schema.org","@graph":[{"@type":"Article","@id":"https:\/\/fmgente.com.ar\/web\/la-intima-promesa-de-evangelina-anderson-a-su-hijo-tras-su-separacion-de-martin-demichelis\/#article","isPartOf":{"@id":"https:\/\/fmgente.com.ar\/web\/la-intima-promesa-de-evangelina-anderson-a-su-hijo-tras-su-separacion-de-martin-demichelis\/"},"author":{"name":"","@id":""},"headline":"La \u00edntima promesa de Evangelina Anderson a su hijo tras su separaci\u00f3n de Mart\u00edn Demichelis","datePublished":"2025-10-04T23:10:25+00:00","mainEntityOfPage":{"@id":"https:\/\/fmgente.com.ar\/web\/la-intima-promesa-de-evangelina-anderson-a-su-hijo-tras-su-separacion-de-martin-demichelis\/"},"wordCount":564,"publisher":{"@id":"https:\/\/fmgente.com.ar\/web\/#organization"},"image":{"@id":"https:\/\/fmgente.com.ar\/web\/la-intima-promesa-de-evangelina-anderson-a-su-hijo-tras-su-separacion-de-martin-demichelis\/#primaryimage"},"thumbnailUrl":"https:\/\/fmgente.com.ar\/web\/wp-content\/uploads\/2025\/10\/IMG_5980-359x226-18.jpg","articleSection":["DESTACADAS"],"inLanguage":"es"},{"@type":"WebPage","@id":"https:\/\/fmgente.com.ar\/web\/la-intima-promesa-de-evangelina-anderson-a-su-hijo-tras-su-separacion-de-martin-demichelis\/","url":"https:\/\/fmgente.com.ar\/web\/la-intima-promesa-de-evangelina-anderson-a-su-hijo-tras-su-separacion-de-martin-demichelis\/","name":"La \u00edntima promesa de Evangelina Anderson a su hijo tras su separaci\u00f3n de Mart\u00edn Demichelis - Fm Gente","isPartOf":{"@id":"https:\/\/fmgente.com.ar\/web\/#website"},"primaryImageOfPage":{"@id":"https:\/\/fmgente.com.ar\/web\/la-intima-promesa-de-evangelina-anderson-a-su-hijo-tras-su-separacion-de-martin-demichelis\/#primaryimage"},"image":{"@id":"https:\/\/fmgente.com.ar\/web\/la-intima-promesa-de-evangelina-anderson-a-su-hijo-tras-su-separacion-de-martin-demichelis\/#primaryimage"},"thumbnailUrl":"https:\/\/fmgente.com.ar\/web\/wp-content\/uploads\/2025\/10\/IMG_5980-359x226-18.jpg","datePublished":"2025-10-04T23:10:25+00:00","inLanguage":"es","potentialAction":[{"@type":"ReadAction","target":["https:\/\/fmgente.com.ar\/web\/la-intima-promesa-de-evangelina-anderson-a-su-hijo-tras-su-separacion-de-martin-demichelis\/"]}]},{"@type":"ImageObject","inLanguage":"es","@id":"https:\/\/fmgente.com.ar\/web\/la-intima-promesa-de-evangelina-anderson-a-su-hijo-tras-su-separacion-de-martin-demichelis\/#primaryimage","url":"https:\/\/fmgente.com.ar\/web\/wp-content\/uploads\/2025\/10\/IMG_5980-359x226-18.jpg","contentUrl":"https:\/\/fmgente.com.ar\/web\/wp-content\/uploads\/2025\/10\/IMG_5980-359x226-18.jpg","width":359,"height":226},{"@type":"WebSite","@id":"https:\/\/fmgente.com.ar\/web\/#website","url":"https:\/\/fmgente.com.ar\/web\/","name":"Fm Gente","description":"- Jes\u00fas Mar\u00eda","publisher":{"@id":"https:\/\/fmgente.com.ar\/web\/#organization"},"potentialAction":[{"@type":"SearchAction","target":{"@type":"EntryPoint","urlTemplate":"https:\/\/fmgente.com.ar\/web\/?s={search_term_string}"},"query-input":{"@type":"PropertyValueSpecification","valueRequired":true,"valueName":"search_term_string"}}],"inLanguage":"es"},{"@type":"Organization","@id":"https:\/\/fmgente.com.ar\/web\/#organization","name":"Fm Gente","url":"https:\/\/fmgente.com.ar\/web\/","logo":{"@type":"ImageObject","inLanguage":"es","@id":"https:\/\/fmgente.com.ar\/web\/#\/schema\/logo\/image\/","url":"https:\/\/fmgente.com.ar\/web\/wp-content\/uploads\/2023\/07\/cropped-cropped-logo-sombra2.png","contentUrl":"https:\/\/fmgente.com.ar\/web\/wp-content\/uploads\/2023\/07\/cropped-cropped-logo-sombra2.png","width":1782,"height":1782,"caption":"Fm Gente"},"image":{"@id":"https:\/\/fmgente.com.ar\/web\/#\/schema\/logo\/image\/"}}]}},"_links":{"self":[{"href":"https:\/\/fmgente.com.ar\/web\/wp-json\/wp\/v2\/posts\/6088","targetHints":{"allow":["GET"]}}],"collection":[{"href":"https:\/\/fmgente.com.ar\/web\/wp-json\/wp\/v2\/posts"}],"about":[{"href":"https:\/\/fmgente.com.ar\/web\/wp-json\/wp\/v2\/types\/post"}],"replies":[{"embeddable":true,"href":"https:\/\/fmgente.com.ar\/web\/wp-json\/wp\/v2\/comments?post=6088"}],"version-history":[{"count":0,"href":"https:\/\/fmgente.com.ar\/web\/wp-json\/wp\/v2\/posts\/6088\/revisions"}],"wp:featuredmedia":[{"embeddable":true,"href":"https:\/\/fmgente.com.ar\/web\/wp-json\/wp\/v2\/media\/6089"}],"wp:attachment":[{"href":"https:\/\/fmgente.com.ar\/web\/wp-json\/wp\/v2\/media?parent=6088"}],"wp:term":[{"taxonomy":"category","embeddable":true,"href":"https:\/\/fmgente.com.ar\/web\/wp-json\/wp\/v2\/categories?post=6088"},{"taxonomy":"post_tag","embeddable":true,"href":"https:\/\/fmgente.com.ar\/web\/wp-json\/wp\/v2\/tags?post=6088"}],"curies":[{"name":"wp","href":"https:\/\/api.w.org\/{rel}","templated":true}]}}