{"id":6086,"date":"2025-10-04T20:10:24","date_gmt":"2025-10-04T23:10:24","guid":{"rendered":"https:\/\/fmgente.com.ar\/la-drastica-decision-que-wanda-nara-lo-obligo-a-tomar-a-mauro-icardi-por-sus-dos-hijas\/"},"modified":"2025-10-04T20:10:24","modified_gmt":"2025-10-04T23:10:24","slug":"la-drastica-decision-que-wanda-nara-lo-obligo-a-tomar-a-mauro-icardi-por-sus-dos-hijas","status":"publish","type":"post","link":"https:\/\/fmgente.com.ar\/web\/la-drastica-decision-que-wanda-nara-lo-obligo-a-tomar-a-mauro-icardi-por-sus-dos-hijas\/","title":{"rendered":"La dr\u00e1stica decisi\u00f3n que Wanda Nara lo oblig\u00f3 a tomar a Mauro Icardi por sus dos hijas"},"content":{"rendered":"<p>El conflicto judicial entre <strong><a href=\"https:\/\/www.paparazzi.com.ar\/?s=Mauro+Icardi\">Mauro Icardi<\/a> <\/strong>y <strong><a href=\"https:\/\/www.paparazzi.com.ar\/?s=Wanda+Nara\">Wanda Nara<\/a><\/strong> sum\u00f3 un nuevo cap\u00edtulo. En medio de la causa por la restituci\u00f3n internacional de sus hijas, el futbolista tom\u00f3 una decisi\u00f3n que impact\u00f3 a todos y que, seg\u00fan trascendi\u00f3, fue motivada por los consejos de sus abogados italianos.<\/p>\n<p>Luego de que la Justicia fallara a su favor en la denuncia presentada por Wanda Nara y Maxi L\u00f3pez, Icardi decidi\u00f3 no viajar a la Argentina como ten\u00eda previsto. As\u00ed lo inform\u00f3 <strong><a href=\"https:\/\/www.paparazzi.com.ar\/?s=Facundo+Ventura\">Facundo Ventura<\/a><\/strong> a trav\u00e9s de sus redes sociales, explicando que la medida fue adoptada estrat\u00e9gicamente para no entorpecer el proceso judicial.<\/p>\n<p><em>\u201cSi bien Mauro Icardi extra\u00f1a a sus hijas y ten\u00eda pensado, junto a la China Su\u00e1rez, volver al pa\u00eds en el mes de octubre, decidieron que era mejor esperar porque nadie le aseguraba que en el poco tiempo que estuviera ac\u00e1 iba a poder ver a sus hijas\u201d<\/em>, explic\u00f3 Ventura.<\/p>\n<div class=\"mt-box \">\n<h4 class=\"mt-heading\">Mir\u00e1 Tambi\u00e9n<\/h4>\n<p><a href=\"https:\/\/www.paparazzi.com.ar\/teve\/exclusivo-nacho-castanares-revelo-como-esta-thiago-medina-tras-despertar-del-coma\/\"><\/p>\n<div class=\"mt-content\">\n<div class=\"mt-image-container\"><img decoding=\"async\" src=\"https:\/\/www.paparazzi.com.ar\/wp-content\/uploads\/2025\/09\/Nacho-Castanares-Thiago-medina-359x226.jpg\" alt=\"\u00a1Exclusivo! Nacho Casta\u00f1ares revel\u00f3 c\u00f3mo est\u00e1 Thiago Medina tras despertar del coma\" class=\"mt-image\" loading=\"lazy\" \/><\/div>\n<h5 class=\"mt-title\">\u00a1Exclusivo! Nacho Casta\u00f1ares revel\u00f3 c\u00f3mo est\u00e1 Thiago Medina tras despertar del coma<\/h5>\n<\/div>\n<p><\/a><\/div>\n<p>La decisi\u00f3n, adem\u00e1s, responde a cuestiones laborales y legales. El jugador del <strong>Galatasaray<\/strong> deb\u00eda tramitar una autorizaci\u00f3n especial para ausentarse del club, algo que sus representantes consideraron inoportuno mientras sus abogados avanzan con la causa.<\/p>\n<p><em>\u201c\u00c9l ten\u00eda que solicitar un pedido especial en el Galatasaray para que lo dejaran venir y no quiere entorpecer tampoco todo el avance que vienen teniendo sus abogados en relaci\u00f3n a la restituci\u00f3n internacional\u201d<\/em>, agreg\u00f3 Ventura.<\/p>\n<div class=\"mt-box \">\n<h4 class=\"mt-heading\">Mir\u00e1 Tambi\u00e9n<\/h4>\n<p><a href=\"https:\/\/www.paparazzi.com.ar\/teve\/la-drastica-decision-que-tomo-mauro-icardi-sobre-sus-hijas-en-medio-de-su-guerra-con-wanda-nara\/\"><\/p>\n<div class=\"mt-content\">\n<div class=\"mt-image-container\"><img decoding=\"async\" src=\"https:\/\/www.paparazzi.com.ar\/wp-content\/uploads\/2025\/09\/Mauro-Icardi-hijas-Wanda-Nara-359x226.jpg\" alt=\"La dr\u00e1stica decisi\u00f3n que tom\u00f3 Mauro Icardi sobre sus hijas en medio de su guerra con Wanda Nara\" class=\"mt-image\" loading=\"lazy\" \/><\/div>\n<h5 class=\"mt-title\">La dr\u00e1stica decisi\u00f3n que tom\u00f3 Mauro Icardi sobre sus hijas en medio de su guerra con Wanda Nara<\/h5>\n<\/div>\n<p><\/a><\/div>\n<p>El caso, que involucra a los hijos menores del matrimonio, contin\u00faa bajo la atenci\u00f3n de la Justicia italiana y argentina. En los pr\u00f3ximos d\u00edas, la abogada <strong>Elba Marcovecchio<\/strong> viajar\u00e1 a Italia para reunirse con los letrados de Icardi y definir los pr\u00f3ximos pasos en el litigio. <\/p>\n<p>El objetivo principal ser\u00e1 encontrar una v\u00eda que permita mantener el v\u00ednculo del futbolista con sus hijas, mientras se respetan las medidas dispuestas por los tribunales. En ese sentido, se conoci\u00f3 que las representantes legales de Icardi elevaron un pedido al Ministerio P\u00fablico Tutelar, en el que solicitaron que las videollamadas con las ni\u00f1as se efect\u00faen directamente desde el celular de su hija mayor, sin la intermediaci\u00f3n de Wanda Nara. <\/p>\n<div class=\"mt-box \">\n<h4 class=\"mt-heading\">Mir\u00e1 Tambi\u00e9n<\/h4>\n<p><a href=\"https:\/\/www.paparazzi.com.ar\/romances\/confirman-como-wanda-nara-manipulo-siempre-a-mauro-icardi-fue-la-dominante-el-era-su-sexto-hijo\/\"><\/p>\n<div class=\"mt-content\">\n<div class=\"mt-image-container\"><img decoding=\"async\" src=\"https:\/\/www.paparazzi.com.ar\/wp-content\/uploads\/2025\/10\/Wanda-dominante-Icardi-1-359x226.jpg\" alt=\"Confirman c\u00f3mo Wanda Nara manipul\u00f3 siempre a Mauro Icardi: &quot;Fue la dominante, \u00e9l era su sexto hijo&quot;\" class=\"mt-image\" loading=\"lazy\" \/><\/div>\n<h5 class=\"mt-title\">Confirman c\u00f3mo Wanda Nara manipul\u00f3 siempre a Mauro Icardi: \u00abFue la dominante, \u00e9l era su sexto hijo\u00bb<\/h5>\n<\/div>\n<p><\/a><\/div>\n<p>El argumento central del documento busca <em>\u201cpreservar la intimidad del v\u00ednculo paterno-filial\u201d<\/em> y evitar posibles interferencias en las conversaciones. Asimismo, se pidi\u00f3 que se garantice que las charlas que Icardi mantiene con sus hijas no sean grabadas ni difundidas, en un intento por resguardar la privacidad de la familia en medio de una disputa que ya trascendi\u00f3 lo medi\u00e1tico.<\/p>\n<p>Con esta nueva decisi\u00f3n, el delantero demuestra que prefiere actuar con cautela y seguir las recomendaciones de su equipo legal, priorizando el bienestar de sus hijas y la evoluci\u00f3n del proceso judicial. Mientras tanto, Wanda Nara contin\u00faa en Argentina con sus compromisos laborales y familiares, a la espera de c\u00f3mo se desarrollar\u00e1 el pr\u00f3ximo cap\u00edtulo de esta historia que parece lejos de cerrarse.<\/p>\n<div class=\"mt-box \">\n<h4 class=\"mt-heading\">Mir\u00e1 Tambi\u00e9n<\/h4>\n<p><a href=\"https:\/\/www.paparazzi.com.ar\/teve\/asi-fue-la-intima-reunion-familiar-de-wanda-nara-y-maxi-lopez-pata-tomar-una-decision-trascendental\/\"><\/p>\n<div class=\"mt-content\">\n<div class=\"mt-image-container\"><img decoding=\"async\" src=\"https:\/\/www.paparazzi.com.ar\/wp-content\/uploads\/2025\/08\/Wanda-Nara-y-Maxi-Lopez-juntos-otra-vez-la-confirmacion-que-sacudio-al-mundo-del-espectaculo-359x226.jpg\" alt=\"As\u00ed fue la \u00edntima reuni\u00f3n familiar de Wanda Nara y Maxi L\u00f3pez para tomar una decisi\u00f3n trascendental\" class=\"mt-image\" loading=\"lazy\" \/><\/div>\n<h5 class=\"mt-title\">As\u00ed fue la \u00edntima reuni\u00f3n familiar de Wanda Nara y Maxi L\u00f3pez para tomar una decisi\u00f3n trascendental<\/h5>\n<\/div>\n<p><\/a><\/div>\n<div class=\"mt-box \">\n<h4 class=\"mt-heading\">Mir\u00e1 Tambi\u00e9n<\/h4>\n<p><a href=\"https:\/\/www.paparazzi.com.ar\/teve\/las-fotos-de-las-vacaciones-sonadas-de-wanda-nara-y-sus-hijos-en-maldivas-mi-pequeno-mundo\/\"><\/p>\n<div class=\"mt-content\">\n<div class=\"mt-image-container\"><img decoding=\"async\" src=\"https:\/\/www.paparazzi.com.ar\/wp-content\/uploads\/2022\/06\/wanda-nara-maldivas.jpg.webp\" alt=\"Las fotos de las vacaciones so\u00f1adas de Wanda Nara y sus hijos en Maldivas: &quot;Mi peque\u00f1o mundo&quot;\" class=\"mt-image\" loading=\"lazy\" \/><\/div>\n<h5 class=\"mt-title\">Las fotos de las vacaciones so\u00f1adas de Wanda Nara y sus hijos en Maldivas: \u00abMi peque\u00f1o mundo\u00bb<\/h5>\n<\/div>\n<p><\/a><\/div>\n<p>The post <a href=\"https:\/\/www.paparazzi.com.ar\/teve\/la-drastica-decision-que-wanda-nara-lo-obligo-a-tomar-a-mauro-icardi-por-sus-dos-hijas\/\">La dr\u00e1stica decisi\u00f3n que Wanda Nara lo oblig\u00f3 a tomar a Mauro Icardi por sus dos hijas<\/a> appeared first on <a href=\"https:\/\/www.paparazzi.com.ar\">Revista Paparazzi<\/a>.<\/p>\n","protected":false},"excerpt":{"rendered":"<p>El conflicto judicial entre Mauro Icardi y Wanda Nara sum\u00f3 un nuevo cap\u00edtulo. En medio<\/p>\n","protected":false},"author":0,"featured_media":6087,"comment_status":"","ping_status":"","sticky":false,"template":"","format":"standard","meta":{"footnotes":""},"categories":[11],"tags":[],"class_list":["post-6086","post","type-post","status-publish","format-standard","has-post-thumbnail","hentry","category-destacadas"],"yoast_head":"<!-- This site is optimized with the Yoast SEO plugin v27.4 - https:\/\/yoast.com\/product\/yoast-seo-wordpress\/ -->\n<title>La dr\u00e1stica decisi\u00f3n que Wanda Nara lo oblig\u00f3 a tomar a Mauro Icardi por sus dos hijas - Fm Gente<\/title>\n<meta name=\"robots\" content=\"index, follow, max-snippet:-1, max-image-preview:large, max-video-preview:-1\" \/>\n<link rel=\"canonical\" href=\"https:\/\/fmgente.com.ar\/web\/la-drastica-decision-que-wanda-nara-lo-obligo-a-tomar-a-mauro-icardi-por-sus-dos-hijas\/\" \/>\n<meta property=\"og:locale\" content=\"es_ES\" \/>\n<meta property=\"og:type\" content=\"article\" \/>\n<meta property=\"og:title\" content=\"La dr\u00e1stica decisi\u00f3n que Wanda Nara lo oblig\u00f3 a tomar a Mauro Icardi por sus dos hijas - Fm Gente\" \/>\n<meta property=\"og:description\" content=\"El conflicto judicial entre Mauro Icardi y Wanda Nara sum\u00f3 un nuevo cap\u00edtulo. En medio\" \/>\n<meta property=\"og:url\" content=\"https:\/\/fmgente.com.ar\/web\/la-drastica-decision-que-wanda-nara-lo-obligo-a-tomar-a-mauro-icardi-por-sus-dos-hijas\/\" \/>\n<meta property=\"og:site_name\" content=\"Fm Gente\" \/>\n<meta property=\"article:published_time\" content=\"2025-10-04T23:10:24+00:00\" \/>\n<meta property=\"og:image\" content=\"https:\/\/fmgente.com.ar\/web\/wp-content\/uploads\/2025\/10\/Nacho-Castanares-Thiago-medina-359x226-8.jpg\" \/>\n\t<meta property=\"og:image:width\" content=\"359\" \/>\n\t<meta property=\"og:image:height\" content=\"226\" \/>\n\t<meta property=\"og:image:type\" content=\"image\/jpeg\" \/>\n<meta name=\"twitter:card\" content=\"summary_large_image\" \/>\n<meta name=\"twitter:label1\" content=\"Tiempo de lectura\" \/>\n\t<meta name=\"twitter:data1\" content=\"3 minutos\" \/>\n<script type=\"application\/ld+json\" class=\"yoast-schema-graph\">{\"@context\":\"https:\\\/\\\/schema.org\",\"@graph\":[{\"@type\":\"Article\",\"@id\":\"https:\\\/\\\/fmgente.com.ar\\\/web\\\/la-drastica-decision-que-wanda-nara-lo-obligo-a-tomar-a-mauro-icardi-por-sus-dos-hijas\\\/#article\",\"isPartOf\":{\"@id\":\"https:\\\/\\\/fmgente.com.ar\\\/web\\\/la-drastica-decision-que-wanda-nara-lo-obligo-a-tomar-a-mauro-icardi-por-sus-dos-hijas\\\/\"},\"author\":{\"name\":\"\",\"@id\":\"\"},\"headline\":\"La dr\u00e1stica decisi\u00f3n que Wanda Nara lo oblig\u00f3 a tomar a Mauro Icardi por sus dos hijas\",\"datePublished\":\"2025-10-04T23:10:24+00:00\",\"mainEntityOfPage\":{\"@id\":\"https:\\\/\\\/fmgente.com.ar\\\/web\\\/la-drastica-decision-que-wanda-nara-lo-obligo-a-tomar-a-mauro-icardi-por-sus-dos-hijas\\\/\"},\"wordCount\":648,\"publisher\":{\"@id\":\"https:\\\/\\\/fmgente.com.ar\\\/web\\\/#organization\"},\"image\":{\"@id\":\"https:\\\/\\\/fmgente.com.ar\\\/web\\\/la-drastica-decision-que-wanda-nara-lo-obligo-a-tomar-a-mauro-icardi-por-sus-dos-hijas\\\/#primaryimage\"},\"thumbnailUrl\":\"https:\\\/\\\/fmgente.com.ar\\\/web\\\/wp-content\\\/uploads\\\/2025\\\/10\\\/Nacho-Castanares-Thiago-medina-359x226-8.jpg\",\"articleSection\":[\"DESTACADAS\"],\"inLanguage\":\"es\"},{\"@type\":\"WebPage\",\"@id\":\"https:\\\/\\\/fmgente.com.ar\\\/web\\\/la-drastica-decision-que-wanda-nara-lo-obligo-a-tomar-a-mauro-icardi-por-sus-dos-hijas\\\/\",\"url\":\"https:\\\/\\\/fmgente.com.ar\\\/web\\\/la-drastica-decision-que-wanda-nara-lo-obligo-a-tomar-a-mauro-icardi-por-sus-dos-hijas\\\/\",\"name\":\"La dr\u00e1stica decisi\u00f3n que Wanda Nara lo oblig\u00f3 a tomar a Mauro Icardi por sus dos hijas - Fm Gente\",\"isPartOf\":{\"@id\":\"https:\\\/\\\/fmgente.com.ar\\\/web\\\/#website\"},\"primaryImageOfPage\":{\"@id\":\"https:\\\/\\\/fmgente.com.ar\\\/web\\\/la-drastica-decision-que-wanda-nara-lo-obligo-a-tomar-a-mauro-icardi-por-sus-dos-hijas\\\/#primaryimage\"},\"image\":{\"@id\":\"https:\\\/\\\/fmgente.com.ar\\\/web\\\/la-drastica-decision-que-wanda-nara-lo-obligo-a-tomar-a-mauro-icardi-por-sus-dos-hijas\\\/#primaryimage\"},\"thumbnailUrl\":\"https:\\\/\\\/fmgente.com.ar\\\/web\\\/wp-content\\\/uploads\\\/2025\\\/10\\\/Nacho-Castanares-Thiago-medina-359x226-8.jpg\",\"datePublished\":\"2025-10-04T23:10:24+00:00\",\"inLanguage\":\"es\",\"potentialAction\":[{\"@type\":\"ReadAction\",\"target\":[\"https:\\\/\\\/fmgente.com.ar\\\/web\\\/la-drastica-decision-que-wanda-nara-lo-obligo-a-tomar-a-mauro-icardi-por-sus-dos-hijas\\\/\"]}]},{\"@type\":\"ImageObject\",\"inLanguage\":\"es\",\"@id\":\"https:\\\/\\\/fmgente.com.ar\\\/web\\\/la-drastica-decision-que-wanda-nara-lo-obligo-a-tomar-a-mauro-icardi-por-sus-dos-hijas\\\/#primaryimage\",\"url\":\"https:\\\/\\\/fmgente.com.ar\\\/web\\\/wp-content\\\/uploads\\\/2025\\\/10\\\/Nacho-Castanares-Thiago-medina-359x226-8.jpg\",\"contentUrl\":\"https:\\\/\\\/fmgente.com.ar\\\/web\\\/wp-content\\\/uploads\\\/2025\\\/10\\\/Nacho-Castanares-Thiago-medina-359x226-8.jpg\",\"width\":359,\"height\":226},{\"@type\":\"WebSite\",\"@id\":\"https:\\\/\\\/fmgente.com.ar\\\/web\\\/#website\",\"url\":\"https:\\\/\\\/fmgente.com.ar\\\/web\\\/\",\"name\":\"Fm Gente\",\"description\":\"- Jes\u00fas Mar\u00eda\",\"publisher\":{\"@id\":\"https:\\\/\\\/fmgente.com.ar\\\/web\\\/#organization\"},\"potentialAction\":[{\"@type\":\"SearchAction\",\"target\":{\"@type\":\"EntryPoint\",\"urlTemplate\":\"https:\\\/\\\/fmgente.com.ar\\\/web\\\/?s={search_term_string}\"},\"query-input\":{\"@type\":\"PropertyValueSpecification\",\"valueRequired\":true,\"valueName\":\"search_term_string\"}}],\"inLanguage\":\"es\"},{\"@type\":\"Organization\",\"@id\":\"https:\\\/\\\/fmgente.com.ar\\\/web\\\/#organization\",\"name\":\"Fm Gente\",\"url\":\"https:\\\/\\\/fmgente.com.ar\\\/web\\\/\",\"logo\":{\"@type\":\"ImageObject\",\"inLanguage\":\"es\",\"@id\":\"https:\\\/\\\/fmgente.com.ar\\\/web\\\/#\\\/schema\\\/logo\\\/image\\\/\",\"url\":\"https:\\\/\\\/fmgente.com.ar\\\/web\\\/wp-content\\\/uploads\\\/2023\\\/07\\\/cropped-cropped-logo-sombra2.png\",\"contentUrl\":\"https:\\\/\\\/fmgente.com.ar\\\/web\\\/wp-content\\\/uploads\\\/2023\\\/07\\\/cropped-cropped-logo-sombra2.png\",\"width\":1782,\"height\":1782,\"caption\":\"Fm Gente\"},\"image\":{\"@id\":\"https:\\\/\\\/fmgente.com.ar\\\/web\\\/#\\\/schema\\\/logo\\\/image\\\/\"}}]}<\/script>\n<!-- \/ Yoast SEO plugin. -->","yoast_head_json":{"title":"La dr\u00e1stica decisi\u00f3n que Wanda Nara lo oblig\u00f3 a tomar a Mauro Icardi por sus dos hijas - Fm Gente","robots":{"index":"index","follow":"follow","max-snippet":"max-snippet:-1","max-image-preview":"max-image-preview:large","max-video-preview":"max-video-preview:-1"},"canonical":"https:\/\/fmgente.com.ar\/web\/la-drastica-decision-que-wanda-nara-lo-obligo-a-tomar-a-mauro-icardi-por-sus-dos-hijas\/","og_locale":"es_ES","og_type":"article","og_title":"La dr\u00e1stica decisi\u00f3n que Wanda Nara lo oblig\u00f3 a tomar a Mauro Icardi por sus dos hijas - Fm Gente","og_description":"El conflicto judicial entre Mauro Icardi y Wanda Nara sum\u00f3 un nuevo cap\u00edtulo. En medio","og_url":"https:\/\/fmgente.com.ar\/web\/la-drastica-decision-que-wanda-nara-lo-obligo-a-tomar-a-mauro-icardi-por-sus-dos-hijas\/","og_site_name":"Fm Gente","article_published_time":"2025-10-04T23:10:24+00:00","og_image":[{"width":359,"height":226,"url":"https:\/\/fmgente.com.ar\/web\/wp-content\/uploads\/2025\/10\/Nacho-Castanares-Thiago-medina-359x226-8.jpg","type":"image\/jpeg"}],"twitter_card":"summary_large_image","twitter_misc":{"Tiempo de lectura":"3 minutos"},"schema":{"@context":"https:\/\/schema.org","@graph":[{"@type":"Article","@id":"https:\/\/fmgente.com.ar\/web\/la-drastica-decision-que-wanda-nara-lo-obligo-a-tomar-a-mauro-icardi-por-sus-dos-hijas\/#article","isPartOf":{"@id":"https:\/\/fmgente.com.ar\/web\/la-drastica-decision-que-wanda-nara-lo-obligo-a-tomar-a-mauro-icardi-por-sus-dos-hijas\/"},"author":{"name":"","@id":""},"headline":"La dr\u00e1stica decisi\u00f3n que Wanda Nara lo oblig\u00f3 a tomar a Mauro Icardi por sus dos hijas","datePublished":"2025-10-04T23:10:24+00:00","mainEntityOfPage":{"@id":"https:\/\/fmgente.com.ar\/web\/la-drastica-decision-que-wanda-nara-lo-obligo-a-tomar-a-mauro-icardi-por-sus-dos-hijas\/"},"wordCount":648,"publisher":{"@id":"https:\/\/fmgente.com.ar\/web\/#organization"},"image":{"@id":"https:\/\/fmgente.com.ar\/web\/la-drastica-decision-que-wanda-nara-lo-obligo-a-tomar-a-mauro-icardi-por-sus-dos-hijas\/#primaryimage"},"thumbnailUrl":"https:\/\/fmgente.com.ar\/web\/wp-content\/uploads\/2025\/10\/Nacho-Castanares-Thiago-medina-359x226-8.jpg","articleSection":["DESTACADAS"],"inLanguage":"es"},{"@type":"WebPage","@id":"https:\/\/fmgente.com.ar\/web\/la-drastica-decision-que-wanda-nara-lo-obligo-a-tomar-a-mauro-icardi-por-sus-dos-hijas\/","url":"https:\/\/fmgente.com.ar\/web\/la-drastica-decision-que-wanda-nara-lo-obligo-a-tomar-a-mauro-icardi-por-sus-dos-hijas\/","name":"La dr\u00e1stica decisi\u00f3n que Wanda Nara lo oblig\u00f3 a tomar a Mauro Icardi por sus dos hijas - Fm Gente","isPartOf":{"@id":"https:\/\/fmgente.com.ar\/web\/#website"},"primaryImageOfPage":{"@id":"https:\/\/fmgente.com.ar\/web\/la-drastica-decision-que-wanda-nara-lo-obligo-a-tomar-a-mauro-icardi-por-sus-dos-hijas\/#primaryimage"},"image":{"@id":"https:\/\/fmgente.com.ar\/web\/la-drastica-decision-que-wanda-nara-lo-obligo-a-tomar-a-mauro-icardi-por-sus-dos-hijas\/#primaryimage"},"thumbnailUrl":"https:\/\/fmgente.com.ar\/web\/wp-content\/uploads\/2025\/10\/Nacho-Castanares-Thiago-medina-359x226-8.jpg","datePublished":"2025-10-04T23:10:24+00:00","inLanguage":"es","potentialAction":[{"@type":"ReadAction","target":["https:\/\/fmgente.com.ar\/web\/la-drastica-decision-que-wanda-nara-lo-obligo-a-tomar-a-mauro-icardi-por-sus-dos-hijas\/"]}]},{"@type":"ImageObject","inLanguage":"es","@id":"https:\/\/fmgente.com.ar\/web\/la-drastica-decision-que-wanda-nara-lo-obligo-a-tomar-a-mauro-icardi-por-sus-dos-hijas\/#primaryimage","url":"https:\/\/fmgente.com.ar\/web\/wp-content\/uploads\/2025\/10\/Nacho-Castanares-Thiago-medina-359x226-8.jpg","contentUrl":"https:\/\/fmgente.com.ar\/web\/wp-content\/uploads\/2025\/10\/Nacho-Castanares-Thiago-medina-359x226-8.jpg","width":359,"height":226},{"@type":"WebSite","@id":"https:\/\/fmgente.com.ar\/web\/#website","url":"https:\/\/fmgente.com.ar\/web\/","name":"Fm Gente","description":"- Jes\u00fas Mar\u00eda","publisher":{"@id":"https:\/\/fmgente.com.ar\/web\/#organization"},"potentialAction":[{"@type":"SearchAction","target":{"@type":"EntryPoint","urlTemplate":"https:\/\/fmgente.com.ar\/web\/?s={search_term_string}"},"query-input":{"@type":"PropertyValueSpecification","valueRequired":true,"valueName":"search_term_string"}}],"inLanguage":"es"},{"@type":"Organization","@id":"https:\/\/fmgente.com.ar\/web\/#organization","name":"Fm Gente","url":"https:\/\/fmgente.com.ar\/web\/","logo":{"@type":"ImageObject","inLanguage":"es","@id":"https:\/\/fmgente.com.ar\/web\/#\/schema\/logo\/image\/","url":"https:\/\/fmgente.com.ar\/web\/wp-content\/uploads\/2023\/07\/cropped-cropped-logo-sombra2.png","contentUrl":"https:\/\/fmgente.com.ar\/web\/wp-content\/uploads\/2023\/07\/cropped-cropped-logo-sombra2.png","width":1782,"height":1782,"caption":"Fm Gente"},"image":{"@id":"https:\/\/fmgente.com.ar\/web\/#\/schema\/logo\/image\/"}}]}},"_links":{"self":[{"href":"https:\/\/fmgente.com.ar\/web\/wp-json\/wp\/v2\/posts\/6086","targetHints":{"allow":["GET"]}}],"collection":[{"href":"https:\/\/fmgente.com.ar\/web\/wp-json\/wp\/v2\/posts"}],"about":[{"href":"https:\/\/fmgente.com.ar\/web\/wp-json\/wp\/v2\/types\/post"}],"replies":[{"embeddable":true,"href":"https:\/\/fmgente.com.ar\/web\/wp-json\/wp\/v2\/comments?post=6086"}],"version-history":[{"count":0,"href":"https:\/\/fmgente.com.ar\/web\/wp-json\/wp\/v2\/posts\/6086\/revisions"}],"wp:featuredmedia":[{"embeddable":true,"href":"https:\/\/fmgente.com.ar\/web\/wp-json\/wp\/v2\/media\/6087"}],"wp:attachment":[{"href":"https:\/\/fmgente.com.ar\/web\/wp-json\/wp\/v2\/media?parent=6086"}],"wp:term":[{"taxonomy":"category","embeddable":true,"href":"https:\/\/fmgente.com.ar\/web\/wp-json\/wp\/v2\/categories?post=6086"},{"taxonomy":"post_tag","embeddable":true,"href":"https:\/\/fmgente.com.ar\/web\/wp-json\/wp\/v2\/tags?post=6086"}],"curies":[{"name":"wp","href":"https:\/\/api.w.org\/{rel}","templated":true}]}}