{"id":6084,"date":"2025-10-04T20:10:24","date_gmt":"2025-10-04T23:10:24","guid":{"rendered":"https:\/\/fmgente.com.ar\/benjamin-vicuna-se-llevo-a-sus-hijos-fuera-del-pais-luego-que-la-china-suarez-volviera-a-turquia\/"},"modified":"2025-10-04T20:10:24","modified_gmt":"2025-10-04T23:10:24","slug":"benjamin-vicuna-se-llevo-a-sus-hijos-fuera-del-pais-luego-que-la-china-suarez-volviera-a-turquia","status":"publish","type":"post","link":"https:\/\/fmgente.com.ar\/web\/benjamin-vicuna-se-llevo-a-sus-hijos-fuera-del-pais-luego-que-la-china-suarez-volviera-a-turquia\/","title":{"rendered":"Benjam\u00edn Vicu\u00f1a se llev\u00f3 a sus hijos fuera del pa\u00eds luego que la China Su\u00e1rez volviera a Turqu\u00eda"},"content":{"rendered":"<p><a href=\"https:\/\/www.paparazzi.com.ar\/?s=Benjam%C3%ADn+Vicu%C3%B1a\">Benjam\u00edn Vicu\u00f1a<\/a> volvi\u00f3 a estar en el centro de la escena luego de que se conociera que se llev\u00f3 a sus hijos fuera de la Argentina. La decisi\u00f3n lleg\u00f3 justo despu\u00e9s de que la <strong>China Su\u00e1rez<\/strong> regresara a Turqu\u00eda para reencontrarse con <strong>Mauro Icardi<\/strong>. El actor chileno eligi\u00f3 Montevideo como destino, donde combin\u00f3 compromisos laborales con momentos familiares. <\/p>\n<p>El protagonista de <strong>El resto bien <\/strong>aprovech\u00f3 el rodaje de la nueva serie de <strong>Daniel Burman<\/strong> para estar cerca de <strong>Magnolia <\/strong>y <strong>Amancio<\/strong>. Los peque\u00f1os acompa\u00f1aron a su pap\u00e1 durante las filmaciones y tambi\u00e9n disfrutaron de paseos al aire libre. A la aventura se sum\u00f3 su actual pareja, <strong>Anita Espasand\u00edn<\/strong>.<\/p>\n<p>En redes sociales, <strong>Vicu\u00f1a <\/strong>public\u00f3 una serie de im\u00e1genes que mostraron su presente m\u00e1s tranquilo. Entre c\u00e1maras, claquetas y sonrisas, el chileno pos\u00f3 junto a sus hijos y su novia en distintos rincones de Montevideo. En una de las postales m\u00e1s tiernas, los ni\u00f1os aparecieron junto a \u00e9l sobre las letras gigantes de la ciudad. <\/p>\n<div class=\"mt-box \">\n<h4 class=\"mt-heading\">Mir\u00e1 Tambi\u00e9n<\/h4>\n<p><a href=\"https:\/\/www.paparazzi.com.ar\/videos\/exclusivo-jose-maria-muscari-homenajeo-a-bruce-willis-en-el-papel-de-duro-de-matar-los-pelados-nos-parecemos-todos\/\"><\/p>\n<div class=\"mt-content\">\n<div class=\"mt-image-container\"><img decoding=\"async\" src=\"https:\/\/www.paparazzi.com.ar\/wp-content\/uploads\/2025\/09\/PORTADA-WEB-YO-QUIERO-SER-muscari-willis-359x226.jpg\" alt=\"\u00a1Exclusivo! Jos\u00e9 Mar\u00eda Muscari homenaje\u00f3 a Bruce Willis en el papel de Duro de Matar: &quot;Los pelados nos parecemos todos&quot;\" class=\"mt-image\" loading=\"lazy\" \/><\/div>\n<h5 class=\"mt-title\">\u00a1Exclusivo! Jos\u00e9 Mar\u00eda Muscari homenaje\u00f3 a Bruce Willis en el papel de Duro de Matar: \u00abLos pelados nos parecemos todos\u00bb<\/h5>\n<\/div>\n<p><\/a><\/div>\n<p>\u201c<em>Momentos bonitos de un rodaje angelado. Gracias Uruguay por ser el mejor lugar posible para esta historia. Ahora seguimos en Paraguay y Argentina<\/em>\u201d, escribi\u00f3 <strong>Vicu\u00f1a <\/strong>en su cuenta de Instagram. Sus palabras dejaron ver un tono de gratitud y calma, muy lejos del esc\u00e1ndalo medi\u00e1tico que protagoniz\u00f3 semanas atr\u00e1s con su ex. <\/p>\n<h2 class=\"wp-block-heading\">EL NUEVO PROYECTO DE VICU\u00d1A EN URUGUAY<\/h2>\n<p>Durante su estad\u00eda en Uruguay, <strong>Vicu\u00f1a <\/strong>tambi\u00e9n mostr\u00f3 un radical cambio de look: se ti\u00f1\u00f3 el cabello de gris con reflejos blancos, un detalle que llam\u00f3 la atenci\u00f3n de todos. Ese nuevo estilo form\u00f3 parte del personaje que interpreta en la serie, donde comparte elenco con <strong>Andrea Frigerio, Rita Cortese y Daniel Hendler<\/strong>. <\/p>\n<p>Antes de despedirse de Montevideo, el actor disfrut\u00f3 de una tarde junto a su madre, <strong>Isabel Luco Morand\u00e9<\/strong>, <strong>Anita <\/strong>y los ni\u00f1os. Todos posaron abrazados frente al r\u00edo, en una postal que resumi\u00f3 la nueva etapa que atraviesa Vicu\u00f1a: menos conflicto y m\u00e1s afecto. <\/p>\n<figure class=\"wp-block-image size-full\"><img decoding=\"async\" width=\"640\" height=\"853\" src=\"https:\/\/www.paparazzi.com.ar\/wp-content\/uploads\/2025\/10\/image-46.png.webp\" loading=\"lazy\" alt=\"\" class=\"wp-image-446430\" \/><\/figure>\n<figure class=\"wp-block-image size-full\"><img decoding=\"async\" width=\"640\" height=\"853\" src=\"https:\/\/www.paparazzi.com.ar\/wp-content\/uploads\/2025\/10\/image-45.png.webp\" loading=\"lazy\" alt=\"\" class=\"wp-image-446429\" \/><\/figure>\n<figure class=\"wp-block-image size-full\"><img decoding=\"async\" width=\"640\" height=\"853\" src=\"https:\/\/www.paparazzi.com.ar\/wp-content\/uploads\/2025\/10\/image-44.png.webp\" loading=\"lazy\" alt=\"\" class=\"wp-image-446426\" \/><\/figure>\n<figure class=\"wp-block-image size-full\"><img decoding=\"async\" width=\"640\" height=\"853\" src=\"https:\/\/www.paparazzi.com.ar\/wp-content\/uploads\/2025\/10\/image-43.png.webp\" loading=\"lazy\" alt=\"\" class=\"wp-image-446425\" \/><\/figure>\n<figure class=\"wp-block-image size-full\"><img decoding=\"async\" width=\"640\" height=\"853\" src=\"https:\/\/www.paparazzi.com.ar\/wp-content\/uploads\/2025\/10\/image-42.png.webp\" loading=\"lazy\" alt=\"\" class=\"wp-image-446424\" \/><\/figure>\n<figure class=\"wp-block-image size-full\"><img decoding=\"async\" width=\"640\" height=\"853\" src=\"https:\/\/www.paparazzi.com.ar\/wp-content\/uploads\/2025\/10\/image-41.png.webp\" loading=\"lazy\" alt=\"\" class=\"wp-image-446423\" \/><\/figure>\n<figure class=\"wp-block-image size-full\"><img decoding=\"async\" width=\"640\" height=\"853\" src=\"https:\/\/www.paparazzi.com.ar\/wp-content\/uploads\/2025\/10\/image-39.png.webp\" loading=\"lazy\" alt=\"\" class=\"wp-image-446421\" \/><\/figure>\n<figure class=\"wp-block-image size-full\"><img decoding=\"async\" width=\"640\" height=\"853\" src=\"https:\/\/www.paparazzi.com.ar\/wp-content\/uploads\/2025\/10\/image-38.png.webp\" loading=\"lazy\" alt=\"\" class=\"wp-image-446420\" \/><\/figure>\n<div class=\"mt-box \">\n<h4 class=\"mt-heading\">Mir\u00e1 Tambi\u00e9n<\/h4>\n<p><a href=\"https:\/\/www.paparazzi.com.ar\/teve\/sofia-gala-confeso-cual-es-el-peor-vicio-contra-el-que-lucha\/\"><\/p>\n<div class=\"mt-content\">\n<div class=\"mt-image-container\"><img decoding=\"async\" src=\"https:\/\/www.paparazzi.com.ar\/wp-content\/uploads\/2025\/10\/image-35-359x226.png\" alt=\"Sof\u00eda Gala confes\u00f3 cu\u00e1l es el peor vicio contra el que lucha\" class=\"mt-image\" loading=\"lazy\" \/><\/div>\n<h5 class=\"mt-title\">Sof\u00eda Gala confes\u00f3 cu\u00e1l es el peor vicio contra el que lucha<\/h5>\n<\/div>\n<p><\/a><\/div>\n<div class=\"mt-box \">\n<h4 class=\"mt-heading\">Mir\u00e1 Tambi\u00e9n<\/h4>\n<p><a href=\"https:\/\/www.paparazzi.com.ar\/horoscopo\/nuevo-amor-y-paternidad-pitty-la-numerolga-confirmo-dos-bombas-sobre-nico-vazquez-tras-su-separacion\/\"><\/p>\n<div class=\"mt-content\">\n<div class=\"mt-image-container\"><img decoding=\"async\" src=\"https:\/\/www.paparazzi.com.ar\/wp-content\/uploads\/2025\/10\/Nuevo-amor-y-paternidad-Pitty-La-Numerolga-confirmo-dos-bombas-sobre-Nico-Vazquez-tras-su-separacion-359x226.jpg\" alt=\"Nuevo amor y paternidad: Pitty La Numer\u00f3lga confirm\u00f3 dos bombas sobre Nico V\u00e1zquez tras su separaci\u00f3n\" class=\"mt-image\" loading=\"lazy\" \/><\/div>\n<h5 class=\"mt-title\">Nuevo amor y paternidad: Pitty La Numer\u00f3lga confirm\u00f3 dos bombas sobre Nico V\u00e1zquez tras su separaci\u00f3n<\/h5>\n<\/div>\n<p><\/a><\/div>\n<p>The post <a href=\"https:\/\/www.paparazzi.com.ar\/teve\/benjamin-vicuna-se-llevo-a-sus-hijos-fuera-del-pais-luego-que-la-china-suarez-volviera-a-turquia\/\">Benjam\u00edn Vicu\u00f1a se llev\u00f3 a sus hijos fuera del pa\u00eds luego que la China Su\u00e1rez volviera a Turqu\u00eda<\/a> appeared first on <a href=\"https:\/\/www.paparazzi.com.ar\">Revista Paparazzi<\/a>.<\/p>\n","protected":false},"excerpt":{"rendered":"<p>Benjam\u00edn Vicu\u00f1a volvi\u00f3 a estar en el centro de la escena luego de que se<\/p>\n","protected":false},"author":0,"featured_media":6085,"comment_status":"","ping_status":"","sticky":false,"template":"","format":"standard","meta":{"footnotes":""},"categories":[11],"tags":[],"class_list":["post-6084","post","type-post","status-publish","format-standard","has-post-thumbnail","hentry","category-destacadas"],"yoast_head":"<!-- This site is optimized with the Yoast SEO plugin v27.4 - https:\/\/yoast.com\/product\/yoast-seo-wordpress\/ -->\n<title>Benjam\u00edn Vicu\u00f1a se llev\u00f3 a sus hijos fuera del pa\u00eds luego que la China Su\u00e1rez volviera a Turqu\u00eda - Fm Gente<\/title>\n<meta name=\"robots\" content=\"index, follow, max-snippet:-1, max-image-preview:large, max-video-preview:-1\" \/>\n<link rel=\"canonical\" href=\"https:\/\/fmgente.com.ar\/web\/benjamin-vicuna-se-llevo-a-sus-hijos-fuera-del-pais-luego-que-la-china-suarez-volviera-a-turquia\/\" \/>\n<meta property=\"og:locale\" content=\"es_ES\" \/>\n<meta property=\"og:type\" content=\"article\" \/>\n<meta property=\"og:title\" content=\"Benjam\u00edn Vicu\u00f1a se llev\u00f3 a sus hijos fuera del pa\u00eds luego que la China Su\u00e1rez volviera a Turqu\u00eda - Fm Gente\" \/>\n<meta property=\"og:description\" content=\"Benjam\u00edn Vicu\u00f1a volvi\u00f3 a estar en el centro de la escena luego de que se\" \/>\n<meta property=\"og:url\" content=\"https:\/\/fmgente.com.ar\/web\/benjamin-vicuna-se-llevo-a-sus-hijos-fuera-del-pais-luego-que-la-china-suarez-volviera-a-turquia\/\" \/>\n<meta property=\"og:site_name\" content=\"Fm Gente\" \/>\n<meta property=\"article:published_time\" content=\"2025-10-04T23:10:24+00:00\" \/>\n<meta property=\"og:image\" content=\"https:\/\/fmgente.com.ar\/web\/wp-content\/uploads\/2025\/10\/PORTADA-WEB-YO-QUIERO-SER-muscari-willis-359x226-2.jpg\" \/>\n\t<meta property=\"og:image:width\" content=\"359\" \/>\n\t<meta property=\"og:image:height\" content=\"226\" \/>\n\t<meta property=\"og:image:type\" content=\"image\/jpeg\" \/>\n<meta name=\"twitter:card\" content=\"summary_large_image\" \/>\n<meta name=\"twitter:label1\" content=\"Tiempo de lectura\" \/>\n\t<meta name=\"twitter:data1\" content=\"2 minutos\" \/>\n<script type=\"application\/ld+json\" class=\"yoast-schema-graph\">{\"@context\":\"https:\\\/\\\/schema.org\",\"@graph\":[{\"@type\":\"Article\",\"@id\":\"https:\\\/\\\/fmgente.com.ar\\\/web\\\/benjamin-vicuna-se-llevo-a-sus-hijos-fuera-del-pais-luego-que-la-china-suarez-volviera-a-turquia\\\/#article\",\"isPartOf\":{\"@id\":\"https:\\\/\\\/fmgente.com.ar\\\/web\\\/benjamin-vicuna-se-llevo-a-sus-hijos-fuera-del-pais-luego-que-la-china-suarez-volviera-a-turquia\\\/\"},\"author\":{\"name\":\"\",\"@id\":\"\"},\"headline\":\"Benjam\u00edn Vicu\u00f1a se llev\u00f3 a sus hijos fuera del pa\u00eds luego que la China Su\u00e1rez volviera a Turqu\u00eda\",\"datePublished\":\"2025-10-04T23:10:24+00:00\",\"mainEntityOfPage\":{\"@id\":\"https:\\\/\\\/fmgente.com.ar\\\/web\\\/benjamin-vicuna-se-llevo-a-sus-hijos-fuera-del-pais-luego-que-la-china-suarez-volviera-a-turquia\\\/\"},\"wordCount\":464,\"publisher\":{\"@id\":\"https:\\\/\\\/fmgente.com.ar\\\/web\\\/#organization\"},\"image\":{\"@id\":\"https:\\\/\\\/fmgente.com.ar\\\/web\\\/benjamin-vicuna-se-llevo-a-sus-hijos-fuera-del-pais-luego-que-la-china-suarez-volviera-a-turquia\\\/#primaryimage\"},\"thumbnailUrl\":\"https:\\\/\\\/fmgente.com.ar\\\/web\\\/wp-content\\\/uploads\\\/2025\\\/10\\\/PORTADA-WEB-YO-QUIERO-SER-muscari-willis-359x226-2.jpg\",\"articleSection\":[\"DESTACADAS\"],\"inLanguage\":\"es\"},{\"@type\":\"WebPage\",\"@id\":\"https:\\\/\\\/fmgente.com.ar\\\/web\\\/benjamin-vicuna-se-llevo-a-sus-hijos-fuera-del-pais-luego-que-la-china-suarez-volviera-a-turquia\\\/\",\"url\":\"https:\\\/\\\/fmgente.com.ar\\\/web\\\/benjamin-vicuna-se-llevo-a-sus-hijos-fuera-del-pais-luego-que-la-china-suarez-volviera-a-turquia\\\/\",\"name\":\"Benjam\u00edn Vicu\u00f1a se llev\u00f3 a sus hijos fuera del pa\u00eds luego que la China Su\u00e1rez volviera a Turqu\u00eda - Fm Gente\",\"isPartOf\":{\"@id\":\"https:\\\/\\\/fmgente.com.ar\\\/web\\\/#website\"},\"primaryImageOfPage\":{\"@id\":\"https:\\\/\\\/fmgente.com.ar\\\/web\\\/benjamin-vicuna-se-llevo-a-sus-hijos-fuera-del-pais-luego-que-la-china-suarez-volviera-a-turquia\\\/#primaryimage\"},\"image\":{\"@id\":\"https:\\\/\\\/fmgente.com.ar\\\/web\\\/benjamin-vicuna-se-llevo-a-sus-hijos-fuera-del-pais-luego-que-la-china-suarez-volviera-a-turquia\\\/#primaryimage\"},\"thumbnailUrl\":\"https:\\\/\\\/fmgente.com.ar\\\/web\\\/wp-content\\\/uploads\\\/2025\\\/10\\\/PORTADA-WEB-YO-QUIERO-SER-muscari-willis-359x226-2.jpg\",\"datePublished\":\"2025-10-04T23:10:24+00:00\",\"inLanguage\":\"es\",\"potentialAction\":[{\"@type\":\"ReadAction\",\"target\":[\"https:\\\/\\\/fmgente.com.ar\\\/web\\\/benjamin-vicuna-se-llevo-a-sus-hijos-fuera-del-pais-luego-que-la-china-suarez-volviera-a-turquia\\\/\"]}]},{\"@type\":\"ImageObject\",\"inLanguage\":\"es\",\"@id\":\"https:\\\/\\\/fmgente.com.ar\\\/web\\\/benjamin-vicuna-se-llevo-a-sus-hijos-fuera-del-pais-luego-que-la-china-suarez-volviera-a-turquia\\\/#primaryimage\",\"url\":\"https:\\\/\\\/fmgente.com.ar\\\/web\\\/wp-content\\\/uploads\\\/2025\\\/10\\\/PORTADA-WEB-YO-QUIERO-SER-muscari-willis-359x226-2.jpg\",\"contentUrl\":\"https:\\\/\\\/fmgente.com.ar\\\/web\\\/wp-content\\\/uploads\\\/2025\\\/10\\\/PORTADA-WEB-YO-QUIERO-SER-muscari-willis-359x226-2.jpg\",\"width\":359,\"height\":226},{\"@type\":\"WebSite\",\"@id\":\"https:\\\/\\\/fmgente.com.ar\\\/web\\\/#website\",\"url\":\"https:\\\/\\\/fmgente.com.ar\\\/web\\\/\",\"name\":\"Fm Gente\",\"description\":\"- Jes\u00fas Mar\u00eda\",\"publisher\":{\"@id\":\"https:\\\/\\\/fmgente.com.ar\\\/web\\\/#organization\"},\"potentialAction\":[{\"@type\":\"SearchAction\",\"target\":{\"@type\":\"EntryPoint\",\"urlTemplate\":\"https:\\\/\\\/fmgente.com.ar\\\/web\\\/?s={search_term_string}\"},\"query-input\":{\"@type\":\"PropertyValueSpecification\",\"valueRequired\":true,\"valueName\":\"search_term_string\"}}],\"inLanguage\":\"es\"},{\"@type\":\"Organization\",\"@id\":\"https:\\\/\\\/fmgente.com.ar\\\/web\\\/#organization\",\"name\":\"Fm Gente\",\"url\":\"https:\\\/\\\/fmgente.com.ar\\\/web\\\/\",\"logo\":{\"@type\":\"ImageObject\",\"inLanguage\":\"es\",\"@id\":\"https:\\\/\\\/fmgente.com.ar\\\/web\\\/#\\\/schema\\\/logo\\\/image\\\/\",\"url\":\"https:\\\/\\\/fmgente.com.ar\\\/web\\\/wp-content\\\/uploads\\\/2023\\\/07\\\/cropped-cropped-logo-sombra2.png\",\"contentUrl\":\"https:\\\/\\\/fmgente.com.ar\\\/web\\\/wp-content\\\/uploads\\\/2023\\\/07\\\/cropped-cropped-logo-sombra2.png\",\"width\":1782,\"height\":1782,\"caption\":\"Fm Gente\"},\"image\":{\"@id\":\"https:\\\/\\\/fmgente.com.ar\\\/web\\\/#\\\/schema\\\/logo\\\/image\\\/\"}}]}<\/script>\n<!-- \/ Yoast SEO plugin. -->","yoast_head_json":{"title":"Benjam\u00edn Vicu\u00f1a se llev\u00f3 a sus hijos fuera del pa\u00eds luego que la China Su\u00e1rez volviera a Turqu\u00eda - Fm Gente","robots":{"index":"index","follow":"follow","max-snippet":"max-snippet:-1","max-image-preview":"max-image-preview:large","max-video-preview":"max-video-preview:-1"},"canonical":"https:\/\/fmgente.com.ar\/web\/benjamin-vicuna-se-llevo-a-sus-hijos-fuera-del-pais-luego-que-la-china-suarez-volviera-a-turquia\/","og_locale":"es_ES","og_type":"article","og_title":"Benjam\u00edn Vicu\u00f1a se llev\u00f3 a sus hijos fuera del pa\u00eds luego que la China Su\u00e1rez volviera a Turqu\u00eda - Fm Gente","og_description":"Benjam\u00edn Vicu\u00f1a volvi\u00f3 a estar en el centro de la escena luego de que se","og_url":"https:\/\/fmgente.com.ar\/web\/benjamin-vicuna-se-llevo-a-sus-hijos-fuera-del-pais-luego-que-la-china-suarez-volviera-a-turquia\/","og_site_name":"Fm Gente","article_published_time":"2025-10-04T23:10:24+00:00","og_image":[{"width":359,"height":226,"url":"https:\/\/fmgente.com.ar\/web\/wp-content\/uploads\/2025\/10\/PORTADA-WEB-YO-QUIERO-SER-muscari-willis-359x226-2.jpg","type":"image\/jpeg"}],"twitter_card":"summary_large_image","twitter_misc":{"Tiempo de lectura":"2 minutos"},"schema":{"@context":"https:\/\/schema.org","@graph":[{"@type":"Article","@id":"https:\/\/fmgente.com.ar\/web\/benjamin-vicuna-se-llevo-a-sus-hijos-fuera-del-pais-luego-que-la-china-suarez-volviera-a-turquia\/#article","isPartOf":{"@id":"https:\/\/fmgente.com.ar\/web\/benjamin-vicuna-se-llevo-a-sus-hijos-fuera-del-pais-luego-que-la-china-suarez-volviera-a-turquia\/"},"author":{"name":"","@id":""},"headline":"Benjam\u00edn Vicu\u00f1a se llev\u00f3 a sus hijos fuera del pa\u00eds luego que la China Su\u00e1rez volviera a Turqu\u00eda","datePublished":"2025-10-04T23:10:24+00:00","mainEntityOfPage":{"@id":"https:\/\/fmgente.com.ar\/web\/benjamin-vicuna-se-llevo-a-sus-hijos-fuera-del-pais-luego-que-la-china-suarez-volviera-a-turquia\/"},"wordCount":464,"publisher":{"@id":"https:\/\/fmgente.com.ar\/web\/#organization"},"image":{"@id":"https:\/\/fmgente.com.ar\/web\/benjamin-vicuna-se-llevo-a-sus-hijos-fuera-del-pais-luego-que-la-china-suarez-volviera-a-turquia\/#primaryimage"},"thumbnailUrl":"https:\/\/fmgente.com.ar\/web\/wp-content\/uploads\/2025\/10\/PORTADA-WEB-YO-QUIERO-SER-muscari-willis-359x226-2.jpg","articleSection":["DESTACADAS"],"inLanguage":"es"},{"@type":"WebPage","@id":"https:\/\/fmgente.com.ar\/web\/benjamin-vicuna-se-llevo-a-sus-hijos-fuera-del-pais-luego-que-la-china-suarez-volviera-a-turquia\/","url":"https:\/\/fmgente.com.ar\/web\/benjamin-vicuna-se-llevo-a-sus-hijos-fuera-del-pais-luego-que-la-china-suarez-volviera-a-turquia\/","name":"Benjam\u00edn Vicu\u00f1a se llev\u00f3 a sus hijos fuera del pa\u00eds luego que la China Su\u00e1rez volviera a Turqu\u00eda - Fm Gente","isPartOf":{"@id":"https:\/\/fmgente.com.ar\/web\/#website"},"primaryImageOfPage":{"@id":"https:\/\/fmgente.com.ar\/web\/benjamin-vicuna-se-llevo-a-sus-hijos-fuera-del-pais-luego-que-la-china-suarez-volviera-a-turquia\/#primaryimage"},"image":{"@id":"https:\/\/fmgente.com.ar\/web\/benjamin-vicuna-se-llevo-a-sus-hijos-fuera-del-pais-luego-que-la-china-suarez-volviera-a-turquia\/#primaryimage"},"thumbnailUrl":"https:\/\/fmgente.com.ar\/web\/wp-content\/uploads\/2025\/10\/PORTADA-WEB-YO-QUIERO-SER-muscari-willis-359x226-2.jpg","datePublished":"2025-10-04T23:10:24+00:00","inLanguage":"es","potentialAction":[{"@type":"ReadAction","target":["https:\/\/fmgente.com.ar\/web\/benjamin-vicuna-se-llevo-a-sus-hijos-fuera-del-pais-luego-que-la-china-suarez-volviera-a-turquia\/"]}]},{"@type":"ImageObject","inLanguage":"es","@id":"https:\/\/fmgente.com.ar\/web\/benjamin-vicuna-se-llevo-a-sus-hijos-fuera-del-pais-luego-que-la-china-suarez-volviera-a-turquia\/#primaryimage","url":"https:\/\/fmgente.com.ar\/web\/wp-content\/uploads\/2025\/10\/PORTADA-WEB-YO-QUIERO-SER-muscari-willis-359x226-2.jpg","contentUrl":"https:\/\/fmgente.com.ar\/web\/wp-content\/uploads\/2025\/10\/PORTADA-WEB-YO-QUIERO-SER-muscari-willis-359x226-2.jpg","width":359,"height":226},{"@type":"WebSite","@id":"https:\/\/fmgente.com.ar\/web\/#website","url":"https:\/\/fmgente.com.ar\/web\/","name":"Fm Gente","description":"- Jes\u00fas Mar\u00eda","publisher":{"@id":"https:\/\/fmgente.com.ar\/web\/#organization"},"potentialAction":[{"@type":"SearchAction","target":{"@type":"EntryPoint","urlTemplate":"https:\/\/fmgente.com.ar\/web\/?s={search_term_string}"},"query-input":{"@type":"PropertyValueSpecification","valueRequired":true,"valueName":"search_term_string"}}],"inLanguage":"es"},{"@type":"Organization","@id":"https:\/\/fmgente.com.ar\/web\/#organization","name":"Fm Gente","url":"https:\/\/fmgente.com.ar\/web\/","logo":{"@type":"ImageObject","inLanguage":"es","@id":"https:\/\/fmgente.com.ar\/web\/#\/schema\/logo\/image\/","url":"https:\/\/fmgente.com.ar\/web\/wp-content\/uploads\/2023\/07\/cropped-cropped-logo-sombra2.png","contentUrl":"https:\/\/fmgente.com.ar\/web\/wp-content\/uploads\/2023\/07\/cropped-cropped-logo-sombra2.png","width":1782,"height":1782,"caption":"Fm Gente"},"image":{"@id":"https:\/\/fmgente.com.ar\/web\/#\/schema\/logo\/image\/"}}]}},"_links":{"self":[{"href":"https:\/\/fmgente.com.ar\/web\/wp-json\/wp\/v2\/posts\/6084","targetHints":{"allow":["GET"]}}],"collection":[{"href":"https:\/\/fmgente.com.ar\/web\/wp-json\/wp\/v2\/posts"}],"about":[{"href":"https:\/\/fmgente.com.ar\/web\/wp-json\/wp\/v2\/types\/post"}],"replies":[{"embeddable":true,"href":"https:\/\/fmgente.com.ar\/web\/wp-json\/wp\/v2\/comments?post=6084"}],"version-history":[{"count":0,"href":"https:\/\/fmgente.com.ar\/web\/wp-json\/wp\/v2\/posts\/6084\/revisions"}],"wp:featuredmedia":[{"embeddable":true,"href":"https:\/\/fmgente.com.ar\/web\/wp-json\/wp\/v2\/media\/6085"}],"wp:attachment":[{"href":"https:\/\/fmgente.com.ar\/web\/wp-json\/wp\/v2\/media?parent=6084"}],"wp:term":[{"taxonomy":"category","embeddable":true,"href":"https:\/\/fmgente.com.ar\/web\/wp-json\/wp\/v2\/categories?post=6084"},{"taxonomy":"post_tag","embeddable":true,"href":"https:\/\/fmgente.com.ar\/web\/wp-json\/wp\/v2\/tags?post=6084"}],"curies":[{"name":"wp","href":"https:\/\/api.w.org\/{rel}","templated":true}]}}