{"id":6082,"date":"2025-10-04T19:07:41","date_gmt":"2025-10-04T22:07:41","guid":{"rendered":"https:\/\/fmgente.com.ar\/sofia-gala-confeso-cual-es-el-peor-vicio-contra-el-que-lucha\/"},"modified":"2025-10-04T19:07:41","modified_gmt":"2025-10-04T22:07:41","slug":"sofia-gala-confeso-cual-es-el-peor-vicio-contra-el-que-lucha","status":"publish","type":"post","link":"https:\/\/fmgente.com.ar\/web\/sofia-gala-confeso-cual-es-el-peor-vicio-contra-el-que-lucha\/","title":{"rendered":"Sof\u00eda Gala confes\u00f3 cu\u00e1l es el peor vicio contra el que lucha"},"content":{"rendered":"<p><a href=\"https:\/\/www.paparazzi.com.ar\/?s=Sof%C3%ADa+Gala\">Sof\u00eda Gala<\/a> es una de las hijas de famosas con bajo perfil. Si bien estuvo involucrada en varias pol\u00e9micas, la joven siempre que aparece en c\u00e1mara es para hablar de su trabajo ya que evita que sus esc\u00e1ndalos se conviertan en algo m\u00e1s grande. <\/p>\n<p>Actualmente, <strong>Sof\u00eda <\/strong>es parte de <strong>Viuda e hijas<\/strong> y se muestra contenta por el apoyo que recibe de la gente. En di\u00e1logo con <strong>Pronto<\/strong>, <strong>Gala <\/strong>decidi\u00f3 romper el silencio y contar c\u00f3mo son esos d\u00edas detr\u00e1s del escenario antes de salir y entretener al p\u00fablico. <\/p>\n<p>Sof\u00eda le confes\u00f3 a <strong>Nico Peralta<\/strong>, lo importante que es para ella este trabajo: \u00ab<em>Hacer teatro y m\u00e1s en este momento siento que es una posibilidad maravillosa de retroalimentaci\u00f3n con el p\u00fablico y de todos los d\u00edas tener la posibilidad de dentro de lo mismo hacer algo nuevo porque nunca las funciones son iguales\u00bb. <\/em><\/p>\n<div class=\"mt-box \">\n<h4 class=\"mt-heading\">Mir\u00e1 Tambi\u00e9n<\/h4>\n<p><a href=\"https:\/\/www.paparazzi.com.ar\/videos\/exclusivo-marcelo-polino-hablo-como-nunca-de-su-vida-intima-y-conto-cuando-fue-la-ultima-vez-que-tuvo-sexo-con-una-mujer\/\"><\/p>\n<div class=\"mt-content\">\n<div class=\"mt-image-container\"><img decoding=\"async\" src=\"https:\/\/www.paparazzi.com.ar\/wp-content\/uploads\/2025\/09\/IMG_5980-359x226.jpg\" alt=\"\u00a1Exclusivo! Marcelo Polino habl\u00f3 como nunca de su vida \u00edntima y cont\u00f3 cu\u00e1ndo fue la \u00faltima vez que tuvo sexo con una mujer\u00a0\" class=\"mt-image\" loading=\"lazy\" \/><\/div>\n<h5 class=\"mt-title\">\u00a1Exclusivo! Marcelo Polino habl\u00f3 como nunca de su vida \u00edntima y cont\u00f3 cu\u00e1ndo fue la \u00faltima vez que tuvo sexo con una mujer\u00a0<\/h5>\n<\/div>\n<p><\/a><\/div>\n<p>Sin embargo, en medio de la charla, <strong>Sof\u00eda <\/strong>termin\u00f3 confesando cu\u00e1l es su peor vicio. Todo se dio cuando el entrevistador le consult\u00f3 si era una persona que consum\u00eda mucha tecnolog\u00eda. Por supuesto que la respuesta sorprendi\u00f3 a todos. <\/p>\n<h2 class=\"wp-block-heading\">LA INESPERAD CONFESI\u00d3N DE SOF\u00cdA GALA<\/h2>\n<p><em>\u00abMir\u00e1: no soy tuitera y tampoco subo muchas cosas a Instagram, pero s\u00ed, como todos, tengo una adicci\u00f3n al celular, totalmente en contra de mi propia voluntad. Es como esta adicci\u00f3n qu\u00edmica de esta mierda que te produce dopamina, con la que intento y lucho todo el tiempo para que se me vaya\u00bb<\/em>, confes\u00f3 sin filtros. <\/p>\n<p>Eso no fue todo porque <strong>Sof\u00eda Gala<\/strong> dej\u00f3 en claro que es una adicci\u00f3n rara: \u00ab<em>Pero es una adicci\u00f3n tan loca que ni siquiera es que estoy hablando: a veces agarro el tel\u00e9fono y no s\u00e9 ni qu\u00e9 estoy haciendo. Por inercia. \u00a1No estoy haciendo nada! Y eso es lo que m\u00e1s me vuelve loca porque no uso Twitter para nada<\/em>\u00ab. <\/p>\n<div class=\"mt-box \">\n<h4 class=\"mt-heading\">Mir\u00e1 Tambi\u00e9n<\/h4>\n<p><a href=\"https:\/\/www.paparazzi.com.ar\/romances\/la-inesperada-reaccion-de-soledad-pastorutti-sobre-su-marido-jeremias-audoglio-no-le-gustaba-que\/\"><\/p>\n<div class=\"mt-content\">\n<div class=\"mt-image-container\"><img decoding=\"async\" src=\"https:\/\/www.paparazzi.com.ar\/wp-content\/uploads\/2025\/10\/Soledad-Pastorutti-y-su-marido-359x226.jpg\" alt=\"La inesperada reacci\u00f3n de Soledad Pastorutti sobre su marido Jerem\u00edas Audoglio: &quot;No le gustaba que...&quot;\" class=\"mt-image\" loading=\"lazy\" \/><\/div>\n<h5 class=\"mt-title\">La inesperada reacci\u00f3n de Soledad Pastorutti sobre su marido Jerem\u00edas Audoglio: \u00abNo le gustaba que&#8230;\u00bb<\/h5>\n<\/div>\n<p><\/a><\/div>\n<div class=\"mt-box \">\n<h4 class=\"mt-heading\">Mir\u00e1 Tambi\u00e9n<\/h4>\n<p><a href=\"https:\/\/www.paparazzi.com.ar\/teve\/la-drastica-decision-que-tomo-mauro-icardi-sobre-sus-hijas-en-medio-de-su-guerra-con-wanda-nara\/\"><\/p>\n<div class=\"mt-content\">\n<div class=\"mt-image-container\"><img decoding=\"async\" src=\"https:\/\/www.paparazzi.com.ar\/wp-content\/uploads\/2025\/09\/Mauro-Icardi-hijas-Wanda-Nara-359x226.jpg\" alt=\"La dr\u00e1stica decisi\u00f3n que tom\u00f3 Mauro Icardi sobre sus hijas en medio de su guerra con Wanda Nara\" class=\"mt-image\" loading=\"lazy\" \/><\/div>\n<h5 class=\"mt-title\">La dr\u00e1stica decisi\u00f3n que tom\u00f3 Mauro Icardi sobre sus hijas en medio de su guerra con Wanda Nara<\/h5>\n<\/div>\n<p><\/a><\/div>\n<p>The post <a href=\"https:\/\/www.paparazzi.com.ar\/teve\/sofia-gala-confeso-cual-es-el-peor-vicio-contra-el-que-lucha\/\">Sof\u00eda Gala confes\u00f3 cu\u00e1l es el peor vicio contra el que lucha<\/a> appeared first on <a href=\"https:\/\/www.paparazzi.com.ar\">Revista Paparazzi<\/a>.<\/p>\n","protected":false},"excerpt":{"rendered":"<p>Sof\u00eda Gala es una de las hijas de famosas con bajo perfil. Si bien estuvo<\/p>\n","protected":false},"author":0,"featured_media":6083,"comment_status":"","ping_status":"","sticky":false,"template":"","format":"standard","meta":{"footnotes":""},"categories":[11],"tags":[],"class_list":["post-6082","post","type-post","status-publish","format-standard","has-post-thumbnail","hentry","category-destacadas"],"yoast_head":"<!-- This site is optimized with the Yoast SEO plugin v27.4 - https:\/\/yoast.com\/product\/yoast-seo-wordpress\/ -->\n<title>Sof\u00eda Gala confes\u00f3 cu\u00e1l es el peor vicio contra el que lucha - Fm Gente<\/title>\n<meta name=\"robots\" content=\"index, follow, max-snippet:-1, max-image-preview:large, max-video-preview:-1\" \/>\n<link rel=\"canonical\" href=\"https:\/\/fmgente.com.ar\/web\/sofia-gala-confeso-cual-es-el-peor-vicio-contra-el-que-lucha\/\" \/>\n<meta property=\"og:locale\" content=\"es_ES\" \/>\n<meta property=\"og:type\" content=\"article\" \/>\n<meta property=\"og:title\" content=\"Sof\u00eda Gala confes\u00f3 cu\u00e1l es el peor vicio contra el que lucha - Fm Gente\" \/>\n<meta property=\"og:description\" content=\"Sof\u00eda Gala es una de las hijas de famosas con bajo perfil. Si bien estuvo\" \/>\n<meta property=\"og:url\" content=\"https:\/\/fmgente.com.ar\/web\/sofia-gala-confeso-cual-es-el-peor-vicio-contra-el-que-lucha\/\" \/>\n<meta property=\"og:site_name\" content=\"Fm Gente\" \/>\n<meta property=\"article:published_time\" content=\"2025-10-04T22:07:41+00:00\" \/>\n<meta property=\"og:image\" content=\"https:\/\/fmgente.com.ar\/web\/wp-content\/uploads\/2025\/10\/IMG_5980-359x226-17.jpg\" \/>\n\t<meta property=\"og:image:width\" content=\"359\" \/>\n\t<meta property=\"og:image:height\" content=\"226\" \/>\n\t<meta property=\"og:image:type\" content=\"image\/jpeg\" \/>\n<meta name=\"twitter:card\" content=\"summary_large_image\" \/>\n<meta name=\"twitter:label1\" content=\"Tiempo de lectura\" \/>\n\t<meta name=\"twitter:data1\" content=\"2 minutos\" \/>\n<script type=\"application\/ld+json\" class=\"yoast-schema-graph\">{\"@context\":\"https:\\\/\\\/schema.org\",\"@graph\":[{\"@type\":\"Article\",\"@id\":\"https:\\\/\\\/fmgente.com.ar\\\/web\\\/sofia-gala-confeso-cual-es-el-peor-vicio-contra-el-que-lucha\\\/#article\",\"isPartOf\":{\"@id\":\"https:\\\/\\\/fmgente.com.ar\\\/web\\\/sofia-gala-confeso-cual-es-el-peor-vicio-contra-el-que-lucha\\\/\"},\"author\":{\"name\":\"\",\"@id\":\"\"},\"headline\":\"Sof\u00eda Gala confes\u00f3 cu\u00e1l es el peor vicio contra el que lucha\",\"datePublished\":\"2025-10-04T22:07:41+00:00\",\"mainEntityOfPage\":{\"@id\":\"https:\\\/\\\/fmgente.com.ar\\\/web\\\/sofia-gala-confeso-cual-es-el-peor-vicio-contra-el-que-lucha\\\/\"},\"wordCount\":440,\"publisher\":{\"@id\":\"https:\\\/\\\/fmgente.com.ar\\\/web\\\/#organization\"},\"image\":{\"@id\":\"https:\\\/\\\/fmgente.com.ar\\\/web\\\/sofia-gala-confeso-cual-es-el-peor-vicio-contra-el-que-lucha\\\/#primaryimage\"},\"thumbnailUrl\":\"https:\\\/\\\/fmgente.com.ar\\\/web\\\/wp-content\\\/uploads\\\/2025\\\/10\\\/IMG_5980-359x226-17.jpg\",\"articleSection\":[\"DESTACADAS\"],\"inLanguage\":\"es\"},{\"@type\":\"WebPage\",\"@id\":\"https:\\\/\\\/fmgente.com.ar\\\/web\\\/sofia-gala-confeso-cual-es-el-peor-vicio-contra-el-que-lucha\\\/\",\"url\":\"https:\\\/\\\/fmgente.com.ar\\\/web\\\/sofia-gala-confeso-cual-es-el-peor-vicio-contra-el-que-lucha\\\/\",\"name\":\"Sof\u00eda Gala confes\u00f3 cu\u00e1l es el peor vicio contra el que lucha - Fm Gente\",\"isPartOf\":{\"@id\":\"https:\\\/\\\/fmgente.com.ar\\\/web\\\/#website\"},\"primaryImageOfPage\":{\"@id\":\"https:\\\/\\\/fmgente.com.ar\\\/web\\\/sofia-gala-confeso-cual-es-el-peor-vicio-contra-el-que-lucha\\\/#primaryimage\"},\"image\":{\"@id\":\"https:\\\/\\\/fmgente.com.ar\\\/web\\\/sofia-gala-confeso-cual-es-el-peor-vicio-contra-el-que-lucha\\\/#primaryimage\"},\"thumbnailUrl\":\"https:\\\/\\\/fmgente.com.ar\\\/web\\\/wp-content\\\/uploads\\\/2025\\\/10\\\/IMG_5980-359x226-17.jpg\",\"datePublished\":\"2025-10-04T22:07:41+00:00\",\"inLanguage\":\"es\",\"potentialAction\":[{\"@type\":\"ReadAction\",\"target\":[\"https:\\\/\\\/fmgente.com.ar\\\/web\\\/sofia-gala-confeso-cual-es-el-peor-vicio-contra-el-que-lucha\\\/\"]}]},{\"@type\":\"ImageObject\",\"inLanguage\":\"es\",\"@id\":\"https:\\\/\\\/fmgente.com.ar\\\/web\\\/sofia-gala-confeso-cual-es-el-peor-vicio-contra-el-que-lucha\\\/#primaryimage\",\"url\":\"https:\\\/\\\/fmgente.com.ar\\\/web\\\/wp-content\\\/uploads\\\/2025\\\/10\\\/IMG_5980-359x226-17.jpg\",\"contentUrl\":\"https:\\\/\\\/fmgente.com.ar\\\/web\\\/wp-content\\\/uploads\\\/2025\\\/10\\\/IMG_5980-359x226-17.jpg\",\"width\":359,\"height\":226},{\"@type\":\"WebSite\",\"@id\":\"https:\\\/\\\/fmgente.com.ar\\\/web\\\/#website\",\"url\":\"https:\\\/\\\/fmgente.com.ar\\\/web\\\/\",\"name\":\"Fm Gente\",\"description\":\"- Jes\u00fas Mar\u00eda\",\"publisher\":{\"@id\":\"https:\\\/\\\/fmgente.com.ar\\\/web\\\/#organization\"},\"potentialAction\":[{\"@type\":\"SearchAction\",\"target\":{\"@type\":\"EntryPoint\",\"urlTemplate\":\"https:\\\/\\\/fmgente.com.ar\\\/web\\\/?s={search_term_string}\"},\"query-input\":{\"@type\":\"PropertyValueSpecification\",\"valueRequired\":true,\"valueName\":\"search_term_string\"}}],\"inLanguage\":\"es\"},{\"@type\":\"Organization\",\"@id\":\"https:\\\/\\\/fmgente.com.ar\\\/web\\\/#organization\",\"name\":\"Fm Gente\",\"url\":\"https:\\\/\\\/fmgente.com.ar\\\/web\\\/\",\"logo\":{\"@type\":\"ImageObject\",\"inLanguage\":\"es\",\"@id\":\"https:\\\/\\\/fmgente.com.ar\\\/web\\\/#\\\/schema\\\/logo\\\/image\\\/\",\"url\":\"https:\\\/\\\/fmgente.com.ar\\\/web\\\/wp-content\\\/uploads\\\/2023\\\/07\\\/cropped-cropped-logo-sombra2.png\",\"contentUrl\":\"https:\\\/\\\/fmgente.com.ar\\\/web\\\/wp-content\\\/uploads\\\/2023\\\/07\\\/cropped-cropped-logo-sombra2.png\",\"width\":1782,\"height\":1782,\"caption\":\"Fm Gente\"},\"image\":{\"@id\":\"https:\\\/\\\/fmgente.com.ar\\\/web\\\/#\\\/schema\\\/logo\\\/image\\\/\"}}]}<\/script>\n<!-- \/ Yoast SEO plugin. -->","yoast_head_json":{"title":"Sof\u00eda Gala confes\u00f3 cu\u00e1l es el peor vicio contra el que lucha - Fm Gente","robots":{"index":"index","follow":"follow","max-snippet":"max-snippet:-1","max-image-preview":"max-image-preview:large","max-video-preview":"max-video-preview:-1"},"canonical":"https:\/\/fmgente.com.ar\/web\/sofia-gala-confeso-cual-es-el-peor-vicio-contra-el-que-lucha\/","og_locale":"es_ES","og_type":"article","og_title":"Sof\u00eda Gala confes\u00f3 cu\u00e1l es el peor vicio contra el que lucha - Fm Gente","og_description":"Sof\u00eda Gala es una de las hijas de famosas con bajo perfil. Si bien estuvo","og_url":"https:\/\/fmgente.com.ar\/web\/sofia-gala-confeso-cual-es-el-peor-vicio-contra-el-que-lucha\/","og_site_name":"Fm Gente","article_published_time":"2025-10-04T22:07:41+00:00","og_image":[{"width":359,"height":226,"url":"https:\/\/fmgente.com.ar\/web\/wp-content\/uploads\/2025\/10\/IMG_5980-359x226-17.jpg","type":"image\/jpeg"}],"twitter_card":"summary_large_image","twitter_misc":{"Tiempo de lectura":"2 minutos"},"schema":{"@context":"https:\/\/schema.org","@graph":[{"@type":"Article","@id":"https:\/\/fmgente.com.ar\/web\/sofia-gala-confeso-cual-es-el-peor-vicio-contra-el-que-lucha\/#article","isPartOf":{"@id":"https:\/\/fmgente.com.ar\/web\/sofia-gala-confeso-cual-es-el-peor-vicio-contra-el-que-lucha\/"},"author":{"name":"","@id":""},"headline":"Sof\u00eda Gala confes\u00f3 cu\u00e1l es el peor vicio contra el que lucha","datePublished":"2025-10-04T22:07:41+00:00","mainEntityOfPage":{"@id":"https:\/\/fmgente.com.ar\/web\/sofia-gala-confeso-cual-es-el-peor-vicio-contra-el-que-lucha\/"},"wordCount":440,"publisher":{"@id":"https:\/\/fmgente.com.ar\/web\/#organization"},"image":{"@id":"https:\/\/fmgente.com.ar\/web\/sofia-gala-confeso-cual-es-el-peor-vicio-contra-el-que-lucha\/#primaryimage"},"thumbnailUrl":"https:\/\/fmgente.com.ar\/web\/wp-content\/uploads\/2025\/10\/IMG_5980-359x226-17.jpg","articleSection":["DESTACADAS"],"inLanguage":"es"},{"@type":"WebPage","@id":"https:\/\/fmgente.com.ar\/web\/sofia-gala-confeso-cual-es-el-peor-vicio-contra-el-que-lucha\/","url":"https:\/\/fmgente.com.ar\/web\/sofia-gala-confeso-cual-es-el-peor-vicio-contra-el-que-lucha\/","name":"Sof\u00eda Gala confes\u00f3 cu\u00e1l es el peor vicio contra el que lucha - Fm Gente","isPartOf":{"@id":"https:\/\/fmgente.com.ar\/web\/#website"},"primaryImageOfPage":{"@id":"https:\/\/fmgente.com.ar\/web\/sofia-gala-confeso-cual-es-el-peor-vicio-contra-el-que-lucha\/#primaryimage"},"image":{"@id":"https:\/\/fmgente.com.ar\/web\/sofia-gala-confeso-cual-es-el-peor-vicio-contra-el-que-lucha\/#primaryimage"},"thumbnailUrl":"https:\/\/fmgente.com.ar\/web\/wp-content\/uploads\/2025\/10\/IMG_5980-359x226-17.jpg","datePublished":"2025-10-04T22:07:41+00:00","inLanguage":"es","potentialAction":[{"@type":"ReadAction","target":["https:\/\/fmgente.com.ar\/web\/sofia-gala-confeso-cual-es-el-peor-vicio-contra-el-que-lucha\/"]}]},{"@type":"ImageObject","inLanguage":"es","@id":"https:\/\/fmgente.com.ar\/web\/sofia-gala-confeso-cual-es-el-peor-vicio-contra-el-que-lucha\/#primaryimage","url":"https:\/\/fmgente.com.ar\/web\/wp-content\/uploads\/2025\/10\/IMG_5980-359x226-17.jpg","contentUrl":"https:\/\/fmgente.com.ar\/web\/wp-content\/uploads\/2025\/10\/IMG_5980-359x226-17.jpg","width":359,"height":226},{"@type":"WebSite","@id":"https:\/\/fmgente.com.ar\/web\/#website","url":"https:\/\/fmgente.com.ar\/web\/","name":"Fm Gente","description":"- Jes\u00fas Mar\u00eda","publisher":{"@id":"https:\/\/fmgente.com.ar\/web\/#organization"},"potentialAction":[{"@type":"SearchAction","target":{"@type":"EntryPoint","urlTemplate":"https:\/\/fmgente.com.ar\/web\/?s={search_term_string}"},"query-input":{"@type":"PropertyValueSpecification","valueRequired":true,"valueName":"search_term_string"}}],"inLanguage":"es"},{"@type":"Organization","@id":"https:\/\/fmgente.com.ar\/web\/#organization","name":"Fm Gente","url":"https:\/\/fmgente.com.ar\/web\/","logo":{"@type":"ImageObject","inLanguage":"es","@id":"https:\/\/fmgente.com.ar\/web\/#\/schema\/logo\/image\/","url":"https:\/\/fmgente.com.ar\/web\/wp-content\/uploads\/2023\/07\/cropped-cropped-logo-sombra2.png","contentUrl":"https:\/\/fmgente.com.ar\/web\/wp-content\/uploads\/2023\/07\/cropped-cropped-logo-sombra2.png","width":1782,"height":1782,"caption":"Fm Gente"},"image":{"@id":"https:\/\/fmgente.com.ar\/web\/#\/schema\/logo\/image\/"}}]}},"_links":{"self":[{"href":"https:\/\/fmgente.com.ar\/web\/wp-json\/wp\/v2\/posts\/6082","targetHints":{"allow":["GET"]}}],"collection":[{"href":"https:\/\/fmgente.com.ar\/web\/wp-json\/wp\/v2\/posts"}],"about":[{"href":"https:\/\/fmgente.com.ar\/web\/wp-json\/wp\/v2\/types\/post"}],"replies":[{"embeddable":true,"href":"https:\/\/fmgente.com.ar\/web\/wp-json\/wp\/v2\/comments?post=6082"}],"version-history":[{"count":0,"href":"https:\/\/fmgente.com.ar\/web\/wp-json\/wp\/v2\/posts\/6082\/revisions"}],"wp:featuredmedia":[{"embeddable":true,"href":"https:\/\/fmgente.com.ar\/web\/wp-json\/wp\/v2\/media\/6083"}],"wp:attachment":[{"href":"https:\/\/fmgente.com.ar\/web\/wp-json\/wp\/v2\/media?parent=6082"}],"wp:term":[{"taxonomy":"category","embeddable":true,"href":"https:\/\/fmgente.com.ar\/web\/wp-json\/wp\/v2\/categories?post=6082"},{"taxonomy":"post_tag","embeddable":true,"href":"https:\/\/fmgente.com.ar\/web\/wp-json\/wp\/v2\/tags?post=6082"}],"curies":[{"name":"wp","href":"https:\/\/api.w.org\/{rel}","templated":true}]}}