{"id":6080,"date":"2025-10-04T18:08:31","date_gmt":"2025-10-04T21:08:31","guid":{"rendered":"https:\/\/fmgente.com.ar\/maxi-lopez-revelo-la-charla-intima-que-tuvo-con-su-esposa-por-su-relacion-con-wanda-nara\/"},"modified":"2025-10-04T18:08:31","modified_gmt":"2025-10-04T21:08:31","slug":"maxi-lopez-revelo-la-charla-intima-que-tuvo-con-su-esposa-por-su-relacion-con-wanda-nara","status":"publish","type":"post","link":"https:\/\/fmgente.com.ar\/web\/maxi-lopez-revelo-la-charla-intima-que-tuvo-con-su-esposa-por-su-relacion-con-wanda-nara\/","title":{"rendered":"Maxi L\u00f3pez revel\u00f3 la charla \u00edntima que tuvo con su esposa por su relaci\u00f3n con Wanda Nara"},"content":{"rendered":"<p><strong>Maxi L\u00f3pez<\/strong> est\u00e1 otra vez en boca de todos. Tras a\u00f1os de bajo perfil, su figura volvi\u00f3 a tener impacto medi\u00e1tico en medio de la guerra que <strong>Wanda Nara<\/strong> enfrenta contra<strong> Mauro Icardi<\/strong>. Ahora el destino sit\u00faa al exfutbolista en la pr\u00f3xima edici\u00f3n de Masterchef Celebrity, certamen que conducir\u00e1 su ex y donde es uno de los grandes protagonistas de la nueva temporada.<\/p>\n<p>Mientras se van dando las grabaciones del programa, ya empezaron a circular diferentes im\u00e1genes como adelanto. Dentro de todo esto, lo que m\u00e1s sorprendi\u00f3 fue un aparente coqueteo de <strong><a href=\"https:\/\/www.paparazzi.com.ar\/teve\/asi-fue-la-intima-reunion-familiar-de-wanda-nara-y-maxi-lopez-pata-tomar-una-decision-trascendental\/\">Maxi<\/a><\/strong> con <strong>Wanda<\/strong>, lo que termin\u00f3 generando una reacci\u00f3n por parte de <strong>Daniela Christiansson<\/strong>, la esposa del ex River, quien cursa un embarazo avanzado y que public\u00f3 una serie de mensajes sugestivos.<\/p>\n<p>Ante todo esto, <strong><a href=\"https:\/\/www.paparazzi.com.ar\/teve\/yanina-latorre-destruyo-a-wanda-nara-y-maxi-lopez-tras-su-histeriqueo-en-redes-sociales\/\">Maxi<\/a><\/strong> decidi\u00f3 hablar para despejar dudas y aclarar algunos rumores que se vienen hablando, sobre todo de su vida privada. <em>\u201cLo estoy disfrutando, eso es importante. Todav\u00eda mucho no podemos contar, pero hay muy buena vibra. El grupo de trabajo me encant\u00f3 y la verdad que est\u00e1 muy bien armado\u201d<\/em>, comenz\u00f3 explicando con Intrusos, en base a las grabaciones de MasterChef.<\/p>\n<div class=\"mt-box \">\n<h4 class=\"mt-heading\">Mir\u00e1 Tambi\u00e9n<\/h4>\n<p><a href=\"https:\/\/www.paparazzi.com.ar\/videos\/exclusivo-marcelo-polino-hablo-como-nunca-de-su-vida-intima-y-conto-cuando-fue-la-ultima-vez-que-tuvo-sexo-con-una-mujer\/\"><\/p>\n<div class=\"mt-content\">\n<div class=\"mt-image-container\"><img decoding=\"async\" src=\"https:\/\/www.paparazzi.com.ar\/wp-content\/uploads\/2025\/09\/IMG_5980-359x226.jpg\" alt=\"\u00a1Exclusivo! Marcelo Polino habl\u00f3 como nunca de su vida \u00edntima y cont\u00f3 cu\u00e1ndo fue la \u00faltima vez que tuvo sexo con una mujer\u00a0\" class=\"mt-image\" loading=\"lazy\" \/><\/div>\n<h5 class=\"mt-title\">\u00a1Exclusivo! Marcelo Polino habl\u00f3 como nunca de su vida \u00edntima y cont\u00f3 cu\u00e1ndo fue la \u00faltima vez que tuvo sexo con una mujer\u00a0<\/h5>\n<\/div>\n<p><\/a><\/div>\n<p>Respecto a la particularidad de compartir dicho proyecto con <strong><a href=\"https:\/\/www.paparazzi.com.ar\/teve\/wanda-nara-y-maxi-lopez-enfrentan-el-peor-escandalo-de-su-vida-es-gravisimo-lo-que-hacen-con-sus-hijos\/\">Wanda<\/a><\/strong>, el empresario deportivo dej\u00f3 en claro que las diferencias con su ex quedaron en el pasado: <em>\u201cHoy estamos en un momento muy positivo, de paz, amor, entonces creo que va a ir bien\u201d<\/em>. Incluso admiti\u00f3 que al principio no estaba convencido: <em>\u201cVine por otras cuestiones, ahora estoy contento de estar ac\u00e1\u201d<\/em>.<\/p>\n<h2 class=\"wp-block-heading\">MAXI L\u00d3PEZ CONT\u00d3 C\u00d3MO REACCION\u00d3 DANIELA CHRISTIANSSON AL COQUETEO DE WANDA NARA<\/h2>\n<p>Tom\u00e1ndolo con humor y sabiendo que no es el m\u00e1s h\u00e1bil en la cocina, <strong>Maxi<\/strong> habl\u00f3 de sus chances en el reality: <em>\u201cNo lo s\u00e9, eso depender\u00e1 del jurado. Si se quema el bife o no, van a decidir ellos. Desde que tuve la primera charla me puse a practicar\u201d<\/em>. Y si bien no lo aclar\u00f3, parece descartar la idea de irse por cuestiones familiares o que tenga contrato por determinado tiempo en el programa.<\/p>\n<p>Sin embargo, la tensi\u00f3n aument\u00f3 cuando <strong>Maxi<\/strong> decidi\u00f3 hablar de la foto con <strong>Wanda<\/strong> y los momentos cercanos que comparten ahora que est\u00e1 de regreso en Buenos Aires. <em>\u201cNo se present\u00f3 a una reuni\u00f3n y su abogado dijo que me debe una cena. Todav\u00eda no me pag\u00f3 nada, tiene que hacerlo\u201d<\/em>. \u00bfY c\u00f3mo le cay\u00f3 todo esto a <strong>Daniela<\/strong>? <em>\u201cYa est\u00e1 todo charlado, sabe que hay buena onda\u201d<\/em>.<\/p>\n<div class=\"mt-box \">\n<h4 class=\"mt-heading\">Mir\u00e1 Tambi\u00e9n<\/h4>\n<p><a href=\"https:\/\/www.paparazzi.com.ar\/teve\/asi-fue-la-intima-reunion-familiar-de-wanda-nara-y-maxi-lopez-pata-tomar-una-decision-trascendental\/\"><\/p>\n<div class=\"mt-content\">\n<div class=\"mt-image-container\"><img decoding=\"async\" src=\"https:\/\/www.paparazzi.com.ar\/wp-content\/uploads\/2025\/08\/Wanda-Nara-y-Maxi-Lopez-juntos-otra-vez-la-confirmacion-que-sacudio-al-mundo-del-espectaculo-359x226.jpg\" alt=\"As\u00ed fue la \u00edntima reuni\u00f3n familiar de Wanda Nara y Maxi L\u00f3pez para tomar una decisi\u00f3n trascendental\" class=\"mt-image\" loading=\"lazy\" \/><\/div>\n<h5 class=\"mt-title\">As\u00ed fue la \u00edntima reuni\u00f3n familiar de Wanda Nara y Maxi L\u00f3pez para tomar una decisi\u00f3n trascendental<\/h5>\n<\/div>\n<p><\/a><\/div>\n<p>Eso s\u00ed, <strong>Maxi<\/strong> evit\u00f3 hacer foco sobre la actual guerra que <strong>Wanda<\/strong> tiene contra <strong>Mauro Icardi<\/strong>, teniendo como prioridad el bienestar de sus hijos varones: <em>\u201cYo de las otras personas no opino. S\u00ed, obviamente puedo hablar por m\u00ed. Me gusta este momento que estamos teniendo por los chicos\u201d<\/em>, cerr\u00f3.<\/p>\n<p>As\u00ed, <strong>Maxi<\/strong> decidi\u00f3 hablar sobre c\u00f3mo vienen d\u00e1ndose las grabaciones en el programa de Telefe y no esconderse ante los posteos de <strong>Daniela<\/strong>. \u00bfEst\u00e1 celosa de <strong>Wanda<\/strong>? \u00bfPuede existir alg\u00fan tipo de problema dentro del matrimonio ahora que est\u00e1n distanciados? Por ahora la calma parece estar presente y la modelo sueca estar\u00eda al tanto de todo lo que pasa en Buenos Aires, a pesar de estar a miles de kil\u00f3metros de distancia.<\/p>\n<div class=\"mt-box \">\n<h4 class=\"mt-heading\">Mir\u00e1 Tambi\u00e9n<\/h4>\n<p><a href=\"https:\/\/www.paparazzi.com.ar\/teve\/wanda-nara-y-maxi-lopez-enfrentan-el-peor-escandalo-de-su-vida-es-gravisimo-lo-que-hacen-con-sus-hijos\/\"><\/p>\n<div class=\"mt-content\">\n<div class=\"mt-image-container\"><img decoding=\"async\" src=\"https:\/\/www.paparazzi.com.ar\/wp-content\/uploads\/2025\/10\/Wanda-Nara-y-Maxi-Lopez-enfrentan-el-peor-escandalo-de-su-vida-22Es-gravisimo-lo-que-hacen-con-sus-hijos22-359x226.jpg\" alt=\"Wanda Nara y Maxi L\u00f3pez enfrentan el peor esc\u00e1ndalo de su vida: &quot;Es grav\u00edsimo lo que hacen con sus hijos&quot;\" class=\"mt-image\" loading=\"lazy\" \/><\/div>\n<h5 class=\"mt-title\">Wanda Nara y Maxi L\u00f3pez enfrentan el peor esc\u00e1ndalo de su vida: \u00abEs grav\u00edsimo lo que hacen con sus hijos\u00bb<\/h5>\n<\/div>\n<p><\/a><\/div>\n<div class=\"mt-box \">\n<h4 class=\"mt-heading\">Mir\u00e1 Tambi\u00e9n<\/h4>\n<p><a href=\"https:\/\/www.paparazzi.com.ar\/teve\/yanina-latorre-destruyo-a-wanda-nara-y-maxi-lopez-tras-su-histeriqueo-en-redes-sociales\/\"><\/p>\n<div class=\"mt-content\">\n<div class=\"mt-image-container\"><img decoding=\"async\" src=\"https:\/\/www.paparazzi.com.ar\/wp-content\/uploads\/2025\/06\/yanina-latorre-wanda-nara-1-359x226.jpg\" alt=\"Yanina Latorre destruy\u00f3 a Wanda Nara y Maxi L\u00f3pez tras su histeriqueo en redes sociales\" class=\"mt-image\" loading=\"lazy\" \/><\/div>\n<h5 class=\"mt-title\">Yanina Latorre destruy\u00f3 a Wanda Nara y Maxi L\u00f3pez tras su histeriqueo en redes sociales<\/h5>\n<\/div>\n<p><\/a><\/div>\n<p>The post <a href=\"https:\/\/www.paparazzi.com.ar\/romances\/maxi-lopez-revelo-la-charla-que-tuvo-con-su-esposa-por-su-intimo-vinculo-con-wanda-nara\/\">Maxi L\u00f3pez revel\u00f3 la charla \u00edntima que tuvo con su esposa por su relaci\u00f3n con Wanda Nara<\/a> appeared first on <a href=\"https:\/\/www.paparazzi.com.ar\">Revista Paparazzi<\/a>.<\/p>\n","protected":false},"excerpt":{"rendered":"<p>Maxi L\u00f3pez est\u00e1 otra vez en boca de todos. Tras a\u00f1os de bajo perfil, su<\/p>\n","protected":false},"author":0,"featured_media":6081,"comment_status":"","ping_status":"","sticky":false,"template":"","format":"standard","meta":{"footnotes":""},"categories":[11],"tags":[],"class_list":["post-6080","post","type-post","status-publish","format-standard","has-post-thumbnail","hentry","category-destacadas"],"yoast_head":"<!-- This site is optimized with the Yoast SEO plugin v27.4 - https:\/\/yoast.com\/product\/yoast-seo-wordpress\/ -->\n<title>Maxi L\u00f3pez revel\u00f3 la charla \u00edntima que tuvo con su esposa por su relaci\u00f3n con Wanda Nara - Fm Gente<\/title>\n<meta name=\"robots\" content=\"index, follow, max-snippet:-1, max-image-preview:large, max-video-preview:-1\" \/>\n<link rel=\"canonical\" href=\"https:\/\/fmgente.com.ar\/web\/maxi-lopez-revelo-la-charla-intima-que-tuvo-con-su-esposa-por-su-relacion-con-wanda-nara\/\" \/>\n<meta property=\"og:locale\" content=\"es_ES\" \/>\n<meta property=\"og:type\" content=\"article\" \/>\n<meta property=\"og:title\" content=\"Maxi L\u00f3pez revel\u00f3 la charla \u00edntima que tuvo con su esposa por su relaci\u00f3n con Wanda Nara - Fm Gente\" \/>\n<meta property=\"og:description\" content=\"Maxi L\u00f3pez est\u00e1 otra vez en boca de todos. Tras a\u00f1os de bajo perfil, su\" \/>\n<meta property=\"og:url\" content=\"https:\/\/fmgente.com.ar\/web\/maxi-lopez-revelo-la-charla-intima-que-tuvo-con-su-esposa-por-su-relacion-con-wanda-nara\/\" \/>\n<meta property=\"og:site_name\" content=\"Fm Gente\" \/>\n<meta property=\"article:published_time\" content=\"2025-10-04T21:08:31+00:00\" \/>\n<meta property=\"og:image\" content=\"https:\/\/fmgente.com.ar\/web\/wp-content\/uploads\/2025\/10\/IMG_5980-359x226-16.jpg\" \/>\n\t<meta property=\"og:image:width\" content=\"359\" \/>\n\t<meta property=\"og:image:height\" content=\"226\" \/>\n\t<meta property=\"og:image:type\" content=\"image\/jpeg\" \/>\n<meta name=\"twitter:card\" content=\"summary_large_image\" \/>\n<meta name=\"twitter:label1\" content=\"Tiempo de lectura\" \/>\n\t<meta name=\"twitter:data1\" content=\"3 minutos\" \/>\n<script type=\"application\/ld+json\" class=\"yoast-schema-graph\">{\"@context\":\"https:\\\/\\\/schema.org\",\"@graph\":[{\"@type\":\"Article\",\"@id\":\"https:\\\/\\\/fmgente.com.ar\\\/web\\\/maxi-lopez-revelo-la-charla-intima-que-tuvo-con-su-esposa-por-su-relacion-con-wanda-nara\\\/#article\",\"isPartOf\":{\"@id\":\"https:\\\/\\\/fmgente.com.ar\\\/web\\\/maxi-lopez-revelo-la-charla-intima-que-tuvo-con-su-esposa-por-su-relacion-con-wanda-nara\\\/\"},\"author\":{\"name\":\"\",\"@id\":\"\"},\"headline\":\"Maxi L\u00f3pez revel\u00f3 la charla \u00edntima que tuvo con su esposa por su relaci\u00f3n con Wanda Nara\",\"datePublished\":\"2025-10-04T21:08:31+00:00\",\"mainEntityOfPage\":{\"@id\":\"https:\\\/\\\/fmgente.com.ar\\\/web\\\/maxi-lopez-revelo-la-charla-intima-que-tuvo-con-su-esposa-por-su-relacion-con-wanda-nara\\\/\"},\"wordCount\":690,\"publisher\":{\"@id\":\"https:\\\/\\\/fmgente.com.ar\\\/web\\\/#organization\"},\"image\":{\"@id\":\"https:\\\/\\\/fmgente.com.ar\\\/web\\\/maxi-lopez-revelo-la-charla-intima-que-tuvo-con-su-esposa-por-su-relacion-con-wanda-nara\\\/#primaryimage\"},\"thumbnailUrl\":\"https:\\\/\\\/fmgente.com.ar\\\/web\\\/wp-content\\\/uploads\\\/2025\\\/10\\\/IMG_5980-359x226-16.jpg\",\"articleSection\":[\"DESTACADAS\"],\"inLanguage\":\"es\"},{\"@type\":\"WebPage\",\"@id\":\"https:\\\/\\\/fmgente.com.ar\\\/web\\\/maxi-lopez-revelo-la-charla-intima-que-tuvo-con-su-esposa-por-su-relacion-con-wanda-nara\\\/\",\"url\":\"https:\\\/\\\/fmgente.com.ar\\\/web\\\/maxi-lopez-revelo-la-charla-intima-que-tuvo-con-su-esposa-por-su-relacion-con-wanda-nara\\\/\",\"name\":\"Maxi L\u00f3pez revel\u00f3 la charla \u00edntima que tuvo con su esposa por su relaci\u00f3n con Wanda Nara - Fm Gente\",\"isPartOf\":{\"@id\":\"https:\\\/\\\/fmgente.com.ar\\\/web\\\/#website\"},\"primaryImageOfPage\":{\"@id\":\"https:\\\/\\\/fmgente.com.ar\\\/web\\\/maxi-lopez-revelo-la-charla-intima-que-tuvo-con-su-esposa-por-su-relacion-con-wanda-nara\\\/#primaryimage\"},\"image\":{\"@id\":\"https:\\\/\\\/fmgente.com.ar\\\/web\\\/maxi-lopez-revelo-la-charla-intima-que-tuvo-con-su-esposa-por-su-relacion-con-wanda-nara\\\/#primaryimage\"},\"thumbnailUrl\":\"https:\\\/\\\/fmgente.com.ar\\\/web\\\/wp-content\\\/uploads\\\/2025\\\/10\\\/IMG_5980-359x226-16.jpg\",\"datePublished\":\"2025-10-04T21:08:31+00:00\",\"inLanguage\":\"es\",\"potentialAction\":[{\"@type\":\"ReadAction\",\"target\":[\"https:\\\/\\\/fmgente.com.ar\\\/web\\\/maxi-lopez-revelo-la-charla-intima-que-tuvo-con-su-esposa-por-su-relacion-con-wanda-nara\\\/\"]}]},{\"@type\":\"ImageObject\",\"inLanguage\":\"es\",\"@id\":\"https:\\\/\\\/fmgente.com.ar\\\/web\\\/maxi-lopez-revelo-la-charla-intima-que-tuvo-con-su-esposa-por-su-relacion-con-wanda-nara\\\/#primaryimage\",\"url\":\"https:\\\/\\\/fmgente.com.ar\\\/web\\\/wp-content\\\/uploads\\\/2025\\\/10\\\/IMG_5980-359x226-16.jpg\",\"contentUrl\":\"https:\\\/\\\/fmgente.com.ar\\\/web\\\/wp-content\\\/uploads\\\/2025\\\/10\\\/IMG_5980-359x226-16.jpg\",\"width\":359,\"height\":226},{\"@type\":\"WebSite\",\"@id\":\"https:\\\/\\\/fmgente.com.ar\\\/web\\\/#website\",\"url\":\"https:\\\/\\\/fmgente.com.ar\\\/web\\\/\",\"name\":\"Fm Gente\",\"description\":\"- Jes\u00fas Mar\u00eda\",\"publisher\":{\"@id\":\"https:\\\/\\\/fmgente.com.ar\\\/web\\\/#organization\"},\"potentialAction\":[{\"@type\":\"SearchAction\",\"target\":{\"@type\":\"EntryPoint\",\"urlTemplate\":\"https:\\\/\\\/fmgente.com.ar\\\/web\\\/?s={search_term_string}\"},\"query-input\":{\"@type\":\"PropertyValueSpecification\",\"valueRequired\":true,\"valueName\":\"search_term_string\"}}],\"inLanguage\":\"es\"},{\"@type\":\"Organization\",\"@id\":\"https:\\\/\\\/fmgente.com.ar\\\/web\\\/#organization\",\"name\":\"Fm Gente\",\"url\":\"https:\\\/\\\/fmgente.com.ar\\\/web\\\/\",\"logo\":{\"@type\":\"ImageObject\",\"inLanguage\":\"es\",\"@id\":\"https:\\\/\\\/fmgente.com.ar\\\/web\\\/#\\\/schema\\\/logo\\\/image\\\/\",\"url\":\"https:\\\/\\\/fmgente.com.ar\\\/web\\\/wp-content\\\/uploads\\\/2023\\\/07\\\/cropped-cropped-logo-sombra2.png\",\"contentUrl\":\"https:\\\/\\\/fmgente.com.ar\\\/web\\\/wp-content\\\/uploads\\\/2023\\\/07\\\/cropped-cropped-logo-sombra2.png\",\"width\":1782,\"height\":1782,\"caption\":\"Fm Gente\"},\"image\":{\"@id\":\"https:\\\/\\\/fmgente.com.ar\\\/web\\\/#\\\/schema\\\/logo\\\/image\\\/\"}}]}<\/script>\n<!-- \/ Yoast SEO plugin. -->","yoast_head_json":{"title":"Maxi L\u00f3pez revel\u00f3 la charla \u00edntima que tuvo con su esposa por su relaci\u00f3n con Wanda Nara - Fm Gente","robots":{"index":"index","follow":"follow","max-snippet":"max-snippet:-1","max-image-preview":"max-image-preview:large","max-video-preview":"max-video-preview:-1"},"canonical":"https:\/\/fmgente.com.ar\/web\/maxi-lopez-revelo-la-charla-intima-que-tuvo-con-su-esposa-por-su-relacion-con-wanda-nara\/","og_locale":"es_ES","og_type":"article","og_title":"Maxi L\u00f3pez revel\u00f3 la charla \u00edntima que tuvo con su esposa por su relaci\u00f3n con Wanda Nara - Fm Gente","og_description":"Maxi L\u00f3pez est\u00e1 otra vez en boca de todos. Tras a\u00f1os de bajo perfil, su","og_url":"https:\/\/fmgente.com.ar\/web\/maxi-lopez-revelo-la-charla-intima-que-tuvo-con-su-esposa-por-su-relacion-con-wanda-nara\/","og_site_name":"Fm Gente","article_published_time":"2025-10-04T21:08:31+00:00","og_image":[{"width":359,"height":226,"url":"https:\/\/fmgente.com.ar\/web\/wp-content\/uploads\/2025\/10\/IMG_5980-359x226-16.jpg","type":"image\/jpeg"}],"twitter_card":"summary_large_image","twitter_misc":{"Tiempo de lectura":"3 minutos"},"schema":{"@context":"https:\/\/schema.org","@graph":[{"@type":"Article","@id":"https:\/\/fmgente.com.ar\/web\/maxi-lopez-revelo-la-charla-intima-que-tuvo-con-su-esposa-por-su-relacion-con-wanda-nara\/#article","isPartOf":{"@id":"https:\/\/fmgente.com.ar\/web\/maxi-lopez-revelo-la-charla-intima-que-tuvo-con-su-esposa-por-su-relacion-con-wanda-nara\/"},"author":{"name":"","@id":""},"headline":"Maxi L\u00f3pez revel\u00f3 la charla \u00edntima que tuvo con su esposa por su relaci\u00f3n con Wanda Nara","datePublished":"2025-10-04T21:08:31+00:00","mainEntityOfPage":{"@id":"https:\/\/fmgente.com.ar\/web\/maxi-lopez-revelo-la-charla-intima-que-tuvo-con-su-esposa-por-su-relacion-con-wanda-nara\/"},"wordCount":690,"publisher":{"@id":"https:\/\/fmgente.com.ar\/web\/#organization"},"image":{"@id":"https:\/\/fmgente.com.ar\/web\/maxi-lopez-revelo-la-charla-intima-que-tuvo-con-su-esposa-por-su-relacion-con-wanda-nara\/#primaryimage"},"thumbnailUrl":"https:\/\/fmgente.com.ar\/web\/wp-content\/uploads\/2025\/10\/IMG_5980-359x226-16.jpg","articleSection":["DESTACADAS"],"inLanguage":"es"},{"@type":"WebPage","@id":"https:\/\/fmgente.com.ar\/web\/maxi-lopez-revelo-la-charla-intima-que-tuvo-con-su-esposa-por-su-relacion-con-wanda-nara\/","url":"https:\/\/fmgente.com.ar\/web\/maxi-lopez-revelo-la-charla-intima-que-tuvo-con-su-esposa-por-su-relacion-con-wanda-nara\/","name":"Maxi L\u00f3pez revel\u00f3 la charla \u00edntima que tuvo con su esposa por su relaci\u00f3n con Wanda Nara - Fm Gente","isPartOf":{"@id":"https:\/\/fmgente.com.ar\/web\/#website"},"primaryImageOfPage":{"@id":"https:\/\/fmgente.com.ar\/web\/maxi-lopez-revelo-la-charla-intima-que-tuvo-con-su-esposa-por-su-relacion-con-wanda-nara\/#primaryimage"},"image":{"@id":"https:\/\/fmgente.com.ar\/web\/maxi-lopez-revelo-la-charla-intima-que-tuvo-con-su-esposa-por-su-relacion-con-wanda-nara\/#primaryimage"},"thumbnailUrl":"https:\/\/fmgente.com.ar\/web\/wp-content\/uploads\/2025\/10\/IMG_5980-359x226-16.jpg","datePublished":"2025-10-04T21:08:31+00:00","inLanguage":"es","potentialAction":[{"@type":"ReadAction","target":["https:\/\/fmgente.com.ar\/web\/maxi-lopez-revelo-la-charla-intima-que-tuvo-con-su-esposa-por-su-relacion-con-wanda-nara\/"]}]},{"@type":"ImageObject","inLanguage":"es","@id":"https:\/\/fmgente.com.ar\/web\/maxi-lopez-revelo-la-charla-intima-que-tuvo-con-su-esposa-por-su-relacion-con-wanda-nara\/#primaryimage","url":"https:\/\/fmgente.com.ar\/web\/wp-content\/uploads\/2025\/10\/IMG_5980-359x226-16.jpg","contentUrl":"https:\/\/fmgente.com.ar\/web\/wp-content\/uploads\/2025\/10\/IMG_5980-359x226-16.jpg","width":359,"height":226},{"@type":"WebSite","@id":"https:\/\/fmgente.com.ar\/web\/#website","url":"https:\/\/fmgente.com.ar\/web\/","name":"Fm Gente","description":"- Jes\u00fas Mar\u00eda","publisher":{"@id":"https:\/\/fmgente.com.ar\/web\/#organization"},"potentialAction":[{"@type":"SearchAction","target":{"@type":"EntryPoint","urlTemplate":"https:\/\/fmgente.com.ar\/web\/?s={search_term_string}"},"query-input":{"@type":"PropertyValueSpecification","valueRequired":true,"valueName":"search_term_string"}}],"inLanguage":"es"},{"@type":"Organization","@id":"https:\/\/fmgente.com.ar\/web\/#organization","name":"Fm Gente","url":"https:\/\/fmgente.com.ar\/web\/","logo":{"@type":"ImageObject","inLanguage":"es","@id":"https:\/\/fmgente.com.ar\/web\/#\/schema\/logo\/image\/","url":"https:\/\/fmgente.com.ar\/web\/wp-content\/uploads\/2023\/07\/cropped-cropped-logo-sombra2.png","contentUrl":"https:\/\/fmgente.com.ar\/web\/wp-content\/uploads\/2023\/07\/cropped-cropped-logo-sombra2.png","width":1782,"height":1782,"caption":"Fm Gente"},"image":{"@id":"https:\/\/fmgente.com.ar\/web\/#\/schema\/logo\/image\/"}}]}},"_links":{"self":[{"href":"https:\/\/fmgente.com.ar\/web\/wp-json\/wp\/v2\/posts\/6080","targetHints":{"allow":["GET"]}}],"collection":[{"href":"https:\/\/fmgente.com.ar\/web\/wp-json\/wp\/v2\/posts"}],"about":[{"href":"https:\/\/fmgente.com.ar\/web\/wp-json\/wp\/v2\/types\/post"}],"replies":[{"embeddable":true,"href":"https:\/\/fmgente.com.ar\/web\/wp-json\/wp\/v2\/comments?post=6080"}],"version-history":[{"count":0,"href":"https:\/\/fmgente.com.ar\/web\/wp-json\/wp\/v2\/posts\/6080\/revisions"}],"wp:featuredmedia":[{"embeddable":true,"href":"https:\/\/fmgente.com.ar\/web\/wp-json\/wp\/v2\/media\/6081"}],"wp:attachment":[{"href":"https:\/\/fmgente.com.ar\/web\/wp-json\/wp\/v2\/media?parent=6080"}],"wp:term":[{"taxonomy":"category","embeddable":true,"href":"https:\/\/fmgente.com.ar\/web\/wp-json\/wp\/v2\/categories?post=6080"},{"taxonomy":"post_tag","embeddable":true,"href":"https:\/\/fmgente.com.ar\/web\/wp-json\/wp\/v2\/tags?post=6080"}],"curies":[{"name":"wp","href":"https:\/\/api.w.org\/{rel}","templated":true}]}}