{"id":6078,"date":"2025-10-04T18:08:30","date_gmt":"2025-10-04T21:08:30","guid":{"rendered":"https:\/\/fmgente.com.ar\/la-inesperada-reaccion-de-soledad-pastorutti-sobre-su-marido-jeremias-audoglio-no-le-gustaba-que\/"},"modified":"2025-10-04T18:08:30","modified_gmt":"2025-10-04T21:08:30","slug":"la-inesperada-reaccion-de-soledad-pastorutti-sobre-su-marido-jeremias-audoglio-no-le-gustaba-que","status":"publish","type":"post","link":"https:\/\/fmgente.com.ar\/web\/la-inesperada-reaccion-de-soledad-pastorutti-sobre-su-marido-jeremias-audoglio-no-le-gustaba-que\/","title":{"rendered":"La inesperada reacci\u00f3n de Soledad Pastorutti sobre su marido Jerem\u00edas Audoglio: &quot;No le gustaba que&#8230;&quot;"},"content":{"rendered":"<p><strong><a href=\"https:\/\/www.paparazzi.com.ar\/?s=Soledad+Pastorutti\">Soledad Pastorutti<\/a><\/strong> volvi\u00f3 a emocionar al hablar de su vida personal y esta vez, lo hizo con total sinceridad. En una entrevista con H\u00e9ctor Maugeri, la cantante record\u00f3 los comienzos de su historia de amor con su marido, <strong><a href=\"https:\/\/www.paparazzi.com.ar\/?s=Jerem%C3%ADas+Audoglio\">Jerem\u00edas Audoglio<\/a><\/strong>, con quien lleva m\u00e1s de 25 a\u00f1os de relaci\u00f3n.<\/p>\n<p><em>\u201cJerem\u00edas fue mi primer novio y llevamos 25 a\u00f1os juntos\u201d<\/em>, cont\u00f3 Soledad. La cantante revel\u00f3 que fueron siete a\u00f1os de noviazgo antes de dar el \u201cs\u00ed, quiero\u201d en 2007. Pero llegar hasta ah\u00ed no fue sencillo. <\/p>\n<p><em>\u201cNo era tan f\u00e1cil para m\u00ed enganchar, porque viste que no estaba nunca, no sal\u00eda. Tampoco era muy agraciada. En aquel momento hab\u00eda muchos prejuicios con esto de vestirse de gaucho y qu\u00e9 s\u00e9 yo, no fue tan f\u00e1cil, hasta que consegu\u00ed uno\u201d<\/em>, record\u00f3 entre risas.<\/p>\n<div class=\"mt-box \">\n<h4 class=\"mt-heading\">Mir\u00e1 Tambi\u00e9n<\/h4>\n<p><a href=\"https:\/\/www.paparazzi.com.ar\/teve\/exclusivo-nacho-castanares-revelo-como-esta-thiago-medina-tras-despertar-del-coma\/\"><\/p>\n<div class=\"mt-content\">\n<div class=\"mt-image-container\"><img decoding=\"async\" src=\"https:\/\/www.paparazzi.com.ar\/wp-content\/uploads\/2025\/09\/Nacho-Castanares-Thiago-medina-359x226.jpg\" alt=\"\u00a1Exclusivo! Nacho Casta\u00f1ares revel\u00f3 c\u00f3mo est\u00e1 Thiago Medina tras despertar del coma\" class=\"mt-image\" loading=\"lazy\" \/><\/div>\n<h5 class=\"mt-title\">\u00a1Exclusivo! Nacho Casta\u00f1ares revel\u00f3 c\u00f3mo est\u00e1 Thiago Medina tras despertar del coma<\/h5>\n<\/div>\n<p><\/a><\/div>\n<p>El amor lleg\u00f3 en un momento clave de su vida. Soledad estaba en pleno auge de su carrera y hab\u00eda dejado la escuela secundaria porque, seg\u00fan cont\u00f3,<em> \u201cestaba haciendo los 30 Gran Rex y era una locura\u201d<\/em>. Fue en la escuela nocturna donde conoci\u00f3 a Jerem\u00edas, su futuro esposo. <\/p>\n<p><em>\u201cA m\u00ed me parec\u00eda mentira que \u00e9l se fijase en m\u00ed, pero un par de amigas y mi prima me dicen \u2018Mir\u00e1 que s\u00ed, eh, que yo creo que s\u00ed\u2019. Eran otras \u00e9pocas, no era tan cool cantar folklore. Yo me vest\u00eda de una manera muy muy especial, para mucha gente muy rara\u201d<\/em>, confes\u00f3.<\/p>\n<div class=\"mt-box \">\n<h4 class=\"mt-heading\">Mir\u00e1 Tambi\u00e9n<\/h4>\n<p><a href=\"https:\/\/www.paparazzi.com.ar\/teve\/el-furioso-reclamo-de-soledad-pastorutti-contra-nico-occhiato-en-la-voz-argentina\/\"><\/p>\n<div class=\"mt-content\">\n<div class=\"mt-image-container\"><img decoding=\"async\" src=\"https:\/\/www.paparazzi.com.ar\/wp-content\/uploads\/2025\/09\/nico-occhiato-soledad-pastorutti-la-voz-argentina-359x226.png\" alt=\"El furioso reclamo de Soledad Pastorutti contra Nico Occhiato en La Voz Argentina\" class=\"mt-image\" loading=\"lazy\" \/><\/div>\n<h5 class=\"mt-title\">El furioso reclamo de Soledad Pastorutti contra Nico Occhiato en La Voz Argentina<\/h5>\n<\/div>\n<p><\/a><\/div>\n<p>Sin embargo, la primera declaraci\u00f3n de amor no fue nada convencional. Soledad relat\u00f3 que fue ella quien dio el primer paso, aunque las cosas no salieron como esperaba. <em>\u201cGolpe\u00e9 la ventana equivocada porque la de mi suegra estaba al lado\u201d<\/em>, cont\u00f3 divertida. <\/p>\n<p>Su plan era decirle a Jerem\u00edas que lo quer\u00eda, pero termin\u00f3 habl\u00e1ndole a su futura suegra. A pesar de la confusi\u00f3n, ese fue el inicio de una relaci\u00f3n que con el tiempo se volvi\u00f3 inquebrantable. La pareja transit\u00f3 siete a\u00f1os de noviazgo sin convivir ni compartir vacaciones juntos, algo que hoy parece impensado.<\/p>\n<div class=\"mt-box \">\n<h4 class=\"mt-heading\">Mir\u00e1 Tambi\u00e9n<\/h4>\n<p><a href=\"https:\/\/www.paparazzi.com.ar\/teve\/se-termino-soledad-pastorutti-tomo-la-decision-mas-dificil-en-pleno-exito-de-la-voz\/\"><\/p>\n<div class=\"mt-content\">\n<div class=\"mt-image-container\"><img decoding=\"async\" src=\"https:\/\/www.paparazzi.com.ar\/wp-content\/uploads\/2025\/09\/Se-termino-Soledad-Pastorutti-tomo-la-decision-mas-dificil-en-pleno-exito-de-La-Voz-359x226.jpg\" alt=\"Se termin\u00f3: Soledad Pastorutti tom\u00f3 la decisi\u00f3n m\u00e1s dif\u00edcil en pleno \u00e9xito de La Voz\" class=\"mt-image\" loading=\"lazy\" \/><\/div>\n<h5 class=\"mt-title\">Se termin\u00f3: Soledad Pastorutti tom\u00f3 la decisi\u00f3n m\u00e1s dif\u00edcil en pleno \u00e9xito de La Voz<\/h5>\n<\/div>\n<p><\/a><\/div>\n<p><em>\u201cPara nosotros la convivencia empez\u00f3 a partir del casamiento. Eran otros tiempos, otra manera de ver la situaci\u00f3n\u201d<\/em>, explic\u00f3 Soledad. Adem\u00e1s, admiti\u00f3 que no todos en su entorno estaban de acuerdo con la relaci\u00f3n: <em>\u201cA mi viejo mucho no le gustaba. A mi mam\u00e1 tampoco. Nunca me fui de vacaciones con Jere estando de novios\u201d.<\/em><\/p>\n<p>Con la sinceridad que la caracteriza, la artista reflexion\u00f3 sobre c\u00f3mo, a pesar de los prejuicios y las dificultades, el amor y la paciencia terminaron ganando. Tras su casamiento, la convivencia lleg\u00f3 de manera natural y dos a\u00f1os despu\u00e9s, naci\u00f3 su primera hija, Antonia.<\/p>\n<figure class=\"wp-block-image size-large\"><img decoding=\"async\" src=\"https:\/\/www.paparazzi.com.ar\/wp-content\/uploads\/2025\/10\/image-34-821x1024.png.webp\" loading=\"lazy\" alt=\"\" class=\"wp-image-446402\" \/><\/figure>\n<div class=\"mt-box \">\n<h4 class=\"mt-heading\">Mir\u00e1 Tambi\u00e9n<\/h4>\n<p><a href=\"https:\/\/www.paparazzi.com.ar\/teve\/la-solesoledad-pastorutti-lloro-en-la-voz-argentina-tras-una-polemica-y-inedita-decision-con-dos-participantes\/\"><\/p>\n<div class=\"mt-content\">\n<div class=\"mt-image-container\"><img decoding=\"async\" src=\"https:\/\/www.paparazzi.com.ar\/wp-content\/uploads\/2025\/08\/soledad-pastorutti-la-voz-2-359x226.jpg\" alt=\"\u00a1Se quebr\u00f3! Las l\u00e1grimas de Soledad Pastorutti en La Voz tras tomar una pol\u00e9mica decisi\u00f3n con dos participantes\" class=\"mt-image\" loading=\"lazy\" \/><\/div>\n<h5 class=\"mt-title\">\u00a1Se quebr\u00f3! Las l\u00e1grimas de Soledad Pastorutti en La Voz tras tomar una pol\u00e9mica decisi\u00f3n con dos participantes<\/h5>\n<\/div>\n<p><\/a><\/div>\n<div class=\"mt-box \">\n<h4 class=\"mt-heading\">Mir\u00e1 Tambi\u00e9n<\/h4>\n<p><a href=\"https:\/\/www.paparazzi.com.ar\/teve\/soledad-pastorutti-revivio-su-escandalo-en-la-voz-argentina-con-dos-participantes-me-vas-a-sacar-a-cachetazos\/\"><\/p>\n<div class=\"mt-content\">\n<div class=\"mt-image-container\"><img decoding=\"async\" src=\"https:\/\/www.paparazzi.com.ar\/wp-content\/uploads\/2025\/08\/soledad-pastorutti-la-voz-1-359x226.jpg\" alt=\"Soledad Pastorutti apur\u00f3 a una participante de La Voz con una fuerte advertencia: \u201c\u00bfMe vas a\u2026?\u201d\" class=\"mt-image\" loading=\"lazy\" \/><\/div>\n<h5 class=\"mt-title\">Soledad Pastorutti apur\u00f3 a una participante de La Voz con una fuerte advertencia: \u201c\u00bfMe vas a\u2026?\u201d<\/h5>\n<\/div>\n<p><\/a><\/div>\n<p>The post <a href=\"https:\/\/www.paparazzi.com.ar\/romances\/la-inesperada-reaccion-de-soledad-pastorutti-sobre-su-marido-jeremias-audoglio-no-le-gustaba-que\/\">La inesperada reacci\u00f3n de Soledad Pastorutti sobre su marido Jerem\u00edas Audoglio: &quot;No le gustaba que&#8230;&quot;<\/a> appeared first on <a href=\"https:\/\/www.paparazzi.com.ar\">Revista Paparazzi<\/a>.<\/p>\n","protected":false},"excerpt":{"rendered":"<p>Soledad Pastorutti volvi\u00f3 a emocionar al hablar de su vida personal y esta vez, lo<\/p>\n","protected":false},"author":0,"featured_media":6079,"comment_status":"","ping_status":"","sticky":false,"template":"","format":"standard","meta":{"footnotes":""},"categories":[11],"tags":[],"class_list":["post-6078","post","type-post","status-publish","format-standard","has-post-thumbnail","hentry","category-destacadas"],"yoast_head":"<!-- This site is optimized with the Yoast SEO plugin v27.4 - https:\/\/yoast.com\/product\/yoast-seo-wordpress\/ -->\n<title>La inesperada reacci\u00f3n de Soledad Pastorutti sobre su marido Jerem\u00edas Audoglio: &quot;No le gustaba que...&quot; - Fm Gente<\/title>\n<meta name=\"robots\" content=\"index, follow, max-snippet:-1, max-image-preview:large, max-video-preview:-1\" \/>\n<link rel=\"canonical\" href=\"https:\/\/fmgente.com.ar\/web\/la-inesperada-reaccion-de-soledad-pastorutti-sobre-su-marido-jeremias-audoglio-no-le-gustaba-que\/\" \/>\n<meta property=\"og:locale\" content=\"es_ES\" \/>\n<meta property=\"og:type\" content=\"article\" \/>\n<meta property=\"og:title\" content=\"La inesperada reacci\u00f3n de Soledad Pastorutti sobre su marido Jerem\u00edas Audoglio: &quot;No le gustaba que...&quot; - Fm Gente\" \/>\n<meta property=\"og:description\" content=\"Soledad Pastorutti volvi\u00f3 a emocionar al hablar de su vida personal y esta vez, lo\" \/>\n<meta property=\"og:url\" content=\"https:\/\/fmgente.com.ar\/web\/la-inesperada-reaccion-de-soledad-pastorutti-sobre-su-marido-jeremias-audoglio-no-le-gustaba-que\/\" \/>\n<meta property=\"og:site_name\" content=\"Fm Gente\" \/>\n<meta property=\"article:published_time\" content=\"2025-10-04T21:08:30+00:00\" \/>\n<meta property=\"og:image\" content=\"https:\/\/fmgente.com.ar\/web\/wp-content\/uploads\/2025\/10\/Nacho-Castanares-Thiago-medina-359x226-7.jpg\" \/>\n\t<meta property=\"og:image:width\" content=\"359\" \/>\n\t<meta property=\"og:image:height\" content=\"226\" \/>\n\t<meta property=\"og:image:type\" content=\"image\/jpeg\" \/>\n<meta name=\"twitter:card\" content=\"summary_large_image\" \/>\n<meta name=\"twitter:label1\" content=\"Tiempo de lectura\" \/>\n\t<meta name=\"twitter:data1\" content=\"3 minutos\" \/>\n<script type=\"application\/ld+json\" class=\"yoast-schema-graph\">{\"@context\":\"https:\\\/\\\/schema.org\",\"@graph\":[{\"@type\":\"Article\",\"@id\":\"https:\\\/\\\/fmgente.com.ar\\\/web\\\/la-inesperada-reaccion-de-soledad-pastorutti-sobre-su-marido-jeremias-audoglio-no-le-gustaba-que\\\/#article\",\"isPartOf\":{\"@id\":\"https:\\\/\\\/fmgente.com.ar\\\/web\\\/la-inesperada-reaccion-de-soledad-pastorutti-sobre-su-marido-jeremias-audoglio-no-le-gustaba-que\\\/\"},\"author\":{\"name\":\"\",\"@id\":\"\"},\"headline\":\"La inesperada reacci\u00f3n de Soledad Pastorutti sobre su marido Jerem\u00edas Audoglio: &quot;No le gustaba que&#8230;&quot;\",\"datePublished\":\"2025-10-04T21:08:30+00:00\",\"mainEntityOfPage\":{\"@id\":\"https:\\\/\\\/fmgente.com.ar\\\/web\\\/la-inesperada-reaccion-de-soledad-pastorutti-sobre-su-marido-jeremias-audoglio-no-le-gustaba-que\\\/\"},\"wordCount\":596,\"publisher\":{\"@id\":\"https:\\\/\\\/fmgente.com.ar\\\/web\\\/#organization\"},\"image\":{\"@id\":\"https:\\\/\\\/fmgente.com.ar\\\/web\\\/la-inesperada-reaccion-de-soledad-pastorutti-sobre-su-marido-jeremias-audoglio-no-le-gustaba-que\\\/#primaryimage\"},\"thumbnailUrl\":\"https:\\\/\\\/fmgente.com.ar\\\/web\\\/wp-content\\\/uploads\\\/2025\\\/10\\\/Nacho-Castanares-Thiago-medina-359x226-7.jpg\",\"articleSection\":[\"DESTACADAS\"],\"inLanguage\":\"es\"},{\"@type\":\"WebPage\",\"@id\":\"https:\\\/\\\/fmgente.com.ar\\\/web\\\/la-inesperada-reaccion-de-soledad-pastorutti-sobre-su-marido-jeremias-audoglio-no-le-gustaba-que\\\/\",\"url\":\"https:\\\/\\\/fmgente.com.ar\\\/web\\\/la-inesperada-reaccion-de-soledad-pastorutti-sobre-su-marido-jeremias-audoglio-no-le-gustaba-que\\\/\",\"name\":\"La inesperada reacci\u00f3n de Soledad Pastorutti sobre su marido Jerem\u00edas Audoglio: &quot;No le gustaba que...&quot; - Fm Gente\",\"isPartOf\":{\"@id\":\"https:\\\/\\\/fmgente.com.ar\\\/web\\\/#website\"},\"primaryImageOfPage\":{\"@id\":\"https:\\\/\\\/fmgente.com.ar\\\/web\\\/la-inesperada-reaccion-de-soledad-pastorutti-sobre-su-marido-jeremias-audoglio-no-le-gustaba-que\\\/#primaryimage\"},\"image\":{\"@id\":\"https:\\\/\\\/fmgente.com.ar\\\/web\\\/la-inesperada-reaccion-de-soledad-pastorutti-sobre-su-marido-jeremias-audoglio-no-le-gustaba-que\\\/#primaryimage\"},\"thumbnailUrl\":\"https:\\\/\\\/fmgente.com.ar\\\/web\\\/wp-content\\\/uploads\\\/2025\\\/10\\\/Nacho-Castanares-Thiago-medina-359x226-7.jpg\",\"datePublished\":\"2025-10-04T21:08:30+00:00\",\"inLanguage\":\"es\",\"potentialAction\":[{\"@type\":\"ReadAction\",\"target\":[\"https:\\\/\\\/fmgente.com.ar\\\/web\\\/la-inesperada-reaccion-de-soledad-pastorutti-sobre-su-marido-jeremias-audoglio-no-le-gustaba-que\\\/\"]}]},{\"@type\":\"ImageObject\",\"inLanguage\":\"es\",\"@id\":\"https:\\\/\\\/fmgente.com.ar\\\/web\\\/la-inesperada-reaccion-de-soledad-pastorutti-sobre-su-marido-jeremias-audoglio-no-le-gustaba-que\\\/#primaryimage\",\"url\":\"https:\\\/\\\/fmgente.com.ar\\\/web\\\/wp-content\\\/uploads\\\/2025\\\/10\\\/Nacho-Castanares-Thiago-medina-359x226-7.jpg\",\"contentUrl\":\"https:\\\/\\\/fmgente.com.ar\\\/web\\\/wp-content\\\/uploads\\\/2025\\\/10\\\/Nacho-Castanares-Thiago-medina-359x226-7.jpg\",\"width\":359,\"height\":226},{\"@type\":\"WebSite\",\"@id\":\"https:\\\/\\\/fmgente.com.ar\\\/web\\\/#website\",\"url\":\"https:\\\/\\\/fmgente.com.ar\\\/web\\\/\",\"name\":\"Fm Gente\",\"description\":\"- Jes\u00fas Mar\u00eda\",\"publisher\":{\"@id\":\"https:\\\/\\\/fmgente.com.ar\\\/web\\\/#organization\"},\"potentialAction\":[{\"@type\":\"SearchAction\",\"target\":{\"@type\":\"EntryPoint\",\"urlTemplate\":\"https:\\\/\\\/fmgente.com.ar\\\/web\\\/?s={search_term_string}\"},\"query-input\":{\"@type\":\"PropertyValueSpecification\",\"valueRequired\":true,\"valueName\":\"search_term_string\"}}],\"inLanguage\":\"es\"},{\"@type\":\"Organization\",\"@id\":\"https:\\\/\\\/fmgente.com.ar\\\/web\\\/#organization\",\"name\":\"Fm Gente\",\"url\":\"https:\\\/\\\/fmgente.com.ar\\\/web\\\/\",\"logo\":{\"@type\":\"ImageObject\",\"inLanguage\":\"es\",\"@id\":\"https:\\\/\\\/fmgente.com.ar\\\/web\\\/#\\\/schema\\\/logo\\\/image\\\/\",\"url\":\"https:\\\/\\\/fmgente.com.ar\\\/web\\\/wp-content\\\/uploads\\\/2023\\\/07\\\/cropped-cropped-logo-sombra2.png\",\"contentUrl\":\"https:\\\/\\\/fmgente.com.ar\\\/web\\\/wp-content\\\/uploads\\\/2023\\\/07\\\/cropped-cropped-logo-sombra2.png\",\"width\":1782,\"height\":1782,\"caption\":\"Fm Gente\"},\"image\":{\"@id\":\"https:\\\/\\\/fmgente.com.ar\\\/web\\\/#\\\/schema\\\/logo\\\/image\\\/\"}}]}<\/script>\n<!-- \/ Yoast SEO plugin. -->","yoast_head_json":{"title":"La inesperada reacci\u00f3n de Soledad Pastorutti sobre su marido Jerem\u00edas Audoglio: &quot;No le gustaba que...&quot; - Fm Gente","robots":{"index":"index","follow":"follow","max-snippet":"max-snippet:-1","max-image-preview":"max-image-preview:large","max-video-preview":"max-video-preview:-1"},"canonical":"https:\/\/fmgente.com.ar\/web\/la-inesperada-reaccion-de-soledad-pastorutti-sobre-su-marido-jeremias-audoglio-no-le-gustaba-que\/","og_locale":"es_ES","og_type":"article","og_title":"La inesperada reacci\u00f3n de Soledad Pastorutti sobre su marido Jerem\u00edas Audoglio: &quot;No le gustaba que...&quot; - Fm Gente","og_description":"Soledad Pastorutti volvi\u00f3 a emocionar al hablar de su vida personal y esta vez, lo","og_url":"https:\/\/fmgente.com.ar\/web\/la-inesperada-reaccion-de-soledad-pastorutti-sobre-su-marido-jeremias-audoglio-no-le-gustaba-que\/","og_site_name":"Fm Gente","article_published_time":"2025-10-04T21:08:30+00:00","og_image":[{"width":359,"height":226,"url":"https:\/\/fmgente.com.ar\/web\/wp-content\/uploads\/2025\/10\/Nacho-Castanares-Thiago-medina-359x226-7.jpg","type":"image\/jpeg"}],"twitter_card":"summary_large_image","twitter_misc":{"Tiempo de lectura":"3 minutos"},"schema":{"@context":"https:\/\/schema.org","@graph":[{"@type":"Article","@id":"https:\/\/fmgente.com.ar\/web\/la-inesperada-reaccion-de-soledad-pastorutti-sobre-su-marido-jeremias-audoglio-no-le-gustaba-que\/#article","isPartOf":{"@id":"https:\/\/fmgente.com.ar\/web\/la-inesperada-reaccion-de-soledad-pastorutti-sobre-su-marido-jeremias-audoglio-no-le-gustaba-que\/"},"author":{"name":"","@id":""},"headline":"La inesperada reacci\u00f3n de Soledad Pastorutti sobre su marido Jerem\u00edas Audoglio: &quot;No le gustaba que&#8230;&quot;","datePublished":"2025-10-04T21:08:30+00:00","mainEntityOfPage":{"@id":"https:\/\/fmgente.com.ar\/web\/la-inesperada-reaccion-de-soledad-pastorutti-sobre-su-marido-jeremias-audoglio-no-le-gustaba-que\/"},"wordCount":596,"publisher":{"@id":"https:\/\/fmgente.com.ar\/web\/#organization"},"image":{"@id":"https:\/\/fmgente.com.ar\/web\/la-inesperada-reaccion-de-soledad-pastorutti-sobre-su-marido-jeremias-audoglio-no-le-gustaba-que\/#primaryimage"},"thumbnailUrl":"https:\/\/fmgente.com.ar\/web\/wp-content\/uploads\/2025\/10\/Nacho-Castanares-Thiago-medina-359x226-7.jpg","articleSection":["DESTACADAS"],"inLanguage":"es"},{"@type":"WebPage","@id":"https:\/\/fmgente.com.ar\/web\/la-inesperada-reaccion-de-soledad-pastorutti-sobre-su-marido-jeremias-audoglio-no-le-gustaba-que\/","url":"https:\/\/fmgente.com.ar\/web\/la-inesperada-reaccion-de-soledad-pastorutti-sobre-su-marido-jeremias-audoglio-no-le-gustaba-que\/","name":"La inesperada reacci\u00f3n de Soledad Pastorutti sobre su marido Jerem\u00edas Audoglio: &quot;No le gustaba que...&quot; - Fm Gente","isPartOf":{"@id":"https:\/\/fmgente.com.ar\/web\/#website"},"primaryImageOfPage":{"@id":"https:\/\/fmgente.com.ar\/web\/la-inesperada-reaccion-de-soledad-pastorutti-sobre-su-marido-jeremias-audoglio-no-le-gustaba-que\/#primaryimage"},"image":{"@id":"https:\/\/fmgente.com.ar\/web\/la-inesperada-reaccion-de-soledad-pastorutti-sobre-su-marido-jeremias-audoglio-no-le-gustaba-que\/#primaryimage"},"thumbnailUrl":"https:\/\/fmgente.com.ar\/web\/wp-content\/uploads\/2025\/10\/Nacho-Castanares-Thiago-medina-359x226-7.jpg","datePublished":"2025-10-04T21:08:30+00:00","inLanguage":"es","potentialAction":[{"@type":"ReadAction","target":["https:\/\/fmgente.com.ar\/web\/la-inesperada-reaccion-de-soledad-pastorutti-sobre-su-marido-jeremias-audoglio-no-le-gustaba-que\/"]}]},{"@type":"ImageObject","inLanguage":"es","@id":"https:\/\/fmgente.com.ar\/web\/la-inesperada-reaccion-de-soledad-pastorutti-sobre-su-marido-jeremias-audoglio-no-le-gustaba-que\/#primaryimage","url":"https:\/\/fmgente.com.ar\/web\/wp-content\/uploads\/2025\/10\/Nacho-Castanares-Thiago-medina-359x226-7.jpg","contentUrl":"https:\/\/fmgente.com.ar\/web\/wp-content\/uploads\/2025\/10\/Nacho-Castanares-Thiago-medina-359x226-7.jpg","width":359,"height":226},{"@type":"WebSite","@id":"https:\/\/fmgente.com.ar\/web\/#website","url":"https:\/\/fmgente.com.ar\/web\/","name":"Fm Gente","description":"- Jes\u00fas Mar\u00eda","publisher":{"@id":"https:\/\/fmgente.com.ar\/web\/#organization"},"potentialAction":[{"@type":"SearchAction","target":{"@type":"EntryPoint","urlTemplate":"https:\/\/fmgente.com.ar\/web\/?s={search_term_string}"},"query-input":{"@type":"PropertyValueSpecification","valueRequired":true,"valueName":"search_term_string"}}],"inLanguage":"es"},{"@type":"Organization","@id":"https:\/\/fmgente.com.ar\/web\/#organization","name":"Fm Gente","url":"https:\/\/fmgente.com.ar\/web\/","logo":{"@type":"ImageObject","inLanguage":"es","@id":"https:\/\/fmgente.com.ar\/web\/#\/schema\/logo\/image\/","url":"https:\/\/fmgente.com.ar\/web\/wp-content\/uploads\/2023\/07\/cropped-cropped-logo-sombra2.png","contentUrl":"https:\/\/fmgente.com.ar\/web\/wp-content\/uploads\/2023\/07\/cropped-cropped-logo-sombra2.png","width":1782,"height":1782,"caption":"Fm Gente"},"image":{"@id":"https:\/\/fmgente.com.ar\/web\/#\/schema\/logo\/image\/"}}]}},"_links":{"self":[{"href":"https:\/\/fmgente.com.ar\/web\/wp-json\/wp\/v2\/posts\/6078","targetHints":{"allow":["GET"]}}],"collection":[{"href":"https:\/\/fmgente.com.ar\/web\/wp-json\/wp\/v2\/posts"}],"about":[{"href":"https:\/\/fmgente.com.ar\/web\/wp-json\/wp\/v2\/types\/post"}],"replies":[{"embeddable":true,"href":"https:\/\/fmgente.com.ar\/web\/wp-json\/wp\/v2\/comments?post=6078"}],"version-history":[{"count":0,"href":"https:\/\/fmgente.com.ar\/web\/wp-json\/wp\/v2\/posts\/6078\/revisions"}],"wp:featuredmedia":[{"embeddable":true,"href":"https:\/\/fmgente.com.ar\/web\/wp-json\/wp\/v2\/media\/6079"}],"wp:attachment":[{"href":"https:\/\/fmgente.com.ar\/web\/wp-json\/wp\/v2\/media?parent=6078"}],"wp:term":[{"taxonomy":"category","embeddable":true,"href":"https:\/\/fmgente.com.ar\/web\/wp-json\/wp\/v2\/categories?post=6078"},{"taxonomy":"post_tag","embeddable":true,"href":"https:\/\/fmgente.com.ar\/web\/wp-json\/wp\/v2\/tags?post=6078"}],"curies":[{"name":"wp","href":"https:\/\/api.w.org\/{rel}","templated":true}]}}