{"id":6076,"date":"2025-10-04T18:08:30","date_gmt":"2025-10-04T21:08:30","guid":{"rendered":"https:\/\/fmgente.com.ar\/la-fuerte-promesa-que-cumplio-daniela-celis-en-medio-de-la-recuperacion-de-thiago-medina\/"},"modified":"2025-10-04T18:08:30","modified_gmt":"2025-10-04T21:08:30","slug":"la-fuerte-promesa-que-cumplio-daniela-celis-en-medio-de-la-recuperacion-de-thiago-medina","status":"publish","type":"post","link":"https:\/\/fmgente.com.ar\/web\/la-fuerte-promesa-que-cumplio-daniela-celis-en-medio-de-la-recuperacion-de-thiago-medina\/","title":{"rendered":"La fuerte promesa que cumpli\u00f3 Daniela Celis en medio de la recuperaci\u00f3n de Thiago Medina"},"content":{"rendered":"<p><strong>Daniela Celis<\/strong> volvi\u00f3 a emocionar a todos con un gesto lleno de fe y agradecimiento. En medio de la internaci\u00f3n de<strong> Thiago Medina<\/strong>, que sigue en terapia intensiva desde el pasado 12 de septiembre cuando sufri\u00f3 un dram\u00e1tico accidente, la ex <strong>Gran Hermano<\/strong> se ha mantenido acompa\u00f1ando a su ex y padre de sus hijas. Pero por estas horas, esa fiel compa\u00f1\u00eda dio un paso adelante.<\/p>\n<p>Todo se dio durante la jornada de este s\u00e1bado, cuando en medio de la internaci\u00f3n de su ex, <strong><a href=\"https:\/\/www.paparazzi.com.ar\/teve\/todo-un-guerrero-asi-luce-thiago-medina-tras-despertar-de-un-coma-de-23-dias\/\">Daniela<\/a><\/strong> se sum\u00f3 a la 51\u00ba Peregrinaci\u00f3n a Luj\u00e1n, la caminata religiosa m\u00e1s masiva del pa\u00eds, que reuni\u00f3 a miles de fieles. Un gesto claro que expone una vez m\u00e1s no solo ser creyente a la Virgen, sino que adem\u00e1s se da dentro de un marco muy especial por la situaci\u00f3n que vive <strong>Thiago<\/strong>.<\/p>\n<p><strong>Daniela<\/strong> camin\u00f3 los 60 kil\u00f3metros que separan el Santuario de San Cayetano, en Liniers, de la Bas\u00edlica de Nuestra Se\u00f1ora de Luj\u00e1n, cumpliendo la promesa que hab\u00eda hecho semanas atr\u00e1s: agradecer la recuperaci\u00f3n de <strong><a href=\"https:\/\/www.paparazzi.com.ar\/teve\/un-milagro-thiago-medina-rompio-el-silencio-desde-su-internacion-y-lleno-de-emocion-a-todos\/\">Thiago<\/a><\/strong> tras el grav\u00edsimo accidente que sufri\u00f3. Y es que, a pesar de que el joven lleg\u00f3 a estar muy grave y se tem\u00eda lo peor, en los \u00faltimos d\u00edas su evoluci\u00f3n ha sido notable.<\/p>\n<div class=\"mt-box \">\n<h4 class=\"mt-heading\">Mir\u00e1 Tambi\u00e9n<\/h4>\n<p><a href=\"https:\/\/www.paparazzi.com.ar\/videos\/exclusivo-marcelo-polino-hablo-como-nunca-de-su-vida-intima-y-conto-cuando-fue-la-ultima-vez-que-tuvo-sexo-con-una-mujer\/\"><\/p>\n<div class=\"mt-content\">\n<div class=\"mt-image-container\"><img decoding=\"async\" src=\"https:\/\/www.paparazzi.com.ar\/wp-content\/uploads\/2025\/09\/IMG_5980-359x226.jpg\" alt=\"\u00a1Exclusivo! Marcelo Polino habl\u00f3 como nunca de su vida \u00edntima y cont\u00f3 cu\u00e1ndo fue la \u00faltima vez que tuvo sexo con una mujer\u00a0\" class=\"mt-image\" loading=\"lazy\" \/><\/div>\n<h5 class=\"mt-title\">\u00a1Exclusivo! Marcelo Polino habl\u00f3 como nunca de su vida \u00edntima y cont\u00f3 cu\u00e1ndo fue la \u00faltima vez que tuvo sexo con una mujer\u00a0<\/h5>\n<\/div>\n<p><\/a><\/div>\n<p>No necesit\u00f3 de muchas palabras para exponer la situaci\u00f3n que vivi\u00f3 por estas horas. Con apenas una fotograf\u00eda, <strong><a href=\"https:\/\/www.paparazzi.com.ar\/teve\/thiago-medina-pidio-desesperado-que-le-lleven-a-sus-hijas-cuando-podra-volver-a-verlas\/\">Daniela<\/a><\/strong> mostr\u00f3 c\u00f3mo fue parte de la procesi\u00f3n hacia la Virgen. En esa imagen se la pod\u00eda ver rodeada de la multitud de creyentes -con chalecos fluorescentes- que avanzaba a pie por el largo camino que llevaba hacia la bas\u00edlica. Definitivamente, un s\u00edmbolo de resiliencia.<\/p>\n<h2 class=\"wp-block-heading\">DANIELA CELIS TUVO UN ACTO DE FE POR THIAGO MEDINA TRAS SU ALENTADORA RECUPERACI\u00d3N<\/h2>\n<p>Durante los d\u00edas m\u00e1s cr\u00edticos de la internaci\u00f3n de <strong>Thiago<\/strong>, cuando su estado era reservado y permanec\u00eda sedado, <strong>Daniela<\/strong> hab\u00eda escrito en sus redes: <em>\u201cVoy a rezarte cada d\u00eda que pase\u201d<\/em>. Ese pedido desesperado por la salud del padre de sus hijas se convirti\u00f3 en una promesa, y en esta caminata la joven quiso materializarlo. <em>\u201cUn acto de gratitud y esperanza\u201d<\/em>, lo describi\u00f3.<\/p>\n<p>En paralelo a la peregrinaci\u00f3n, comenzaron a llegar las buenas noticias sobre <strong>Thiago<\/strong>. Tras varias operaciones y semanas conectado a un respirador, comenz\u00f3 a mostrar mejoras alentadoras: ya no necesita asistencia mec\u00e1nica, recibe ox\u00edgeno por c\u00e1nula y logr\u00f3 despertar para conversar con su familia.<\/p>\n<div class=\"mt-box \">\n<h4 class=\"mt-heading\">Mir\u00e1 Tambi\u00e9n<\/h4>\n<p><a href=\"https:\/\/www.paparazzi.com.ar\/teve\/todo-un-guerrero-asi-luce-thiago-medina-tras-despertar-de-un-coma-de-23-dias\/\"><\/p>\n<div class=\"mt-content\">\n<div class=\"mt-image-container\"><img decoding=\"async\" src=\"https:\/\/www.paparazzi.com.ar\/wp-content\/uploads\/2025\/10\/Todo-un-guerrero-asi-luce-Thiago-Medina-tras-despertar-de-un-coma-de-23-dias--359x226.jpg\" alt=\"Todo un guerrero: as\u00ed luce Thiago Medina tras despertar de un coma de 23 d\u00edas\" class=\"mt-image\" loading=\"lazy\" \/><\/div>\n<h5 class=\"mt-title\">Todo un guerrero: as\u00ed luce Thiago Medina tras despertar de un coma de 23 d\u00edas<\/h5>\n<\/div>\n<p><\/a><\/div>\n<p>De hecho <strong>Thiago<\/strong> lleg\u00f3 a ver videos de Laia y Aim\u00e9, sus hijas gemelas junto a la influencer. La propia <strong>Daniela<\/strong> lo confirm\u00f3 en sus redes sociales -el canal de difusi\u00f3n e informaci\u00f3n m\u00e1s activo sobre la salud del joven- con una frase esperanzadora: <em>\u201cTenemos la enorme alegr\u00eda de que Thiago contin\u00faa sin necesidad de respirador y con par\u00e1metros estables\u201d<\/em>.<\/p>\n<p>Con la peregrinaci\u00f3n a la Virgen, <strong>Daniela<\/strong> transform\u00f3 el dolor de semanas atr\u00e1s en una caminata de fe. Para ella, no fue solo un recorrido de 60 kil\u00f3metros, sino la confirmaci\u00f3n de que las promesas, cuando se cumplen, pueden convertirse en un motor de esperanza. Y <strong>Thiago<\/strong> es la muestra fiel de que todo esto puede darse.<\/p>\n<figure class=\"wp-block-image size-full\"><img decoding=\"async\" width=\"313\" height=\"556\" src=\"https:\/\/www.paparazzi.com.ar\/wp-content\/uploads\/2025\/10\/daniela-celis-thiago-medina-1.png.webp\" loading=\"lazy\" alt=\"\" class=\"wp-image-446411\" \/><\/figure>\n<div class=\"mt-box \">\n<h4 class=\"mt-heading\">Mir\u00e1 Tambi\u00e9n<\/h4>\n<p><a href=\"https:\/\/www.paparazzi.com.ar\/teve\/un-milagro-thiago-medina-rompio-el-silencio-desde-su-internacion-y-lleno-de-emocion-a-todos\/\"><\/p>\n<div class=\"mt-content\">\n<div class=\"mt-image-container\"><img decoding=\"async\" src=\"https:\/\/www.paparazzi.com.ar\/wp-content\/uploads\/2025\/10\/\u00a1Un-milagro-Thiago-Medina-rompio-el-silencio-desde-su-internacion-y-lleno-de-emocion-a-todos-359x226.jpg\" alt=\"\u00a1Un milagro! Thiago Medina rompi\u00f3 el silencio desde su internaci\u00f3n y llen\u00f3 de emoci\u00f3n a todos\" class=\"mt-image\" loading=\"lazy\" \/><\/div>\n<h5 class=\"mt-title\">\u00a1Un milagro! Thiago Medina rompi\u00f3 el silencio desde su internaci\u00f3n y llen\u00f3 de emoci\u00f3n a todos<\/h5>\n<\/div>\n<p><\/a><\/div>\n<div class=\"mt-box \">\n<h4 class=\"mt-heading\">Mir\u00e1 Tambi\u00e9n<\/h4>\n<p><a href=\"https:\/\/www.paparazzi.com.ar\/teve\/thiago-medina-pidio-desesperado-que-le-lleven-a-sus-hijas-cuando-podra-volver-a-verlas\/\"><\/p>\n<div class=\"mt-content\">\n<div class=\"mt-image-container\"><img decoding=\"async\" src=\"https:\/\/www.paparazzi.com.ar\/wp-content\/uploads\/2025\/10\/Thiago-Medina-pidio-desesperado-por-sus-hijas-cuando-podra-volver-a-verlas-y-que-le-dijo-su-familia-359x226.jpg\" alt=\"Thiago Medina pidi\u00f3 desesperado que le lleven a sus hijas: cu\u00e1ndo podr\u00e1 volver a verlas\" class=\"mt-image\" loading=\"lazy\" \/><\/div>\n<h5 class=\"mt-title\">Thiago Medina pidi\u00f3 desesperado que le lleven a sus hijas: cu\u00e1ndo podr\u00e1 volver a verlas<\/h5>\n<\/div>\n<p><\/a><\/div>\n<p>The post <a href=\"https:\/\/www.paparazzi.com.ar\/teve\/la-fuerte-promesa-que-cumplio-daniela-celis-en-medio-de-la-recuperacion-de-thiago-medina\/\">La fuerte promesa que cumpli\u00f3 Daniela Celis en medio de la recuperaci\u00f3n de Thiago Medina<\/a> appeared first on <a href=\"https:\/\/www.paparazzi.com.ar\">Revista Paparazzi<\/a>.<\/p>\n","protected":false},"excerpt":{"rendered":"<p>Daniela Celis volvi\u00f3 a emocionar a todos con un gesto lleno de fe y agradecimiento.<\/p>\n","protected":false},"author":0,"featured_media":6077,"comment_status":"","ping_status":"","sticky":false,"template":"","format":"standard","meta":{"footnotes":""},"categories":[11],"tags":[],"class_list":["post-6076","post","type-post","status-publish","format-standard","has-post-thumbnail","hentry","category-destacadas"],"yoast_head":"<!-- This site is optimized with the Yoast SEO plugin v27.4 - https:\/\/yoast.com\/product\/yoast-seo-wordpress\/ -->\n<title>La fuerte promesa que cumpli\u00f3 Daniela Celis en medio de la recuperaci\u00f3n de Thiago Medina - Fm Gente<\/title>\n<meta name=\"robots\" content=\"index, follow, max-snippet:-1, max-image-preview:large, max-video-preview:-1\" \/>\n<link rel=\"canonical\" href=\"https:\/\/fmgente.com.ar\/web\/la-fuerte-promesa-que-cumplio-daniela-celis-en-medio-de-la-recuperacion-de-thiago-medina\/\" \/>\n<meta property=\"og:locale\" content=\"es_ES\" \/>\n<meta property=\"og:type\" content=\"article\" \/>\n<meta property=\"og:title\" content=\"La fuerte promesa que cumpli\u00f3 Daniela Celis en medio de la recuperaci\u00f3n de Thiago Medina - Fm Gente\" \/>\n<meta property=\"og:description\" content=\"Daniela Celis volvi\u00f3 a emocionar a todos con un gesto lleno de fe y agradecimiento.\" \/>\n<meta property=\"og:url\" content=\"https:\/\/fmgente.com.ar\/web\/la-fuerte-promesa-que-cumplio-daniela-celis-en-medio-de-la-recuperacion-de-thiago-medina\/\" \/>\n<meta property=\"og:site_name\" content=\"Fm Gente\" \/>\n<meta property=\"article:published_time\" content=\"2025-10-04T21:08:30+00:00\" \/>\n<meta property=\"og:image\" content=\"https:\/\/fmgente.com.ar\/web\/wp-content\/uploads\/2025\/10\/IMG_5980-359x226-15.jpg\" \/>\n\t<meta property=\"og:image:width\" content=\"359\" \/>\n\t<meta property=\"og:image:height\" content=\"226\" \/>\n\t<meta property=\"og:image:type\" content=\"image\/jpeg\" \/>\n<meta name=\"twitter:card\" content=\"summary_large_image\" \/>\n<meta name=\"twitter:label1\" content=\"Tiempo de lectura\" \/>\n\t<meta name=\"twitter:data1\" content=\"3 minutos\" \/>\n<script type=\"application\/ld+json\" class=\"yoast-schema-graph\">{\"@context\":\"https:\\\/\\\/schema.org\",\"@graph\":[{\"@type\":\"Article\",\"@id\":\"https:\\\/\\\/fmgente.com.ar\\\/web\\\/la-fuerte-promesa-que-cumplio-daniela-celis-en-medio-de-la-recuperacion-de-thiago-medina\\\/#article\",\"isPartOf\":{\"@id\":\"https:\\\/\\\/fmgente.com.ar\\\/web\\\/la-fuerte-promesa-que-cumplio-daniela-celis-en-medio-de-la-recuperacion-de-thiago-medina\\\/\"},\"author\":{\"name\":\"\",\"@id\":\"\"},\"headline\":\"La fuerte promesa que cumpli\u00f3 Daniela Celis en medio de la recuperaci\u00f3n de Thiago Medina\",\"datePublished\":\"2025-10-04T21:08:30+00:00\",\"mainEntityOfPage\":{\"@id\":\"https:\\\/\\\/fmgente.com.ar\\\/web\\\/la-fuerte-promesa-que-cumplio-daniela-celis-en-medio-de-la-recuperacion-de-thiago-medina\\\/\"},\"wordCount\":681,\"publisher\":{\"@id\":\"https:\\\/\\\/fmgente.com.ar\\\/web\\\/#organization\"},\"image\":{\"@id\":\"https:\\\/\\\/fmgente.com.ar\\\/web\\\/la-fuerte-promesa-que-cumplio-daniela-celis-en-medio-de-la-recuperacion-de-thiago-medina\\\/#primaryimage\"},\"thumbnailUrl\":\"https:\\\/\\\/fmgente.com.ar\\\/web\\\/wp-content\\\/uploads\\\/2025\\\/10\\\/IMG_5980-359x226-15.jpg\",\"articleSection\":[\"DESTACADAS\"],\"inLanguage\":\"es\"},{\"@type\":\"WebPage\",\"@id\":\"https:\\\/\\\/fmgente.com.ar\\\/web\\\/la-fuerte-promesa-que-cumplio-daniela-celis-en-medio-de-la-recuperacion-de-thiago-medina\\\/\",\"url\":\"https:\\\/\\\/fmgente.com.ar\\\/web\\\/la-fuerte-promesa-que-cumplio-daniela-celis-en-medio-de-la-recuperacion-de-thiago-medina\\\/\",\"name\":\"La fuerte promesa que cumpli\u00f3 Daniela Celis en medio de la recuperaci\u00f3n de Thiago Medina - Fm Gente\",\"isPartOf\":{\"@id\":\"https:\\\/\\\/fmgente.com.ar\\\/web\\\/#website\"},\"primaryImageOfPage\":{\"@id\":\"https:\\\/\\\/fmgente.com.ar\\\/web\\\/la-fuerte-promesa-que-cumplio-daniela-celis-en-medio-de-la-recuperacion-de-thiago-medina\\\/#primaryimage\"},\"image\":{\"@id\":\"https:\\\/\\\/fmgente.com.ar\\\/web\\\/la-fuerte-promesa-que-cumplio-daniela-celis-en-medio-de-la-recuperacion-de-thiago-medina\\\/#primaryimage\"},\"thumbnailUrl\":\"https:\\\/\\\/fmgente.com.ar\\\/web\\\/wp-content\\\/uploads\\\/2025\\\/10\\\/IMG_5980-359x226-15.jpg\",\"datePublished\":\"2025-10-04T21:08:30+00:00\",\"inLanguage\":\"es\",\"potentialAction\":[{\"@type\":\"ReadAction\",\"target\":[\"https:\\\/\\\/fmgente.com.ar\\\/web\\\/la-fuerte-promesa-que-cumplio-daniela-celis-en-medio-de-la-recuperacion-de-thiago-medina\\\/\"]}]},{\"@type\":\"ImageObject\",\"inLanguage\":\"es\",\"@id\":\"https:\\\/\\\/fmgente.com.ar\\\/web\\\/la-fuerte-promesa-que-cumplio-daniela-celis-en-medio-de-la-recuperacion-de-thiago-medina\\\/#primaryimage\",\"url\":\"https:\\\/\\\/fmgente.com.ar\\\/web\\\/wp-content\\\/uploads\\\/2025\\\/10\\\/IMG_5980-359x226-15.jpg\",\"contentUrl\":\"https:\\\/\\\/fmgente.com.ar\\\/web\\\/wp-content\\\/uploads\\\/2025\\\/10\\\/IMG_5980-359x226-15.jpg\",\"width\":359,\"height\":226},{\"@type\":\"WebSite\",\"@id\":\"https:\\\/\\\/fmgente.com.ar\\\/web\\\/#website\",\"url\":\"https:\\\/\\\/fmgente.com.ar\\\/web\\\/\",\"name\":\"Fm Gente\",\"description\":\"- Jes\u00fas Mar\u00eda\",\"publisher\":{\"@id\":\"https:\\\/\\\/fmgente.com.ar\\\/web\\\/#organization\"},\"potentialAction\":[{\"@type\":\"SearchAction\",\"target\":{\"@type\":\"EntryPoint\",\"urlTemplate\":\"https:\\\/\\\/fmgente.com.ar\\\/web\\\/?s={search_term_string}\"},\"query-input\":{\"@type\":\"PropertyValueSpecification\",\"valueRequired\":true,\"valueName\":\"search_term_string\"}}],\"inLanguage\":\"es\"},{\"@type\":\"Organization\",\"@id\":\"https:\\\/\\\/fmgente.com.ar\\\/web\\\/#organization\",\"name\":\"Fm Gente\",\"url\":\"https:\\\/\\\/fmgente.com.ar\\\/web\\\/\",\"logo\":{\"@type\":\"ImageObject\",\"inLanguage\":\"es\",\"@id\":\"https:\\\/\\\/fmgente.com.ar\\\/web\\\/#\\\/schema\\\/logo\\\/image\\\/\",\"url\":\"https:\\\/\\\/fmgente.com.ar\\\/web\\\/wp-content\\\/uploads\\\/2023\\\/07\\\/cropped-cropped-logo-sombra2.png\",\"contentUrl\":\"https:\\\/\\\/fmgente.com.ar\\\/web\\\/wp-content\\\/uploads\\\/2023\\\/07\\\/cropped-cropped-logo-sombra2.png\",\"width\":1782,\"height\":1782,\"caption\":\"Fm Gente\"},\"image\":{\"@id\":\"https:\\\/\\\/fmgente.com.ar\\\/web\\\/#\\\/schema\\\/logo\\\/image\\\/\"}}]}<\/script>\n<!-- \/ Yoast SEO plugin. -->","yoast_head_json":{"title":"La fuerte promesa que cumpli\u00f3 Daniela Celis en medio de la recuperaci\u00f3n de Thiago Medina - Fm Gente","robots":{"index":"index","follow":"follow","max-snippet":"max-snippet:-1","max-image-preview":"max-image-preview:large","max-video-preview":"max-video-preview:-1"},"canonical":"https:\/\/fmgente.com.ar\/web\/la-fuerte-promesa-que-cumplio-daniela-celis-en-medio-de-la-recuperacion-de-thiago-medina\/","og_locale":"es_ES","og_type":"article","og_title":"La fuerte promesa que cumpli\u00f3 Daniela Celis en medio de la recuperaci\u00f3n de Thiago Medina - Fm Gente","og_description":"Daniela Celis volvi\u00f3 a emocionar a todos con un gesto lleno de fe y agradecimiento.","og_url":"https:\/\/fmgente.com.ar\/web\/la-fuerte-promesa-que-cumplio-daniela-celis-en-medio-de-la-recuperacion-de-thiago-medina\/","og_site_name":"Fm Gente","article_published_time":"2025-10-04T21:08:30+00:00","og_image":[{"width":359,"height":226,"url":"https:\/\/fmgente.com.ar\/web\/wp-content\/uploads\/2025\/10\/IMG_5980-359x226-15.jpg","type":"image\/jpeg"}],"twitter_card":"summary_large_image","twitter_misc":{"Tiempo de lectura":"3 minutos"},"schema":{"@context":"https:\/\/schema.org","@graph":[{"@type":"Article","@id":"https:\/\/fmgente.com.ar\/web\/la-fuerte-promesa-que-cumplio-daniela-celis-en-medio-de-la-recuperacion-de-thiago-medina\/#article","isPartOf":{"@id":"https:\/\/fmgente.com.ar\/web\/la-fuerte-promesa-que-cumplio-daniela-celis-en-medio-de-la-recuperacion-de-thiago-medina\/"},"author":{"name":"","@id":""},"headline":"La fuerte promesa que cumpli\u00f3 Daniela Celis en medio de la recuperaci\u00f3n de Thiago Medina","datePublished":"2025-10-04T21:08:30+00:00","mainEntityOfPage":{"@id":"https:\/\/fmgente.com.ar\/web\/la-fuerte-promesa-que-cumplio-daniela-celis-en-medio-de-la-recuperacion-de-thiago-medina\/"},"wordCount":681,"publisher":{"@id":"https:\/\/fmgente.com.ar\/web\/#organization"},"image":{"@id":"https:\/\/fmgente.com.ar\/web\/la-fuerte-promesa-que-cumplio-daniela-celis-en-medio-de-la-recuperacion-de-thiago-medina\/#primaryimage"},"thumbnailUrl":"https:\/\/fmgente.com.ar\/web\/wp-content\/uploads\/2025\/10\/IMG_5980-359x226-15.jpg","articleSection":["DESTACADAS"],"inLanguage":"es"},{"@type":"WebPage","@id":"https:\/\/fmgente.com.ar\/web\/la-fuerte-promesa-que-cumplio-daniela-celis-en-medio-de-la-recuperacion-de-thiago-medina\/","url":"https:\/\/fmgente.com.ar\/web\/la-fuerte-promesa-que-cumplio-daniela-celis-en-medio-de-la-recuperacion-de-thiago-medina\/","name":"La fuerte promesa que cumpli\u00f3 Daniela Celis en medio de la recuperaci\u00f3n de Thiago Medina - Fm Gente","isPartOf":{"@id":"https:\/\/fmgente.com.ar\/web\/#website"},"primaryImageOfPage":{"@id":"https:\/\/fmgente.com.ar\/web\/la-fuerte-promesa-que-cumplio-daniela-celis-en-medio-de-la-recuperacion-de-thiago-medina\/#primaryimage"},"image":{"@id":"https:\/\/fmgente.com.ar\/web\/la-fuerte-promesa-que-cumplio-daniela-celis-en-medio-de-la-recuperacion-de-thiago-medina\/#primaryimage"},"thumbnailUrl":"https:\/\/fmgente.com.ar\/web\/wp-content\/uploads\/2025\/10\/IMG_5980-359x226-15.jpg","datePublished":"2025-10-04T21:08:30+00:00","inLanguage":"es","potentialAction":[{"@type":"ReadAction","target":["https:\/\/fmgente.com.ar\/web\/la-fuerte-promesa-que-cumplio-daniela-celis-en-medio-de-la-recuperacion-de-thiago-medina\/"]}]},{"@type":"ImageObject","inLanguage":"es","@id":"https:\/\/fmgente.com.ar\/web\/la-fuerte-promesa-que-cumplio-daniela-celis-en-medio-de-la-recuperacion-de-thiago-medina\/#primaryimage","url":"https:\/\/fmgente.com.ar\/web\/wp-content\/uploads\/2025\/10\/IMG_5980-359x226-15.jpg","contentUrl":"https:\/\/fmgente.com.ar\/web\/wp-content\/uploads\/2025\/10\/IMG_5980-359x226-15.jpg","width":359,"height":226},{"@type":"WebSite","@id":"https:\/\/fmgente.com.ar\/web\/#website","url":"https:\/\/fmgente.com.ar\/web\/","name":"Fm Gente","description":"- Jes\u00fas Mar\u00eda","publisher":{"@id":"https:\/\/fmgente.com.ar\/web\/#organization"},"potentialAction":[{"@type":"SearchAction","target":{"@type":"EntryPoint","urlTemplate":"https:\/\/fmgente.com.ar\/web\/?s={search_term_string}"},"query-input":{"@type":"PropertyValueSpecification","valueRequired":true,"valueName":"search_term_string"}}],"inLanguage":"es"},{"@type":"Organization","@id":"https:\/\/fmgente.com.ar\/web\/#organization","name":"Fm Gente","url":"https:\/\/fmgente.com.ar\/web\/","logo":{"@type":"ImageObject","inLanguage":"es","@id":"https:\/\/fmgente.com.ar\/web\/#\/schema\/logo\/image\/","url":"https:\/\/fmgente.com.ar\/web\/wp-content\/uploads\/2023\/07\/cropped-cropped-logo-sombra2.png","contentUrl":"https:\/\/fmgente.com.ar\/web\/wp-content\/uploads\/2023\/07\/cropped-cropped-logo-sombra2.png","width":1782,"height":1782,"caption":"Fm Gente"},"image":{"@id":"https:\/\/fmgente.com.ar\/web\/#\/schema\/logo\/image\/"}}]}},"_links":{"self":[{"href":"https:\/\/fmgente.com.ar\/web\/wp-json\/wp\/v2\/posts\/6076","targetHints":{"allow":["GET"]}}],"collection":[{"href":"https:\/\/fmgente.com.ar\/web\/wp-json\/wp\/v2\/posts"}],"about":[{"href":"https:\/\/fmgente.com.ar\/web\/wp-json\/wp\/v2\/types\/post"}],"replies":[{"embeddable":true,"href":"https:\/\/fmgente.com.ar\/web\/wp-json\/wp\/v2\/comments?post=6076"}],"version-history":[{"count":0,"href":"https:\/\/fmgente.com.ar\/web\/wp-json\/wp\/v2\/posts\/6076\/revisions"}],"wp:featuredmedia":[{"embeddable":true,"href":"https:\/\/fmgente.com.ar\/web\/wp-json\/wp\/v2\/media\/6077"}],"wp:attachment":[{"href":"https:\/\/fmgente.com.ar\/web\/wp-json\/wp\/v2\/media?parent=6076"}],"wp:term":[{"taxonomy":"category","embeddable":true,"href":"https:\/\/fmgente.com.ar\/web\/wp-json\/wp\/v2\/categories?post=6076"},{"taxonomy":"post_tag","embeddable":true,"href":"https:\/\/fmgente.com.ar\/web\/wp-json\/wp\/v2\/tags?post=6076"}],"curies":[{"name":"wp","href":"https:\/\/api.w.org\/{rel}","templated":true}]}}