{"id":6027,"date":"2025-10-04T00:04:55","date_gmt":"2025-10-04T03:04:55","guid":{"rendered":"https:\/\/fmgente.com.ar\/conmocion-con-la-condena-al-rapero-diddy-cuantos-anos-de-carcel-le-dieron\/"},"modified":"2025-10-04T00:04:55","modified_gmt":"2025-10-04T03:04:55","slug":"conmocion-con-la-condena-al-rapero-diddy-cuantos-anos-de-carcel-le-dieron","status":"publish","type":"post","link":"https:\/\/fmgente.com.ar\/web\/conmocion-con-la-condena-al-rapero-diddy-cuantos-anos-de-carcel-le-dieron\/","title":{"rendered":"Conmoci\u00f3n con la condena al rapero Diddy: cu\u00e1ntos a\u00f1os de c\u00e1rcel le dieron"},"content":{"rendered":"<p><a href=\"https:\/\/www.paparazzi.com.ar\/?s=Diddy\">Sean \u201cDiddy\u201d Combs<\/a> fue condenado a cuatro a\u00f1os y dos meses de prisi\u00f3n. El rapero de 55 a\u00f1os escuch\u00f3 el fallo en una corte de Manhattan, donde el juez Arun Subramanian le impuso tambi\u00e9n una multa de 500.000 d\u00f3lares y cinco a\u00f1os de libertad condicional una vez cumplida la pena. <\/p>\n<p>El juez sostuvo que la condena era proporcional a la gravedad de los delitos: \u201c<em>Se debe imponer una pena considerable para enviar un mensaje tanto a los agresores como a las v\u00edctimas de que el abuso contra las mujeres se castiga con verdadera responsabilidad<\/em>\u201d. <\/p>\n<p>Durante la audiencia, <strong>Diddy <\/strong>se mostr\u00f3 conmovido y tom\u00f3 la palabra para defenderse: \u201c<em>No tengo a nadie a quien culpar m\u00e1s que a m\u00ed mismo. S\u00e9 que he aprendido la lecci\u00f3n<\/em>. <em>Le pido a Su Se\u00f1or\u00eda la oportunidad de volver a ser padre, hijo y l\u00edder en mi comunidad\u201d. <\/em><\/p>\n<div class=\"mt-box \">\n<h4 class=\"mt-heading\">Mir\u00e1 Tambi\u00e9n<\/h4>\n<p><a href=\"https:\/\/www.paparazzi.com.ar\/videos\/exclusivo-marcelo-polino-hablo-como-nunca-de-su-vida-intima-y-conto-cuando-fue-la-ultima-vez-que-tuvo-sexo-con-una-mujer\/\"><\/p>\n<div class=\"mt-content\">\n<div class=\"mt-image-container\"><img decoding=\"async\" src=\"https:\/\/www.paparazzi.com.ar\/wp-content\/uploads\/2025\/09\/IMG_5980-359x226.jpg\" alt=\"\u00a1Exclusivo! Marcelo Polino habl\u00f3 como nunca de su vida \u00edntima y cont\u00f3 cu\u00e1ndo fue la \u00faltima vez que tuvo sexo con una mujer\u00a0\" class=\"mt-image\" loading=\"lazy\" \/><\/div>\n<h5 class=\"mt-title\">\u00a1Exclusivo! Marcelo Polino habl\u00f3 como nunca de su vida \u00edntima y cont\u00f3 cu\u00e1ndo fue la \u00faltima vez que tuvo sexo con una mujer\u00a0<\/h5>\n<\/div>\n<p><\/a><\/div>\n<p>La presencia de su familia en la sala marc\u00f3 otro de los momentos fuertes. Seis de sus siete hijos se dirigieron al juez entre l\u00e1grimas. <strong>Justin<\/strong>, de 32 a\u00f1os, expres\u00f3: \u201c<em>Desde que fue detenido ha cambiado much\u00edsimo. Le queda mucho por ofrecer al mundo, pero sobre todo a sus hijos<\/em>\u201d. <strong>Christian <\/strong>agreg\u00f3 que su padre le ense\u00f1\u00f3 a \u201c<em>tratar con respeto a las mujeres<\/em>\u201d. <\/p>\n<h2 class=\"wp-block-heading\">QU\u00c9 DIJO P DIDDY<\/h2>\n<p>La defensa present\u00f3 a <strong>Diddy <\/strong>como un hombre que busc\u00f3 redenci\u00f3n y que, a pesar de su infancia dif\u00edcil, construy\u00f3 una carrera ejemplar. Sin embargo, el juez fue contundente al rechazar esa visi\u00f3n: \u201c<em>Usted no era un simple cliente. Era m\u00e1s que eso, aunque su moneda de cambio fuera la satisfacci\u00f3n de sus deseos sexuales en lugar del dinero<\/em>\u201d.<\/p>\n<p>Con esta sentencia, <strong>Diddy <\/strong>permanecer\u00e1 en prisi\u00f3n hasta 2028, ya que lleva un a\u00f1o detenido desde septiembre de 2024. La condena desat\u00f3 conmoci\u00f3n en la industria musical y en la opini\u00f3n p\u00fablica mundial, tanto por la figura del acusado como por el mensaje que deja el fallo. <\/p>\n<div class=\"mt-box \">\n<h4 class=\"mt-heading\">Mir\u00e1 Tambi\u00e9n<\/h4>\n<p><a href=\"https:\/\/www.paparazzi.com.ar\/teve\/cual-fue-el-canje-que-nicolas-cabre-y-rocio-pardo-pidieron-para-su-casamiento-que-genero-polemica\/\"><\/p>\n<div class=\"mt-content\">\n<div class=\"mt-image-container\"><img decoding=\"async\" src=\"https:\/\/www.paparazzi.com.ar\/wp-content\/uploads\/2025\/08\/nicolas-cabre-rocio-pardo-359x226.jpg\" alt=\"Cu\u00e1l fue el canje que Nicol\u00e1s Cabr\u00e9 y Rocio Pardo pidieron para su casamiento que gener\u00f3 pol\u00e9mica\" class=\"mt-image\" loading=\"lazy\" \/><\/div>\n<h5 class=\"mt-title\">Cu\u00e1l fue el canje que Nicol\u00e1s Cabr\u00e9 y Rocio Pardo pidieron para su casamiento que gener\u00f3 pol\u00e9mica<\/h5>\n<\/div>\n<p><\/a><\/div>\n<div class=\"mt-box \">\n<h4 class=\"mt-heading\">Mir\u00e1 Tambi\u00e9n<\/h4>\n<p><a href=\"https:\/\/www.paparazzi.com.ar\/romances\/la-bomba-por-la-que-oriana-sabatini-y-paulo-dybala-no-piensan-vivir-en-argentina-cuando-nazca-su-hija\/\"><\/p>\n<div class=\"mt-content\">\n<div class=\"mt-image-container\"><img decoding=\"async\" src=\"https:\/\/www.paparazzi.com.ar\/wp-content\/uploads\/2025\/10\/oriana-sabatini-paulo-dybala-359x226.jpg\" alt=\"La bomba por la que Oriana Sabatini y Paulo Dybala no piensan vivir en Argentina cuando nazca su hija\" class=\"mt-image\" loading=\"lazy\" \/><\/div>\n<h5 class=\"mt-title\">La bomba por la que Oriana Sabatini y Paulo Dybala no piensan vivir en Argentina cuando nazca su hija<\/h5>\n<\/div>\n<p><\/a><\/div>\n<p>The post <a href=\"https:\/\/www.paparazzi.com.ar\/internacionales\/conmocion-con-la-condena-al-rapero-diddy-cuantos-anos-de-carcel-le-dieron\/\">Conmoci\u00f3n con la condena al rapero Diddy: cu\u00e1ntos a\u00f1os de c\u00e1rcel le dieron<\/a> appeared first on <a href=\"https:\/\/www.paparazzi.com.ar\">Revista Paparazzi<\/a>.<\/p>\n","protected":false},"excerpt":{"rendered":"<p>Sean \u201cDiddy\u201d Combs fue condenado a cuatro a\u00f1os y dos meses de prisi\u00f3n. El rapero<\/p>\n","protected":false},"author":0,"featured_media":6028,"comment_status":"","ping_status":"","sticky":false,"template":"","format":"standard","meta":{"footnotes":""},"categories":[11],"tags":[],"class_list":["post-6027","post","type-post","status-publish","format-standard","has-post-thumbnail","hentry","category-destacadas"],"yoast_head":"<!-- This site is optimized with the Yoast SEO plugin v27.4 - https:\/\/yoast.com\/product\/yoast-seo-wordpress\/ -->\n<title>Conmoci\u00f3n con la condena al rapero Diddy: cu\u00e1ntos a\u00f1os de c\u00e1rcel le dieron - Fm Gente<\/title>\n<meta name=\"robots\" content=\"index, follow, max-snippet:-1, max-image-preview:large, max-video-preview:-1\" \/>\n<link rel=\"canonical\" href=\"https:\/\/fmgente.com.ar\/web\/conmocion-con-la-condena-al-rapero-diddy-cuantos-anos-de-carcel-le-dieron\/\" \/>\n<meta property=\"og:locale\" content=\"es_ES\" \/>\n<meta property=\"og:type\" content=\"article\" \/>\n<meta property=\"og:title\" content=\"Conmoci\u00f3n con la condena al rapero Diddy: cu\u00e1ntos a\u00f1os de c\u00e1rcel le dieron - Fm Gente\" \/>\n<meta property=\"og:description\" content=\"Sean \u201cDiddy\u201d Combs fue condenado a cuatro a\u00f1os y dos meses de prisi\u00f3n. El rapero\" \/>\n<meta property=\"og:url\" content=\"https:\/\/fmgente.com.ar\/web\/conmocion-con-la-condena-al-rapero-diddy-cuantos-anos-de-carcel-le-dieron\/\" \/>\n<meta property=\"og:site_name\" content=\"Fm Gente\" \/>\n<meta property=\"article:published_time\" content=\"2025-10-04T03:04:55+00:00\" \/>\n<meta property=\"og:image\" content=\"https:\/\/fmgente.com.ar\/web\/wp-content\/uploads\/2025\/10\/IMG_5980-359x226-10.jpg\" \/>\n\t<meta property=\"og:image:width\" content=\"359\" \/>\n\t<meta property=\"og:image:height\" content=\"226\" \/>\n\t<meta property=\"og:image:type\" content=\"image\/jpeg\" \/>\n<meta name=\"twitter:card\" content=\"summary_large_image\" \/>\n<meta name=\"twitter:label1\" content=\"Tiempo de lectura\" \/>\n\t<meta name=\"twitter:data1\" content=\"2 minutos\" \/>\n<script type=\"application\/ld+json\" class=\"yoast-schema-graph\">{\"@context\":\"https:\\\/\\\/schema.org\",\"@graph\":[{\"@type\":\"Article\",\"@id\":\"https:\\\/\\\/fmgente.com.ar\\\/web\\\/conmocion-con-la-condena-al-rapero-diddy-cuantos-anos-de-carcel-le-dieron\\\/#article\",\"isPartOf\":{\"@id\":\"https:\\\/\\\/fmgente.com.ar\\\/web\\\/conmocion-con-la-condena-al-rapero-diddy-cuantos-anos-de-carcel-le-dieron\\\/\"},\"author\":{\"name\":\"\",\"@id\":\"\"},\"headline\":\"Conmoci\u00f3n con la condena al rapero Diddy: cu\u00e1ntos a\u00f1os de c\u00e1rcel le dieron\",\"datePublished\":\"2025-10-04T03:04:55+00:00\",\"mainEntityOfPage\":{\"@id\":\"https:\\\/\\\/fmgente.com.ar\\\/web\\\/conmocion-con-la-condena-al-rapero-diddy-cuantos-anos-de-carcel-le-dieron\\\/\"},\"wordCount\":450,\"publisher\":{\"@id\":\"https:\\\/\\\/fmgente.com.ar\\\/web\\\/#organization\"},\"image\":{\"@id\":\"https:\\\/\\\/fmgente.com.ar\\\/web\\\/conmocion-con-la-condena-al-rapero-diddy-cuantos-anos-de-carcel-le-dieron\\\/#primaryimage\"},\"thumbnailUrl\":\"https:\\\/\\\/fmgente.com.ar\\\/web\\\/wp-content\\\/uploads\\\/2025\\\/10\\\/IMG_5980-359x226-10.jpg\",\"articleSection\":[\"DESTACADAS\"],\"inLanguage\":\"es\"},{\"@type\":\"WebPage\",\"@id\":\"https:\\\/\\\/fmgente.com.ar\\\/web\\\/conmocion-con-la-condena-al-rapero-diddy-cuantos-anos-de-carcel-le-dieron\\\/\",\"url\":\"https:\\\/\\\/fmgente.com.ar\\\/web\\\/conmocion-con-la-condena-al-rapero-diddy-cuantos-anos-de-carcel-le-dieron\\\/\",\"name\":\"Conmoci\u00f3n con la condena al rapero Diddy: cu\u00e1ntos a\u00f1os de c\u00e1rcel le dieron - Fm Gente\",\"isPartOf\":{\"@id\":\"https:\\\/\\\/fmgente.com.ar\\\/web\\\/#website\"},\"primaryImageOfPage\":{\"@id\":\"https:\\\/\\\/fmgente.com.ar\\\/web\\\/conmocion-con-la-condena-al-rapero-diddy-cuantos-anos-de-carcel-le-dieron\\\/#primaryimage\"},\"image\":{\"@id\":\"https:\\\/\\\/fmgente.com.ar\\\/web\\\/conmocion-con-la-condena-al-rapero-diddy-cuantos-anos-de-carcel-le-dieron\\\/#primaryimage\"},\"thumbnailUrl\":\"https:\\\/\\\/fmgente.com.ar\\\/web\\\/wp-content\\\/uploads\\\/2025\\\/10\\\/IMG_5980-359x226-10.jpg\",\"datePublished\":\"2025-10-04T03:04:55+00:00\",\"inLanguage\":\"es\",\"potentialAction\":[{\"@type\":\"ReadAction\",\"target\":[\"https:\\\/\\\/fmgente.com.ar\\\/web\\\/conmocion-con-la-condena-al-rapero-diddy-cuantos-anos-de-carcel-le-dieron\\\/\"]}]},{\"@type\":\"ImageObject\",\"inLanguage\":\"es\",\"@id\":\"https:\\\/\\\/fmgente.com.ar\\\/web\\\/conmocion-con-la-condena-al-rapero-diddy-cuantos-anos-de-carcel-le-dieron\\\/#primaryimage\",\"url\":\"https:\\\/\\\/fmgente.com.ar\\\/web\\\/wp-content\\\/uploads\\\/2025\\\/10\\\/IMG_5980-359x226-10.jpg\",\"contentUrl\":\"https:\\\/\\\/fmgente.com.ar\\\/web\\\/wp-content\\\/uploads\\\/2025\\\/10\\\/IMG_5980-359x226-10.jpg\",\"width\":359,\"height\":226},{\"@type\":\"WebSite\",\"@id\":\"https:\\\/\\\/fmgente.com.ar\\\/web\\\/#website\",\"url\":\"https:\\\/\\\/fmgente.com.ar\\\/web\\\/\",\"name\":\"Fm Gente\",\"description\":\"- Jes\u00fas Mar\u00eda\",\"publisher\":{\"@id\":\"https:\\\/\\\/fmgente.com.ar\\\/web\\\/#organization\"},\"potentialAction\":[{\"@type\":\"SearchAction\",\"target\":{\"@type\":\"EntryPoint\",\"urlTemplate\":\"https:\\\/\\\/fmgente.com.ar\\\/web\\\/?s={search_term_string}\"},\"query-input\":{\"@type\":\"PropertyValueSpecification\",\"valueRequired\":true,\"valueName\":\"search_term_string\"}}],\"inLanguage\":\"es\"},{\"@type\":\"Organization\",\"@id\":\"https:\\\/\\\/fmgente.com.ar\\\/web\\\/#organization\",\"name\":\"Fm Gente\",\"url\":\"https:\\\/\\\/fmgente.com.ar\\\/web\\\/\",\"logo\":{\"@type\":\"ImageObject\",\"inLanguage\":\"es\",\"@id\":\"https:\\\/\\\/fmgente.com.ar\\\/web\\\/#\\\/schema\\\/logo\\\/image\\\/\",\"url\":\"https:\\\/\\\/fmgente.com.ar\\\/web\\\/wp-content\\\/uploads\\\/2023\\\/07\\\/cropped-cropped-logo-sombra2.png\",\"contentUrl\":\"https:\\\/\\\/fmgente.com.ar\\\/web\\\/wp-content\\\/uploads\\\/2023\\\/07\\\/cropped-cropped-logo-sombra2.png\",\"width\":1782,\"height\":1782,\"caption\":\"Fm Gente\"},\"image\":{\"@id\":\"https:\\\/\\\/fmgente.com.ar\\\/web\\\/#\\\/schema\\\/logo\\\/image\\\/\"}}]}<\/script>\n<!-- \/ Yoast SEO plugin. -->","yoast_head_json":{"title":"Conmoci\u00f3n con la condena al rapero Diddy: cu\u00e1ntos a\u00f1os de c\u00e1rcel le dieron - Fm Gente","robots":{"index":"index","follow":"follow","max-snippet":"max-snippet:-1","max-image-preview":"max-image-preview:large","max-video-preview":"max-video-preview:-1"},"canonical":"https:\/\/fmgente.com.ar\/web\/conmocion-con-la-condena-al-rapero-diddy-cuantos-anos-de-carcel-le-dieron\/","og_locale":"es_ES","og_type":"article","og_title":"Conmoci\u00f3n con la condena al rapero Diddy: cu\u00e1ntos a\u00f1os de c\u00e1rcel le dieron - Fm Gente","og_description":"Sean \u201cDiddy\u201d Combs fue condenado a cuatro a\u00f1os y dos meses de prisi\u00f3n. El rapero","og_url":"https:\/\/fmgente.com.ar\/web\/conmocion-con-la-condena-al-rapero-diddy-cuantos-anos-de-carcel-le-dieron\/","og_site_name":"Fm Gente","article_published_time":"2025-10-04T03:04:55+00:00","og_image":[{"width":359,"height":226,"url":"https:\/\/fmgente.com.ar\/web\/wp-content\/uploads\/2025\/10\/IMG_5980-359x226-10.jpg","type":"image\/jpeg"}],"twitter_card":"summary_large_image","twitter_misc":{"Tiempo de lectura":"2 minutos"},"schema":{"@context":"https:\/\/schema.org","@graph":[{"@type":"Article","@id":"https:\/\/fmgente.com.ar\/web\/conmocion-con-la-condena-al-rapero-diddy-cuantos-anos-de-carcel-le-dieron\/#article","isPartOf":{"@id":"https:\/\/fmgente.com.ar\/web\/conmocion-con-la-condena-al-rapero-diddy-cuantos-anos-de-carcel-le-dieron\/"},"author":{"name":"","@id":""},"headline":"Conmoci\u00f3n con la condena al rapero Diddy: cu\u00e1ntos a\u00f1os de c\u00e1rcel le dieron","datePublished":"2025-10-04T03:04:55+00:00","mainEntityOfPage":{"@id":"https:\/\/fmgente.com.ar\/web\/conmocion-con-la-condena-al-rapero-diddy-cuantos-anos-de-carcel-le-dieron\/"},"wordCount":450,"publisher":{"@id":"https:\/\/fmgente.com.ar\/web\/#organization"},"image":{"@id":"https:\/\/fmgente.com.ar\/web\/conmocion-con-la-condena-al-rapero-diddy-cuantos-anos-de-carcel-le-dieron\/#primaryimage"},"thumbnailUrl":"https:\/\/fmgente.com.ar\/web\/wp-content\/uploads\/2025\/10\/IMG_5980-359x226-10.jpg","articleSection":["DESTACADAS"],"inLanguage":"es"},{"@type":"WebPage","@id":"https:\/\/fmgente.com.ar\/web\/conmocion-con-la-condena-al-rapero-diddy-cuantos-anos-de-carcel-le-dieron\/","url":"https:\/\/fmgente.com.ar\/web\/conmocion-con-la-condena-al-rapero-diddy-cuantos-anos-de-carcel-le-dieron\/","name":"Conmoci\u00f3n con la condena al rapero Diddy: cu\u00e1ntos a\u00f1os de c\u00e1rcel le dieron - Fm Gente","isPartOf":{"@id":"https:\/\/fmgente.com.ar\/web\/#website"},"primaryImageOfPage":{"@id":"https:\/\/fmgente.com.ar\/web\/conmocion-con-la-condena-al-rapero-diddy-cuantos-anos-de-carcel-le-dieron\/#primaryimage"},"image":{"@id":"https:\/\/fmgente.com.ar\/web\/conmocion-con-la-condena-al-rapero-diddy-cuantos-anos-de-carcel-le-dieron\/#primaryimage"},"thumbnailUrl":"https:\/\/fmgente.com.ar\/web\/wp-content\/uploads\/2025\/10\/IMG_5980-359x226-10.jpg","datePublished":"2025-10-04T03:04:55+00:00","inLanguage":"es","potentialAction":[{"@type":"ReadAction","target":["https:\/\/fmgente.com.ar\/web\/conmocion-con-la-condena-al-rapero-diddy-cuantos-anos-de-carcel-le-dieron\/"]}]},{"@type":"ImageObject","inLanguage":"es","@id":"https:\/\/fmgente.com.ar\/web\/conmocion-con-la-condena-al-rapero-diddy-cuantos-anos-de-carcel-le-dieron\/#primaryimage","url":"https:\/\/fmgente.com.ar\/web\/wp-content\/uploads\/2025\/10\/IMG_5980-359x226-10.jpg","contentUrl":"https:\/\/fmgente.com.ar\/web\/wp-content\/uploads\/2025\/10\/IMG_5980-359x226-10.jpg","width":359,"height":226},{"@type":"WebSite","@id":"https:\/\/fmgente.com.ar\/web\/#website","url":"https:\/\/fmgente.com.ar\/web\/","name":"Fm Gente","description":"- Jes\u00fas Mar\u00eda","publisher":{"@id":"https:\/\/fmgente.com.ar\/web\/#organization"},"potentialAction":[{"@type":"SearchAction","target":{"@type":"EntryPoint","urlTemplate":"https:\/\/fmgente.com.ar\/web\/?s={search_term_string}"},"query-input":{"@type":"PropertyValueSpecification","valueRequired":true,"valueName":"search_term_string"}}],"inLanguage":"es"},{"@type":"Organization","@id":"https:\/\/fmgente.com.ar\/web\/#organization","name":"Fm Gente","url":"https:\/\/fmgente.com.ar\/web\/","logo":{"@type":"ImageObject","inLanguage":"es","@id":"https:\/\/fmgente.com.ar\/web\/#\/schema\/logo\/image\/","url":"https:\/\/fmgente.com.ar\/web\/wp-content\/uploads\/2023\/07\/cropped-cropped-logo-sombra2.png","contentUrl":"https:\/\/fmgente.com.ar\/web\/wp-content\/uploads\/2023\/07\/cropped-cropped-logo-sombra2.png","width":1782,"height":1782,"caption":"Fm Gente"},"image":{"@id":"https:\/\/fmgente.com.ar\/web\/#\/schema\/logo\/image\/"}}]}},"_links":{"self":[{"href":"https:\/\/fmgente.com.ar\/web\/wp-json\/wp\/v2\/posts\/6027","targetHints":{"allow":["GET"]}}],"collection":[{"href":"https:\/\/fmgente.com.ar\/web\/wp-json\/wp\/v2\/posts"}],"about":[{"href":"https:\/\/fmgente.com.ar\/web\/wp-json\/wp\/v2\/types\/post"}],"replies":[{"embeddable":true,"href":"https:\/\/fmgente.com.ar\/web\/wp-json\/wp\/v2\/comments?post=6027"}],"version-history":[{"count":0,"href":"https:\/\/fmgente.com.ar\/web\/wp-json\/wp\/v2\/posts\/6027\/revisions"}],"wp:featuredmedia":[{"embeddable":true,"href":"https:\/\/fmgente.com.ar\/web\/wp-json\/wp\/v2\/media\/6028"}],"wp:attachment":[{"href":"https:\/\/fmgente.com.ar\/web\/wp-json\/wp\/v2\/media?parent=6027"}],"wp:term":[{"taxonomy":"category","embeddable":true,"href":"https:\/\/fmgente.com.ar\/web\/wp-json\/wp\/v2\/categories?post=6027"},{"taxonomy":"post_tag","embeddable":true,"href":"https:\/\/fmgente.com.ar\/web\/wp-json\/wp\/v2\/tags?post=6027"}],"curies":[{"name":"wp","href":"https:\/\/api.w.org\/{rel}","templated":true}]}}