{"id":6003,"date":"2025-10-03T21:04:52","date_gmt":"2025-10-04T00:04:52","guid":{"rendered":"https:\/\/fmgente.com.ar\/escalofriante-la-ultima-foto-de-morena-verdi-con-vida-horas-antes-del-triple-femicidio-en-florencio-varela\/"},"modified":"2025-10-03T21:04:52","modified_gmt":"2025-10-04T00:04:52","slug":"escalofriante-la-ultima-foto-de-morena-verdi-con-vida-horas-antes-del-triple-femicidio-en-florencio-varela","status":"publish","type":"post","link":"https:\/\/fmgente.com.ar\/web\/escalofriante-la-ultima-foto-de-morena-verdi-con-vida-horas-antes-del-triple-femicidio-en-florencio-varela\/","title":{"rendered":"Escalofriante: la \u00faltima foto de Morena Verdi con vida, horas antes del triple femicidio en Florencio Varela"},"content":{"rendered":"<p>Horas antes del horroroso <a href=\"https:\/\/www.paparazzi.com.ar\/teve\/detuvieron-en-peru-a-pequeno-j-el-narco-que-ordeno-el-triple-femicidio-de-florencio-varela-el-video\/\">triple femicidio<\/a>, <strong>Morena Verdi<\/strong> public\u00f3 desde el interior de la camioneta en la que viajaba rumbo a Florencio Varela una imagen cargada de presagios: dos llaveros colgando; uno con \u201cBaby Yoda\u201d, el otro \u201cLuigi\u201d y una frase cr\u00edptica: <em>\u201cDesastre van a hacer estos dos hoy\u201d<\/em>.<\/p>\n<p>Ese posteo, que luego la Justicia recuper\u00f3 como evidencia, fue realizado alrededor de las 23 horas del viernes 19 de septiembre, d\u00eda en donde ocurri\u00f3 lo peor. Despu\u00e9s de ese momento, no hubo m\u00e1s actividad en su perfil: los mensajes de sus amigos ya no llegaban y la \u00faltima conexi\u00f3n del celular se registr\u00f3 a las 2 de la madrugada.<\/p>\n<p>Seg\u00fan testimonios de expertos, los llaveros ten\u00edan adheridos peque\u00f1os objetos ligados al consumo de tusi, una droga sint\u00e9tica. <a href=\"https:\/\/www.paparazzi.com.ar\/teve\/que-detalles-dio-pequeno-j-del-triple-femicidio-de-florencio-varela-tras-ser-detenido-en-peru-un-espanto\/\">Morena<\/a>, por su parte, ten\u00eda la idea que compart\u00eda ese viaje con sus amigas hac\u00eda una fiesta m\u00e1s, sin sospechar el destino tr\u00e1gico que las aguardaba.<\/p>\n<div class=\"mt-box \">\n<h4 class=\"mt-heading\">Mir\u00e1 Tambi\u00e9n<\/h4>\n<p><a href=\"https:\/\/www.paparazzi.com.ar\/teve\/en-los-martin-fierro-cami-homs-revelo-si-definio-el-nombre-del-bebe-que-espera-con-el-principito-sosa\/\"><\/p>\n<div class=\"mt-content\">\n<div class=\"mt-image-container\"><img decoding=\"async\" src=\"https:\/\/www.paparazzi.com.ar\/wp-content\/uploads\/2025\/09\/cami-homs-359x226.png\" alt=\"\u00a1Exclusivo! Cami Homs confirm\u00f3 que ya tiene el nombre de la beb\u00e9 que espera con el Principito Sosa\" class=\"mt-image\" loading=\"lazy\" \/><\/div>\n<h5 class=\"mt-title\">\u00a1Exclusivo! Cami Homs confirm\u00f3 que ya tiene el nombre de la beb\u00e9 que espera con el Principito Sosa<\/h5>\n<\/div>\n<p><\/a><\/div>\n<p>El triple crimen sacudi\u00f3 al pa\u00eds entero: Morena (20), <strong>Brenda del Castillo <\/strong>(20) y <strong><a href=\"http:\/\/paparazzi.com.ar\/teve\/que-detalles-dio-pequeno-j-del-triple-femicidio-de-florencio-varela-tras-ser-detenido-en-peru-un-espanto\/\">Lara Guti\u00e9rrez<\/a><\/strong> (15) fueron torturadas y asesinadas con extrema brutalidad entre las 3 y las 6 de la ma\u00f1ana del 20 de septiembre. Los informes forenses revelaron heridas incompatibles con violencia dom\u00e9stica: torturas, amputaciones, quemaduras y cortes.<\/p>\n<h2 class=\"wp-block-heading\">BRUTALIDAD EN EL TRIPLE FEMICIDIO DE FLORENCIO VARELA<\/h2>\n<p>En Morena se hall\u00f3 una luxaci\u00f3n cervical y golpes en el rostro; Brenda padeci\u00f3 fractura de cr\u00e1neo y heridas punzocortantes; mientras que Lara sufri\u00f3 mutilaciones en una mano y cortes mortales en el cuello que seccionaron la arteria car\u00f3tida.<\/p>\n<div class=\"mt-box \">\n<h4 class=\"mt-heading\">Mir\u00e1 Tambi\u00e9n<\/h4>\n<p><a href=\"https:\/\/www.paparazzi.com.ar\/teve\/conmocion-absoluta-tras-la-autopsia-de-lara-asesinada-en-el-triple-femicidio-fue-una-salvajada\/\"><\/p>\n<div class=\"mt-content\">\n<div class=\"mt-image-container\"><img decoding=\"async\" src=\"https:\/\/www.paparazzi.com.ar\/wp-content\/uploads\/2025\/10\/Conmocion-absoluta-tras-la-autopsia-de-Lara-asesinada-en-el-triple-femicidio-22Fue-una-salvajada22-359x226.jpg\" alt=\"Conmoci\u00f3n absoluta tras la autopsia de Lara, asesinada en el triple femicidio: &quot;Fue una salvajada&quot;\" class=\"mt-image\" loading=\"lazy\" \/><\/div>\n<h5 class=\"mt-title\">Conmoci\u00f3n absoluta tras la autopsia de Lara, asesinada en el triple femicidio: \u00abFue una salvajada\u00bb<\/h5>\n<\/div>\n<p><\/a><\/div>\n<p>La hip\u00f3tesis predominante que trabaja la Justicia apunta a un ajuste de cuentas vinculado al narcotr\u00e1fico. El ministro de Seguridad bonaerense afirm\u00f3 que el \u201cPeque\u00f1o J\u201d, presunto jefe narco, vendr\u00eda operando con tusi y aspiraba expandirse hacia Florencio Varela desde Bajo Flores.<\/p>\n<p>Ese posteo final de Morena arroja una sombra inquietante y fue casi un reflejo inconsciente de lo que se ven\u00eda. Hace apenas unas horas se dio a conocer la autopsia de Lara, la cual arroj\u00f3 un resultado fr\u00edvolo e impactante, nunca antes visto.<\/p>\n<figure class=\"wp-block-image size-full\"><img decoding=\"async\" width=\"328\" height=\"512\" src=\"https:\/\/www.paparazzi.com.ar\/wp-content\/uploads\/2025\/10\/image-27.png.webp\" loading=\"lazy\" alt=\"\" class=\"wp-image-446282\" \/><\/figure>\n<div class=\"mt-box \">\n<h4 class=\"mt-heading\">Mir\u00e1 Tambi\u00e9n<\/h4>\n<p><a href=\"https:\/\/www.paparazzi.com.ar\/teve\/del-martin-fierro-a-la-crisis-angel-de-brito-pierde-otra-pieza-clave-tras-la-salida-de-marcela-feudale-de-lam-tambien-se-va\/\"><\/p>\n<div class=\"mt-content\">\n<div class=\"mt-image-container\"><img decoding=\"async\" src=\"https:\/\/www.paparazzi.com.ar\/wp-content\/uploads\/2025\/10\/Angel-1-1-359x226.jpg\" alt=\"\u00a1Del Mart\u00edn Fierro a la crisis! Angel De Brito pierde otra pieza clave tras la salida de Marcela Feudale de LAM: &quot;Tambi\u00e9n se va...&quot;\" class=\"mt-image\" loading=\"lazy\" \/><\/div>\n<h5 class=\"mt-title\">\u00a1Del Mart\u00edn Fierro a la crisis! Angel De Brito pierde otra pieza clave tras la salida de Marcela Feudale de LAM: \u00abTambi\u00e9n se va&#8230;\u00bb<\/h5>\n<\/div>\n<p><\/a><\/div>\n<div class=\"mt-box \">\n<h4 class=\"mt-heading\">Mir\u00e1 Tambi\u00e9n<\/h4>\n<p><a href=\"https:\/\/www.paparazzi.com.ar\/romances\/sabrina-rojas-destrozo-a-milett-figueroa-y-ya-se-siente-parte-del-clan-tinelli-se-la-re-creia-cuando-estaba-con-marcelo\/\"><\/p>\n<div class=\"mt-content\">\n<div class=\"mt-image-container\"><img decoding=\"async\" src=\"https:\/\/www.paparazzi.com.ar\/wp-content\/uploads\/2025\/09\/rojas-tinelli-359x226.jpeg\" alt=\"Sabrina Rojas destroz\u00f3 a Milett Figueroa y ya se siente parte del clan Tinelli: \u201cSe la re cre\u00eda cuando estaba con Marcelo \u201d\" class=\"mt-image\" loading=\"lazy\" \/><\/div>\n<h5 class=\"mt-title\">Sabrina Rojas destroz\u00f3 a Milett Figueroa y ya se siente parte del clan Tinelli: \u201cSe la re cre\u00eda cuando estaba con Marcelo \u201d<\/h5>\n<\/div>\n<p><\/a><\/div>\n<p>The post <a href=\"https:\/\/www.paparazzi.com.ar\/teve\/escalofriante-la-ultima-foto-de-morena-verdi-con-vida-horas-antes-del-triple-femicidio-en-florencio-varela\/\">Escalofriante: la \u00faltima foto de Morena Verdi con vida, horas antes del triple femicidio en Florencio Varela<\/a> appeared first on <a href=\"https:\/\/www.paparazzi.com.ar\">Revista Paparazzi<\/a>.<\/p>\n","protected":false},"excerpt":{"rendered":"<p>Horas antes del horroroso triple femicidio, Morena Verdi public\u00f3 desde el interior de la camioneta<\/p>\n","protected":false},"author":0,"featured_media":6004,"comment_status":"","ping_status":"","sticky":false,"template":"","format":"standard","meta":{"footnotes":""},"categories":[11],"tags":[],"class_list":["post-6003","post","type-post","status-publish","format-standard","has-post-thumbnail","hentry","category-destacadas"],"yoast_head":"<!-- This site is optimized with the Yoast SEO plugin v27.4 - https:\/\/yoast.com\/product\/yoast-seo-wordpress\/ -->\n<title>Escalofriante: la \u00faltima foto de Morena Verdi con vida, horas antes del triple femicidio en Florencio Varela - Fm Gente<\/title>\n<meta name=\"robots\" content=\"index, follow, max-snippet:-1, max-image-preview:large, max-video-preview:-1\" \/>\n<link rel=\"canonical\" href=\"https:\/\/fmgente.com.ar\/web\/escalofriante-la-ultima-foto-de-morena-verdi-con-vida-horas-antes-del-triple-femicidio-en-florencio-varela\/\" \/>\n<meta property=\"og:locale\" content=\"es_ES\" \/>\n<meta property=\"og:type\" content=\"article\" \/>\n<meta property=\"og:title\" content=\"Escalofriante: la \u00faltima foto de Morena Verdi con vida, horas antes del triple femicidio en Florencio Varela - Fm Gente\" \/>\n<meta property=\"og:description\" content=\"Horas antes del horroroso triple femicidio, Morena Verdi public\u00f3 desde el interior de la camioneta\" \/>\n<meta property=\"og:url\" content=\"https:\/\/fmgente.com.ar\/web\/escalofriante-la-ultima-foto-de-morena-verdi-con-vida-horas-antes-del-triple-femicidio-en-florencio-varela\/\" \/>\n<meta property=\"og:site_name\" content=\"Fm Gente\" \/>\n<meta property=\"article:published_time\" content=\"2025-10-04T00:04:52+00:00\" \/>\n<meta property=\"og:image\" content=\"https:\/\/fmgente.com.ar\/web\/wp-content\/uploads\/2025\/10\/cami-homs-359x226-2.png\" \/>\n\t<meta property=\"og:image:width\" content=\"359\" \/>\n\t<meta property=\"og:image:height\" content=\"226\" \/>\n\t<meta property=\"og:image:type\" content=\"image\/png\" \/>\n<meta name=\"twitter:card\" content=\"summary_large_image\" \/>\n<meta name=\"twitter:label1\" content=\"Tiempo de lectura\" \/>\n\t<meta name=\"twitter:data1\" content=\"2 minutos\" \/>\n<script type=\"application\/ld+json\" class=\"yoast-schema-graph\">{\"@context\":\"https:\\\/\\\/schema.org\",\"@graph\":[{\"@type\":\"Article\",\"@id\":\"https:\\\/\\\/fmgente.com.ar\\\/web\\\/escalofriante-la-ultima-foto-de-morena-verdi-con-vida-horas-antes-del-triple-femicidio-en-florencio-varela\\\/#article\",\"isPartOf\":{\"@id\":\"https:\\\/\\\/fmgente.com.ar\\\/web\\\/escalofriante-la-ultima-foto-de-morena-verdi-con-vida-horas-antes-del-triple-femicidio-en-florencio-varela\\\/\"},\"author\":{\"name\":\"\",\"@id\":\"\"},\"headline\":\"Escalofriante: la \u00faltima foto de Morena Verdi con vida, horas antes del triple femicidio en Florencio Varela\",\"datePublished\":\"2025-10-04T00:04:52+00:00\",\"mainEntityOfPage\":{\"@id\":\"https:\\\/\\\/fmgente.com.ar\\\/web\\\/escalofriante-la-ultima-foto-de-morena-verdi-con-vida-horas-antes-del-triple-femicidio-en-florencio-varela\\\/\"},\"wordCount\":490,\"publisher\":{\"@id\":\"https:\\\/\\\/fmgente.com.ar\\\/web\\\/#organization\"},\"image\":{\"@id\":\"https:\\\/\\\/fmgente.com.ar\\\/web\\\/escalofriante-la-ultima-foto-de-morena-verdi-con-vida-horas-antes-del-triple-femicidio-en-florencio-varela\\\/#primaryimage\"},\"thumbnailUrl\":\"https:\\\/\\\/fmgente.com.ar\\\/web\\\/wp-content\\\/uploads\\\/2025\\\/10\\\/cami-homs-359x226-2.png\",\"articleSection\":[\"DESTACADAS\"],\"inLanguage\":\"es\"},{\"@type\":\"WebPage\",\"@id\":\"https:\\\/\\\/fmgente.com.ar\\\/web\\\/escalofriante-la-ultima-foto-de-morena-verdi-con-vida-horas-antes-del-triple-femicidio-en-florencio-varela\\\/\",\"url\":\"https:\\\/\\\/fmgente.com.ar\\\/web\\\/escalofriante-la-ultima-foto-de-morena-verdi-con-vida-horas-antes-del-triple-femicidio-en-florencio-varela\\\/\",\"name\":\"Escalofriante: la \u00faltima foto de Morena Verdi con vida, horas antes del triple femicidio en Florencio Varela - Fm Gente\",\"isPartOf\":{\"@id\":\"https:\\\/\\\/fmgente.com.ar\\\/web\\\/#website\"},\"primaryImageOfPage\":{\"@id\":\"https:\\\/\\\/fmgente.com.ar\\\/web\\\/escalofriante-la-ultima-foto-de-morena-verdi-con-vida-horas-antes-del-triple-femicidio-en-florencio-varela\\\/#primaryimage\"},\"image\":{\"@id\":\"https:\\\/\\\/fmgente.com.ar\\\/web\\\/escalofriante-la-ultima-foto-de-morena-verdi-con-vida-horas-antes-del-triple-femicidio-en-florencio-varela\\\/#primaryimage\"},\"thumbnailUrl\":\"https:\\\/\\\/fmgente.com.ar\\\/web\\\/wp-content\\\/uploads\\\/2025\\\/10\\\/cami-homs-359x226-2.png\",\"datePublished\":\"2025-10-04T00:04:52+00:00\",\"inLanguage\":\"es\",\"potentialAction\":[{\"@type\":\"ReadAction\",\"target\":[\"https:\\\/\\\/fmgente.com.ar\\\/web\\\/escalofriante-la-ultima-foto-de-morena-verdi-con-vida-horas-antes-del-triple-femicidio-en-florencio-varela\\\/\"]}]},{\"@type\":\"ImageObject\",\"inLanguage\":\"es\",\"@id\":\"https:\\\/\\\/fmgente.com.ar\\\/web\\\/escalofriante-la-ultima-foto-de-morena-verdi-con-vida-horas-antes-del-triple-femicidio-en-florencio-varela\\\/#primaryimage\",\"url\":\"https:\\\/\\\/fmgente.com.ar\\\/web\\\/wp-content\\\/uploads\\\/2025\\\/10\\\/cami-homs-359x226-2.png\",\"contentUrl\":\"https:\\\/\\\/fmgente.com.ar\\\/web\\\/wp-content\\\/uploads\\\/2025\\\/10\\\/cami-homs-359x226-2.png\",\"width\":359,\"height\":226},{\"@type\":\"WebSite\",\"@id\":\"https:\\\/\\\/fmgente.com.ar\\\/web\\\/#website\",\"url\":\"https:\\\/\\\/fmgente.com.ar\\\/web\\\/\",\"name\":\"Fm Gente\",\"description\":\"- Jes\u00fas Mar\u00eda\",\"publisher\":{\"@id\":\"https:\\\/\\\/fmgente.com.ar\\\/web\\\/#organization\"},\"potentialAction\":[{\"@type\":\"SearchAction\",\"target\":{\"@type\":\"EntryPoint\",\"urlTemplate\":\"https:\\\/\\\/fmgente.com.ar\\\/web\\\/?s={search_term_string}\"},\"query-input\":{\"@type\":\"PropertyValueSpecification\",\"valueRequired\":true,\"valueName\":\"search_term_string\"}}],\"inLanguage\":\"es\"},{\"@type\":\"Organization\",\"@id\":\"https:\\\/\\\/fmgente.com.ar\\\/web\\\/#organization\",\"name\":\"Fm Gente\",\"url\":\"https:\\\/\\\/fmgente.com.ar\\\/web\\\/\",\"logo\":{\"@type\":\"ImageObject\",\"inLanguage\":\"es\",\"@id\":\"https:\\\/\\\/fmgente.com.ar\\\/web\\\/#\\\/schema\\\/logo\\\/image\\\/\",\"url\":\"https:\\\/\\\/fmgente.com.ar\\\/web\\\/wp-content\\\/uploads\\\/2023\\\/07\\\/cropped-cropped-logo-sombra2.png\",\"contentUrl\":\"https:\\\/\\\/fmgente.com.ar\\\/web\\\/wp-content\\\/uploads\\\/2023\\\/07\\\/cropped-cropped-logo-sombra2.png\",\"width\":1782,\"height\":1782,\"caption\":\"Fm Gente\"},\"image\":{\"@id\":\"https:\\\/\\\/fmgente.com.ar\\\/web\\\/#\\\/schema\\\/logo\\\/image\\\/\"}}]}<\/script>\n<!-- \/ Yoast SEO plugin. -->","yoast_head_json":{"title":"Escalofriante: la \u00faltima foto de Morena Verdi con vida, horas antes del triple femicidio en Florencio Varela - Fm Gente","robots":{"index":"index","follow":"follow","max-snippet":"max-snippet:-1","max-image-preview":"max-image-preview:large","max-video-preview":"max-video-preview:-1"},"canonical":"https:\/\/fmgente.com.ar\/web\/escalofriante-la-ultima-foto-de-morena-verdi-con-vida-horas-antes-del-triple-femicidio-en-florencio-varela\/","og_locale":"es_ES","og_type":"article","og_title":"Escalofriante: la \u00faltima foto de Morena Verdi con vida, horas antes del triple femicidio en Florencio Varela - Fm Gente","og_description":"Horas antes del horroroso triple femicidio, Morena Verdi public\u00f3 desde el interior de la camioneta","og_url":"https:\/\/fmgente.com.ar\/web\/escalofriante-la-ultima-foto-de-morena-verdi-con-vida-horas-antes-del-triple-femicidio-en-florencio-varela\/","og_site_name":"Fm Gente","article_published_time":"2025-10-04T00:04:52+00:00","og_image":[{"width":359,"height":226,"url":"https:\/\/fmgente.com.ar\/web\/wp-content\/uploads\/2025\/10\/cami-homs-359x226-2.png","type":"image\/png"}],"twitter_card":"summary_large_image","twitter_misc":{"Tiempo de lectura":"2 minutos"},"schema":{"@context":"https:\/\/schema.org","@graph":[{"@type":"Article","@id":"https:\/\/fmgente.com.ar\/web\/escalofriante-la-ultima-foto-de-morena-verdi-con-vida-horas-antes-del-triple-femicidio-en-florencio-varela\/#article","isPartOf":{"@id":"https:\/\/fmgente.com.ar\/web\/escalofriante-la-ultima-foto-de-morena-verdi-con-vida-horas-antes-del-triple-femicidio-en-florencio-varela\/"},"author":{"name":"","@id":""},"headline":"Escalofriante: la \u00faltima foto de Morena Verdi con vida, horas antes del triple femicidio en Florencio Varela","datePublished":"2025-10-04T00:04:52+00:00","mainEntityOfPage":{"@id":"https:\/\/fmgente.com.ar\/web\/escalofriante-la-ultima-foto-de-morena-verdi-con-vida-horas-antes-del-triple-femicidio-en-florencio-varela\/"},"wordCount":490,"publisher":{"@id":"https:\/\/fmgente.com.ar\/web\/#organization"},"image":{"@id":"https:\/\/fmgente.com.ar\/web\/escalofriante-la-ultima-foto-de-morena-verdi-con-vida-horas-antes-del-triple-femicidio-en-florencio-varela\/#primaryimage"},"thumbnailUrl":"https:\/\/fmgente.com.ar\/web\/wp-content\/uploads\/2025\/10\/cami-homs-359x226-2.png","articleSection":["DESTACADAS"],"inLanguage":"es"},{"@type":"WebPage","@id":"https:\/\/fmgente.com.ar\/web\/escalofriante-la-ultima-foto-de-morena-verdi-con-vida-horas-antes-del-triple-femicidio-en-florencio-varela\/","url":"https:\/\/fmgente.com.ar\/web\/escalofriante-la-ultima-foto-de-morena-verdi-con-vida-horas-antes-del-triple-femicidio-en-florencio-varela\/","name":"Escalofriante: la \u00faltima foto de Morena Verdi con vida, horas antes del triple femicidio en Florencio Varela - Fm Gente","isPartOf":{"@id":"https:\/\/fmgente.com.ar\/web\/#website"},"primaryImageOfPage":{"@id":"https:\/\/fmgente.com.ar\/web\/escalofriante-la-ultima-foto-de-morena-verdi-con-vida-horas-antes-del-triple-femicidio-en-florencio-varela\/#primaryimage"},"image":{"@id":"https:\/\/fmgente.com.ar\/web\/escalofriante-la-ultima-foto-de-morena-verdi-con-vida-horas-antes-del-triple-femicidio-en-florencio-varela\/#primaryimage"},"thumbnailUrl":"https:\/\/fmgente.com.ar\/web\/wp-content\/uploads\/2025\/10\/cami-homs-359x226-2.png","datePublished":"2025-10-04T00:04:52+00:00","inLanguage":"es","potentialAction":[{"@type":"ReadAction","target":["https:\/\/fmgente.com.ar\/web\/escalofriante-la-ultima-foto-de-morena-verdi-con-vida-horas-antes-del-triple-femicidio-en-florencio-varela\/"]}]},{"@type":"ImageObject","inLanguage":"es","@id":"https:\/\/fmgente.com.ar\/web\/escalofriante-la-ultima-foto-de-morena-verdi-con-vida-horas-antes-del-triple-femicidio-en-florencio-varela\/#primaryimage","url":"https:\/\/fmgente.com.ar\/web\/wp-content\/uploads\/2025\/10\/cami-homs-359x226-2.png","contentUrl":"https:\/\/fmgente.com.ar\/web\/wp-content\/uploads\/2025\/10\/cami-homs-359x226-2.png","width":359,"height":226},{"@type":"WebSite","@id":"https:\/\/fmgente.com.ar\/web\/#website","url":"https:\/\/fmgente.com.ar\/web\/","name":"Fm Gente","description":"- Jes\u00fas Mar\u00eda","publisher":{"@id":"https:\/\/fmgente.com.ar\/web\/#organization"},"potentialAction":[{"@type":"SearchAction","target":{"@type":"EntryPoint","urlTemplate":"https:\/\/fmgente.com.ar\/web\/?s={search_term_string}"},"query-input":{"@type":"PropertyValueSpecification","valueRequired":true,"valueName":"search_term_string"}}],"inLanguage":"es"},{"@type":"Organization","@id":"https:\/\/fmgente.com.ar\/web\/#organization","name":"Fm Gente","url":"https:\/\/fmgente.com.ar\/web\/","logo":{"@type":"ImageObject","inLanguage":"es","@id":"https:\/\/fmgente.com.ar\/web\/#\/schema\/logo\/image\/","url":"https:\/\/fmgente.com.ar\/web\/wp-content\/uploads\/2023\/07\/cropped-cropped-logo-sombra2.png","contentUrl":"https:\/\/fmgente.com.ar\/web\/wp-content\/uploads\/2023\/07\/cropped-cropped-logo-sombra2.png","width":1782,"height":1782,"caption":"Fm Gente"},"image":{"@id":"https:\/\/fmgente.com.ar\/web\/#\/schema\/logo\/image\/"}}]}},"_links":{"self":[{"href":"https:\/\/fmgente.com.ar\/web\/wp-json\/wp\/v2\/posts\/6003","targetHints":{"allow":["GET"]}}],"collection":[{"href":"https:\/\/fmgente.com.ar\/web\/wp-json\/wp\/v2\/posts"}],"about":[{"href":"https:\/\/fmgente.com.ar\/web\/wp-json\/wp\/v2\/types\/post"}],"replies":[{"embeddable":true,"href":"https:\/\/fmgente.com.ar\/web\/wp-json\/wp\/v2\/comments?post=6003"}],"version-history":[{"count":0,"href":"https:\/\/fmgente.com.ar\/web\/wp-json\/wp\/v2\/posts\/6003\/revisions"}],"wp:featuredmedia":[{"embeddable":true,"href":"https:\/\/fmgente.com.ar\/web\/wp-json\/wp\/v2\/media\/6004"}],"wp:attachment":[{"href":"https:\/\/fmgente.com.ar\/web\/wp-json\/wp\/v2\/media?parent=6003"}],"wp:term":[{"taxonomy":"category","embeddable":true,"href":"https:\/\/fmgente.com.ar\/web\/wp-json\/wp\/v2\/categories?post=6003"},{"taxonomy":"post_tag","embeddable":true,"href":"https:\/\/fmgente.com.ar\/web\/wp-json\/wp\/v2\/tags?post=6003"}],"curies":[{"name":"wp","href":"https:\/\/api.w.org\/{rel}","templated":true}]}}