{"id":6001,"date":"2025-10-03T20:04:55","date_gmt":"2025-10-03T23:04:55","guid":{"rendered":"https:\/\/fmgente.com.ar\/wanda-nara-y-maxi-lopez-planearon-su-venganza-contra-mauro-icardi-tras-perder-un-juicio\/"},"modified":"2025-10-03T20:04:55","modified_gmt":"2025-10-03T23:04:55","slug":"wanda-nara-y-maxi-lopez-planearon-su-venganza-contra-mauro-icardi-tras-perder-un-juicio","status":"publish","type":"post","link":"https:\/\/fmgente.com.ar\/web\/wanda-nara-y-maxi-lopez-planearon-su-venganza-contra-mauro-icardi-tras-perder-un-juicio\/","title":{"rendered":"Wanda Nara y Maxi L\u00f3pez planearon su venganza contra Mauro Icardi tras perder un juicio"},"content":{"rendered":"<p>El conflicto judicial entre <strong>Wanda Nara y Maxi L\u00f3pez<\/strong>, con <strong>Mauro Icardi <\/strong>como eje, vivi\u00f3 un nuevo episodio: tras el fallo favorable al futbolista, los protagonistas protagonizaron un encuentro reservado, cuya puesta en escena parece estar medida al detalle.<\/p>\n<p>Seg\u00fan trascendi\u00f3, Wanda y Maxi \u201chicieron un asado e invitaron a los abogados de ambos\u201d tras el dictamen judicial. En paralelo, el archivo de la causa \u2014argumentado en \u201cfalta de m\u00e9ritos\u201d \u2014 dej\u00f3 en claro que la investigaci\u00f3n por presunta violencia hacia uno de los hijos no avanzar\u00e1. Mauro no se qued\u00f3 callado: \u201c\u00bfLes sorprende? A m\u00ed no, otro invento, otra mentira, otra falsa denuncia\u201d.<\/p>\n<p>Pero el dato destacado lleg\u00f3 de boca de <strong>Daniel Fava<\/strong> en A la tarde, donde revel\u00f3 un conflicto de fondo: \u201cWanda de pico prometi\u00f3, pero en los hechos no cumpli\u00f3. Maxi est\u00e1 enojado porque la plata no aparece\u201d. Y fue m\u00e1s all\u00e1 al desglosar el supuesto acuerdo desmoronado: \u201cUna parte del contrato era millonario, la cubr\u00eda Telefe, y la otra parte Wanda, que se comprometi\u00f3 a cubrirla con un sponsor\u201d.<\/p>\n<div class=\"mt-box \">\n<h4 class=\"mt-heading\">Mir\u00e1 Tambi\u00e9n<\/h4>\n<p><a href=\"https:\/\/www.paparazzi.com.ar\/romances\/mauro-icardi-revelo-lo-peor-que-wanda-nara-le-hizo-a-sus-dos-hijas-gritos-y\/\"><\/p>\n<div class=\"mt-content\">\n<div class=\"mt-image-container\"><img decoding=\"async\" src=\"https:\/\/www.paparazzi.com.ar\/wp-content\/uploads\/2025\/09\/Mauro-Icardi-avanza-para-destruir-a-Wanda-Nara-y-quedarse-con-sus-hijas-Va-a-mostrar-pruebas-de-359x226.jpeg\" alt=\"Mauro Icardi revel\u00f3 lo peor que Wanda Nara le hizo a sus dos hijas: \u201cGritos y\u2026\u201d\" class=\"mt-image\" loading=\"lazy\" \/><\/div>\n<h5 class=\"mt-title\">Mauro Icardi revel\u00f3 lo peor que Wanda Nara le hizo a sus dos hijas: \u201cGritos y\u2026\u201d<\/h5>\n<\/div>\n<p><\/a><\/div>\n<p>Minutos despu\u00e9s, <a href=\"https:\/\/www.paparazzi.com.ar\/romances\/mauro-icardi-confirmo-que-wanda-nara-mintio-con-su-denuncia-sobre-violencia\/\">Wanda<\/a> comparti\u00f3 una imagen en redes junto a Maxi, su madre Nora Colosimo y su hijo Constantino. Tomada durante las grabaciones de MasterChef Celebrity, esa postal fue interpretada como una respuesta simb\u00f3lica al ruido medi\u00e1tico y un gesto de unidad familiar.<\/p>\n<h2 class=\"wp-block-heading\">WANDA NARA Y MAXI L\u00d3PEZ PENSARON SU MOVIDA PARA REACCIONAR CONTRA ICARDI<\/h2>\n<p>Adem\u00e1s, trascendi\u00f3 que Wanda y Maxi \u201cfueron a declarar\u201d, reafirmando su presencia judicial conjunta en medio del esc\u00e1ndalo. Esa afirmaci\u00f3n reson\u00f3 como un mensaje de visibilidad y estrategia ante el p\u00fablico.<\/p>\n<p>El asado con abogados, las fotos compartidas, las declaraciones crispadas y las promesas incumplidas (seg\u00fan Fava) componen un mapa intrincado donde lo p\u00fablico y lo privado se entrelazan. En ese terreno movedizo, cada frase est\u00e1 medida, cada gesto calculado. Y ese \u201cno cumpli\u00f3\u201d que pronunci\u00f3 Fava tiene el peso de una sentencia silenciosa: en esta historia, lo que no se concreta puede ser tan explosivo como lo que se denuncia.<\/p>\n<div class=\"mt-box \">\n<h4 class=\"mt-heading\">Mir\u00e1 Tambi\u00e9n<\/h4>\n<p><a href=\"https:\/\/www.paparazzi.com.ar\/romances\/mauro-icardi-confirmo-que-wanda-nara-mintio-con-su-denuncia-sobre-violencia\/\"><\/p>\n<div class=\"mt-content\">\n<div class=\"mt-image-container\"><img decoding=\"async\" src=\"https:\/\/www.paparazzi.com.ar\/wp-content\/uploads\/2025\/08\/Wanda-Nara-Mauro-Icardi-3-359x226.jpg\" alt=\"Mauro Icardi confirm\u00f3 que Wanda Nara minti\u00f3 con su denuncia sobre violencia\" class=\"mt-image\" loading=\"lazy\" \/><\/div>\n<h5 class=\"mt-title\">Mauro Icardi confirm\u00f3 que Wanda Nara minti\u00f3 con su denuncia sobre violencia<\/h5>\n<\/div>\n<p><\/a><\/div>\n<div class=\"mt-box \">\n<h4 class=\"mt-heading\">Mir\u00e1 Tambi\u00e9n<\/h4>\n<p><a href=\"https:\/\/www.paparazzi.com.ar\/romances\/confirman-como-wanda-nara-manipulo-siempre-a-mauro-icardi-fue-la-dominante-el-era-su-sexto-hijo\/\"><\/p>\n<div class=\"mt-content\">\n<div class=\"mt-image-container\"><img decoding=\"async\" src=\"https:\/\/www.paparazzi.com.ar\/wp-content\/uploads\/2025\/10\/Wanda-dominante-Icardi-1-359x226.jpg\" alt=\"Confirman c\u00f3mo Wanda Nara manipul\u00f3 siempre a Mauro Icardi: &quot;Fue la dominante, \u00e9l era su sexto hijo&quot;\" class=\"mt-image\" loading=\"lazy\" \/><\/div>\n<h5 class=\"mt-title\">Confirman c\u00f3mo Wanda Nara manipul\u00f3 siempre a Mauro Icardi: \u00abFue la dominante, \u00e9l era su sexto hijo\u00bb<\/h5>\n<\/div>\n<p><\/a><\/div>\n<p>The post <a href=\"https:\/\/www.paparazzi.com.ar\/romances\/wanda-nara-y-maxi-lopez-planearon-su-venganza-contra-mauro-icardi-tras-perder-un-juicio\/\">Wanda Nara y Maxi L\u00f3pez planearon su venganza contra Mauro Icardi tras perder un juicio<\/a> appeared first on <a href=\"https:\/\/www.paparazzi.com.ar\">Revista Paparazzi<\/a>.<\/p>\n","protected":false},"excerpt":{"rendered":"<p>El conflicto judicial entre Wanda Nara y Maxi L\u00f3pez, con Mauro Icardi como eje, vivi\u00f3<\/p>\n","protected":false},"author":0,"featured_media":6002,"comment_status":"","ping_status":"","sticky":false,"template":"","format":"standard","meta":{"footnotes":""},"categories":[11],"tags":[],"class_list":["post-6001","post","type-post","status-publish","format-standard","has-post-thumbnail","hentry","category-destacadas"],"yoast_head":"<!-- This site is optimized with the Yoast SEO plugin v27.4 - https:\/\/yoast.com\/product\/yoast-seo-wordpress\/ -->\n<title>Wanda Nara y Maxi L\u00f3pez planearon su venganza contra Mauro Icardi tras perder un juicio - Fm Gente<\/title>\n<meta name=\"robots\" content=\"index, follow, max-snippet:-1, max-image-preview:large, max-video-preview:-1\" \/>\n<link rel=\"canonical\" href=\"https:\/\/fmgente.com.ar\/web\/wanda-nara-y-maxi-lopez-planearon-su-venganza-contra-mauro-icardi-tras-perder-un-juicio\/\" \/>\n<meta property=\"og:locale\" content=\"es_ES\" \/>\n<meta property=\"og:type\" content=\"article\" \/>\n<meta property=\"og:title\" content=\"Wanda Nara y Maxi L\u00f3pez planearon su venganza contra Mauro Icardi tras perder un juicio - Fm Gente\" \/>\n<meta property=\"og:description\" content=\"El conflicto judicial entre Wanda Nara y Maxi L\u00f3pez, con Mauro Icardi como eje, vivi\u00f3\" \/>\n<meta property=\"og:url\" content=\"https:\/\/fmgente.com.ar\/web\/wanda-nara-y-maxi-lopez-planearon-su-venganza-contra-mauro-icardi-tras-perder-un-juicio\/\" \/>\n<meta property=\"og:site_name\" content=\"Fm Gente\" \/>\n<meta property=\"article:published_time\" content=\"2025-10-03T23:04:55+00:00\" \/>\n<meta property=\"og:image\" content=\"https:\/\/fmgente.com.ar\/web\/wp-content\/uploads\/2025\/10\/Mauro-Icardi-avanza-para-destruir-a-Wanda-Nara-y-quedarse-con-sus-hijas-Va-a-mostrar-pruebas-de-359x226-1.jpeg\" \/>\n\t<meta property=\"og:image:width\" content=\"359\" \/>\n\t<meta property=\"og:image:height\" content=\"226\" \/>\n\t<meta property=\"og:image:type\" content=\"image\/jpeg\" \/>\n<meta name=\"twitter:card\" content=\"summary_large_image\" \/>\n<meta name=\"twitter:label1\" content=\"Tiempo de lectura\" \/>\n\t<meta name=\"twitter:data1\" content=\"2 minutos\" \/>\n<script type=\"application\/ld+json\" class=\"yoast-schema-graph\">{\"@context\":\"https:\\\/\\\/schema.org\",\"@graph\":[{\"@type\":\"Article\",\"@id\":\"https:\\\/\\\/fmgente.com.ar\\\/web\\\/wanda-nara-y-maxi-lopez-planearon-su-venganza-contra-mauro-icardi-tras-perder-un-juicio\\\/#article\",\"isPartOf\":{\"@id\":\"https:\\\/\\\/fmgente.com.ar\\\/web\\\/wanda-nara-y-maxi-lopez-planearon-su-venganza-contra-mauro-icardi-tras-perder-un-juicio\\\/\"},\"author\":{\"name\":\"\",\"@id\":\"\"},\"headline\":\"Wanda Nara y Maxi L\u00f3pez planearon su venganza contra Mauro Icardi tras perder un juicio\",\"datePublished\":\"2025-10-03T23:04:55+00:00\",\"mainEntityOfPage\":{\"@id\":\"https:\\\/\\\/fmgente.com.ar\\\/web\\\/wanda-nara-y-maxi-lopez-planearon-su-venganza-contra-mauro-icardi-tras-perder-un-juicio\\\/\"},\"wordCount\":439,\"publisher\":{\"@id\":\"https:\\\/\\\/fmgente.com.ar\\\/web\\\/#organization\"},\"image\":{\"@id\":\"https:\\\/\\\/fmgente.com.ar\\\/web\\\/wanda-nara-y-maxi-lopez-planearon-su-venganza-contra-mauro-icardi-tras-perder-un-juicio\\\/#primaryimage\"},\"thumbnailUrl\":\"https:\\\/\\\/fmgente.com.ar\\\/web\\\/wp-content\\\/uploads\\\/2025\\\/10\\\/Mauro-Icardi-avanza-para-destruir-a-Wanda-Nara-y-quedarse-con-sus-hijas-Va-a-mostrar-pruebas-de-359x226-1.jpeg\",\"articleSection\":[\"DESTACADAS\"],\"inLanguage\":\"es\"},{\"@type\":\"WebPage\",\"@id\":\"https:\\\/\\\/fmgente.com.ar\\\/web\\\/wanda-nara-y-maxi-lopez-planearon-su-venganza-contra-mauro-icardi-tras-perder-un-juicio\\\/\",\"url\":\"https:\\\/\\\/fmgente.com.ar\\\/web\\\/wanda-nara-y-maxi-lopez-planearon-su-venganza-contra-mauro-icardi-tras-perder-un-juicio\\\/\",\"name\":\"Wanda Nara y Maxi L\u00f3pez planearon su venganza contra Mauro Icardi tras perder un juicio - Fm Gente\",\"isPartOf\":{\"@id\":\"https:\\\/\\\/fmgente.com.ar\\\/web\\\/#website\"},\"primaryImageOfPage\":{\"@id\":\"https:\\\/\\\/fmgente.com.ar\\\/web\\\/wanda-nara-y-maxi-lopez-planearon-su-venganza-contra-mauro-icardi-tras-perder-un-juicio\\\/#primaryimage\"},\"image\":{\"@id\":\"https:\\\/\\\/fmgente.com.ar\\\/web\\\/wanda-nara-y-maxi-lopez-planearon-su-venganza-contra-mauro-icardi-tras-perder-un-juicio\\\/#primaryimage\"},\"thumbnailUrl\":\"https:\\\/\\\/fmgente.com.ar\\\/web\\\/wp-content\\\/uploads\\\/2025\\\/10\\\/Mauro-Icardi-avanza-para-destruir-a-Wanda-Nara-y-quedarse-con-sus-hijas-Va-a-mostrar-pruebas-de-359x226-1.jpeg\",\"datePublished\":\"2025-10-03T23:04:55+00:00\",\"inLanguage\":\"es\",\"potentialAction\":[{\"@type\":\"ReadAction\",\"target\":[\"https:\\\/\\\/fmgente.com.ar\\\/web\\\/wanda-nara-y-maxi-lopez-planearon-su-venganza-contra-mauro-icardi-tras-perder-un-juicio\\\/\"]}]},{\"@type\":\"ImageObject\",\"inLanguage\":\"es\",\"@id\":\"https:\\\/\\\/fmgente.com.ar\\\/web\\\/wanda-nara-y-maxi-lopez-planearon-su-venganza-contra-mauro-icardi-tras-perder-un-juicio\\\/#primaryimage\",\"url\":\"https:\\\/\\\/fmgente.com.ar\\\/web\\\/wp-content\\\/uploads\\\/2025\\\/10\\\/Mauro-Icardi-avanza-para-destruir-a-Wanda-Nara-y-quedarse-con-sus-hijas-Va-a-mostrar-pruebas-de-359x226-1.jpeg\",\"contentUrl\":\"https:\\\/\\\/fmgente.com.ar\\\/web\\\/wp-content\\\/uploads\\\/2025\\\/10\\\/Mauro-Icardi-avanza-para-destruir-a-Wanda-Nara-y-quedarse-con-sus-hijas-Va-a-mostrar-pruebas-de-359x226-1.jpeg\",\"width\":359,\"height\":226},{\"@type\":\"WebSite\",\"@id\":\"https:\\\/\\\/fmgente.com.ar\\\/web\\\/#website\",\"url\":\"https:\\\/\\\/fmgente.com.ar\\\/web\\\/\",\"name\":\"Fm Gente\",\"description\":\"- Jes\u00fas Mar\u00eda\",\"publisher\":{\"@id\":\"https:\\\/\\\/fmgente.com.ar\\\/web\\\/#organization\"},\"potentialAction\":[{\"@type\":\"SearchAction\",\"target\":{\"@type\":\"EntryPoint\",\"urlTemplate\":\"https:\\\/\\\/fmgente.com.ar\\\/web\\\/?s={search_term_string}\"},\"query-input\":{\"@type\":\"PropertyValueSpecification\",\"valueRequired\":true,\"valueName\":\"search_term_string\"}}],\"inLanguage\":\"es\"},{\"@type\":\"Organization\",\"@id\":\"https:\\\/\\\/fmgente.com.ar\\\/web\\\/#organization\",\"name\":\"Fm Gente\",\"url\":\"https:\\\/\\\/fmgente.com.ar\\\/web\\\/\",\"logo\":{\"@type\":\"ImageObject\",\"inLanguage\":\"es\",\"@id\":\"https:\\\/\\\/fmgente.com.ar\\\/web\\\/#\\\/schema\\\/logo\\\/image\\\/\",\"url\":\"https:\\\/\\\/fmgente.com.ar\\\/web\\\/wp-content\\\/uploads\\\/2023\\\/07\\\/cropped-cropped-logo-sombra2.png\",\"contentUrl\":\"https:\\\/\\\/fmgente.com.ar\\\/web\\\/wp-content\\\/uploads\\\/2023\\\/07\\\/cropped-cropped-logo-sombra2.png\",\"width\":1782,\"height\":1782,\"caption\":\"Fm Gente\"},\"image\":{\"@id\":\"https:\\\/\\\/fmgente.com.ar\\\/web\\\/#\\\/schema\\\/logo\\\/image\\\/\"}}]}<\/script>\n<!-- \/ Yoast SEO plugin. -->","yoast_head_json":{"title":"Wanda Nara y Maxi L\u00f3pez planearon su venganza contra Mauro Icardi tras perder un juicio - Fm Gente","robots":{"index":"index","follow":"follow","max-snippet":"max-snippet:-1","max-image-preview":"max-image-preview:large","max-video-preview":"max-video-preview:-1"},"canonical":"https:\/\/fmgente.com.ar\/web\/wanda-nara-y-maxi-lopez-planearon-su-venganza-contra-mauro-icardi-tras-perder-un-juicio\/","og_locale":"es_ES","og_type":"article","og_title":"Wanda Nara y Maxi L\u00f3pez planearon su venganza contra Mauro Icardi tras perder un juicio - Fm Gente","og_description":"El conflicto judicial entre Wanda Nara y Maxi L\u00f3pez, con Mauro Icardi como eje, vivi\u00f3","og_url":"https:\/\/fmgente.com.ar\/web\/wanda-nara-y-maxi-lopez-planearon-su-venganza-contra-mauro-icardi-tras-perder-un-juicio\/","og_site_name":"Fm Gente","article_published_time":"2025-10-03T23:04:55+00:00","og_image":[{"width":359,"height":226,"url":"https:\/\/fmgente.com.ar\/web\/wp-content\/uploads\/2025\/10\/Mauro-Icardi-avanza-para-destruir-a-Wanda-Nara-y-quedarse-con-sus-hijas-Va-a-mostrar-pruebas-de-359x226-1.jpeg","type":"image\/jpeg"}],"twitter_card":"summary_large_image","twitter_misc":{"Tiempo de lectura":"2 minutos"},"schema":{"@context":"https:\/\/schema.org","@graph":[{"@type":"Article","@id":"https:\/\/fmgente.com.ar\/web\/wanda-nara-y-maxi-lopez-planearon-su-venganza-contra-mauro-icardi-tras-perder-un-juicio\/#article","isPartOf":{"@id":"https:\/\/fmgente.com.ar\/web\/wanda-nara-y-maxi-lopez-planearon-su-venganza-contra-mauro-icardi-tras-perder-un-juicio\/"},"author":{"name":"","@id":""},"headline":"Wanda Nara y Maxi L\u00f3pez planearon su venganza contra Mauro Icardi tras perder un juicio","datePublished":"2025-10-03T23:04:55+00:00","mainEntityOfPage":{"@id":"https:\/\/fmgente.com.ar\/web\/wanda-nara-y-maxi-lopez-planearon-su-venganza-contra-mauro-icardi-tras-perder-un-juicio\/"},"wordCount":439,"publisher":{"@id":"https:\/\/fmgente.com.ar\/web\/#organization"},"image":{"@id":"https:\/\/fmgente.com.ar\/web\/wanda-nara-y-maxi-lopez-planearon-su-venganza-contra-mauro-icardi-tras-perder-un-juicio\/#primaryimage"},"thumbnailUrl":"https:\/\/fmgente.com.ar\/web\/wp-content\/uploads\/2025\/10\/Mauro-Icardi-avanza-para-destruir-a-Wanda-Nara-y-quedarse-con-sus-hijas-Va-a-mostrar-pruebas-de-359x226-1.jpeg","articleSection":["DESTACADAS"],"inLanguage":"es"},{"@type":"WebPage","@id":"https:\/\/fmgente.com.ar\/web\/wanda-nara-y-maxi-lopez-planearon-su-venganza-contra-mauro-icardi-tras-perder-un-juicio\/","url":"https:\/\/fmgente.com.ar\/web\/wanda-nara-y-maxi-lopez-planearon-su-venganza-contra-mauro-icardi-tras-perder-un-juicio\/","name":"Wanda Nara y Maxi L\u00f3pez planearon su venganza contra Mauro Icardi tras perder un juicio - Fm Gente","isPartOf":{"@id":"https:\/\/fmgente.com.ar\/web\/#website"},"primaryImageOfPage":{"@id":"https:\/\/fmgente.com.ar\/web\/wanda-nara-y-maxi-lopez-planearon-su-venganza-contra-mauro-icardi-tras-perder-un-juicio\/#primaryimage"},"image":{"@id":"https:\/\/fmgente.com.ar\/web\/wanda-nara-y-maxi-lopez-planearon-su-venganza-contra-mauro-icardi-tras-perder-un-juicio\/#primaryimage"},"thumbnailUrl":"https:\/\/fmgente.com.ar\/web\/wp-content\/uploads\/2025\/10\/Mauro-Icardi-avanza-para-destruir-a-Wanda-Nara-y-quedarse-con-sus-hijas-Va-a-mostrar-pruebas-de-359x226-1.jpeg","datePublished":"2025-10-03T23:04:55+00:00","inLanguage":"es","potentialAction":[{"@type":"ReadAction","target":["https:\/\/fmgente.com.ar\/web\/wanda-nara-y-maxi-lopez-planearon-su-venganza-contra-mauro-icardi-tras-perder-un-juicio\/"]}]},{"@type":"ImageObject","inLanguage":"es","@id":"https:\/\/fmgente.com.ar\/web\/wanda-nara-y-maxi-lopez-planearon-su-venganza-contra-mauro-icardi-tras-perder-un-juicio\/#primaryimage","url":"https:\/\/fmgente.com.ar\/web\/wp-content\/uploads\/2025\/10\/Mauro-Icardi-avanza-para-destruir-a-Wanda-Nara-y-quedarse-con-sus-hijas-Va-a-mostrar-pruebas-de-359x226-1.jpeg","contentUrl":"https:\/\/fmgente.com.ar\/web\/wp-content\/uploads\/2025\/10\/Mauro-Icardi-avanza-para-destruir-a-Wanda-Nara-y-quedarse-con-sus-hijas-Va-a-mostrar-pruebas-de-359x226-1.jpeg","width":359,"height":226},{"@type":"WebSite","@id":"https:\/\/fmgente.com.ar\/web\/#website","url":"https:\/\/fmgente.com.ar\/web\/","name":"Fm Gente","description":"- Jes\u00fas Mar\u00eda","publisher":{"@id":"https:\/\/fmgente.com.ar\/web\/#organization"},"potentialAction":[{"@type":"SearchAction","target":{"@type":"EntryPoint","urlTemplate":"https:\/\/fmgente.com.ar\/web\/?s={search_term_string}"},"query-input":{"@type":"PropertyValueSpecification","valueRequired":true,"valueName":"search_term_string"}}],"inLanguage":"es"},{"@type":"Organization","@id":"https:\/\/fmgente.com.ar\/web\/#organization","name":"Fm Gente","url":"https:\/\/fmgente.com.ar\/web\/","logo":{"@type":"ImageObject","inLanguage":"es","@id":"https:\/\/fmgente.com.ar\/web\/#\/schema\/logo\/image\/","url":"https:\/\/fmgente.com.ar\/web\/wp-content\/uploads\/2023\/07\/cropped-cropped-logo-sombra2.png","contentUrl":"https:\/\/fmgente.com.ar\/web\/wp-content\/uploads\/2023\/07\/cropped-cropped-logo-sombra2.png","width":1782,"height":1782,"caption":"Fm Gente"},"image":{"@id":"https:\/\/fmgente.com.ar\/web\/#\/schema\/logo\/image\/"}}]}},"_links":{"self":[{"href":"https:\/\/fmgente.com.ar\/web\/wp-json\/wp\/v2\/posts\/6001","targetHints":{"allow":["GET"]}}],"collection":[{"href":"https:\/\/fmgente.com.ar\/web\/wp-json\/wp\/v2\/posts"}],"about":[{"href":"https:\/\/fmgente.com.ar\/web\/wp-json\/wp\/v2\/types\/post"}],"replies":[{"embeddable":true,"href":"https:\/\/fmgente.com.ar\/web\/wp-json\/wp\/v2\/comments?post=6001"}],"version-history":[{"count":0,"href":"https:\/\/fmgente.com.ar\/web\/wp-json\/wp\/v2\/posts\/6001\/revisions"}],"wp:featuredmedia":[{"embeddable":true,"href":"https:\/\/fmgente.com.ar\/web\/wp-json\/wp\/v2\/media\/6002"}],"wp:attachment":[{"href":"https:\/\/fmgente.com.ar\/web\/wp-json\/wp\/v2\/media?parent=6001"}],"wp:term":[{"taxonomy":"category","embeddable":true,"href":"https:\/\/fmgente.com.ar\/web\/wp-json\/wp\/v2\/categories?post=6001"},{"taxonomy":"post_tag","embeddable":true,"href":"https:\/\/fmgente.com.ar\/web\/wp-json\/wp\/v2\/tags?post=6001"}],"curies":[{"name":"wp","href":"https:\/\/api.w.org\/{rel}","templated":true}]}}