{"id":5999,"date":"2025-10-03T20:04:54","date_gmt":"2025-10-03T23:04:54","guid":{"rendered":"https:\/\/fmgente.com.ar\/morena-rial-revelo-por-que-no-quiere-estar-con-su-hijo-amadeo-el-dia-de-su-cumpleanos\/"},"modified":"2025-10-03T20:04:54","modified_gmt":"2025-10-03T23:04:54","slug":"morena-rial-revelo-por-que-no-quiere-estar-con-su-hijo-amadeo-el-dia-de-su-cumpleanos","status":"publish","type":"post","link":"https:\/\/fmgente.com.ar\/web\/morena-rial-revelo-por-que-no-quiere-estar-con-su-hijo-amadeo-el-dia-de-su-cumpleanos\/","title":{"rendered":"Morena Rial revel\u00f3 por qu\u00e9 no quiere estar con su hijo Amadeo el d\u00eda de su cumplea\u00f1os"},"content":{"rendered":"<p><strong>Morena Rial<\/strong> volvi\u00f3 a dar que hablar durante estos \u00faltimos d\u00edas tras la escandalosa nueva detenci\u00f3n que protagoniz\u00f3 el pasado lunes 29 de septiembre. All\u00ed, tras una serie de incumplimientos e irregularidades con lo dictaminado por la Justicia, la medi\u00e1tica qued\u00f3 entre las rejas y se encuentra detenida en el penal de Magdalena esperando una resoluci\u00f3n sobre su caso.<\/p>\n<p>Pero en las \u00faltimas horas algo cambi\u00f3. Si bien se han dicho varias cosas alrededor de su caso, hubo un tema en particular que se cuestion\u00f3 y mucho: \u00bfQu\u00e9 pasar\u00e1 con Amadeo, su hijo menor? Si bien el peque\u00f1o ahora se encuentra bajo la custodia de su abuelo <strong>Jorge Rial<\/strong> y su t\u00eda <strong>Roc\u00edo<\/strong>, ahora <strong><a href=\"https:\/\/www.paparazzi.com.ar\/teve\/morena-rial-rompio-el-silencio-desde-la-carcel-y-conto-toda-la-verdad-detras-de-su-detencion\/\">Morena<\/a><\/strong> escribi\u00f3 una carta a mano desde la c\u00e1rcel donde despeja varias dudas alrededor de ella.<\/p>\n<p>El escrito compartido en sus redes sociales tuvo como intenci\u00f3n desmentir rumores y dejar en claro cu\u00e1l es su situaci\u00f3n personal. En las primeras l\u00edneas, <strong><a href=\"https:\/\/www.paparazzi.com.ar\/teve\/morena-rial-enfrenta-un-fuerte-cuadro-de-depresion-en-la-carcel-y-solicitaron-urgente-a-un-psiquiatra\/\">Morena<\/a><\/strong> se mostr\u00f3 contundente al remarcar que no mantiene contacto con nadie fuera de su c\u00edrculo \u00edntimo. <em>\u201cYo, More Rial, comunico: quiero que sepan que donde estoy no tengo comunicaci\u00f3n con nadie m\u00e1s que con mis abogados y un n\u00facleo muy peque\u00f1o de allegados\u201d<\/em>, escribi\u00f3.<\/p>\n<div class=\"mt-box \">\n<h4 class=\"mt-heading\">Mir\u00e1 Tambi\u00e9n<\/h4>\n<p><a href=\"https:\/\/www.paparazzi.com.ar\/videos\/exclusivo-marcelo-polino-hablo-como-nunca-de-su-vida-intima-y-conto-cuando-fue-la-ultima-vez-que-tuvo-sexo-con-una-mujer\/\"><\/p>\n<div class=\"mt-content\">\n<div class=\"mt-image-container\"><img decoding=\"async\" src=\"https:\/\/www.paparazzi.com.ar\/wp-content\/uploads\/2025\/09\/IMG_5980-359x226.jpg\" alt=\"\u00a1Exclusivo! Marcelo Polino habl\u00f3 como nunca de su vida \u00edntima y cont\u00f3 cu\u00e1ndo fue la \u00faltima vez que tuvo sexo con una mujer\u00a0\" class=\"mt-image\" loading=\"lazy\" \/><\/div>\n<h5 class=\"mt-title\">\u00a1Exclusivo! Marcelo Polino habl\u00f3 como nunca de su vida \u00edntima y cont\u00f3 cu\u00e1ndo fue la \u00faltima vez que tuvo sexo con una mujer\u00a0<\/h5>\n<\/div>\n<p><\/a><\/div>\n<p><strong><a href=\"https:\/\/www.paparazzi.com.ar\/teve\/el-urgente-pedido-que-hizo-morena-rial-desde-la-carcel-en-medio-de-su-crisis-de-depresion\/\">Morena<\/a><\/strong> decidi\u00f3 salir al cruce de versiones que se multiplicaron en redes y medios. Con una frase directa, apunt\u00f3 contra quienes difunden informaci\u00f3n sin sustento. <em>\u201cCualquier cosa que se diga de boca de otras personas son m\u00e1s de lo mismo (INVENTOS)\u201d<\/em>, asegur\u00f3, intentando ponerle punto final a las especulaciones.<\/p>\n<h2 class=\"wp-block-heading\">MORENA RIAL ROMPI\u00d3 EL SILENCIO SOBRE SU HIJO AMADEO DESDE LA C\u00c1RCEL<\/h2>\n<p>En otro pasaje de su carta, dej\u00f3 ver su deseo de avanzar con su situaci\u00f3n judicial y cambiar el rumbo de su presente.<em> \u201cEspero solucionar esta situaci\u00f3n lo antes posible y demostrarles a todos mi intenci\u00f3n de estar mejor\u201d<\/em>, expres\u00f3 la influencer, con un mensaje que busc\u00f3 transmitir esperanza y fortaleza.<\/p>\n<p>Pero el momento m\u00e1s sensible de la carta lleg\u00f3 cuando habl\u00f3 de su hijo <strong>Amadeo<\/strong>, que en pocos d\u00edas cumplir\u00e1 un a\u00f1o. En medio de rumores que indicaban que quer\u00eda festejar el cumplea\u00f1os del ni\u00f1o dentro del penal -el pr\u00f3ximo 6 de octubre-, <strong>Morena<\/strong> fue tajante:<em> \u201cDesmiento que quiero que Amadeo me venga a ver, por lo cual mis abogados est\u00e1n gestionando videollamadas con \u00e9l. No es que no lo quiero ver, sino que este no es el \u00e1mbito que quiero para \u00e9l\u201d<\/em>.<\/p>\n<div class=\"mt-box \">\n<h4 class=\"mt-heading\">Mir\u00e1 Tambi\u00e9n<\/h4>\n<p><a href=\"https:\/\/www.paparazzi.com.ar\/teve\/morena-rial-rompio-el-silencio-desde-la-carcel-y-conto-toda-la-verdad-detras-de-su-detencion\/\"><\/p>\n<div class=\"mt-content\">\n<div class=\"mt-image-container\"><img decoding=\"async\" src=\"https:\/\/www.paparazzi.com.ar\/wp-content\/uploads\/2025\/10\/morena-rial-carta-carcel-359x226.jpg\" alt=\"Morena Rial rompi\u00f3 el silencio desde la c\u00e1rcel y cont\u00f3 toda la verdad detr\u00e1s de su detenci\u00f3n\" class=\"mt-image\" loading=\"lazy\" \/><\/div>\n<h5 class=\"mt-title\">Morena Rial rompi\u00f3 el silencio desde la c\u00e1rcel y cont\u00f3 toda la verdad detr\u00e1s de su detenci\u00f3n<\/h5>\n<\/div>\n<p><\/a><\/div>\n<p>La publicaci\u00f3n de <strong>Morena<\/strong> no tard\u00f3 en viralizarse y gener\u00f3 una oleada de reacciones entre sus seguidores, que compartieron la carta y le enviaron mensajes de apoyo. El gesto de escribir a mano y hacerlo p\u00fablico se interpret\u00f3 como una manera de recuperar su voz en medio de la tormenta medi\u00e1tica que la rodea.<\/p>\n<figure class=\"wp-block-image size-full\"><img decoding=\"async\" width=\"323\" height=\"577\" src=\"https:\/\/www.paparazzi.com.ar\/wp-content\/uploads\/2025\/10\/morena-rial-carcel-1-1.png.webp\" loading=\"lazy\" alt=\"\" class=\"wp-image-446311\" \/><\/figure>\n<div class=\"mt-box \">\n<h4 class=\"mt-heading\">Mir\u00e1 Tambi\u00e9n<\/h4>\n<p><a href=\"https:\/\/www.paparazzi.com.ar\/teve\/morena-rial-enfrenta-un-fuerte-cuadro-de-depresion-en-la-carcel-y-solicitaron-urgente-a-un-psiquiatra\/\"><\/p>\n<div class=\"mt-content\">\n<div class=\"mt-image-container\"><img decoding=\"async\" src=\"https:\/\/www.paparazzi.com.ar\/wp-content\/uploads\/2025\/10\/Morena-Rial-enfrenta-un-fuerte-cuadro-de-depresion-en-la-carcel-y-solicitaron-urgente-a-un-psiquiatra-359x226.jpg\" alt=\"Morena Rial enfrenta un fuerte cuadro de depresi\u00f3n en la c\u00e1rcel y solicitaron urgente a un psiquiatra\" class=\"mt-image\" loading=\"lazy\" \/><\/div>\n<h5 class=\"mt-title\">Morena Rial enfrenta un fuerte cuadro de depresi\u00f3n en la c\u00e1rcel y solicitaron urgente a un psiquiatra<\/h5>\n<\/div>\n<p><\/a><\/div>\n<div class=\"mt-box \">\n<h4 class=\"mt-heading\">Mir\u00e1 Tambi\u00e9n<\/h4>\n<p><a href=\"https:\/\/www.paparazzi.com.ar\/teve\/el-urgente-pedido-que-hizo-morena-rial-desde-la-carcel-en-medio-de-su-crisis-de-depresion\/\"><\/p>\n<div class=\"mt-content\">\n<div class=\"mt-image-container\"><img decoding=\"async\" src=\"https:\/\/www.paparazzi.com.ar\/wp-content\/uploads\/2025\/07\/Morena-Rial-quedo-envuelta-en-medio-de-una-infidelidad-con-un-famoso-y-termino-a-los-insultos-359x226.jpg\" alt=\"El urgente pedido que hizo Morena Rial desde la c\u00e1rcel en medio de su crisis de depresi\u00f3n\" class=\"mt-image\" loading=\"lazy\" \/><\/div>\n<h5 class=\"mt-title\">El urgente pedido que hizo Morena Rial desde la c\u00e1rcel en medio de su crisis de depresi\u00f3n<\/h5>\n<\/div>\n<p><\/a><\/div>\n<p>The post <a href=\"https:\/\/www.paparazzi.com.ar\/teve\/morena-rial-revelo-por-que-no-quiere-estar-con-su-hijo-amadeo-el-dia-de-su-cumpleanos\/\">Morena Rial revel\u00f3 por qu\u00e9 no quiere estar con su hijo Amadeo el d\u00eda de su cumplea\u00f1os<\/a> appeared first on <a href=\"https:\/\/www.paparazzi.com.ar\">Revista Paparazzi<\/a>.<\/p>\n","protected":false},"excerpt":{"rendered":"<p>Morena Rial volvi\u00f3 a dar que hablar durante estos \u00faltimos d\u00edas tras la escandalosa nueva<\/p>\n","protected":false},"author":0,"featured_media":6000,"comment_status":"","ping_status":"","sticky":false,"template":"","format":"standard","meta":{"footnotes":""},"categories":[11],"tags":[],"class_list":["post-5999","post","type-post","status-publish","format-standard","has-post-thumbnail","hentry","category-destacadas"],"yoast_head":"<!-- This site is optimized with the Yoast SEO plugin v27.4 - https:\/\/yoast.com\/product\/yoast-seo-wordpress\/ -->\n<title>Morena Rial revel\u00f3 por qu\u00e9 no quiere estar con su hijo Amadeo el d\u00eda de su cumplea\u00f1os - Fm Gente<\/title>\n<meta name=\"robots\" content=\"index, follow, max-snippet:-1, max-image-preview:large, max-video-preview:-1\" \/>\n<link rel=\"canonical\" href=\"https:\/\/fmgente.com.ar\/web\/morena-rial-revelo-por-que-no-quiere-estar-con-su-hijo-amadeo-el-dia-de-su-cumpleanos\/\" \/>\n<meta property=\"og:locale\" content=\"es_ES\" \/>\n<meta property=\"og:type\" content=\"article\" \/>\n<meta property=\"og:title\" content=\"Morena Rial revel\u00f3 por qu\u00e9 no quiere estar con su hijo Amadeo el d\u00eda de su cumplea\u00f1os - Fm Gente\" \/>\n<meta property=\"og:description\" content=\"Morena Rial volvi\u00f3 a dar que hablar durante estos \u00faltimos d\u00edas tras la escandalosa nueva\" \/>\n<meta property=\"og:url\" content=\"https:\/\/fmgente.com.ar\/web\/morena-rial-revelo-por-que-no-quiere-estar-con-su-hijo-amadeo-el-dia-de-su-cumpleanos\/\" \/>\n<meta property=\"og:site_name\" content=\"Fm Gente\" \/>\n<meta property=\"article:published_time\" content=\"2025-10-03T23:04:54+00:00\" \/>\n<meta property=\"og:image\" content=\"https:\/\/fmgente.com.ar\/web\/wp-content\/uploads\/2025\/10\/IMG_5980-359x226-5.jpg\" \/>\n\t<meta property=\"og:image:width\" content=\"359\" \/>\n\t<meta property=\"og:image:height\" content=\"226\" \/>\n\t<meta property=\"og:image:type\" content=\"image\/jpeg\" \/>\n<meta name=\"twitter:card\" content=\"summary_large_image\" \/>\n<meta name=\"twitter:label1\" content=\"Tiempo de lectura\" \/>\n\t<meta name=\"twitter:data1\" content=\"3 minutos\" \/>\n<script type=\"application\/ld+json\" class=\"yoast-schema-graph\">{\"@context\":\"https:\\\/\\\/schema.org\",\"@graph\":[{\"@type\":\"Article\",\"@id\":\"https:\\\/\\\/fmgente.com.ar\\\/web\\\/morena-rial-revelo-por-que-no-quiere-estar-con-su-hijo-amadeo-el-dia-de-su-cumpleanos\\\/#article\",\"isPartOf\":{\"@id\":\"https:\\\/\\\/fmgente.com.ar\\\/web\\\/morena-rial-revelo-por-que-no-quiere-estar-con-su-hijo-amadeo-el-dia-de-su-cumpleanos\\\/\"},\"author\":{\"name\":\"\",\"@id\":\"\"},\"headline\":\"Morena Rial revel\u00f3 por qu\u00e9 no quiere estar con su hijo Amadeo el d\u00eda de su cumplea\u00f1os\",\"datePublished\":\"2025-10-03T23:04:54+00:00\",\"mainEntityOfPage\":{\"@id\":\"https:\\\/\\\/fmgente.com.ar\\\/web\\\/morena-rial-revelo-por-que-no-quiere-estar-con-su-hijo-amadeo-el-dia-de-su-cumpleanos\\\/\"},\"wordCount\":620,\"publisher\":{\"@id\":\"https:\\\/\\\/fmgente.com.ar\\\/web\\\/#organization\"},\"image\":{\"@id\":\"https:\\\/\\\/fmgente.com.ar\\\/web\\\/morena-rial-revelo-por-que-no-quiere-estar-con-su-hijo-amadeo-el-dia-de-su-cumpleanos\\\/#primaryimage\"},\"thumbnailUrl\":\"https:\\\/\\\/fmgente.com.ar\\\/web\\\/wp-content\\\/uploads\\\/2025\\\/10\\\/IMG_5980-359x226-5.jpg\",\"articleSection\":[\"DESTACADAS\"],\"inLanguage\":\"es\"},{\"@type\":\"WebPage\",\"@id\":\"https:\\\/\\\/fmgente.com.ar\\\/web\\\/morena-rial-revelo-por-que-no-quiere-estar-con-su-hijo-amadeo-el-dia-de-su-cumpleanos\\\/\",\"url\":\"https:\\\/\\\/fmgente.com.ar\\\/web\\\/morena-rial-revelo-por-que-no-quiere-estar-con-su-hijo-amadeo-el-dia-de-su-cumpleanos\\\/\",\"name\":\"Morena Rial revel\u00f3 por qu\u00e9 no quiere estar con su hijo Amadeo el d\u00eda de su cumplea\u00f1os - Fm Gente\",\"isPartOf\":{\"@id\":\"https:\\\/\\\/fmgente.com.ar\\\/web\\\/#website\"},\"primaryImageOfPage\":{\"@id\":\"https:\\\/\\\/fmgente.com.ar\\\/web\\\/morena-rial-revelo-por-que-no-quiere-estar-con-su-hijo-amadeo-el-dia-de-su-cumpleanos\\\/#primaryimage\"},\"image\":{\"@id\":\"https:\\\/\\\/fmgente.com.ar\\\/web\\\/morena-rial-revelo-por-que-no-quiere-estar-con-su-hijo-amadeo-el-dia-de-su-cumpleanos\\\/#primaryimage\"},\"thumbnailUrl\":\"https:\\\/\\\/fmgente.com.ar\\\/web\\\/wp-content\\\/uploads\\\/2025\\\/10\\\/IMG_5980-359x226-5.jpg\",\"datePublished\":\"2025-10-03T23:04:54+00:00\",\"inLanguage\":\"es\",\"potentialAction\":[{\"@type\":\"ReadAction\",\"target\":[\"https:\\\/\\\/fmgente.com.ar\\\/web\\\/morena-rial-revelo-por-que-no-quiere-estar-con-su-hijo-amadeo-el-dia-de-su-cumpleanos\\\/\"]}]},{\"@type\":\"ImageObject\",\"inLanguage\":\"es\",\"@id\":\"https:\\\/\\\/fmgente.com.ar\\\/web\\\/morena-rial-revelo-por-que-no-quiere-estar-con-su-hijo-amadeo-el-dia-de-su-cumpleanos\\\/#primaryimage\",\"url\":\"https:\\\/\\\/fmgente.com.ar\\\/web\\\/wp-content\\\/uploads\\\/2025\\\/10\\\/IMG_5980-359x226-5.jpg\",\"contentUrl\":\"https:\\\/\\\/fmgente.com.ar\\\/web\\\/wp-content\\\/uploads\\\/2025\\\/10\\\/IMG_5980-359x226-5.jpg\",\"width\":359,\"height\":226},{\"@type\":\"WebSite\",\"@id\":\"https:\\\/\\\/fmgente.com.ar\\\/web\\\/#website\",\"url\":\"https:\\\/\\\/fmgente.com.ar\\\/web\\\/\",\"name\":\"Fm Gente\",\"description\":\"- Jes\u00fas Mar\u00eda\",\"publisher\":{\"@id\":\"https:\\\/\\\/fmgente.com.ar\\\/web\\\/#organization\"},\"potentialAction\":[{\"@type\":\"SearchAction\",\"target\":{\"@type\":\"EntryPoint\",\"urlTemplate\":\"https:\\\/\\\/fmgente.com.ar\\\/web\\\/?s={search_term_string}\"},\"query-input\":{\"@type\":\"PropertyValueSpecification\",\"valueRequired\":true,\"valueName\":\"search_term_string\"}}],\"inLanguage\":\"es\"},{\"@type\":\"Organization\",\"@id\":\"https:\\\/\\\/fmgente.com.ar\\\/web\\\/#organization\",\"name\":\"Fm Gente\",\"url\":\"https:\\\/\\\/fmgente.com.ar\\\/web\\\/\",\"logo\":{\"@type\":\"ImageObject\",\"inLanguage\":\"es\",\"@id\":\"https:\\\/\\\/fmgente.com.ar\\\/web\\\/#\\\/schema\\\/logo\\\/image\\\/\",\"url\":\"https:\\\/\\\/fmgente.com.ar\\\/web\\\/wp-content\\\/uploads\\\/2023\\\/07\\\/cropped-cropped-logo-sombra2.png\",\"contentUrl\":\"https:\\\/\\\/fmgente.com.ar\\\/web\\\/wp-content\\\/uploads\\\/2023\\\/07\\\/cropped-cropped-logo-sombra2.png\",\"width\":1782,\"height\":1782,\"caption\":\"Fm Gente\"},\"image\":{\"@id\":\"https:\\\/\\\/fmgente.com.ar\\\/web\\\/#\\\/schema\\\/logo\\\/image\\\/\"}}]}<\/script>\n<!-- \/ Yoast SEO plugin. -->","yoast_head_json":{"title":"Morena Rial revel\u00f3 por qu\u00e9 no quiere estar con su hijo Amadeo el d\u00eda de su cumplea\u00f1os - Fm Gente","robots":{"index":"index","follow":"follow","max-snippet":"max-snippet:-1","max-image-preview":"max-image-preview:large","max-video-preview":"max-video-preview:-1"},"canonical":"https:\/\/fmgente.com.ar\/web\/morena-rial-revelo-por-que-no-quiere-estar-con-su-hijo-amadeo-el-dia-de-su-cumpleanos\/","og_locale":"es_ES","og_type":"article","og_title":"Morena Rial revel\u00f3 por qu\u00e9 no quiere estar con su hijo Amadeo el d\u00eda de su cumplea\u00f1os - Fm Gente","og_description":"Morena Rial volvi\u00f3 a dar que hablar durante estos \u00faltimos d\u00edas tras la escandalosa nueva","og_url":"https:\/\/fmgente.com.ar\/web\/morena-rial-revelo-por-que-no-quiere-estar-con-su-hijo-amadeo-el-dia-de-su-cumpleanos\/","og_site_name":"Fm Gente","article_published_time":"2025-10-03T23:04:54+00:00","og_image":[{"width":359,"height":226,"url":"https:\/\/fmgente.com.ar\/web\/wp-content\/uploads\/2025\/10\/IMG_5980-359x226-5.jpg","type":"image\/jpeg"}],"twitter_card":"summary_large_image","twitter_misc":{"Tiempo de lectura":"3 minutos"},"schema":{"@context":"https:\/\/schema.org","@graph":[{"@type":"Article","@id":"https:\/\/fmgente.com.ar\/web\/morena-rial-revelo-por-que-no-quiere-estar-con-su-hijo-amadeo-el-dia-de-su-cumpleanos\/#article","isPartOf":{"@id":"https:\/\/fmgente.com.ar\/web\/morena-rial-revelo-por-que-no-quiere-estar-con-su-hijo-amadeo-el-dia-de-su-cumpleanos\/"},"author":{"name":"","@id":""},"headline":"Morena Rial revel\u00f3 por qu\u00e9 no quiere estar con su hijo Amadeo el d\u00eda de su cumplea\u00f1os","datePublished":"2025-10-03T23:04:54+00:00","mainEntityOfPage":{"@id":"https:\/\/fmgente.com.ar\/web\/morena-rial-revelo-por-que-no-quiere-estar-con-su-hijo-amadeo-el-dia-de-su-cumpleanos\/"},"wordCount":620,"publisher":{"@id":"https:\/\/fmgente.com.ar\/web\/#organization"},"image":{"@id":"https:\/\/fmgente.com.ar\/web\/morena-rial-revelo-por-que-no-quiere-estar-con-su-hijo-amadeo-el-dia-de-su-cumpleanos\/#primaryimage"},"thumbnailUrl":"https:\/\/fmgente.com.ar\/web\/wp-content\/uploads\/2025\/10\/IMG_5980-359x226-5.jpg","articleSection":["DESTACADAS"],"inLanguage":"es"},{"@type":"WebPage","@id":"https:\/\/fmgente.com.ar\/web\/morena-rial-revelo-por-que-no-quiere-estar-con-su-hijo-amadeo-el-dia-de-su-cumpleanos\/","url":"https:\/\/fmgente.com.ar\/web\/morena-rial-revelo-por-que-no-quiere-estar-con-su-hijo-amadeo-el-dia-de-su-cumpleanos\/","name":"Morena Rial revel\u00f3 por qu\u00e9 no quiere estar con su hijo Amadeo el d\u00eda de su cumplea\u00f1os - Fm Gente","isPartOf":{"@id":"https:\/\/fmgente.com.ar\/web\/#website"},"primaryImageOfPage":{"@id":"https:\/\/fmgente.com.ar\/web\/morena-rial-revelo-por-que-no-quiere-estar-con-su-hijo-amadeo-el-dia-de-su-cumpleanos\/#primaryimage"},"image":{"@id":"https:\/\/fmgente.com.ar\/web\/morena-rial-revelo-por-que-no-quiere-estar-con-su-hijo-amadeo-el-dia-de-su-cumpleanos\/#primaryimage"},"thumbnailUrl":"https:\/\/fmgente.com.ar\/web\/wp-content\/uploads\/2025\/10\/IMG_5980-359x226-5.jpg","datePublished":"2025-10-03T23:04:54+00:00","inLanguage":"es","potentialAction":[{"@type":"ReadAction","target":["https:\/\/fmgente.com.ar\/web\/morena-rial-revelo-por-que-no-quiere-estar-con-su-hijo-amadeo-el-dia-de-su-cumpleanos\/"]}]},{"@type":"ImageObject","inLanguage":"es","@id":"https:\/\/fmgente.com.ar\/web\/morena-rial-revelo-por-que-no-quiere-estar-con-su-hijo-amadeo-el-dia-de-su-cumpleanos\/#primaryimage","url":"https:\/\/fmgente.com.ar\/web\/wp-content\/uploads\/2025\/10\/IMG_5980-359x226-5.jpg","contentUrl":"https:\/\/fmgente.com.ar\/web\/wp-content\/uploads\/2025\/10\/IMG_5980-359x226-5.jpg","width":359,"height":226},{"@type":"WebSite","@id":"https:\/\/fmgente.com.ar\/web\/#website","url":"https:\/\/fmgente.com.ar\/web\/","name":"Fm Gente","description":"- Jes\u00fas Mar\u00eda","publisher":{"@id":"https:\/\/fmgente.com.ar\/web\/#organization"},"potentialAction":[{"@type":"SearchAction","target":{"@type":"EntryPoint","urlTemplate":"https:\/\/fmgente.com.ar\/web\/?s={search_term_string}"},"query-input":{"@type":"PropertyValueSpecification","valueRequired":true,"valueName":"search_term_string"}}],"inLanguage":"es"},{"@type":"Organization","@id":"https:\/\/fmgente.com.ar\/web\/#organization","name":"Fm Gente","url":"https:\/\/fmgente.com.ar\/web\/","logo":{"@type":"ImageObject","inLanguage":"es","@id":"https:\/\/fmgente.com.ar\/web\/#\/schema\/logo\/image\/","url":"https:\/\/fmgente.com.ar\/web\/wp-content\/uploads\/2023\/07\/cropped-cropped-logo-sombra2.png","contentUrl":"https:\/\/fmgente.com.ar\/web\/wp-content\/uploads\/2023\/07\/cropped-cropped-logo-sombra2.png","width":1782,"height":1782,"caption":"Fm Gente"},"image":{"@id":"https:\/\/fmgente.com.ar\/web\/#\/schema\/logo\/image\/"}}]}},"_links":{"self":[{"href":"https:\/\/fmgente.com.ar\/web\/wp-json\/wp\/v2\/posts\/5999","targetHints":{"allow":["GET"]}}],"collection":[{"href":"https:\/\/fmgente.com.ar\/web\/wp-json\/wp\/v2\/posts"}],"about":[{"href":"https:\/\/fmgente.com.ar\/web\/wp-json\/wp\/v2\/types\/post"}],"replies":[{"embeddable":true,"href":"https:\/\/fmgente.com.ar\/web\/wp-json\/wp\/v2\/comments?post=5999"}],"version-history":[{"count":0,"href":"https:\/\/fmgente.com.ar\/web\/wp-json\/wp\/v2\/posts\/5999\/revisions"}],"wp:featuredmedia":[{"embeddable":true,"href":"https:\/\/fmgente.com.ar\/web\/wp-json\/wp\/v2\/media\/6000"}],"wp:attachment":[{"href":"https:\/\/fmgente.com.ar\/web\/wp-json\/wp\/v2\/media?parent=5999"}],"wp:term":[{"taxonomy":"category","embeddable":true,"href":"https:\/\/fmgente.com.ar\/web\/wp-json\/wp\/v2\/categories?post=5999"},{"taxonomy":"post_tag","embeddable":true,"href":"https:\/\/fmgente.com.ar\/web\/wp-json\/wp\/v2\/tags?post=5999"}],"curies":[{"name":"wp","href":"https:\/\/api.w.org\/{rel}","templated":true}]}}