{"id":5997,"date":"2025-10-03T20:04:53","date_gmt":"2025-10-03T23:04:53","guid":{"rendered":"https:\/\/fmgente.com.ar\/el-horrendo-habito-que-tomas-fonzi-supero-para-siempre-y-dejo-atras\/"},"modified":"2025-10-03T20:04:53","modified_gmt":"2025-10-03T23:04:53","slug":"el-horrendo-habito-que-tomas-fonzi-supero-para-siempre-y-dejo-atras","status":"publish","type":"post","link":"https:\/\/fmgente.com.ar\/web\/el-horrendo-habito-que-tomas-fonzi-supero-para-siempre-y-dejo-atras\/","title":{"rendered":"El horrendo h\u00e1bito que Tom\u00e1s Fonzi super\u00f3 para siempre y dej\u00f3 atr\u00e1s"},"content":{"rendered":"<p>Tomas Fonzi es uno de los actores m\u00e1s codiciados de la Argentina. El famoso comenz\u00f3 su carrera desde muy chico y la fama nunca logr\u00f3 cambiar algo en \u00e9l. El artista reconoci\u00f3 hace poco que un defecto lo persigui\u00f3 durante toda su vida. Pero que logr\u00f3 cambiar con el paso del tiempo y lo cuenta orgulloso. <\/p>\n<p>El actor confes\u00f3 sin vueltas en una entrevista con la revista Pronto: \u201cUno de mis defectos m\u00e1s notorios siempre fue la impuntualidad, pero con el tiempo logr\u00e9 modificarlo y me siento orgulloso de haberlo conseguido\u201d. Ese cambio no ocurri\u00f3 de la noche a la ma\u00f1ana, sino que implic\u00f3 disciplina y compromiso.<\/p>\n<p>La determinaci\u00f3n de cambiar surgi\u00f3 con la madurez y con la necesidad de mejorar su rutina. En sus palabras: \u201cFue un proceso, no de un d\u00eda para otro. Me di cuenta de que no pod\u00eda seguir justific\u00e1ndome con que era algo natural en m\u00ed. Puse el foco en organizarme mejor, en salir con m\u00e1s tiempo y en ser respetuoso del tiempo ajeno\u201d. De esa manera, logr\u00f3 dejar atr\u00e1s un h\u00e1bito que lo acompa\u00f1\u00f3 durante a\u00f1os.<\/p>\n<p>Hoy el actor asegura que la puntualidad ya no es un problema. Mira hacia atr\u00e1s con humor y siente alivio por haber superado esa faceta que lo marcaba en todos los \u00e1mbitos. Sus compa\u00f1eros de \u201cUna Navidad de mierda\u201d, la comedia que protagoniz\u00f3 en la avenida Corrientes, confirmaron que nunca se gan\u00f3 una \u201cmedia falta\u201d por llegar tarde. El cambio, m\u00e1s all\u00e1 de lo laboral, tambi\u00e9n impact\u00f3 en su bienestar personal.<\/p>\n<p>En paralelo a esa transformaci\u00f3n, Fonzi sorprendi\u00f3 con una confesi\u00f3n sobre su salud. Durante una entrevista \u00edntima revel\u00f3 que padece bradicardia benigna, una condici\u00f3n card\u00edaca que, lejos de alarmarlo, lo acompa\u00f1a con tranquilidad. \u201cMi coraz\u00f3n late a bajas revoluciones, pero por suerte no es algo grave\u201d, explic\u00f3, dejando en claro que no necesita tratamiento ni controles estrictos.<\/p>\n<p>Incluso, se\u00f1al\u00f3 que esa condici\u00f3n puede jugar a su favor: \u201cEs como un auto que puede ir r\u00e1pido sin forzar el motor, consume menos y no se recalienta\u201d. A sus 43 a\u00f1os y con una carrera consolidada, Tom\u00e1s Fonzi disfruta uno de sus mejores momentos, lejos de aquel h\u00e1bito que lo complicaba y con la certeza de que pudo dar vuelta una de las p\u00e1ginas m\u00e1s dif\u00edciles de su vida.<\/p>\n<div class=\"mt-box \">\n<h4 class=\"mt-heading\">Mir\u00e1 Tambi\u00e9n<\/h4>\n<p><a href=\"https:\/\/www.paparazzi.com.ar\/teve\/morena-rial-revelo-por-que-no-quiere-estar-con-su-hijo-amadeo-el-dia-de-su-cumpleanos\/\"><\/p>\n<div class=\"mt-content\">\n<div class=\"mt-image-container\"><img decoding=\"async\" src=\"https:\/\/www.paparazzi.com.ar\/wp-content\/uploads\/2025\/10\/Por-que-el-hijo-de-Morena-Rial-puede-ir-a-la-carcel-junto-a-su-mama-con-apenas-uno-y-medio-359x226.jpg\" alt=\"Morena Rial revel\u00f3 por qu\u00e9 no quiere estar con su hijo Amadeo el d\u00eda de su cumplea\u00f1os\" class=\"mt-image\" loading=\"lazy\" \/><\/div>\n<h5 class=\"mt-title\">Morena Rial revel\u00f3 por qu\u00e9 no quiere estar con su hijo Amadeo el d\u00eda de su cumplea\u00f1os<\/h5>\n<\/div>\n<p><\/a><\/div>\n<div class=\"mt-box \">\n<h4 class=\"mt-heading\">Mir\u00e1 Tambi\u00e9n<\/h4>\n<p><a href=\"https:\/\/www.paparazzi.com.ar\/teve\/el-padre-de-thiago-medina-revelo-el-increible-avance-en-su-salud-habla-y\/\"><\/p>\n<div class=\"mt-content\">\n<div class=\"mt-image-container\"><img decoding=\"async\" src=\"https:\/\/www.paparazzi.com.ar\/wp-content\/uploads\/2025\/10\/thiago-medina-2-359x226.png\" alt=\"El padre de Thiago Medina revel\u00f3 el incre\u00edble avance en su salud: &quot;Habla y\u2026&quot;\" class=\"mt-image\" loading=\"lazy\" \/><\/div>\n<h5 class=\"mt-title\">El padre de Thiago Medina revel\u00f3 el incre\u00edble avance en su salud: \u00abHabla y\u2026\u00bb<\/h5>\n<\/div>\n<p><\/a><\/div>\n<p>The post <a href=\"https:\/\/www.paparazzi.com.ar\/teve\/el-horrendo-habito-que-tomas-fonzi-supero-para-siempre-y-dejo-atras\/\">El horrendo h\u00e1bito que Tom\u00e1s Fonzi super\u00f3 para siempre y dej\u00f3 atr\u00e1s<\/a> appeared first on <a href=\"https:\/\/www.paparazzi.com.ar\">Revista Paparazzi<\/a>.<\/p>\n","protected":false},"excerpt":{"rendered":"<p>Tomas Fonzi es uno de los actores m\u00e1s codiciados de la Argentina. El famoso comenz\u00f3<\/p>\n","protected":false},"author":0,"featured_media":5998,"comment_status":"","ping_status":"","sticky":false,"template":"","format":"standard","meta":{"footnotes":""},"categories":[11],"tags":[],"class_list":["post-5997","post","type-post","status-publish","format-standard","has-post-thumbnail","hentry","category-destacadas"],"yoast_head":"<!-- This site is optimized with the Yoast SEO plugin v27.4 - https:\/\/yoast.com\/product\/yoast-seo-wordpress\/ -->\n<title>El horrendo h\u00e1bito que Tom\u00e1s Fonzi super\u00f3 para siempre y dej\u00f3 atr\u00e1s - Fm Gente<\/title>\n<meta name=\"robots\" content=\"index, follow, max-snippet:-1, max-image-preview:large, max-video-preview:-1\" \/>\n<link rel=\"canonical\" href=\"https:\/\/fmgente.com.ar\/web\/el-horrendo-habito-que-tomas-fonzi-supero-para-siempre-y-dejo-atras\/\" \/>\n<meta property=\"og:locale\" content=\"es_ES\" \/>\n<meta property=\"og:type\" content=\"article\" \/>\n<meta property=\"og:title\" content=\"El horrendo h\u00e1bito que Tom\u00e1s Fonzi super\u00f3 para siempre y dej\u00f3 atr\u00e1s - Fm Gente\" \/>\n<meta property=\"og:description\" content=\"Tomas Fonzi es uno de los actores m\u00e1s codiciados de la Argentina. El famoso comenz\u00f3\" \/>\n<meta property=\"og:url\" content=\"https:\/\/fmgente.com.ar\/web\/el-horrendo-habito-que-tomas-fonzi-supero-para-siempre-y-dejo-atras\/\" \/>\n<meta property=\"og:site_name\" content=\"Fm Gente\" \/>\n<meta property=\"article:published_time\" content=\"2025-10-03T23:04:53+00:00\" \/>\n<meta property=\"og:image\" content=\"https:\/\/fmgente.com.ar\/web\/wp-content\/uploads\/2025\/10\/Por-que-el-hijo-de-Morena-Rial-puede-ir-a-la-carcel-junto-a-su-mama-con-apenas-uno-y-medio-359x226-1.jpg\" \/>\n\t<meta property=\"og:image:width\" content=\"359\" \/>\n\t<meta property=\"og:image:height\" content=\"226\" \/>\n\t<meta property=\"og:image:type\" content=\"image\/jpeg\" \/>\n<meta name=\"twitter:card\" content=\"summary_large_image\" \/>\n<meta name=\"twitter:label1\" content=\"Tiempo de lectura\" \/>\n\t<meta name=\"twitter:data1\" content=\"2 minutos\" \/>\n<script type=\"application\/ld+json\" class=\"yoast-schema-graph\">{\"@context\":\"https:\\\/\\\/schema.org\",\"@graph\":[{\"@type\":\"Article\",\"@id\":\"https:\\\/\\\/fmgente.com.ar\\\/web\\\/el-horrendo-habito-que-tomas-fonzi-supero-para-siempre-y-dejo-atras\\\/#article\",\"isPartOf\":{\"@id\":\"https:\\\/\\\/fmgente.com.ar\\\/web\\\/el-horrendo-habito-que-tomas-fonzi-supero-para-siempre-y-dejo-atras\\\/\"},\"author\":{\"name\":\"\",\"@id\":\"\"},\"headline\":\"El horrendo h\u00e1bito que Tom\u00e1s Fonzi super\u00f3 para siempre y dej\u00f3 atr\u00e1s\",\"datePublished\":\"2025-10-03T23:04:53+00:00\",\"mainEntityOfPage\":{\"@id\":\"https:\\\/\\\/fmgente.com.ar\\\/web\\\/el-horrendo-habito-que-tomas-fonzi-supero-para-siempre-y-dejo-atras\\\/\"},\"wordCount\":486,\"publisher\":{\"@id\":\"https:\\\/\\\/fmgente.com.ar\\\/web\\\/#organization\"},\"image\":{\"@id\":\"https:\\\/\\\/fmgente.com.ar\\\/web\\\/el-horrendo-habito-que-tomas-fonzi-supero-para-siempre-y-dejo-atras\\\/#primaryimage\"},\"thumbnailUrl\":\"https:\\\/\\\/fmgente.com.ar\\\/web\\\/wp-content\\\/uploads\\\/2025\\\/10\\\/Por-que-el-hijo-de-Morena-Rial-puede-ir-a-la-carcel-junto-a-su-mama-con-apenas-uno-y-medio-359x226-1.jpg\",\"articleSection\":[\"DESTACADAS\"],\"inLanguage\":\"es\"},{\"@type\":\"WebPage\",\"@id\":\"https:\\\/\\\/fmgente.com.ar\\\/web\\\/el-horrendo-habito-que-tomas-fonzi-supero-para-siempre-y-dejo-atras\\\/\",\"url\":\"https:\\\/\\\/fmgente.com.ar\\\/web\\\/el-horrendo-habito-que-tomas-fonzi-supero-para-siempre-y-dejo-atras\\\/\",\"name\":\"El horrendo h\u00e1bito que Tom\u00e1s Fonzi super\u00f3 para siempre y dej\u00f3 atr\u00e1s - Fm Gente\",\"isPartOf\":{\"@id\":\"https:\\\/\\\/fmgente.com.ar\\\/web\\\/#website\"},\"primaryImageOfPage\":{\"@id\":\"https:\\\/\\\/fmgente.com.ar\\\/web\\\/el-horrendo-habito-que-tomas-fonzi-supero-para-siempre-y-dejo-atras\\\/#primaryimage\"},\"image\":{\"@id\":\"https:\\\/\\\/fmgente.com.ar\\\/web\\\/el-horrendo-habito-que-tomas-fonzi-supero-para-siempre-y-dejo-atras\\\/#primaryimage\"},\"thumbnailUrl\":\"https:\\\/\\\/fmgente.com.ar\\\/web\\\/wp-content\\\/uploads\\\/2025\\\/10\\\/Por-que-el-hijo-de-Morena-Rial-puede-ir-a-la-carcel-junto-a-su-mama-con-apenas-uno-y-medio-359x226-1.jpg\",\"datePublished\":\"2025-10-03T23:04:53+00:00\",\"inLanguage\":\"es\",\"potentialAction\":[{\"@type\":\"ReadAction\",\"target\":[\"https:\\\/\\\/fmgente.com.ar\\\/web\\\/el-horrendo-habito-que-tomas-fonzi-supero-para-siempre-y-dejo-atras\\\/\"]}]},{\"@type\":\"ImageObject\",\"inLanguage\":\"es\",\"@id\":\"https:\\\/\\\/fmgente.com.ar\\\/web\\\/el-horrendo-habito-que-tomas-fonzi-supero-para-siempre-y-dejo-atras\\\/#primaryimage\",\"url\":\"https:\\\/\\\/fmgente.com.ar\\\/web\\\/wp-content\\\/uploads\\\/2025\\\/10\\\/Por-que-el-hijo-de-Morena-Rial-puede-ir-a-la-carcel-junto-a-su-mama-con-apenas-uno-y-medio-359x226-1.jpg\",\"contentUrl\":\"https:\\\/\\\/fmgente.com.ar\\\/web\\\/wp-content\\\/uploads\\\/2025\\\/10\\\/Por-que-el-hijo-de-Morena-Rial-puede-ir-a-la-carcel-junto-a-su-mama-con-apenas-uno-y-medio-359x226-1.jpg\",\"width\":359,\"height\":226},{\"@type\":\"WebSite\",\"@id\":\"https:\\\/\\\/fmgente.com.ar\\\/web\\\/#website\",\"url\":\"https:\\\/\\\/fmgente.com.ar\\\/web\\\/\",\"name\":\"Fm Gente\",\"description\":\"- Jes\u00fas Mar\u00eda\",\"publisher\":{\"@id\":\"https:\\\/\\\/fmgente.com.ar\\\/web\\\/#organization\"},\"potentialAction\":[{\"@type\":\"SearchAction\",\"target\":{\"@type\":\"EntryPoint\",\"urlTemplate\":\"https:\\\/\\\/fmgente.com.ar\\\/web\\\/?s={search_term_string}\"},\"query-input\":{\"@type\":\"PropertyValueSpecification\",\"valueRequired\":true,\"valueName\":\"search_term_string\"}}],\"inLanguage\":\"es\"},{\"@type\":\"Organization\",\"@id\":\"https:\\\/\\\/fmgente.com.ar\\\/web\\\/#organization\",\"name\":\"Fm Gente\",\"url\":\"https:\\\/\\\/fmgente.com.ar\\\/web\\\/\",\"logo\":{\"@type\":\"ImageObject\",\"inLanguage\":\"es\",\"@id\":\"https:\\\/\\\/fmgente.com.ar\\\/web\\\/#\\\/schema\\\/logo\\\/image\\\/\",\"url\":\"https:\\\/\\\/fmgente.com.ar\\\/web\\\/wp-content\\\/uploads\\\/2023\\\/07\\\/cropped-cropped-logo-sombra2.png\",\"contentUrl\":\"https:\\\/\\\/fmgente.com.ar\\\/web\\\/wp-content\\\/uploads\\\/2023\\\/07\\\/cropped-cropped-logo-sombra2.png\",\"width\":1782,\"height\":1782,\"caption\":\"Fm Gente\"},\"image\":{\"@id\":\"https:\\\/\\\/fmgente.com.ar\\\/web\\\/#\\\/schema\\\/logo\\\/image\\\/\"}}]}<\/script>\n<!-- \/ Yoast SEO plugin. -->","yoast_head_json":{"title":"El horrendo h\u00e1bito que Tom\u00e1s Fonzi super\u00f3 para siempre y dej\u00f3 atr\u00e1s - Fm Gente","robots":{"index":"index","follow":"follow","max-snippet":"max-snippet:-1","max-image-preview":"max-image-preview:large","max-video-preview":"max-video-preview:-1"},"canonical":"https:\/\/fmgente.com.ar\/web\/el-horrendo-habito-que-tomas-fonzi-supero-para-siempre-y-dejo-atras\/","og_locale":"es_ES","og_type":"article","og_title":"El horrendo h\u00e1bito que Tom\u00e1s Fonzi super\u00f3 para siempre y dej\u00f3 atr\u00e1s - Fm Gente","og_description":"Tomas Fonzi es uno de los actores m\u00e1s codiciados de la Argentina. El famoso comenz\u00f3","og_url":"https:\/\/fmgente.com.ar\/web\/el-horrendo-habito-que-tomas-fonzi-supero-para-siempre-y-dejo-atras\/","og_site_name":"Fm Gente","article_published_time":"2025-10-03T23:04:53+00:00","og_image":[{"width":359,"height":226,"url":"https:\/\/fmgente.com.ar\/web\/wp-content\/uploads\/2025\/10\/Por-que-el-hijo-de-Morena-Rial-puede-ir-a-la-carcel-junto-a-su-mama-con-apenas-uno-y-medio-359x226-1.jpg","type":"image\/jpeg"}],"twitter_card":"summary_large_image","twitter_misc":{"Tiempo de lectura":"2 minutos"},"schema":{"@context":"https:\/\/schema.org","@graph":[{"@type":"Article","@id":"https:\/\/fmgente.com.ar\/web\/el-horrendo-habito-que-tomas-fonzi-supero-para-siempre-y-dejo-atras\/#article","isPartOf":{"@id":"https:\/\/fmgente.com.ar\/web\/el-horrendo-habito-que-tomas-fonzi-supero-para-siempre-y-dejo-atras\/"},"author":{"name":"","@id":""},"headline":"El horrendo h\u00e1bito que Tom\u00e1s Fonzi super\u00f3 para siempre y dej\u00f3 atr\u00e1s","datePublished":"2025-10-03T23:04:53+00:00","mainEntityOfPage":{"@id":"https:\/\/fmgente.com.ar\/web\/el-horrendo-habito-que-tomas-fonzi-supero-para-siempre-y-dejo-atras\/"},"wordCount":486,"publisher":{"@id":"https:\/\/fmgente.com.ar\/web\/#organization"},"image":{"@id":"https:\/\/fmgente.com.ar\/web\/el-horrendo-habito-que-tomas-fonzi-supero-para-siempre-y-dejo-atras\/#primaryimage"},"thumbnailUrl":"https:\/\/fmgente.com.ar\/web\/wp-content\/uploads\/2025\/10\/Por-que-el-hijo-de-Morena-Rial-puede-ir-a-la-carcel-junto-a-su-mama-con-apenas-uno-y-medio-359x226-1.jpg","articleSection":["DESTACADAS"],"inLanguage":"es"},{"@type":"WebPage","@id":"https:\/\/fmgente.com.ar\/web\/el-horrendo-habito-que-tomas-fonzi-supero-para-siempre-y-dejo-atras\/","url":"https:\/\/fmgente.com.ar\/web\/el-horrendo-habito-que-tomas-fonzi-supero-para-siempre-y-dejo-atras\/","name":"El horrendo h\u00e1bito que Tom\u00e1s Fonzi super\u00f3 para siempre y dej\u00f3 atr\u00e1s - Fm Gente","isPartOf":{"@id":"https:\/\/fmgente.com.ar\/web\/#website"},"primaryImageOfPage":{"@id":"https:\/\/fmgente.com.ar\/web\/el-horrendo-habito-que-tomas-fonzi-supero-para-siempre-y-dejo-atras\/#primaryimage"},"image":{"@id":"https:\/\/fmgente.com.ar\/web\/el-horrendo-habito-que-tomas-fonzi-supero-para-siempre-y-dejo-atras\/#primaryimage"},"thumbnailUrl":"https:\/\/fmgente.com.ar\/web\/wp-content\/uploads\/2025\/10\/Por-que-el-hijo-de-Morena-Rial-puede-ir-a-la-carcel-junto-a-su-mama-con-apenas-uno-y-medio-359x226-1.jpg","datePublished":"2025-10-03T23:04:53+00:00","inLanguage":"es","potentialAction":[{"@type":"ReadAction","target":["https:\/\/fmgente.com.ar\/web\/el-horrendo-habito-que-tomas-fonzi-supero-para-siempre-y-dejo-atras\/"]}]},{"@type":"ImageObject","inLanguage":"es","@id":"https:\/\/fmgente.com.ar\/web\/el-horrendo-habito-que-tomas-fonzi-supero-para-siempre-y-dejo-atras\/#primaryimage","url":"https:\/\/fmgente.com.ar\/web\/wp-content\/uploads\/2025\/10\/Por-que-el-hijo-de-Morena-Rial-puede-ir-a-la-carcel-junto-a-su-mama-con-apenas-uno-y-medio-359x226-1.jpg","contentUrl":"https:\/\/fmgente.com.ar\/web\/wp-content\/uploads\/2025\/10\/Por-que-el-hijo-de-Morena-Rial-puede-ir-a-la-carcel-junto-a-su-mama-con-apenas-uno-y-medio-359x226-1.jpg","width":359,"height":226},{"@type":"WebSite","@id":"https:\/\/fmgente.com.ar\/web\/#website","url":"https:\/\/fmgente.com.ar\/web\/","name":"Fm Gente","description":"- Jes\u00fas Mar\u00eda","publisher":{"@id":"https:\/\/fmgente.com.ar\/web\/#organization"},"potentialAction":[{"@type":"SearchAction","target":{"@type":"EntryPoint","urlTemplate":"https:\/\/fmgente.com.ar\/web\/?s={search_term_string}"},"query-input":{"@type":"PropertyValueSpecification","valueRequired":true,"valueName":"search_term_string"}}],"inLanguage":"es"},{"@type":"Organization","@id":"https:\/\/fmgente.com.ar\/web\/#organization","name":"Fm Gente","url":"https:\/\/fmgente.com.ar\/web\/","logo":{"@type":"ImageObject","inLanguage":"es","@id":"https:\/\/fmgente.com.ar\/web\/#\/schema\/logo\/image\/","url":"https:\/\/fmgente.com.ar\/web\/wp-content\/uploads\/2023\/07\/cropped-cropped-logo-sombra2.png","contentUrl":"https:\/\/fmgente.com.ar\/web\/wp-content\/uploads\/2023\/07\/cropped-cropped-logo-sombra2.png","width":1782,"height":1782,"caption":"Fm Gente"},"image":{"@id":"https:\/\/fmgente.com.ar\/web\/#\/schema\/logo\/image\/"}}]}},"_links":{"self":[{"href":"https:\/\/fmgente.com.ar\/web\/wp-json\/wp\/v2\/posts\/5997","targetHints":{"allow":["GET"]}}],"collection":[{"href":"https:\/\/fmgente.com.ar\/web\/wp-json\/wp\/v2\/posts"}],"about":[{"href":"https:\/\/fmgente.com.ar\/web\/wp-json\/wp\/v2\/types\/post"}],"replies":[{"embeddable":true,"href":"https:\/\/fmgente.com.ar\/web\/wp-json\/wp\/v2\/comments?post=5997"}],"version-history":[{"count":0,"href":"https:\/\/fmgente.com.ar\/web\/wp-json\/wp\/v2\/posts\/5997\/revisions"}],"wp:featuredmedia":[{"embeddable":true,"href":"https:\/\/fmgente.com.ar\/web\/wp-json\/wp\/v2\/media\/5998"}],"wp:attachment":[{"href":"https:\/\/fmgente.com.ar\/web\/wp-json\/wp\/v2\/media?parent=5997"}],"wp:term":[{"taxonomy":"category","embeddable":true,"href":"https:\/\/fmgente.com.ar\/web\/wp-json\/wp\/v2\/categories?post=5997"},{"taxonomy":"post_tag","embeddable":true,"href":"https:\/\/fmgente.com.ar\/web\/wp-json\/wp\/v2\/tags?post=5997"}],"curies":[{"name":"wp","href":"https:\/\/api.w.org\/{rel}","templated":true}]}}