{"id":5995,"date":"2025-10-03T19:05:51","date_gmt":"2025-10-03T22:05:51","guid":{"rendered":"https:\/\/fmgente.com.ar\/la-estrategia-de-benjamin-vicuna-junto-a-sus-hijos-para-declararle-la-guerra-a-la-china-suarez\/"},"modified":"2025-10-03T19:05:51","modified_gmt":"2025-10-03T22:05:51","slug":"la-estrategia-de-benjamin-vicuna-junto-a-sus-hijos-para-declararle-la-guerra-a-la-china-suarez","status":"publish","type":"post","link":"https:\/\/fmgente.com.ar\/web\/la-estrategia-de-benjamin-vicuna-junto-a-sus-hijos-para-declararle-la-guerra-a-la-china-suarez\/","title":{"rendered":"La estrategia de Benjam\u00edn Vicu\u00f1a junto a sus hijos para declararle la guerra a la China Su\u00e1rez"},"content":{"rendered":"<p>Desde hace ya unos d\u00edas la <strong>China Su\u00e1rez<\/strong> se reinstal\u00f3 en Turqu\u00eda junto a <strong>Mauro Icardi <\/strong>y Rufina, su hija mayor. Sin embargo, en Buenos Aires la situaci\u00f3n con sus otros hijos, Amancio y Magnolia, sigue siendo un tema sensible. La actriz a\u00fan no lleg\u00f3 a un acuerdo para que los peque\u00f1os puedan vivir con ella en Estambul, algo a lo que se niega <strong>Benjam\u00edn Vicu\u00f1a<\/strong>, su ex y padre de los ni\u00f1os.<\/p>\n<p>En este contexto, <strong><a href=\"https:\/\/www.paparazzi.com.ar\/romances\/benjamin-vicuna-se-mostro-con-magnolia-y-amancio-tras-la-partida-de-la-china-suarez-las-fotos-y-su-fuerte-mensaje\/\">Vicu\u00f1a<\/a><\/strong> eligi\u00f3 mostrarse muy cerca de los chicos en los \u00faltimos d\u00edas. Ya en su momento hab\u00eda contado lo dif\u00edcil que era estar lejos de ellos, por lo cual, ahora aprovecha cada instante que comparten para demostrarle todo su amor y contenci\u00f3n.<\/p>\n<p>\u00bfC\u00f3mo lo hizo? Dej\u00e1ndolo expuesto en sus redes. Primero fue durante el fin de semana, cuando <strong><a href=\"https:\/\/www.paparazzi.com.ar\/teve\/la-sorpresiva-actitud-de-la-china-suarez-tras-regresar-a-la-argentina-que-causo-indignacion\/\">Vicu\u00f1a<\/a><\/strong> comparti\u00f3 en Instagram distintas postales de una salida en familia. All\u00ed se lo vio acompa\u00f1ado de Amancio y Magnolia, adem\u00e1s de su madre y de <strong>Anita Espasand\u00edn<\/strong>, una de las mujeres m\u00e1s cercanas a \u00e9l y a su c\u00edrculo \u00edntimo.<\/p>\n<div class=\"mt-box \">\n<h4 class=\"mt-heading\">Mir\u00e1 Tambi\u00e9n<\/h4>\n<p><a href=\"https:\/\/www.paparazzi.com.ar\/videos\/exclusivo-marcelo-polino-hablo-como-nunca-de-su-vida-intima-y-conto-cuando-fue-la-ultima-vez-que-tuvo-sexo-con-una-mujer\/\"><\/p>\n<div class=\"mt-content\">\n<div class=\"mt-image-container\"><img decoding=\"async\" src=\"https:\/\/www.paparazzi.com.ar\/wp-content\/uploads\/2025\/09\/IMG_5980-359x226.jpg\" alt=\"\u00a1Exclusivo! Marcelo Polino habl\u00f3 como nunca de su vida \u00edntima y cont\u00f3 cu\u00e1ndo fue la \u00faltima vez que tuvo sexo con una mujer\u00a0\" class=\"mt-image\" loading=\"lazy\" \/><\/div>\n<h5 class=\"mt-title\">\u00a1Exclusivo! Marcelo Polino habl\u00f3 como nunca de su vida \u00edntima y cont\u00f3 cu\u00e1ndo fue la \u00faltima vez que tuvo sexo con una mujer\u00a0<\/h5>\n<\/div>\n<p><\/a><\/div>\n<p>Pero <strong>Benjam\u00edn<\/strong> no se detuvo all\u00ed. En medio de lo que gener\u00f3 esta nueva vida que encabez\u00f3 la <strong>China<\/strong> con <strong><a href=\"https:\/\/www.paparazzi.com.ar\/romances\/benjamin-vicuna-conto-todo-sobre-la-traicion-de-la-china-suarez-con-sus-dos-hijos-desagradable\/\">Mauro<\/a><\/strong> en Estambul, el chileno volvi\u00f3 a publicar una nueva secuencia de momentos con sus hijos m\u00e1s chicos. Esta vez, en un marco distinto: mostr\u00e1ndoles aspectos de su trabajo y de su d\u00eda a d\u00eda profesional.<\/p>\n<h2 class=\"wp-block-heading\">EL PROVOCADOR GESTO DE BENJAM\u00cdN VICU\u00d1A A LA CHINA SU\u00c1REZ POR LA RELACI\u00d3N CON SUS HIJOS<\/h2>\n<p>La decisi\u00f3n de <strong>Vicu\u00f1a<\/strong> de compartir esas im\u00e1genes gener\u00f3 reacciones m\u00faltiples. Muchos lo leyeron como un gesto de reafirmaci\u00f3n de su rol paterno, justo cuando la actriz se encuentra a miles de kil\u00f3metros inmersa en su nueva vida. Pero obviamente no es el final de la historia, ya que se estima que la <strong>China<\/strong> seguir\u00e1 luchando por llevarse a sus hijos a Turqu\u00eda.<\/p>\n<p>M\u00e1s all\u00e1 de la escolarizaci\u00f3n de los dos menores, eje del conflicto entre la <strong>China<\/strong> y <strong>Vicu\u00f1a<\/strong>, una de las grandes preocupaciones pasa por <strong>Magnolia<\/strong>, que est\u00e1 cursando segundo grado y con los constantes viajes de su madre, su rutina educativa se vio alterada. El debate en redes suele reflotar cada vez que la actriz se instala fuera del pa\u00eds, y esta vez no fue la excepci\u00f3n.<\/p>\n<div class=\"mt-box \">\n<h4 class=\"mt-heading\">Mir\u00e1 Tambi\u00e9n<\/h4>\n<p><a href=\"https:\/\/www.paparazzi.com.ar\/romances\/benjamin-vicuna-se-mostro-con-magnolia-y-amancio-tras-la-partida-de-la-china-suarez-las-fotos-y-su-fuerte-mensaje\/\"><\/p>\n<div class=\"mt-content\">\n<div class=\"mt-image-container\"><img decoding=\"async\" src=\"https:\/\/www.paparazzi.com.ar\/wp-content\/uploads\/2025\/09\/benjamin-vicuna-china-suarez-3-359x226.jpg\" alt=\"Benjam\u00edn Vicu\u00f1a se mostr\u00f3 con Magnolia y Amancio tras la partida de la China Su\u00e1rez: las fotos y su fuerte mensaje\" class=\"mt-image\" loading=\"lazy\" \/><\/div>\n<h5 class=\"mt-title\">Benjam\u00edn Vicu\u00f1a se mostr\u00f3 con Magnolia y Amancio tras la partida de la China Su\u00e1rez: las fotos y su fuerte mensaje<\/h5>\n<\/div>\n<p><\/a><\/div>\n<p>As\u00ed, mientras la <strong>China<\/strong> disfruta de su estad\u00eda en Estambul y comparte parte de su intimidad con <strong>Icardi<\/strong>, de este lado del oc\u00e9ano <strong>Vicu\u00f1a<\/strong> muestra otra postal: la de un padre presente, acompa\u00f1ando y conteniendo a Amancio y Magnolia en medio de un escenario familiar que a\u00fan no logra encontrar un equilibrio definitivo.<\/p>\n<figure class=\"wp-block-image size-full\"><img decoding=\"async\" width=\"334\" height=\"578\" src=\"https:\/\/www.paparazzi.com.ar\/wp-content\/uploads\/2025\/10\/benjamin-vicuna-hijos-1.png.webp\" loading=\"lazy\" alt=\"\" class=\"wp-image-446308\" \/><\/figure>\n<div class=\"mt-box \">\n<h4 class=\"mt-heading\">Mir\u00e1 Tambi\u00e9n<\/h4>\n<p><a href=\"https:\/\/www.paparazzi.com.ar\/teve\/la-sorpresiva-actitud-de-la-china-suarez-tras-regresar-a-la-argentina-que-causo-indignacion\/\"><\/p>\n<div class=\"mt-content\">\n<div class=\"mt-image-container\"><img decoding=\"async\" src=\"https:\/\/www.paparazzi.com.ar\/wp-content\/uploads\/2025\/09\/China-Suarez-Argentina-359x226.jpg\" alt=\"La sorpresiva actitud de la China Su\u00e1rez tras regresar a la Argentina que caus\u00f3 indignaci\u00f3n\" class=\"mt-image\" loading=\"lazy\" \/><\/div>\n<h5 class=\"mt-title\">La sorpresiva actitud de la China Su\u00e1rez tras regresar a la Argentina que caus\u00f3 indignaci\u00f3n<\/h5>\n<\/div>\n<p><\/a><\/div>\n<div class=\"mt-box \">\n<h4 class=\"mt-heading\">Mir\u00e1 Tambi\u00e9n<\/h4>\n<p><a href=\"https:\/\/www.paparazzi.com.ar\/romances\/benjamin-vicuna-conto-todo-sobre-la-traicion-de-la-china-suarez-con-sus-dos-hijos-desagradable\/\"><\/p>\n<div class=\"mt-content\">\n<div class=\"mt-image-container\"><img decoding=\"async\" src=\"https:\/\/www.paparazzi.com.ar\/wp-content\/uploads\/2025\/09\/Benjamin-Vicuna-China-Suarez-hijos-1-1-359x226.jpg\" alt=\"Benjam\u00edn Vicu\u00f1a cont\u00f3 todo sobre la traici\u00f3n de la China Su\u00e1rez con sus dos hijos: \u201cDesagradable\u201d\" class=\"mt-image\" loading=\"lazy\" \/><\/div>\n<h5 class=\"mt-title\">Benjam\u00edn Vicu\u00f1a cont\u00f3 todo sobre la traici\u00f3n de la China Su\u00e1rez con sus dos hijos: \u201cDesagradable\u201d<\/h5>\n<\/div>\n<p><\/a><\/div>\n<p>The post <a href=\"https:\/\/www.paparazzi.com.ar\/romances\/la-estrategia-de-benjamin-vicuna-junto-a-sus-hijos-para-declararle-la-guerra-a-la-china-suarez\/\">La estrategia de Benjam\u00edn Vicu\u00f1a junto a sus hijos para declararle la guerra a la China Su\u00e1rez<\/a> appeared first on <a href=\"https:\/\/www.paparazzi.com.ar\">Revista Paparazzi<\/a>.<\/p>\n","protected":false},"excerpt":{"rendered":"<p>Desde hace ya unos d\u00edas la China Su\u00e1rez se reinstal\u00f3 en Turqu\u00eda junto a Mauro<\/p>\n","protected":false},"author":0,"featured_media":5996,"comment_status":"","ping_status":"","sticky":false,"template":"","format":"standard","meta":{"footnotes":""},"categories":[11],"tags":[],"class_list":["post-5995","post","type-post","status-publish","format-standard","has-post-thumbnail","hentry","category-destacadas"],"yoast_head":"<!-- This site is optimized with the Yoast SEO plugin v27.4 - https:\/\/yoast.com\/product\/yoast-seo-wordpress\/ -->\n<title>La estrategia de Benjam\u00edn Vicu\u00f1a junto a sus hijos para declararle la guerra a la China Su\u00e1rez - Fm Gente<\/title>\n<meta name=\"robots\" content=\"index, follow, max-snippet:-1, max-image-preview:large, max-video-preview:-1\" \/>\n<link rel=\"canonical\" href=\"https:\/\/fmgente.com.ar\/web\/la-estrategia-de-benjamin-vicuna-junto-a-sus-hijos-para-declararle-la-guerra-a-la-china-suarez\/\" \/>\n<meta property=\"og:locale\" content=\"es_ES\" \/>\n<meta property=\"og:type\" content=\"article\" \/>\n<meta property=\"og:title\" content=\"La estrategia de Benjam\u00edn Vicu\u00f1a junto a sus hijos para declararle la guerra a la China Su\u00e1rez - Fm Gente\" \/>\n<meta property=\"og:description\" content=\"Desde hace ya unos d\u00edas la China Su\u00e1rez se reinstal\u00f3 en Turqu\u00eda junto a Mauro\" \/>\n<meta property=\"og:url\" content=\"https:\/\/fmgente.com.ar\/web\/la-estrategia-de-benjamin-vicuna-junto-a-sus-hijos-para-declararle-la-guerra-a-la-china-suarez\/\" \/>\n<meta property=\"og:site_name\" content=\"Fm Gente\" \/>\n<meta property=\"article:published_time\" content=\"2025-10-03T22:05:51+00:00\" \/>\n<meta property=\"og:image\" content=\"https:\/\/fmgente.com.ar\/web\/wp-content\/uploads\/2025\/10\/IMG_5980-359x226-4.jpg\" \/>\n\t<meta property=\"og:image:width\" content=\"359\" \/>\n\t<meta property=\"og:image:height\" content=\"226\" \/>\n\t<meta property=\"og:image:type\" content=\"image\/jpeg\" \/>\n<meta name=\"twitter:card\" content=\"summary_large_image\" \/>\n<meta name=\"twitter:label1\" content=\"Tiempo de lectura\" \/>\n\t<meta name=\"twitter:data1\" content=\"3 minutos\" \/>\n<script type=\"application\/ld+json\" class=\"yoast-schema-graph\">{\"@context\":\"https:\\\/\\\/schema.org\",\"@graph\":[{\"@type\":\"Article\",\"@id\":\"https:\\\/\\\/fmgente.com.ar\\\/web\\\/la-estrategia-de-benjamin-vicuna-junto-a-sus-hijos-para-declararle-la-guerra-a-la-china-suarez\\\/#article\",\"isPartOf\":{\"@id\":\"https:\\\/\\\/fmgente.com.ar\\\/web\\\/la-estrategia-de-benjamin-vicuna-junto-a-sus-hijos-para-declararle-la-guerra-a-la-china-suarez\\\/\"},\"author\":{\"name\":\"\",\"@id\":\"\"},\"headline\":\"La estrategia de Benjam\u00edn Vicu\u00f1a junto a sus hijos para declararle la guerra a la China Su\u00e1rez\",\"datePublished\":\"2025-10-03T22:05:51+00:00\",\"mainEntityOfPage\":{\"@id\":\"https:\\\/\\\/fmgente.com.ar\\\/web\\\/la-estrategia-de-benjamin-vicuna-junto-a-sus-hijos-para-declararle-la-guerra-a-la-china-suarez\\\/\"},\"wordCount\":622,\"publisher\":{\"@id\":\"https:\\\/\\\/fmgente.com.ar\\\/web\\\/#organization\"},\"image\":{\"@id\":\"https:\\\/\\\/fmgente.com.ar\\\/web\\\/la-estrategia-de-benjamin-vicuna-junto-a-sus-hijos-para-declararle-la-guerra-a-la-china-suarez\\\/#primaryimage\"},\"thumbnailUrl\":\"https:\\\/\\\/fmgente.com.ar\\\/web\\\/wp-content\\\/uploads\\\/2025\\\/10\\\/IMG_5980-359x226-4.jpg\",\"articleSection\":[\"DESTACADAS\"],\"inLanguage\":\"es\"},{\"@type\":\"WebPage\",\"@id\":\"https:\\\/\\\/fmgente.com.ar\\\/web\\\/la-estrategia-de-benjamin-vicuna-junto-a-sus-hijos-para-declararle-la-guerra-a-la-china-suarez\\\/\",\"url\":\"https:\\\/\\\/fmgente.com.ar\\\/web\\\/la-estrategia-de-benjamin-vicuna-junto-a-sus-hijos-para-declararle-la-guerra-a-la-china-suarez\\\/\",\"name\":\"La estrategia de Benjam\u00edn Vicu\u00f1a junto a sus hijos para declararle la guerra a la China Su\u00e1rez - Fm Gente\",\"isPartOf\":{\"@id\":\"https:\\\/\\\/fmgente.com.ar\\\/web\\\/#website\"},\"primaryImageOfPage\":{\"@id\":\"https:\\\/\\\/fmgente.com.ar\\\/web\\\/la-estrategia-de-benjamin-vicuna-junto-a-sus-hijos-para-declararle-la-guerra-a-la-china-suarez\\\/#primaryimage\"},\"image\":{\"@id\":\"https:\\\/\\\/fmgente.com.ar\\\/web\\\/la-estrategia-de-benjamin-vicuna-junto-a-sus-hijos-para-declararle-la-guerra-a-la-china-suarez\\\/#primaryimage\"},\"thumbnailUrl\":\"https:\\\/\\\/fmgente.com.ar\\\/web\\\/wp-content\\\/uploads\\\/2025\\\/10\\\/IMG_5980-359x226-4.jpg\",\"datePublished\":\"2025-10-03T22:05:51+00:00\",\"inLanguage\":\"es\",\"potentialAction\":[{\"@type\":\"ReadAction\",\"target\":[\"https:\\\/\\\/fmgente.com.ar\\\/web\\\/la-estrategia-de-benjamin-vicuna-junto-a-sus-hijos-para-declararle-la-guerra-a-la-china-suarez\\\/\"]}]},{\"@type\":\"ImageObject\",\"inLanguage\":\"es\",\"@id\":\"https:\\\/\\\/fmgente.com.ar\\\/web\\\/la-estrategia-de-benjamin-vicuna-junto-a-sus-hijos-para-declararle-la-guerra-a-la-china-suarez\\\/#primaryimage\",\"url\":\"https:\\\/\\\/fmgente.com.ar\\\/web\\\/wp-content\\\/uploads\\\/2025\\\/10\\\/IMG_5980-359x226-4.jpg\",\"contentUrl\":\"https:\\\/\\\/fmgente.com.ar\\\/web\\\/wp-content\\\/uploads\\\/2025\\\/10\\\/IMG_5980-359x226-4.jpg\",\"width\":359,\"height\":226},{\"@type\":\"WebSite\",\"@id\":\"https:\\\/\\\/fmgente.com.ar\\\/web\\\/#website\",\"url\":\"https:\\\/\\\/fmgente.com.ar\\\/web\\\/\",\"name\":\"Fm Gente\",\"description\":\"- Jes\u00fas Mar\u00eda\",\"publisher\":{\"@id\":\"https:\\\/\\\/fmgente.com.ar\\\/web\\\/#organization\"},\"potentialAction\":[{\"@type\":\"SearchAction\",\"target\":{\"@type\":\"EntryPoint\",\"urlTemplate\":\"https:\\\/\\\/fmgente.com.ar\\\/web\\\/?s={search_term_string}\"},\"query-input\":{\"@type\":\"PropertyValueSpecification\",\"valueRequired\":true,\"valueName\":\"search_term_string\"}}],\"inLanguage\":\"es\"},{\"@type\":\"Organization\",\"@id\":\"https:\\\/\\\/fmgente.com.ar\\\/web\\\/#organization\",\"name\":\"Fm Gente\",\"url\":\"https:\\\/\\\/fmgente.com.ar\\\/web\\\/\",\"logo\":{\"@type\":\"ImageObject\",\"inLanguage\":\"es\",\"@id\":\"https:\\\/\\\/fmgente.com.ar\\\/web\\\/#\\\/schema\\\/logo\\\/image\\\/\",\"url\":\"https:\\\/\\\/fmgente.com.ar\\\/web\\\/wp-content\\\/uploads\\\/2023\\\/07\\\/cropped-cropped-logo-sombra2.png\",\"contentUrl\":\"https:\\\/\\\/fmgente.com.ar\\\/web\\\/wp-content\\\/uploads\\\/2023\\\/07\\\/cropped-cropped-logo-sombra2.png\",\"width\":1782,\"height\":1782,\"caption\":\"Fm Gente\"},\"image\":{\"@id\":\"https:\\\/\\\/fmgente.com.ar\\\/web\\\/#\\\/schema\\\/logo\\\/image\\\/\"}}]}<\/script>\n<!-- \/ Yoast SEO plugin. -->","yoast_head_json":{"title":"La estrategia de Benjam\u00edn Vicu\u00f1a junto a sus hijos para declararle la guerra a la China Su\u00e1rez - Fm Gente","robots":{"index":"index","follow":"follow","max-snippet":"max-snippet:-1","max-image-preview":"max-image-preview:large","max-video-preview":"max-video-preview:-1"},"canonical":"https:\/\/fmgente.com.ar\/web\/la-estrategia-de-benjamin-vicuna-junto-a-sus-hijos-para-declararle-la-guerra-a-la-china-suarez\/","og_locale":"es_ES","og_type":"article","og_title":"La estrategia de Benjam\u00edn Vicu\u00f1a junto a sus hijos para declararle la guerra a la China Su\u00e1rez - Fm Gente","og_description":"Desde hace ya unos d\u00edas la China Su\u00e1rez se reinstal\u00f3 en Turqu\u00eda junto a Mauro","og_url":"https:\/\/fmgente.com.ar\/web\/la-estrategia-de-benjamin-vicuna-junto-a-sus-hijos-para-declararle-la-guerra-a-la-china-suarez\/","og_site_name":"Fm Gente","article_published_time":"2025-10-03T22:05:51+00:00","og_image":[{"width":359,"height":226,"url":"https:\/\/fmgente.com.ar\/web\/wp-content\/uploads\/2025\/10\/IMG_5980-359x226-4.jpg","type":"image\/jpeg"}],"twitter_card":"summary_large_image","twitter_misc":{"Tiempo de lectura":"3 minutos"},"schema":{"@context":"https:\/\/schema.org","@graph":[{"@type":"Article","@id":"https:\/\/fmgente.com.ar\/web\/la-estrategia-de-benjamin-vicuna-junto-a-sus-hijos-para-declararle-la-guerra-a-la-china-suarez\/#article","isPartOf":{"@id":"https:\/\/fmgente.com.ar\/web\/la-estrategia-de-benjamin-vicuna-junto-a-sus-hijos-para-declararle-la-guerra-a-la-china-suarez\/"},"author":{"name":"","@id":""},"headline":"La estrategia de Benjam\u00edn Vicu\u00f1a junto a sus hijos para declararle la guerra a la China Su\u00e1rez","datePublished":"2025-10-03T22:05:51+00:00","mainEntityOfPage":{"@id":"https:\/\/fmgente.com.ar\/web\/la-estrategia-de-benjamin-vicuna-junto-a-sus-hijos-para-declararle-la-guerra-a-la-china-suarez\/"},"wordCount":622,"publisher":{"@id":"https:\/\/fmgente.com.ar\/web\/#organization"},"image":{"@id":"https:\/\/fmgente.com.ar\/web\/la-estrategia-de-benjamin-vicuna-junto-a-sus-hijos-para-declararle-la-guerra-a-la-china-suarez\/#primaryimage"},"thumbnailUrl":"https:\/\/fmgente.com.ar\/web\/wp-content\/uploads\/2025\/10\/IMG_5980-359x226-4.jpg","articleSection":["DESTACADAS"],"inLanguage":"es"},{"@type":"WebPage","@id":"https:\/\/fmgente.com.ar\/web\/la-estrategia-de-benjamin-vicuna-junto-a-sus-hijos-para-declararle-la-guerra-a-la-china-suarez\/","url":"https:\/\/fmgente.com.ar\/web\/la-estrategia-de-benjamin-vicuna-junto-a-sus-hijos-para-declararle-la-guerra-a-la-china-suarez\/","name":"La estrategia de Benjam\u00edn Vicu\u00f1a junto a sus hijos para declararle la guerra a la China Su\u00e1rez - Fm Gente","isPartOf":{"@id":"https:\/\/fmgente.com.ar\/web\/#website"},"primaryImageOfPage":{"@id":"https:\/\/fmgente.com.ar\/web\/la-estrategia-de-benjamin-vicuna-junto-a-sus-hijos-para-declararle-la-guerra-a-la-china-suarez\/#primaryimage"},"image":{"@id":"https:\/\/fmgente.com.ar\/web\/la-estrategia-de-benjamin-vicuna-junto-a-sus-hijos-para-declararle-la-guerra-a-la-china-suarez\/#primaryimage"},"thumbnailUrl":"https:\/\/fmgente.com.ar\/web\/wp-content\/uploads\/2025\/10\/IMG_5980-359x226-4.jpg","datePublished":"2025-10-03T22:05:51+00:00","inLanguage":"es","potentialAction":[{"@type":"ReadAction","target":["https:\/\/fmgente.com.ar\/web\/la-estrategia-de-benjamin-vicuna-junto-a-sus-hijos-para-declararle-la-guerra-a-la-china-suarez\/"]}]},{"@type":"ImageObject","inLanguage":"es","@id":"https:\/\/fmgente.com.ar\/web\/la-estrategia-de-benjamin-vicuna-junto-a-sus-hijos-para-declararle-la-guerra-a-la-china-suarez\/#primaryimage","url":"https:\/\/fmgente.com.ar\/web\/wp-content\/uploads\/2025\/10\/IMG_5980-359x226-4.jpg","contentUrl":"https:\/\/fmgente.com.ar\/web\/wp-content\/uploads\/2025\/10\/IMG_5980-359x226-4.jpg","width":359,"height":226},{"@type":"WebSite","@id":"https:\/\/fmgente.com.ar\/web\/#website","url":"https:\/\/fmgente.com.ar\/web\/","name":"Fm Gente","description":"- Jes\u00fas Mar\u00eda","publisher":{"@id":"https:\/\/fmgente.com.ar\/web\/#organization"},"potentialAction":[{"@type":"SearchAction","target":{"@type":"EntryPoint","urlTemplate":"https:\/\/fmgente.com.ar\/web\/?s={search_term_string}"},"query-input":{"@type":"PropertyValueSpecification","valueRequired":true,"valueName":"search_term_string"}}],"inLanguage":"es"},{"@type":"Organization","@id":"https:\/\/fmgente.com.ar\/web\/#organization","name":"Fm Gente","url":"https:\/\/fmgente.com.ar\/web\/","logo":{"@type":"ImageObject","inLanguage":"es","@id":"https:\/\/fmgente.com.ar\/web\/#\/schema\/logo\/image\/","url":"https:\/\/fmgente.com.ar\/web\/wp-content\/uploads\/2023\/07\/cropped-cropped-logo-sombra2.png","contentUrl":"https:\/\/fmgente.com.ar\/web\/wp-content\/uploads\/2023\/07\/cropped-cropped-logo-sombra2.png","width":1782,"height":1782,"caption":"Fm Gente"},"image":{"@id":"https:\/\/fmgente.com.ar\/web\/#\/schema\/logo\/image\/"}}]}},"_links":{"self":[{"href":"https:\/\/fmgente.com.ar\/web\/wp-json\/wp\/v2\/posts\/5995","targetHints":{"allow":["GET"]}}],"collection":[{"href":"https:\/\/fmgente.com.ar\/web\/wp-json\/wp\/v2\/posts"}],"about":[{"href":"https:\/\/fmgente.com.ar\/web\/wp-json\/wp\/v2\/types\/post"}],"replies":[{"embeddable":true,"href":"https:\/\/fmgente.com.ar\/web\/wp-json\/wp\/v2\/comments?post=5995"}],"version-history":[{"count":0,"href":"https:\/\/fmgente.com.ar\/web\/wp-json\/wp\/v2\/posts\/5995\/revisions"}],"wp:featuredmedia":[{"embeddable":true,"href":"https:\/\/fmgente.com.ar\/web\/wp-json\/wp\/v2\/media\/5996"}],"wp:attachment":[{"href":"https:\/\/fmgente.com.ar\/web\/wp-json\/wp\/v2\/media?parent=5995"}],"wp:term":[{"taxonomy":"category","embeddable":true,"href":"https:\/\/fmgente.com.ar\/web\/wp-json\/wp\/v2\/categories?post=5995"},{"taxonomy":"post_tag","embeddable":true,"href":"https:\/\/fmgente.com.ar\/web\/wp-json\/wp\/v2\/tags?post=5995"}],"curies":[{"name":"wp","href":"https:\/\/api.w.org\/{rel}","templated":true}]}}