{"id":5993,"date":"2025-10-03T19:05:50","date_gmt":"2025-10-03T22:05:50","guid":{"rendered":"https:\/\/fmgente.com.ar\/la-tajante-opinion-de-lali-esposito-tras-las-criticas-por-su-estilo-de-vida-de-lujos-odian-el\/"},"modified":"2025-10-03T19:05:50","modified_gmt":"2025-10-03T22:05:50","slug":"la-tajante-opinion-de-lali-esposito-tras-las-criticas-por-su-estilo-de-vida-de-lujos-odian-el","status":"publish","type":"post","link":"https:\/\/fmgente.com.ar\/web\/la-tajante-opinion-de-lali-esposito-tras-las-criticas-por-su-estilo-de-vida-de-lujos-odian-el\/","title":{"rendered":"La tajante opini\u00f3n de Lali Esp\u00f3sito tras las cr\u00edticas por su estilo de vida de lujos: \u201cOdian el\u2026\u201d"},"content":{"rendered":"<p><a href=\"https:\/\/www.paparazzi.com.ar\/?s=Lali+Esp%C3%B3sito\">Lali Esp\u00f3sito<\/a> qued\u00f3 en el centro de la pol\u00e9mica despu\u00e9s de sus declaraciones sobre el dinero y el lujo. La cantante particip\u00f3 en el programa <strong>La Revuelta <\/strong>de <strong>David Broncano<\/strong> y respondi\u00f3 con franqueza preguntas sobre su situaci\u00f3n econ\u00f3mica. \u201c<em>Reci\u00e9n est\u00e1bamos hablando de hace cu\u00e1ntos a\u00f1os trabajo\u2026 23 a\u00f1os. No dir\u00eda forrada, pero me va bien<\/em>\u201d, expres\u00f3.<\/p>\n<p>La artista record\u00f3 sus or\u00edgenes humildes y explic\u00f3 que no se sent\u00eda c\u00f3moda con ciertos gastos: \u201c<em>No gasto en boludeces. A m\u00ed no me vas a ver con las carteras caras, me da verg\u00fcenza gastar en esas cosas<\/em>\u201d. Adem\u00e1s, aclar\u00f3 que su prioridad siempre fue ayudar a su familia. \u201c<em>Soy una mujer argentina nacida y crecida en un barrio bajo. No me sale de adentro tener dinero y gastarlo en algo ostentoso<\/em>\u201d.<\/p>\n<p>Las im\u00e1genes que circularon en redes sociales mostraron a <strong>Lali <\/strong>con ropa de dise\u00f1ador y en vacaciones exclusivas. Ese contraste desat\u00f3 fuertes cr\u00edticas y acusaciones de doble discurso. La discusi\u00f3n creci\u00f3 con comentarios que la tildaron de \u201c<em>caradura<\/em>\u201d y \u201c<em>contradictoria<\/em>\u201d. <\/p>\n<div class=\"mt-box \">\n<h4 class=\"mt-heading\">Mir\u00e1 Tambi\u00e9n<\/h4>\n<p><a href=\"https:\/\/www.paparazzi.com.ar\/videos\/exclusivo-marcelo-polino-hablo-como-nunca-de-su-vida-intima-y-conto-cuando-fue-la-ultima-vez-que-tuvo-sexo-con-una-mujer\/\"><\/p>\n<div class=\"mt-content\">\n<div class=\"mt-image-container\"><img decoding=\"async\" src=\"https:\/\/www.paparazzi.com.ar\/wp-content\/uploads\/2025\/09\/IMG_5980-359x226.jpg\" alt=\"\u00a1Exclusivo! Marcelo Polino habl\u00f3 como nunca de su vida \u00edntima y cont\u00f3 cu\u00e1ndo fue la \u00faltima vez que tuvo sexo con una mujer\u00a0\" class=\"mt-image\" loading=\"lazy\" \/><\/div>\n<h5 class=\"mt-title\">\u00a1Exclusivo! Marcelo Polino habl\u00f3 como nunca de su vida \u00edntima y cont\u00f3 cu\u00e1ndo fue la \u00faltima vez que tuvo sexo con una mujer\u00a0<\/h5>\n<\/div>\n<p><\/a><\/div>\n<p>Cansada de las acusaciones, <strong>Lali <\/strong>eligi\u00f3 contestar desde su cuenta de X y lanz\u00f3 un descargo directo: \u201c<em>Tal vez otros, en mi lugar, hubieran priorizado comprar un Rolls-Royce, mientras que yo prefer\u00ed, antes que eso, comprarle una casa a mis viejos y garantizar el bienestar de los m\u00edos<\/em>\u201d.<\/p>\n<h2 class=\"wp-block-heading\">LA BRONCA DE LALI ESP\u00d3SITO<\/h2>\n<p>En ese mismo mensaje, defendi\u00f3 su manera de vivir y marc\u00f3 diferencias con quienes la juzgan: \u201c<em>Una vez asegurado eso por supuesto que disfruto de los privilegios que me dio trabajar desde los 10 a\u00f1os. Y de que, por suerte, me vaya muy bien en lo que hago<\/em>\u201d.<\/p>\n<p>\u00ab<em>Entonces, pienso, \u00bfser\u00e1 que en el fondo odian que alguien de origen humilde tenga \u00e9xito y no sea un sorete con los dem\u00e1s? \u00bfSer\u00e1 que solo les jode que no piense como ustedes<\/em>?<em> Nac\u00ed donde nac\u00ed. Me va como me va. Me quieren los que me quieren. Y eso no hay plata que lo compre\u201d<\/em>, finaliz\u00f3. <\/p>\n<figure class=\"wp-block-image size-full\"><img decoding=\"async\" width=\"992\" height=\"984\" src=\"https:\/\/www.paparazzi.com.ar\/wp-content\/uploads\/2025\/10\/image-28.png.webp\" loading=\"lazy\" alt=\"\" class=\"wp-image-446299\" \/><\/figure>\n<div class=\"mt-box \">\n<h4 class=\"mt-heading\">Mir\u00e1 Tambi\u00e9n<\/h4>\n<p><a href=\"https:\/\/www.paparazzi.com.ar\/deportes\/franco-colapinto-recibio-el-ultimatum-de-alpine-y-puede-abandonar-la-formula-1\/\"><\/p>\n<div class=\"mt-content\">\n<div class=\"mt-image-container\"><img decoding=\"async\" src=\"https:\/\/www.paparazzi.com.ar\/wp-content\/uploads\/2025\/10\/Franco-Colapinto-recibio-el-ultimatum-de-Alpine-y-puede-abandonar-la-Formula-1-359x226.jpg\" alt=\"Franco Colapinto recibi\u00f3 el ultim\u00e1tum de Alpine y puede abandonar la F\u00f3rmula 1\" class=\"mt-image\" loading=\"lazy\" \/><\/div>\n<h5 class=\"mt-title\">Franco Colapinto recibi\u00f3 el ultim\u00e1tum de Alpine y puede abandonar la F\u00f3rmula 1<\/h5>\n<\/div>\n<p><\/a><\/div>\n<div class=\"mt-box \">\n<h4 class=\"mt-heading\">Mir\u00e1 Tambi\u00e9n<\/h4>\n<p><a href=\"https:\/\/www.paparazzi.com.ar\/teve\/wanda-nara-y-maxi-lopez-enfrentan-el-peor-escandalo-de-su-vida-es-gravisimo-lo-que-hacen-con-sus-hijos\/\"><\/p>\n<div class=\"mt-content\">\n<div class=\"mt-image-container\"><img decoding=\"async\" src=\"https:\/\/www.paparazzi.com.ar\/wp-content\/uploads\/2025\/10\/Wanda-Nara-y-Maxi-Lopez-enfrentan-el-peor-escandalo-de-su-vida-22Es-gravisimo-lo-que-hacen-con-sus-hijos22-359x226.jpg\" alt=\"Wanda Nara y Maxi L\u00f3pez enfrentan el peor esc\u00e1ndalo de su vida: &quot;Es grav\u00edsimo lo que hacen con sus hijos&quot;\" class=\"mt-image\" loading=\"lazy\" \/><\/div>\n<h5 class=\"mt-title\">Wanda Nara y Maxi L\u00f3pez enfrentan el peor esc\u00e1ndalo de su vida: \u00abEs grav\u00edsimo lo que hacen con sus hijos\u00bb<\/h5>\n<\/div>\n<p><\/a><\/div>\n<p>The post <a href=\"https:\/\/www.paparazzi.com.ar\/teve\/la-tajante-opinion-de-lali-esposito-tras-las-criticas-por-su-estilo-de-vida-de-lujos-odian-el\/\">La tajante opini\u00f3n de Lali Esp\u00f3sito tras las cr\u00edticas por su estilo de vida de lujos: \u201cOdian el\u2026\u201d<\/a> appeared first on <a href=\"https:\/\/www.paparazzi.com.ar\">Revista Paparazzi<\/a>.<\/p>\n","protected":false},"excerpt":{"rendered":"<p>Lali Esp\u00f3sito qued\u00f3 en el centro de la pol\u00e9mica despu\u00e9s de sus declaraciones sobre el<\/p>\n","protected":false},"author":0,"featured_media":5994,"comment_status":"","ping_status":"","sticky":false,"template":"","format":"standard","meta":{"footnotes":""},"categories":[11],"tags":[],"class_list":["post-5993","post","type-post","status-publish","format-standard","has-post-thumbnail","hentry","category-destacadas"],"yoast_head":"<!-- This site is optimized with the Yoast SEO plugin v27.4 - https:\/\/yoast.com\/product\/yoast-seo-wordpress\/ -->\n<title>La tajante opini\u00f3n de Lali Esp\u00f3sito tras las cr\u00edticas por su estilo de vida de lujos: \u201cOdian el\u2026\u201d - Fm Gente<\/title>\n<meta name=\"robots\" content=\"index, follow, max-snippet:-1, max-image-preview:large, max-video-preview:-1\" \/>\n<link rel=\"canonical\" href=\"https:\/\/fmgente.com.ar\/web\/la-tajante-opinion-de-lali-esposito-tras-las-criticas-por-su-estilo-de-vida-de-lujos-odian-el\/\" \/>\n<meta property=\"og:locale\" content=\"es_ES\" \/>\n<meta property=\"og:type\" content=\"article\" \/>\n<meta property=\"og:title\" content=\"La tajante opini\u00f3n de Lali Esp\u00f3sito tras las cr\u00edticas por su estilo de vida de lujos: \u201cOdian el\u2026\u201d - Fm Gente\" \/>\n<meta property=\"og:description\" content=\"Lali Esp\u00f3sito qued\u00f3 en el centro de la pol\u00e9mica despu\u00e9s de sus declaraciones sobre el\" \/>\n<meta property=\"og:url\" content=\"https:\/\/fmgente.com.ar\/web\/la-tajante-opinion-de-lali-esposito-tras-las-criticas-por-su-estilo-de-vida-de-lujos-odian-el\/\" \/>\n<meta property=\"og:site_name\" content=\"Fm Gente\" \/>\n<meta property=\"article:published_time\" content=\"2025-10-03T22:05:50+00:00\" \/>\n<meta property=\"og:image\" content=\"https:\/\/fmgente.com.ar\/web\/wp-content\/uploads\/2025\/10\/IMG_5980-359x226-3.jpg\" \/>\n\t<meta property=\"og:image:width\" content=\"359\" \/>\n\t<meta property=\"og:image:height\" content=\"226\" \/>\n\t<meta property=\"og:image:type\" content=\"image\/jpeg\" \/>\n<meta name=\"twitter:card\" content=\"summary_large_image\" \/>\n<meta name=\"twitter:label1\" content=\"Tiempo de lectura\" \/>\n\t<meta name=\"twitter:data1\" content=\"2 minutos\" \/>\n<script type=\"application\/ld+json\" class=\"yoast-schema-graph\">{\"@context\":\"https:\\\/\\\/schema.org\",\"@graph\":[{\"@type\":\"Article\",\"@id\":\"https:\\\/\\\/fmgente.com.ar\\\/web\\\/la-tajante-opinion-de-lali-esposito-tras-las-criticas-por-su-estilo-de-vida-de-lujos-odian-el\\\/#article\",\"isPartOf\":{\"@id\":\"https:\\\/\\\/fmgente.com.ar\\\/web\\\/la-tajante-opinion-de-lali-esposito-tras-las-criticas-por-su-estilo-de-vida-de-lujos-odian-el\\\/\"},\"author\":{\"name\":\"\",\"@id\":\"\"},\"headline\":\"La tajante opini\u00f3n de Lali Esp\u00f3sito tras las cr\u00edticas por su estilo de vida de lujos: \u201cOdian el\u2026\u201d\",\"datePublished\":\"2025-10-03T22:05:50+00:00\",\"mainEntityOfPage\":{\"@id\":\"https:\\\/\\\/fmgente.com.ar\\\/web\\\/la-tajante-opinion-de-lali-esposito-tras-las-criticas-por-su-estilo-de-vida-de-lujos-odian-el\\\/\"},\"wordCount\":467,\"publisher\":{\"@id\":\"https:\\\/\\\/fmgente.com.ar\\\/web\\\/#organization\"},\"image\":{\"@id\":\"https:\\\/\\\/fmgente.com.ar\\\/web\\\/la-tajante-opinion-de-lali-esposito-tras-las-criticas-por-su-estilo-de-vida-de-lujos-odian-el\\\/#primaryimage\"},\"thumbnailUrl\":\"https:\\\/\\\/fmgente.com.ar\\\/web\\\/wp-content\\\/uploads\\\/2025\\\/10\\\/IMG_5980-359x226-3.jpg\",\"articleSection\":[\"DESTACADAS\"],\"inLanguage\":\"es\"},{\"@type\":\"WebPage\",\"@id\":\"https:\\\/\\\/fmgente.com.ar\\\/web\\\/la-tajante-opinion-de-lali-esposito-tras-las-criticas-por-su-estilo-de-vida-de-lujos-odian-el\\\/\",\"url\":\"https:\\\/\\\/fmgente.com.ar\\\/web\\\/la-tajante-opinion-de-lali-esposito-tras-las-criticas-por-su-estilo-de-vida-de-lujos-odian-el\\\/\",\"name\":\"La tajante opini\u00f3n de Lali Esp\u00f3sito tras las cr\u00edticas por su estilo de vida de lujos: \u201cOdian el\u2026\u201d - Fm Gente\",\"isPartOf\":{\"@id\":\"https:\\\/\\\/fmgente.com.ar\\\/web\\\/#website\"},\"primaryImageOfPage\":{\"@id\":\"https:\\\/\\\/fmgente.com.ar\\\/web\\\/la-tajante-opinion-de-lali-esposito-tras-las-criticas-por-su-estilo-de-vida-de-lujos-odian-el\\\/#primaryimage\"},\"image\":{\"@id\":\"https:\\\/\\\/fmgente.com.ar\\\/web\\\/la-tajante-opinion-de-lali-esposito-tras-las-criticas-por-su-estilo-de-vida-de-lujos-odian-el\\\/#primaryimage\"},\"thumbnailUrl\":\"https:\\\/\\\/fmgente.com.ar\\\/web\\\/wp-content\\\/uploads\\\/2025\\\/10\\\/IMG_5980-359x226-3.jpg\",\"datePublished\":\"2025-10-03T22:05:50+00:00\",\"inLanguage\":\"es\",\"potentialAction\":[{\"@type\":\"ReadAction\",\"target\":[\"https:\\\/\\\/fmgente.com.ar\\\/web\\\/la-tajante-opinion-de-lali-esposito-tras-las-criticas-por-su-estilo-de-vida-de-lujos-odian-el\\\/\"]}]},{\"@type\":\"ImageObject\",\"inLanguage\":\"es\",\"@id\":\"https:\\\/\\\/fmgente.com.ar\\\/web\\\/la-tajante-opinion-de-lali-esposito-tras-las-criticas-por-su-estilo-de-vida-de-lujos-odian-el\\\/#primaryimage\",\"url\":\"https:\\\/\\\/fmgente.com.ar\\\/web\\\/wp-content\\\/uploads\\\/2025\\\/10\\\/IMG_5980-359x226-3.jpg\",\"contentUrl\":\"https:\\\/\\\/fmgente.com.ar\\\/web\\\/wp-content\\\/uploads\\\/2025\\\/10\\\/IMG_5980-359x226-3.jpg\",\"width\":359,\"height\":226},{\"@type\":\"WebSite\",\"@id\":\"https:\\\/\\\/fmgente.com.ar\\\/web\\\/#website\",\"url\":\"https:\\\/\\\/fmgente.com.ar\\\/web\\\/\",\"name\":\"Fm Gente\",\"description\":\"- Jes\u00fas Mar\u00eda\",\"publisher\":{\"@id\":\"https:\\\/\\\/fmgente.com.ar\\\/web\\\/#organization\"},\"potentialAction\":[{\"@type\":\"SearchAction\",\"target\":{\"@type\":\"EntryPoint\",\"urlTemplate\":\"https:\\\/\\\/fmgente.com.ar\\\/web\\\/?s={search_term_string}\"},\"query-input\":{\"@type\":\"PropertyValueSpecification\",\"valueRequired\":true,\"valueName\":\"search_term_string\"}}],\"inLanguage\":\"es\"},{\"@type\":\"Organization\",\"@id\":\"https:\\\/\\\/fmgente.com.ar\\\/web\\\/#organization\",\"name\":\"Fm Gente\",\"url\":\"https:\\\/\\\/fmgente.com.ar\\\/web\\\/\",\"logo\":{\"@type\":\"ImageObject\",\"inLanguage\":\"es\",\"@id\":\"https:\\\/\\\/fmgente.com.ar\\\/web\\\/#\\\/schema\\\/logo\\\/image\\\/\",\"url\":\"https:\\\/\\\/fmgente.com.ar\\\/web\\\/wp-content\\\/uploads\\\/2023\\\/07\\\/cropped-cropped-logo-sombra2.png\",\"contentUrl\":\"https:\\\/\\\/fmgente.com.ar\\\/web\\\/wp-content\\\/uploads\\\/2023\\\/07\\\/cropped-cropped-logo-sombra2.png\",\"width\":1782,\"height\":1782,\"caption\":\"Fm Gente\"},\"image\":{\"@id\":\"https:\\\/\\\/fmgente.com.ar\\\/web\\\/#\\\/schema\\\/logo\\\/image\\\/\"}}]}<\/script>\n<!-- \/ Yoast SEO plugin. -->","yoast_head_json":{"title":"La tajante opini\u00f3n de Lali Esp\u00f3sito tras las cr\u00edticas por su estilo de vida de lujos: \u201cOdian el\u2026\u201d - Fm Gente","robots":{"index":"index","follow":"follow","max-snippet":"max-snippet:-1","max-image-preview":"max-image-preview:large","max-video-preview":"max-video-preview:-1"},"canonical":"https:\/\/fmgente.com.ar\/web\/la-tajante-opinion-de-lali-esposito-tras-las-criticas-por-su-estilo-de-vida-de-lujos-odian-el\/","og_locale":"es_ES","og_type":"article","og_title":"La tajante opini\u00f3n de Lali Esp\u00f3sito tras las cr\u00edticas por su estilo de vida de lujos: \u201cOdian el\u2026\u201d - Fm Gente","og_description":"Lali Esp\u00f3sito qued\u00f3 en el centro de la pol\u00e9mica despu\u00e9s de sus declaraciones sobre el","og_url":"https:\/\/fmgente.com.ar\/web\/la-tajante-opinion-de-lali-esposito-tras-las-criticas-por-su-estilo-de-vida-de-lujos-odian-el\/","og_site_name":"Fm Gente","article_published_time":"2025-10-03T22:05:50+00:00","og_image":[{"width":359,"height":226,"url":"https:\/\/fmgente.com.ar\/web\/wp-content\/uploads\/2025\/10\/IMG_5980-359x226-3.jpg","type":"image\/jpeg"}],"twitter_card":"summary_large_image","twitter_misc":{"Tiempo de lectura":"2 minutos"},"schema":{"@context":"https:\/\/schema.org","@graph":[{"@type":"Article","@id":"https:\/\/fmgente.com.ar\/web\/la-tajante-opinion-de-lali-esposito-tras-las-criticas-por-su-estilo-de-vida-de-lujos-odian-el\/#article","isPartOf":{"@id":"https:\/\/fmgente.com.ar\/web\/la-tajante-opinion-de-lali-esposito-tras-las-criticas-por-su-estilo-de-vida-de-lujos-odian-el\/"},"author":{"name":"","@id":""},"headline":"La tajante opini\u00f3n de Lali Esp\u00f3sito tras las cr\u00edticas por su estilo de vida de lujos: \u201cOdian el\u2026\u201d","datePublished":"2025-10-03T22:05:50+00:00","mainEntityOfPage":{"@id":"https:\/\/fmgente.com.ar\/web\/la-tajante-opinion-de-lali-esposito-tras-las-criticas-por-su-estilo-de-vida-de-lujos-odian-el\/"},"wordCount":467,"publisher":{"@id":"https:\/\/fmgente.com.ar\/web\/#organization"},"image":{"@id":"https:\/\/fmgente.com.ar\/web\/la-tajante-opinion-de-lali-esposito-tras-las-criticas-por-su-estilo-de-vida-de-lujos-odian-el\/#primaryimage"},"thumbnailUrl":"https:\/\/fmgente.com.ar\/web\/wp-content\/uploads\/2025\/10\/IMG_5980-359x226-3.jpg","articleSection":["DESTACADAS"],"inLanguage":"es"},{"@type":"WebPage","@id":"https:\/\/fmgente.com.ar\/web\/la-tajante-opinion-de-lali-esposito-tras-las-criticas-por-su-estilo-de-vida-de-lujos-odian-el\/","url":"https:\/\/fmgente.com.ar\/web\/la-tajante-opinion-de-lali-esposito-tras-las-criticas-por-su-estilo-de-vida-de-lujos-odian-el\/","name":"La tajante opini\u00f3n de Lali Esp\u00f3sito tras las cr\u00edticas por su estilo de vida de lujos: \u201cOdian el\u2026\u201d - Fm Gente","isPartOf":{"@id":"https:\/\/fmgente.com.ar\/web\/#website"},"primaryImageOfPage":{"@id":"https:\/\/fmgente.com.ar\/web\/la-tajante-opinion-de-lali-esposito-tras-las-criticas-por-su-estilo-de-vida-de-lujos-odian-el\/#primaryimage"},"image":{"@id":"https:\/\/fmgente.com.ar\/web\/la-tajante-opinion-de-lali-esposito-tras-las-criticas-por-su-estilo-de-vida-de-lujos-odian-el\/#primaryimage"},"thumbnailUrl":"https:\/\/fmgente.com.ar\/web\/wp-content\/uploads\/2025\/10\/IMG_5980-359x226-3.jpg","datePublished":"2025-10-03T22:05:50+00:00","inLanguage":"es","potentialAction":[{"@type":"ReadAction","target":["https:\/\/fmgente.com.ar\/web\/la-tajante-opinion-de-lali-esposito-tras-las-criticas-por-su-estilo-de-vida-de-lujos-odian-el\/"]}]},{"@type":"ImageObject","inLanguage":"es","@id":"https:\/\/fmgente.com.ar\/web\/la-tajante-opinion-de-lali-esposito-tras-las-criticas-por-su-estilo-de-vida-de-lujos-odian-el\/#primaryimage","url":"https:\/\/fmgente.com.ar\/web\/wp-content\/uploads\/2025\/10\/IMG_5980-359x226-3.jpg","contentUrl":"https:\/\/fmgente.com.ar\/web\/wp-content\/uploads\/2025\/10\/IMG_5980-359x226-3.jpg","width":359,"height":226},{"@type":"WebSite","@id":"https:\/\/fmgente.com.ar\/web\/#website","url":"https:\/\/fmgente.com.ar\/web\/","name":"Fm Gente","description":"- Jes\u00fas Mar\u00eda","publisher":{"@id":"https:\/\/fmgente.com.ar\/web\/#organization"},"potentialAction":[{"@type":"SearchAction","target":{"@type":"EntryPoint","urlTemplate":"https:\/\/fmgente.com.ar\/web\/?s={search_term_string}"},"query-input":{"@type":"PropertyValueSpecification","valueRequired":true,"valueName":"search_term_string"}}],"inLanguage":"es"},{"@type":"Organization","@id":"https:\/\/fmgente.com.ar\/web\/#organization","name":"Fm Gente","url":"https:\/\/fmgente.com.ar\/web\/","logo":{"@type":"ImageObject","inLanguage":"es","@id":"https:\/\/fmgente.com.ar\/web\/#\/schema\/logo\/image\/","url":"https:\/\/fmgente.com.ar\/web\/wp-content\/uploads\/2023\/07\/cropped-cropped-logo-sombra2.png","contentUrl":"https:\/\/fmgente.com.ar\/web\/wp-content\/uploads\/2023\/07\/cropped-cropped-logo-sombra2.png","width":1782,"height":1782,"caption":"Fm Gente"},"image":{"@id":"https:\/\/fmgente.com.ar\/web\/#\/schema\/logo\/image\/"}}]}},"_links":{"self":[{"href":"https:\/\/fmgente.com.ar\/web\/wp-json\/wp\/v2\/posts\/5993","targetHints":{"allow":["GET"]}}],"collection":[{"href":"https:\/\/fmgente.com.ar\/web\/wp-json\/wp\/v2\/posts"}],"about":[{"href":"https:\/\/fmgente.com.ar\/web\/wp-json\/wp\/v2\/types\/post"}],"replies":[{"embeddable":true,"href":"https:\/\/fmgente.com.ar\/web\/wp-json\/wp\/v2\/comments?post=5993"}],"version-history":[{"count":0,"href":"https:\/\/fmgente.com.ar\/web\/wp-json\/wp\/v2\/posts\/5993\/revisions"}],"wp:featuredmedia":[{"embeddable":true,"href":"https:\/\/fmgente.com.ar\/web\/wp-json\/wp\/v2\/media\/5994"}],"wp:attachment":[{"href":"https:\/\/fmgente.com.ar\/web\/wp-json\/wp\/v2\/media?parent=5993"}],"wp:term":[{"taxonomy":"category","embeddable":true,"href":"https:\/\/fmgente.com.ar\/web\/wp-json\/wp\/v2\/categories?post=5993"},{"taxonomy":"post_tag","embeddable":true,"href":"https:\/\/fmgente.com.ar\/web\/wp-json\/wp\/v2\/tags?post=5993"}],"curies":[{"name":"wp","href":"https:\/\/api.w.org\/{rel}","templated":true}]}}