{"id":5991,"date":"2025-10-03T19:05:50","date_gmt":"2025-10-03T22:05:50","guid":{"rendered":"https:\/\/fmgente.com.ar\/el-padre-de-thiago-medina-revelo-el-increible-avance-en-su-salud-habla-y\/"},"modified":"2025-10-03T19:05:50","modified_gmt":"2025-10-03T22:05:50","slug":"el-padre-de-thiago-medina-revelo-el-increible-avance-en-su-salud-habla-y","status":"publish","type":"post","link":"https:\/\/fmgente.com.ar\/web\/el-padre-de-thiago-medina-revelo-el-increible-avance-en-su-salud-habla-y\/","title":{"rendered":"El padre de Thiago Medina revel\u00f3 el incre\u00edble avance en su salud: &quot;Habla y\u2026&quot;"},"content":{"rendered":"<p>El estado de <a href=\"https:\/\/www.paparazzi.com.ar\/?s=thiago+medina+\">Thiago Medina<\/a> gener\u00f3 una ola de emoci\u00f3n despu\u00e9s de que su pap\u00e1 comparti\u00f3 noticias alentadoras sobre su evoluci\u00f3n. Tras el grave accidente vial que lo dej\u00f3 en terapia intensiva, su recuperaci\u00f3n avanz\u00f3 con pasos firmes y sorprendi\u00f3 a todos. \u201c<em>Reci\u00e9n salgo de verlo. Lo encontr\u00e9 sentado al costado de la cama, hablando con las enfermeras<\/em>\u201d, cont\u00f3 <strong>Sergio <\/strong>conmovido.<\/p>\n<p>El testimonio del padre impact\u00f3 en el estudio de <strong>Puro Show<\/strong>, donde su hermana <strong>Camilota <\/strong>no pudo contener las l\u00e1grimas: <em>\u201c\u00a1No! Muy bueno eso. Ayer lo vi, estaba operado y estaba ah\u00ed medio volado, pero hoy sentado, \u00bfsab\u00e9s lo que es eso? Es algo tremendo chicos, es algo que no puedo creer, no podemos creer<\/em>\u201d.<\/p>\n<p><strong>Thiago <\/strong>continu\u00f3 internado en terapia, aunque los m\u00e9dicos confirmaron que el pron\u00f3stico fue favorable. Luego de la toilette quir\u00fargica, las se\u00f1ales de mejor\u00eda fueron cada vez m\u00e1s claras: \u201c<em>Nos habla, le pide a Daniela ver a las nenas, nos pregunta c\u00f3mo estamos y todo eso. Nos encontramos reci\u00e9n con eso<\/em>\u201d.<\/p>\n<div class=\"mt-box \">\n<h4 class=\"mt-heading\">Mir\u00e1 Tambi\u00e9n<\/h4>\n<p><a href=\"https:\/\/www.paparazzi.com.ar\/videos\/exclusivo-jose-maria-muscari-homenajeo-a-bruce-willis-en-el-papel-de-duro-de-matar-los-pelados-nos-parecemos-todos\/\"><\/p>\n<div class=\"mt-content\">\n<div class=\"mt-image-container\"><img decoding=\"async\" src=\"https:\/\/www.paparazzi.com.ar\/wp-content\/uploads\/2025\/09\/PORTADA-WEB-YO-QUIERO-SER-muscari-willis-359x226.jpg\" alt=\"\u00a1Exclusivo! Jos\u00e9 Mar\u00eda Muscari homenaje\u00f3 a Bruce Willis en el papel de Duro de Matar: &quot;Los pelados nos parecemos todos&quot;\" class=\"mt-image\" loading=\"lazy\" \/><\/div>\n<h5 class=\"mt-title\">\u00a1Exclusivo! Jos\u00e9 Mar\u00eda Muscari homenaje\u00f3 a Bruce Willis en el papel de Duro de Matar: \u00abLos pelados nos parecemos todos\u00bb<\/h5>\n<\/div>\n<p><\/a><\/div>\n<p>\u201c<em>Le muestran vide\u00edtos de las nenas por ahora, como est\u00e1 en terapia no las puede ver. Pero esto es muy bueno y con los vide\u00edtos se r\u00ede, dice que tienen el pelo largo y que se los corte. \u2018Que grandotas que est\u00e1n\u2019, dice<\/em>\u201d, relat\u00f3 <strong>Sergio<\/strong> sobre el contacto a distancia con <strong>Laia y Aim\u00e9<\/strong>.<\/p>\n<h2 class=\"wp-block-heading\">EL GRAN AVANCE DE THIAGO EN SU SALUD<\/h2>\n<p>El propio padre reconoci\u00f3 el duro camino que atraves\u00f3 la familia y agradeci\u00f3 la oportunidad de verlo en pie: \u201c<em>De la tormenta que pasamos, en este momento, puedo ver el sol y el arco\u00edris. Dios le regal\u00f3 otra vida. Verlo sentado habla de la voluntad que tiene \u00e9l. No duerme, est\u00e1 aburrido, pero se acuerda de lo que pas\u00f3 y sabe que est\u00e1 en un riesgo de salud<\/em>\u201d.<\/p>\n<p>En paralelo, <strong>\u00c1ngel de Brito<\/strong> inform\u00f3 en sus redes sociales que <strong>Thiago <\/strong>estaba \u201c<em>estable, en terapia intensiva, sin asistencia respiratoria mec\u00e1nica presentando buen avance en su estado general<\/em>\u201d. <\/p>\n<div class=\"mt-box \">\n<h4 class=\"mt-heading\">Mir\u00e1 Tambi\u00e9n<\/h4>\n<p><a href=\"https:\/\/www.paparazzi.com.ar\/teve\/la-tajante-opinion-de-lali-esposito-tras-las-criticas-por-su-estilo-de-vida-de-lujos-odian-el\/\"><\/p>\n<div class=\"mt-content\">\n<div class=\"mt-image-container\"><img decoding=\"async\" src=\"https:\/\/www.paparazzi.com.ar\/wp-content\/uploads\/2025\/10\/image-29-359x226.png\" alt=\"La tajante opini\u00f3n de Lali Esp\u00f3sito tras las cr\u00edticas por su estilo de vida de lujos: \u201cOdian el\u2026\u201d\" class=\"mt-image\" loading=\"lazy\" \/><\/div>\n<h5 class=\"mt-title\">La tajante opini\u00f3n de Lali Esp\u00f3sito tras las cr\u00edticas por su estilo de vida de lujos: \u201cOdian el\u2026\u201d<\/h5>\n<\/div>\n<p><\/a><\/div>\n<div class=\"mt-box \">\n<h4 class=\"mt-heading\">Mir\u00e1 Tambi\u00e9n<\/h4>\n<p><a href=\"https:\/\/www.paparazzi.com.ar\/teve\/el-escalofriante-testimonio-de-la-muerte-de-mila-yankelevich-la-nieta-de-cris-morena-escuchamos-a-los-ninos-gritar-y\/\"><\/p>\n<div class=\"mt-content\">\n<div class=\"mt-image-container\"><img decoding=\"async\" src=\"https:\/\/www.paparazzi.com.ar\/wp-content\/uploads\/2025\/08\/Desgarrador-asi-fue-el-ultimo-adios-a-Mila-Yankelevich-rodeada-de-toda-su-familia-359x226.jpg\" alt=\"El escalofriante testimonio de la muerte de Mila Yankelevich, la nieta de Cris Morena: \u201cEscuchamos a los ni\u00f1os gritar y\u2026\u201d\" class=\"mt-image\" loading=\"lazy\" \/><\/div>\n<h5 class=\"mt-title\">El escalofriante testimonio de la muerte de Mila Yankelevich, la nieta de Cris Morena: \u201cEscuchamos a los ni\u00f1os gritar y\u2026\u201d<\/h5>\n<\/div>\n<p><\/a><\/div>\n<p>The post <a href=\"https:\/\/www.paparazzi.com.ar\/teve\/el-padre-de-thiago-medina-revelo-el-increible-avance-en-su-salud-habla-y\/\">El padre de Thiago Medina revel\u00f3 el incre\u00edble avance en su salud: &quot;Habla y\u2026&quot;<\/a> appeared first on <a href=\"https:\/\/www.paparazzi.com.ar\">Revista Paparazzi<\/a>.<\/p>\n","protected":false},"excerpt":{"rendered":"<p>El estado de Thiago Medina gener\u00f3 una ola de emoci\u00f3n despu\u00e9s de que su pap\u00e1<\/p>\n","protected":false},"author":0,"featured_media":5992,"comment_status":"","ping_status":"","sticky":false,"template":"","format":"standard","meta":{"footnotes":""},"categories":[11],"tags":[],"class_list":["post-5991","post","type-post","status-publish","format-standard","has-post-thumbnail","hentry","category-destacadas"],"yoast_head":"<!-- This site is optimized with the Yoast SEO plugin v27.4 - https:\/\/yoast.com\/product\/yoast-seo-wordpress\/ -->\n<title>El padre de Thiago Medina revel\u00f3 el incre\u00edble avance en su salud: &quot;Habla y\u2026&quot; - Fm Gente<\/title>\n<meta name=\"robots\" content=\"index, follow, max-snippet:-1, max-image-preview:large, max-video-preview:-1\" \/>\n<link rel=\"canonical\" href=\"https:\/\/fmgente.com.ar\/web\/el-padre-de-thiago-medina-revelo-el-increible-avance-en-su-salud-habla-y\/\" \/>\n<meta property=\"og:locale\" content=\"es_ES\" \/>\n<meta property=\"og:type\" content=\"article\" \/>\n<meta property=\"og:title\" content=\"El padre de Thiago Medina revel\u00f3 el incre\u00edble avance en su salud: &quot;Habla y\u2026&quot; - Fm Gente\" \/>\n<meta property=\"og:description\" content=\"El estado de Thiago Medina gener\u00f3 una ola de emoci\u00f3n despu\u00e9s de que su pap\u00e1\" \/>\n<meta property=\"og:url\" content=\"https:\/\/fmgente.com.ar\/web\/el-padre-de-thiago-medina-revelo-el-increible-avance-en-su-salud-habla-y\/\" \/>\n<meta property=\"og:site_name\" content=\"Fm Gente\" \/>\n<meta property=\"article:published_time\" content=\"2025-10-03T22:05:50+00:00\" \/>\n<meta property=\"og:image\" content=\"https:\/\/fmgente.com.ar\/web\/wp-content\/uploads\/2025\/10\/PORTADA-WEB-YO-QUIERO-SER-muscari-willis-359x226-1.jpg\" \/>\n\t<meta property=\"og:image:width\" content=\"359\" \/>\n\t<meta property=\"og:image:height\" content=\"226\" \/>\n\t<meta property=\"og:image:type\" content=\"image\/jpeg\" \/>\n<meta name=\"twitter:card\" content=\"summary_large_image\" \/>\n<meta name=\"twitter:label1\" content=\"Tiempo de lectura\" \/>\n\t<meta name=\"twitter:data1\" content=\"2 minutos\" \/>\n<script type=\"application\/ld+json\" class=\"yoast-schema-graph\">{\"@context\":\"https:\\\/\\\/schema.org\",\"@graph\":[{\"@type\":\"Article\",\"@id\":\"https:\\\/\\\/fmgente.com.ar\\\/web\\\/el-padre-de-thiago-medina-revelo-el-increible-avance-en-su-salud-habla-y\\\/#article\",\"isPartOf\":{\"@id\":\"https:\\\/\\\/fmgente.com.ar\\\/web\\\/el-padre-de-thiago-medina-revelo-el-increible-avance-en-su-salud-habla-y\\\/\"},\"author\":{\"name\":\"\",\"@id\":\"\"},\"headline\":\"El padre de Thiago Medina revel\u00f3 el incre\u00edble avance en su salud: &quot;Habla y\u2026&quot;\",\"datePublished\":\"2025-10-03T22:05:50+00:00\",\"mainEntityOfPage\":{\"@id\":\"https:\\\/\\\/fmgente.com.ar\\\/web\\\/el-padre-de-thiago-medina-revelo-el-increible-avance-en-su-salud-habla-y\\\/\"},\"wordCount\":458,\"publisher\":{\"@id\":\"https:\\\/\\\/fmgente.com.ar\\\/web\\\/#organization\"},\"image\":{\"@id\":\"https:\\\/\\\/fmgente.com.ar\\\/web\\\/el-padre-de-thiago-medina-revelo-el-increible-avance-en-su-salud-habla-y\\\/#primaryimage\"},\"thumbnailUrl\":\"https:\\\/\\\/fmgente.com.ar\\\/web\\\/wp-content\\\/uploads\\\/2025\\\/10\\\/PORTADA-WEB-YO-QUIERO-SER-muscari-willis-359x226-1.jpg\",\"articleSection\":[\"DESTACADAS\"],\"inLanguage\":\"es\"},{\"@type\":\"WebPage\",\"@id\":\"https:\\\/\\\/fmgente.com.ar\\\/web\\\/el-padre-de-thiago-medina-revelo-el-increible-avance-en-su-salud-habla-y\\\/\",\"url\":\"https:\\\/\\\/fmgente.com.ar\\\/web\\\/el-padre-de-thiago-medina-revelo-el-increible-avance-en-su-salud-habla-y\\\/\",\"name\":\"El padre de Thiago Medina revel\u00f3 el incre\u00edble avance en su salud: &quot;Habla y\u2026&quot; - Fm Gente\",\"isPartOf\":{\"@id\":\"https:\\\/\\\/fmgente.com.ar\\\/web\\\/#website\"},\"primaryImageOfPage\":{\"@id\":\"https:\\\/\\\/fmgente.com.ar\\\/web\\\/el-padre-de-thiago-medina-revelo-el-increible-avance-en-su-salud-habla-y\\\/#primaryimage\"},\"image\":{\"@id\":\"https:\\\/\\\/fmgente.com.ar\\\/web\\\/el-padre-de-thiago-medina-revelo-el-increible-avance-en-su-salud-habla-y\\\/#primaryimage\"},\"thumbnailUrl\":\"https:\\\/\\\/fmgente.com.ar\\\/web\\\/wp-content\\\/uploads\\\/2025\\\/10\\\/PORTADA-WEB-YO-QUIERO-SER-muscari-willis-359x226-1.jpg\",\"datePublished\":\"2025-10-03T22:05:50+00:00\",\"inLanguage\":\"es\",\"potentialAction\":[{\"@type\":\"ReadAction\",\"target\":[\"https:\\\/\\\/fmgente.com.ar\\\/web\\\/el-padre-de-thiago-medina-revelo-el-increible-avance-en-su-salud-habla-y\\\/\"]}]},{\"@type\":\"ImageObject\",\"inLanguage\":\"es\",\"@id\":\"https:\\\/\\\/fmgente.com.ar\\\/web\\\/el-padre-de-thiago-medina-revelo-el-increible-avance-en-su-salud-habla-y\\\/#primaryimage\",\"url\":\"https:\\\/\\\/fmgente.com.ar\\\/web\\\/wp-content\\\/uploads\\\/2025\\\/10\\\/PORTADA-WEB-YO-QUIERO-SER-muscari-willis-359x226-1.jpg\",\"contentUrl\":\"https:\\\/\\\/fmgente.com.ar\\\/web\\\/wp-content\\\/uploads\\\/2025\\\/10\\\/PORTADA-WEB-YO-QUIERO-SER-muscari-willis-359x226-1.jpg\",\"width\":359,\"height\":226},{\"@type\":\"WebSite\",\"@id\":\"https:\\\/\\\/fmgente.com.ar\\\/web\\\/#website\",\"url\":\"https:\\\/\\\/fmgente.com.ar\\\/web\\\/\",\"name\":\"Fm Gente\",\"description\":\"- Jes\u00fas Mar\u00eda\",\"publisher\":{\"@id\":\"https:\\\/\\\/fmgente.com.ar\\\/web\\\/#organization\"},\"potentialAction\":[{\"@type\":\"SearchAction\",\"target\":{\"@type\":\"EntryPoint\",\"urlTemplate\":\"https:\\\/\\\/fmgente.com.ar\\\/web\\\/?s={search_term_string}\"},\"query-input\":{\"@type\":\"PropertyValueSpecification\",\"valueRequired\":true,\"valueName\":\"search_term_string\"}}],\"inLanguage\":\"es\"},{\"@type\":\"Organization\",\"@id\":\"https:\\\/\\\/fmgente.com.ar\\\/web\\\/#organization\",\"name\":\"Fm Gente\",\"url\":\"https:\\\/\\\/fmgente.com.ar\\\/web\\\/\",\"logo\":{\"@type\":\"ImageObject\",\"inLanguage\":\"es\",\"@id\":\"https:\\\/\\\/fmgente.com.ar\\\/web\\\/#\\\/schema\\\/logo\\\/image\\\/\",\"url\":\"https:\\\/\\\/fmgente.com.ar\\\/web\\\/wp-content\\\/uploads\\\/2023\\\/07\\\/cropped-cropped-logo-sombra2.png\",\"contentUrl\":\"https:\\\/\\\/fmgente.com.ar\\\/web\\\/wp-content\\\/uploads\\\/2023\\\/07\\\/cropped-cropped-logo-sombra2.png\",\"width\":1782,\"height\":1782,\"caption\":\"Fm Gente\"},\"image\":{\"@id\":\"https:\\\/\\\/fmgente.com.ar\\\/web\\\/#\\\/schema\\\/logo\\\/image\\\/\"}}]}<\/script>\n<!-- \/ Yoast SEO plugin. -->","yoast_head_json":{"title":"El padre de Thiago Medina revel\u00f3 el incre\u00edble avance en su salud: &quot;Habla y\u2026&quot; - Fm Gente","robots":{"index":"index","follow":"follow","max-snippet":"max-snippet:-1","max-image-preview":"max-image-preview:large","max-video-preview":"max-video-preview:-1"},"canonical":"https:\/\/fmgente.com.ar\/web\/el-padre-de-thiago-medina-revelo-el-increible-avance-en-su-salud-habla-y\/","og_locale":"es_ES","og_type":"article","og_title":"El padre de Thiago Medina revel\u00f3 el incre\u00edble avance en su salud: &quot;Habla y\u2026&quot; - Fm Gente","og_description":"El estado de Thiago Medina gener\u00f3 una ola de emoci\u00f3n despu\u00e9s de que su pap\u00e1","og_url":"https:\/\/fmgente.com.ar\/web\/el-padre-de-thiago-medina-revelo-el-increible-avance-en-su-salud-habla-y\/","og_site_name":"Fm Gente","article_published_time":"2025-10-03T22:05:50+00:00","og_image":[{"width":359,"height":226,"url":"https:\/\/fmgente.com.ar\/web\/wp-content\/uploads\/2025\/10\/PORTADA-WEB-YO-QUIERO-SER-muscari-willis-359x226-1.jpg","type":"image\/jpeg"}],"twitter_card":"summary_large_image","twitter_misc":{"Tiempo de lectura":"2 minutos"},"schema":{"@context":"https:\/\/schema.org","@graph":[{"@type":"Article","@id":"https:\/\/fmgente.com.ar\/web\/el-padre-de-thiago-medina-revelo-el-increible-avance-en-su-salud-habla-y\/#article","isPartOf":{"@id":"https:\/\/fmgente.com.ar\/web\/el-padre-de-thiago-medina-revelo-el-increible-avance-en-su-salud-habla-y\/"},"author":{"name":"","@id":""},"headline":"El padre de Thiago Medina revel\u00f3 el incre\u00edble avance en su salud: &quot;Habla y\u2026&quot;","datePublished":"2025-10-03T22:05:50+00:00","mainEntityOfPage":{"@id":"https:\/\/fmgente.com.ar\/web\/el-padre-de-thiago-medina-revelo-el-increible-avance-en-su-salud-habla-y\/"},"wordCount":458,"publisher":{"@id":"https:\/\/fmgente.com.ar\/web\/#organization"},"image":{"@id":"https:\/\/fmgente.com.ar\/web\/el-padre-de-thiago-medina-revelo-el-increible-avance-en-su-salud-habla-y\/#primaryimage"},"thumbnailUrl":"https:\/\/fmgente.com.ar\/web\/wp-content\/uploads\/2025\/10\/PORTADA-WEB-YO-QUIERO-SER-muscari-willis-359x226-1.jpg","articleSection":["DESTACADAS"],"inLanguage":"es"},{"@type":"WebPage","@id":"https:\/\/fmgente.com.ar\/web\/el-padre-de-thiago-medina-revelo-el-increible-avance-en-su-salud-habla-y\/","url":"https:\/\/fmgente.com.ar\/web\/el-padre-de-thiago-medina-revelo-el-increible-avance-en-su-salud-habla-y\/","name":"El padre de Thiago Medina revel\u00f3 el incre\u00edble avance en su salud: &quot;Habla y\u2026&quot; - Fm Gente","isPartOf":{"@id":"https:\/\/fmgente.com.ar\/web\/#website"},"primaryImageOfPage":{"@id":"https:\/\/fmgente.com.ar\/web\/el-padre-de-thiago-medina-revelo-el-increible-avance-en-su-salud-habla-y\/#primaryimage"},"image":{"@id":"https:\/\/fmgente.com.ar\/web\/el-padre-de-thiago-medina-revelo-el-increible-avance-en-su-salud-habla-y\/#primaryimage"},"thumbnailUrl":"https:\/\/fmgente.com.ar\/web\/wp-content\/uploads\/2025\/10\/PORTADA-WEB-YO-QUIERO-SER-muscari-willis-359x226-1.jpg","datePublished":"2025-10-03T22:05:50+00:00","inLanguage":"es","potentialAction":[{"@type":"ReadAction","target":["https:\/\/fmgente.com.ar\/web\/el-padre-de-thiago-medina-revelo-el-increible-avance-en-su-salud-habla-y\/"]}]},{"@type":"ImageObject","inLanguage":"es","@id":"https:\/\/fmgente.com.ar\/web\/el-padre-de-thiago-medina-revelo-el-increible-avance-en-su-salud-habla-y\/#primaryimage","url":"https:\/\/fmgente.com.ar\/web\/wp-content\/uploads\/2025\/10\/PORTADA-WEB-YO-QUIERO-SER-muscari-willis-359x226-1.jpg","contentUrl":"https:\/\/fmgente.com.ar\/web\/wp-content\/uploads\/2025\/10\/PORTADA-WEB-YO-QUIERO-SER-muscari-willis-359x226-1.jpg","width":359,"height":226},{"@type":"WebSite","@id":"https:\/\/fmgente.com.ar\/web\/#website","url":"https:\/\/fmgente.com.ar\/web\/","name":"Fm Gente","description":"- Jes\u00fas Mar\u00eda","publisher":{"@id":"https:\/\/fmgente.com.ar\/web\/#organization"},"potentialAction":[{"@type":"SearchAction","target":{"@type":"EntryPoint","urlTemplate":"https:\/\/fmgente.com.ar\/web\/?s={search_term_string}"},"query-input":{"@type":"PropertyValueSpecification","valueRequired":true,"valueName":"search_term_string"}}],"inLanguage":"es"},{"@type":"Organization","@id":"https:\/\/fmgente.com.ar\/web\/#organization","name":"Fm Gente","url":"https:\/\/fmgente.com.ar\/web\/","logo":{"@type":"ImageObject","inLanguage":"es","@id":"https:\/\/fmgente.com.ar\/web\/#\/schema\/logo\/image\/","url":"https:\/\/fmgente.com.ar\/web\/wp-content\/uploads\/2023\/07\/cropped-cropped-logo-sombra2.png","contentUrl":"https:\/\/fmgente.com.ar\/web\/wp-content\/uploads\/2023\/07\/cropped-cropped-logo-sombra2.png","width":1782,"height":1782,"caption":"Fm Gente"},"image":{"@id":"https:\/\/fmgente.com.ar\/web\/#\/schema\/logo\/image\/"}}]}},"_links":{"self":[{"href":"https:\/\/fmgente.com.ar\/web\/wp-json\/wp\/v2\/posts\/5991","targetHints":{"allow":["GET"]}}],"collection":[{"href":"https:\/\/fmgente.com.ar\/web\/wp-json\/wp\/v2\/posts"}],"about":[{"href":"https:\/\/fmgente.com.ar\/web\/wp-json\/wp\/v2\/types\/post"}],"replies":[{"embeddable":true,"href":"https:\/\/fmgente.com.ar\/web\/wp-json\/wp\/v2\/comments?post=5991"}],"version-history":[{"count":0,"href":"https:\/\/fmgente.com.ar\/web\/wp-json\/wp\/v2\/posts\/5991\/revisions"}],"wp:featuredmedia":[{"embeddable":true,"href":"https:\/\/fmgente.com.ar\/web\/wp-json\/wp\/v2\/media\/5992"}],"wp:attachment":[{"href":"https:\/\/fmgente.com.ar\/web\/wp-json\/wp\/v2\/media?parent=5991"}],"wp:term":[{"taxonomy":"category","embeddable":true,"href":"https:\/\/fmgente.com.ar\/web\/wp-json\/wp\/v2\/categories?post=5991"},{"taxonomy":"post_tag","embeddable":true,"href":"https:\/\/fmgente.com.ar\/web\/wp-json\/wp\/v2\/tags?post=5991"}],"curies":[{"name":"wp","href":"https:\/\/api.w.org\/{rel}","templated":true}]}}