{"id":5989,"date":"2025-10-03T18:05:21","date_gmt":"2025-10-03T21:05:21","guid":{"rendered":"https:\/\/fmgente.com.ar\/morena-rial-rompio-el-silencio-desde-la-carcel-y-conto-toda-la-verdad-detras-de-su-detencion\/"},"modified":"2025-10-03T18:05:21","modified_gmt":"2025-10-03T21:05:21","slug":"morena-rial-rompio-el-silencio-desde-la-carcel-y-conto-toda-la-verdad-detras-de-su-detencion","status":"publish","type":"post","link":"https:\/\/fmgente.com.ar\/web\/morena-rial-rompio-el-silencio-desde-la-carcel-y-conto-toda-la-verdad-detras-de-su-detencion\/","title":{"rendered":"Morena Rial rompi\u00f3 el silencio desde la c\u00e1rcel y cont\u00f3 toda la verdad detr\u00e1s de su detenci\u00f3n"},"content":{"rendered":"<p><strong>Morena Rial <\/strong>se posicion\u00f3 nuevamente en el ojo de la tormenta durante los \u00faltimos d\u00edas por su delicada situaci\u00f3n judicial que la llev\u00f3 nuevamente a estar en la c\u00e1rcel. Desde el pasado lunes 29 de septiembre permanece detenida en el marco de una causa por presunto robo agravado y, desde all\u00ed, decidi\u00f3 romper por primera vez el silencio.<\/p>\n<p>Primero lo hizo a trav\u00e9s de una historia en su cuenta de Instagram, donde se defendi\u00f3 de los haters pero tambi\u00e9n aprovech\u00f3 para promocionar su cuenta para ganar dinero por publicidad o hacer canjes. Una actitud ins\u00f3lita y hasta un tanto soberbia de <strong><a href=\"https:\/\/www.paparazzi.com.ar\/teve\/morena-rial-enfrenta-un-fuerte-cuadro-de-depresion-en-la-carcel-y-solicitaron-urgente-a-un-psiquiatra\/\">Morena<\/a><\/strong>, que horas m\u00e1s tarde decidi\u00f3 compartir una carta escrita a mano para aclarar algunas cosas que se vienen diciendo.<\/p>\n<p><em>\u201c\u00a1Pronto volver\u00e9 a full con las redes! \u00a1Espero su apoyo con chismes con More! A los que insultan, les mando un beso. Est\u00e1n con grandes problemas para destilar tanto odio. Gracias Alejandro Cipolla por tu apoyo. Incondicional como amigo y como uno de los mejores abogados del pa\u00eds. Para publicidad, hablar por DM\u201d<\/em>, fue el primer posteo de <strong><a href=\"https:\/\/www.paparazzi.com.ar\/teve\/morena-rial-presa-dato-estrategia-defensa-prision-domiciliaria\/\">Morena<\/a><\/strong>, que sorprendi\u00f3 por su postura dentro de una causa tan grave en la que se encuentra.<\/p>\n<div class=\"mt-box \">\n<h4 class=\"mt-heading\">Mir\u00e1 Tambi\u00e9n<\/h4>\n<p><a href=\"https:\/\/www.paparazzi.com.ar\/videos\/exclusivo-marcelo-polino-hablo-como-nunca-de-su-vida-intima-y-conto-cuando-fue-la-ultima-vez-que-tuvo-sexo-con-una-mujer\/\"><\/p>\n<div class=\"mt-content\">\n<div class=\"mt-image-container\"><img decoding=\"async\" src=\"https:\/\/www.paparazzi.com.ar\/wp-content\/uploads\/2025\/09\/IMG_5980-359x226.jpg\" alt=\"\u00a1Exclusivo! Marcelo Polino habl\u00f3 como nunca de su vida \u00edntima y cont\u00f3 cu\u00e1ndo fue la \u00faltima vez que tuvo sexo con una mujer\u00a0\" class=\"mt-image\" loading=\"lazy\" \/><\/div>\n<h5 class=\"mt-title\">\u00a1Exclusivo! Marcelo Polino habl\u00f3 como nunca de su vida \u00edntima y cont\u00f3 cu\u00e1ndo fue la \u00faltima vez que tuvo sexo con una mujer\u00a0<\/h5>\n<\/div>\n<p><\/a><\/div>\n<p>La informaci\u00f3n que trascendi\u00f3 hace unas horas es que <strong><a href=\"https:\/\/www.paparazzi.com.ar\/teve\/el-ruego-desesperado-de-morena-rial-desde-su-encierro-en-la-carcel-de-magdalena-por-favor-traigan-a\/\">Morena<\/a><\/strong> se encuentra aislada en un sector especial del penal de Magdalena, conocido como <em>\u201clos buzones\u201d<\/em>, donde no tiene contacto con el resto de las reclusas. Esta decisi\u00f3n se debe a que todav\u00eda no hay una resoluci\u00f3n definitiva acerca de su situaci\u00f3n procesal, adem\u00e1s de buscar resguardar su integridad f\u00edsica.<\/p>\n<h2 class=\"wp-block-heading\">LA CARTA ESCRITA A MANO DE MORENA RIAL DESDE LA C\u00c1RCEL<\/h2>\n<p>Sin embargo, este viernes 3 de octubre su abogado <strong>Alejandro Cipolla<\/strong> comparti\u00f3 una carta escrita por <strong>Morena<\/strong> desde la c\u00e1rcel, donde aclara ciertos puntos un tanto inconclusos. <em>\u201cQuiero que sepan que donde estoy no tengo comunicaci\u00f3n con nadie m\u00e1s que con mis abogados y un n\u00facleo peque\u00f1o de allegados. Cualquier cosa que se diga de boca de otras personas son m\u00e1s de lo mismo (inventos)\u201d<\/em>, comienza diciendo.<\/p>\n<p>Por otro lado, <strong>la hija de Jorge Rial<\/strong> dej\u00f3 en claro su deseo de resolver pronto su situaci\u00f3n judicial para poder retomar su vida cotidiana. <em>\u201cEspero solucionar esta situaci\u00f3n lo antes posible y demostrarles a todos mi intenci\u00f3n de estar mejor\u201d<\/em>, escribi\u00f3, recordando que esta misma promesa ya la hab\u00eda hecho en anteriores oportunidades aunque siempre termin\u00f3 desobedeciendo a la Justicia.<\/p>\n<div class=\"mt-box \">\n<h4 class=\"mt-heading\">Mir\u00e1 Tambi\u00e9n<\/h4>\n<p><a href=\"https:\/\/www.paparazzi.com.ar\/teve\/morena-rial-enfrenta-un-fuerte-cuadro-de-depresion-en-la-carcel-y-solicitaron-urgente-a-un-psiquiatra\/\"><\/p>\n<div class=\"mt-content\">\n<div class=\"mt-image-container\"><img decoding=\"async\" src=\"https:\/\/www.paparazzi.com.ar\/wp-content\/uploads\/2025\/10\/Morena-Rial-enfrenta-un-fuerte-cuadro-de-depresion-en-la-carcel-y-solicitaron-urgente-a-un-psiquiatra-359x226.jpg\" alt=\"Morena Rial enfrenta un fuerte cuadro de depresi\u00f3n en la c\u00e1rcel y solicitaron urgente a un psiquiatra\" class=\"mt-image\" loading=\"lazy\" \/><\/div>\n<h5 class=\"mt-title\">Morena Rial enfrenta un fuerte cuadro de depresi\u00f3n en la c\u00e1rcel y solicitaron urgente a un psiquiatra<\/h5>\n<\/div>\n<p><\/a><\/div>\n<p>Sin embargo, el punto m\u00e1s fuerte de la carta hace foco en el debate que se gener\u00f3 sobre su hijo m\u00e1s peque\u00f1o, <strong>Amadeo<\/strong>. En estos d\u00edas comenz\u00f3 a circular la versi\u00f3n de que <strong>Morena<\/strong> habr\u00eda pedido que su ni\u00f1o estuviera con ella en el penal para su cumplea\u00f1os -el ni\u00f1o cumple el 6 de octubre-, aunque ahora ella sali\u00f3 a desmentir dicha versi\u00f3n.<\/p>\n<p><em>\u201cDesmiento que quiero que Amadeo me venga a ver, por lo cual mis abogados est\u00e1n gestionando videollamadas con \u00e9l. No es que no lo quiera ver, sino que este no es el \u00e1mbito que quiero para \u00e9l\u201d<\/em>, escribi\u00f3 <strong>Morena<\/strong> sobre su hijo, en el final de una carta que sorprendi\u00f3 a todos.<\/p>\n<figure class=\"wp-block-image size-full\"><img decoding=\"async\" width=\"379\" height=\"639\" src=\"https:\/\/www.paparazzi.com.ar\/wp-content\/uploads\/2025\/10\/morena-rial-y-su-mensaje-desde-la-carcel.png.webp\" loading=\"lazy\" alt=\"\" class=\"wp-image-446265\" \/><\/figure>\n<figure class=\"wp-block-image size-full\"><img decoding=\"async\" width=\"323\" height=\"577\" src=\"https:\/\/www.paparazzi.com.ar\/wp-content\/uploads\/2025\/10\/morena-rial-carcel-1.png.webp\" loading=\"lazy\" alt=\"\" class=\"wp-image-446293\" \/><\/figure>\n<div class=\"mt-box \">\n<h4 class=\"mt-heading\">Mir\u00e1 Tambi\u00e9n<\/h4>\n<p><a href=\"https:\/\/www.paparazzi.com.ar\/teve\/morena-rial-presa-dato-estrategia-defensa-prision-domiciliaria\/\"><\/p>\n<div class=\"mt-content\">\n<div class=\"mt-image-container\"><img decoding=\"async\" src=\"https:\/\/www.paparazzi.com.ar\/wp-content\/uploads\/2025\/10\/morena-rial-4-359x226.jpg\" alt=\"Morena Rial entre rejas: la tremenda mentira que demuele la estrategia para liberarla de la c\u00e1rcel\" class=\"mt-image\" loading=\"lazy\" \/><\/div>\n<h5 class=\"mt-title\">Morena Rial entre rejas: la tremenda mentira que demuele la estrategia para liberarla de la c\u00e1rcel<\/h5>\n<\/div>\n<p><\/a><\/div>\n<div class=\"mt-box \">\n<h4 class=\"mt-heading\">Mir\u00e1 Tambi\u00e9n<\/h4>\n<p><a href=\"https:\/\/www.paparazzi.com.ar\/teve\/el-ruego-desesperado-de-morena-rial-desde-su-encierro-en-la-carcel-de-magdalena-por-favor-traigan-a\/\"><\/p>\n<div class=\"mt-content\">\n<div class=\"mt-image-container\"><img decoding=\"async\" src=\"https:\/\/www.paparazzi.com.ar\/wp-content\/uploads\/2025\/10\/morena-rial-2-359x226.jpg\" alt=\"El ruego desesperado de Morena Rial desde su encierro en la c\u00e1rcel de Magdalena: &quot;\u00a1Por favor! Traigan a...&quot;\" class=\"mt-image\" loading=\"lazy\" \/><\/div>\n<h5 class=\"mt-title\">El ruego desesperado de Morena Rial desde su encierro en la c\u00e1rcel de Magdalena: \u00ab\u00a1Por favor! Traigan a&#8230;\u00bb<\/h5>\n<\/div>\n<p><\/a><\/div>\n<p>The post <a href=\"https:\/\/www.paparazzi.com.ar\/teve\/morena-rial-rompio-el-silencio-desde-la-carcel-y-conto-toda-la-verdad-detras-de-su-detencion\/\">Morena Rial rompi\u00f3 el silencio desde la c\u00e1rcel y cont\u00f3 toda la verdad detr\u00e1s de su detenci\u00f3n<\/a> appeared first on <a href=\"https:\/\/www.paparazzi.com.ar\">Revista Paparazzi<\/a>.<\/p>\n","protected":false},"excerpt":{"rendered":"<p>Morena Rial se posicion\u00f3 nuevamente en el ojo de la tormenta durante los \u00faltimos d\u00edas<\/p>\n","protected":false},"author":0,"featured_media":5990,"comment_status":"","ping_status":"","sticky":false,"template":"","format":"standard","meta":{"footnotes":""},"categories":[11],"tags":[],"class_list":["post-5989","post","type-post","status-publish","format-standard","has-post-thumbnail","hentry","category-destacadas"],"yoast_head":"<!-- This site is optimized with the Yoast SEO plugin v27.4 - https:\/\/yoast.com\/product\/yoast-seo-wordpress\/ -->\n<title>Morena Rial rompi\u00f3 el silencio desde la c\u00e1rcel y cont\u00f3 toda la verdad detr\u00e1s de su detenci\u00f3n - Fm Gente<\/title>\n<meta name=\"robots\" content=\"index, follow, max-snippet:-1, max-image-preview:large, max-video-preview:-1\" \/>\n<link rel=\"canonical\" href=\"https:\/\/fmgente.com.ar\/web\/morena-rial-rompio-el-silencio-desde-la-carcel-y-conto-toda-la-verdad-detras-de-su-detencion\/\" \/>\n<meta property=\"og:locale\" content=\"es_ES\" \/>\n<meta property=\"og:type\" content=\"article\" \/>\n<meta property=\"og:title\" content=\"Morena Rial rompi\u00f3 el silencio desde la c\u00e1rcel y cont\u00f3 toda la verdad detr\u00e1s de su detenci\u00f3n - Fm Gente\" \/>\n<meta property=\"og:description\" content=\"Morena Rial se posicion\u00f3 nuevamente en el ojo de la tormenta durante los \u00faltimos d\u00edas\" \/>\n<meta property=\"og:url\" content=\"https:\/\/fmgente.com.ar\/web\/morena-rial-rompio-el-silencio-desde-la-carcel-y-conto-toda-la-verdad-detras-de-su-detencion\/\" \/>\n<meta property=\"og:site_name\" content=\"Fm Gente\" \/>\n<meta property=\"article:published_time\" content=\"2025-10-03T21:05:21+00:00\" \/>\n<meta property=\"og:image\" content=\"https:\/\/fmgente.com.ar\/web\/wp-content\/uploads\/2025\/10\/IMG_5980-359x226-2.jpg\" \/>\n\t<meta property=\"og:image:width\" content=\"359\" \/>\n\t<meta property=\"og:image:height\" content=\"226\" \/>\n\t<meta property=\"og:image:type\" content=\"image\/jpeg\" \/>\n<meta name=\"twitter:card\" content=\"summary_large_image\" \/>\n<meta name=\"twitter:label1\" content=\"Tiempo de lectura\" \/>\n\t<meta name=\"twitter:data1\" content=\"3 minutos\" \/>\n<script type=\"application\/ld+json\" class=\"yoast-schema-graph\">{\"@context\":\"https:\\\/\\\/schema.org\",\"@graph\":[{\"@type\":\"Article\",\"@id\":\"https:\\\/\\\/fmgente.com.ar\\\/web\\\/morena-rial-rompio-el-silencio-desde-la-carcel-y-conto-toda-la-verdad-detras-de-su-detencion\\\/#article\",\"isPartOf\":{\"@id\":\"https:\\\/\\\/fmgente.com.ar\\\/web\\\/morena-rial-rompio-el-silencio-desde-la-carcel-y-conto-toda-la-verdad-detras-de-su-detencion\\\/\"},\"author\":{\"name\":\"\",\"@id\":\"\"},\"headline\":\"Morena Rial rompi\u00f3 el silencio desde la c\u00e1rcel y cont\u00f3 toda la verdad detr\u00e1s de su detenci\u00f3n\",\"datePublished\":\"2025-10-03T21:05:21+00:00\",\"mainEntityOfPage\":{\"@id\":\"https:\\\/\\\/fmgente.com.ar\\\/web\\\/morena-rial-rompio-el-silencio-desde-la-carcel-y-conto-toda-la-verdad-detras-de-su-detencion\\\/\"},\"wordCount\":682,\"publisher\":{\"@id\":\"https:\\\/\\\/fmgente.com.ar\\\/web\\\/#organization\"},\"image\":{\"@id\":\"https:\\\/\\\/fmgente.com.ar\\\/web\\\/morena-rial-rompio-el-silencio-desde-la-carcel-y-conto-toda-la-verdad-detras-de-su-detencion\\\/#primaryimage\"},\"thumbnailUrl\":\"https:\\\/\\\/fmgente.com.ar\\\/web\\\/wp-content\\\/uploads\\\/2025\\\/10\\\/IMG_5980-359x226-2.jpg\",\"articleSection\":[\"DESTACADAS\"],\"inLanguage\":\"es\"},{\"@type\":\"WebPage\",\"@id\":\"https:\\\/\\\/fmgente.com.ar\\\/web\\\/morena-rial-rompio-el-silencio-desde-la-carcel-y-conto-toda-la-verdad-detras-de-su-detencion\\\/\",\"url\":\"https:\\\/\\\/fmgente.com.ar\\\/web\\\/morena-rial-rompio-el-silencio-desde-la-carcel-y-conto-toda-la-verdad-detras-de-su-detencion\\\/\",\"name\":\"Morena Rial rompi\u00f3 el silencio desde la c\u00e1rcel y cont\u00f3 toda la verdad detr\u00e1s de su detenci\u00f3n - Fm Gente\",\"isPartOf\":{\"@id\":\"https:\\\/\\\/fmgente.com.ar\\\/web\\\/#website\"},\"primaryImageOfPage\":{\"@id\":\"https:\\\/\\\/fmgente.com.ar\\\/web\\\/morena-rial-rompio-el-silencio-desde-la-carcel-y-conto-toda-la-verdad-detras-de-su-detencion\\\/#primaryimage\"},\"image\":{\"@id\":\"https:\\\/\\\/fmgente.com.ar\\\/web\\\/morena-rial-rompio-el-silencio-desde-la-carcel-y-conto-toda-la-verdad-detras-de-su-detencion\\\/#primaryimage\"},\"thumbnailUrl\":\"https:\\\/\\\/fmgente.com.ar\\\/web\\\/wp-content\\\/uploads\\\/2025\\\/10\\\/IMG_5980-359x226-2.jpg\",\"datePublished\":\"2025-10-03T21:05:21+00:00\",\"inLanguage\":\"es\",\"potentialAction\":[{\"@type\":\"ReadAction\",\"target\":[\"https:\\\/\\\/fmgente.com.ar\\\/web\\\/morena-rial-rompio-el-silencio-desde-la-carcel-y-conto-toda-la-verdad-detras-de-su-detencion\\\/\"]}]},{\"@type\":\"ImageObject\",\"inLanguage\":\"es\",\"@id\":\"https:\\\/\\\/fmgente.com.ar\\\/web\\\/morena-rial-rompio-el-silencio-desde-la-carcel-y-conto-toda-la-verdad-detras-de-su-detencion\\\/#primaryimage\",\"url\":\"https:\\\/\\\/fmgente.com.ar\\\/web\\\/wp-content\\\/uploads\\\/2025\\\/10\\\/IMG_5980-359x226-2.jpg\",\"contentUrl\":\"https:\\\/\\\/fmgente.com.ar\\\/web\\\/wp-content\\\/uploads\\\/2025\\\/10\\\/IMG_5980-359x226-2.jpg\",\"width\":359,\"height\":226},{\"@type\":\"WebSite\",\"@id\":\"https:\\\/\\\/fmgente.com.ar\\\/web\\\/#website\",\"url\":\"https:\\\/\\\/fmgente.com.ar\\\/web\\\/\",\"name\":\"Fm Gente\",\"description\":\"- Jes\u00fas Mar\u00eda\",\"publisher\":{\"@id\":\"https:\\\/\\\/fmgente.com.ar\\\/web\\\/#organization\"},\"potentialAction\":[{\"@type\":\"SearchAction\",\"target\":{\"@type\":\"EntryPoint\",\"urlTemplate\":\"https:\\\/\\\/fmgente.com.ar\\\/web\\\/?s={search_term_string}\"},\"query-input\":{\"@type\":\"PropertyValueSpecification\",\"valueRequired\":true,\"valueName\":\"search_term_string\"}}],\"inLanguage\":\"es\"},{\"@type\":\"Organization\",\"@id\":\"https:\\\/\\\/fmgente.com.ar\\\/web\\\/#organization\",\"name\":\"Fm Gente\",\"url\":\"https:\\\/\\\/fmgente.com.ar\\\/web\\\/\",\"logo\":{\"@type\":\"ImageObject\",\"inLanguage\":\"es\",\"@id\":\"https:\\\/\\\/fmgente.com.ar\\\/web\\\/#\\\/schema\\\/logo\\\/image\\\/\",\"url\":\"https:\\\/\\\/fmgente.com.ar\\\/web\\\/wp-content\\\/uploads\\\/2023\\\/07\\\/cropped-cropped-logo-sombra2.png\",\"contentUrl\":\"https:\\\/\\\/fmgente.com.ar\\\/web\\\/wp-content\\\/uploads\\\/2023\\\/07\\\/cropped-cropped-logo-sombra2.png\",\"width\":1782,\"height\":1782,\"caption\":\"Fm Gente\"},\"image\":{\"@id\":\"https:\\\/\\\/fmgente.com.ar\\\/web\\\/#\\\/schema\\\/logo\\\/image\\\/\"}}]}<\/script>\n<!-- \/ Yoast SEO plugin. -->","yoast_head_json":{"title":"Morena Rial rompi\u00f3 el silencio desde la c\u00e1rcel y cont\u00f3 toda la verdad detr\u00e1s de su detenci\u00f3n - Fm Gente","robots":{"index":"index","follow":"follow","max-snippet":"max-snippet:-1","max-image-preview":"max-image-preview:large","max-video-preview":"max-video-preview:-1"},"canonical":"https:\/\/fmgente.com.ar\/web\/morena-rial-rompio-el-silencio-desde-la-carcel-y-conto-toda-la-verdad-detras-de-su-detencion\/","og_locale":"es_ES","og_type":"article","og_title":"Morena Rial rompi\u00f3 el silencio desde la c\u00e1rcel y cont\u00f3 toda la verdad detr\u00e1s de su detenci\u00f3n - Fm Gente","og_description":"Morena Rial se posicion\u00f3 nuevamente en el ojo de la tormenta durante los \u00faltimos d\u00edas","og_url":"https:\/\/fmgente.com.ar\/web\/morena-rial-rompio-el-silencio-desde-la-carcel-y-conto-toda-la-verdad-detras-de-su-detencion\/","og_site_name":"Fm Gente","article_published_time":"2025-10-03T21:05:21+00:00","og_image":[{"width":359,"height":226,"url":"https:\/\/fmgente.com.ar\/web\/wp-content\/uploads\/2025\/10\/IMG_5980-359x226-2.jpg","type":"image\/jpeg"}],"twitter_card":"summary_large_image","twitter_misc":{"Tiempo de lectura":"3 minutos"},"schema":{"@context":"https:\/\/schema.org","@graph":[{"@type":"Article","@id":"https:\/\/fmgente.com.ar\/web\/morena-rial-rompio-el-silencio-desde-la-carcel-y-conto-toda-la-verdad-detras-de-su-detencion\/#article","isPartOf":{"@id":"https:\/\/fmgente.com.ar\/web\/morena-rial-rompio-el-silencio-desde-la-carcel-y-conto-toda-la-verdad-detras-de-su-detencion\/"},"author":{"name":"","@id":""},"headline":"Morena Rial rompi\u00f3 el silencio desde la c\u00e1rcel y cont\u00f3 toda la verdad detr\u00e1s de su detenci\u00f3n","datePublished":"2025-10-03T21:05:21+00:00","mainEntityOfPage":{"@id":"https:\/\/fmgente.com.ar\/web\/morena-rial-rompio-el-silencio-desde-la-carcel-y-conto-toda-la-verdad-detras-de-su-detencion\/"},"wordCount":682,"publisher":{"@id":"https:\/\/fmgente.com.ar\/web\/#organization"},"image":{"@id":"https:\/\/fmgente.com.ar\/web\/morena-rial-rompio-el-silencio-desde-la-carcel-y-conto-toda-la-verdad-detras-de-su-detencion\/#primaryimage"},"thumbnailUrl":"https:\/\/fmgente.com.ar\/web\/wp-content\/uploads\/2025\/10\/IMG_5980-359x226-2.jpg","articleSection":["DESTACADAS"],"inLanguage":"es"},{"@type":"WebPage","@id":"https:\/\/fmgente.com.ar\/web\/morena-rial-rompio-el-silencio-desde-la-carcel-y-conto-toda-la-verdad-detras-de-su-detencion\/","url":"https:\/\/fmgente.com.ar\/web\/morena-rial-rompio-el-silencio-desde-la-carcel-y-conto-toda-la-verdad-detras-de-su-detencion\/","name":"Morena Rial rompi\u00f3 el silencio desde la c\u00e1rcel y cont\u00f3 toda la verdad detr\u00e1s de su detenci\u00f3n - Fm Gente","isPartOf":{"@id":"https:\/\/fmgente.com.ar\/web\/#website"},"primaryImageOfPage":{"@id":"https:\/\/fmgente.com.ar\/web\/morena-rial-rompio-el-silencio-desde-la-carcel-y-conto-toda-la-verdad-detras-de-su-detencion\/#primaryimage"},"image":{"@id":"https:\/\/fmgente.com.ar\/web\/morena-rial-rompio-el-silencio-desde-la-carcel-y-conto-toda-la-verdad-detras-de-su-detencion\/#primaryimage"},"thumbnailUrl":"https:\/\/fmgente.com.ar\/web\/wp-content\/uploads\/2025\/10\/IMG_5980-359x226-2.jpg","datePublished":"2025-10-03T21:05:21+00:00","inLanguage":"es","potentialAction":[{"@type":"ReadAction","target":["https:\/\/fmgente.com.ar\/web\/morena-rial-rompio-el-silencio-desde-la-carcel-y-conto-toda-la-verdad-detras-de-su-detencion\/"]}]},{"@type":"ImageObject","inLanguage":"es","@id":"https:\/\/fmgente.com.ar\/web\/morena-rial-rompio-el-silencio-desde-la-carcel-y-conto-toda-la-verdad-detras-de-su-detencion\/#primaryimage","url":"https:\/\/fmgente.com.ar\/web\/wp-content\/uploads\/2025\/10\/IMG_5980-359x226-2.jpg","contentUrl":"https:\/\/fmgente.com.ar\/web\/wp-content\/uploads\/2025\/10\/IMG_5980-359x226-2.jpg","width":359,"height":226},{"@type":"WebSite","@id":"https:\/\/fmgente.com.ar\/web\/#website","url":"https:\/\/fmgente.com.ar\/web\/","name":"Fm Gente","description":"- Jes\u00fas Mar\u00eda","publisher":{"@id":"https:\/\/fmgente.com.ar\/web\/#organization"},"potentialAction":[{"@type":"SearchAction","target":{"@type":"EntryPoint","urlTemplate":"https:\/\/fmgente.com.ar\/web\/?s={search_term_string}"},"query-input":{"@type":"PropertyValueSpecification","valueRequired":true,"valueName":"search_term_string"}}],"inLanguage":"es"},{"@type":"Organization","@id":"https:\/\/fmgente.com.ar\/web\/#organization","name":"Fm Gente","url":"https:\/\/fmgente.com.ar\/web\/","logo":{"@type":"ImageObject","inLanguage":"es","@id":"https:\/\/fmgente.com.ar\/web\/#\/schema\/logo\/image\/","url":"https:\/\/fmgente.com.ar\/web\/wp-content\/uploads\/2023\/07\/cropped-cropped-logo-sombra2.png","contentUrl":"https:\/\/fmgente.com.ar\/web\/wp-content\/uploads\/2023\/07\/cropped-cropped-logo-sombra2.png","width":1782,"height":1782,"caption":"Fm Gente"},"image":{"@id":"https:\/\/fmgente.com.ar\/web\/#\/schema\/logo\/image\/"}}]}},"_links":{"self":[{"href":"https:\/\/fmgente.com.ar\/web\/wp-json\/wp\/v2\/posts\/5989","targetHints":{"allow":["GET"]}}],"collection":[{"href":"https:\/\/fmgente.com.ar\/web\/wp-json\/wp\/v2\/posts"}],"about":[{"href":"https:\/\/fmgente.com.ar\/web\/wp-json\/wp\/v2\/types\/post"}],"replies":[{"embeddable":true,"href":"https:\/\/fmgente.com.ar\/web\/wp-json\/wp\/v2\/comments?post=5989"}],"version-history":[{"count":0,"href":"https:\/\/fmgente.com.ar\/web\/wp-json\/wp\/v2\/posts\/5989\/revisions"}],"wp:featuredmedia":[{"embeddable":true,"href":"https:\/\/fmgente.com.ar\/web\/wp-json\/wp\/v2\/media\/5990"}],"wp:attachment":[{"href":"https:\/\/fmgente.com.ar\/web\/wp-json\/wp\/v2\/media?parent=5989"}],"wp:term":[{"taxonomy":"category","embeddable":true,"href":"https:\/\/fmgente.com.ar\/web\/wp-json\/wp\/v2\/categories?post=5989"},{"taxonomy":"post_tag","embeddable":true,"href":"https:\/\/fmgente.com.ar\/web\/wp-json\/wp\/v2\/tags?post=5989"}],"curies":[{"name":"wp","href":"https:\/\/api.w.org\/{rel}","templated":true}]}}