{"id":5987,"date":"2025-10-03T18:05:20","date_gmt":"2025-10-03T21:05:20","guid":{"rendered":"https:\/\/fmgente.com.ar\/el-escalofriante-testimonio-de-la-muerte-de-mila-yankelevich-la-nieta-de-cris-morena-escuchamos-a-los-ninos-gritar-y\/"},"modified":"2025-10-03T18:05:20","modified_gmt":"2025-10-03T21:05:20","slug":"el-escalofriante-testimonio-de-la-muerte-de-mila-yankelevich-la-nieta-de-cris-morena-escuchamos-a-los-ninos-gritar-y","status":"publish","type":"post","link":"https:\/\/fmgente.com.ar\/web\/el-escalofriante-testimonio-de-la-muerte-de-mila-yankelevich-la-nieta-de-cris-morena-escuchamos-a-los-ninos-gritar-y\/","title":{"rendered":"El escalofriante testimonio de la muerte de Mila Yankelevich, la nieta de Cris Morena: \u201cEscuchamos a los ni\u00f1os gritar y\u2026\u201d"},"content":{"rendered":"<p>La muerte de <strong>Mila Yankelevich<\/strong>, la nieta de <strong>Cris Morena<\/strong>, contin\u00faa siendo un golpe doloroso para el mundo art\u00edstico y para todos los que siguen a la familia que marc\u00f3 generaciones en la televisi\u00f3n argentina. A dos meses del accidente n\u00e1utico en Estados Unidos, la investigaci\u00f3n judicial sigue en marcha, pero en las \u00faltimas horas surgieron testimonios que podr\u00edan cambiar lo que hasta ahora se cre\u00eda sobre el tr\u00e1gico episodio.<\/p>\n<p>Este viernes 3 de octubre en <strong><em>DDM<\/em><\/strong>, Mart\u00edn Candalaft comparti\u00f3 declaraciones que forman parte del expediente y que aportan un giro inesperado a la causa. Uno de los relatos m\u00e1s impactantes fue el de <strong>William Cruz<\/strong>, un trabajador que estaba en una construcci\u00f3n cercana al lugar y que asegura haber visto c\u00f3mo todo suced\u00eda en tiempo real la tragedia que acab\u00f3 con la vida de <strong><a href=\"https:\/\/www.paparazzi.com.ar\/teve\/gustavo-yankelevich-reaparecio-tras-la-tragica-muerte-de-su-nieta-y-emociono-a-todos\/\">Mila<\/a><\/strong>.<\/p>\n<p><em>\u00abAh\u00ed les grit\u00e9 a mis compa\u00f1eros para que miraran lo que estaba pasando. Sab\u00edamos que la barcaza iba a chocar con el bote en menos de un minuto. Vimos a un hombre con una camisa de trabajo verde ne\u00f3n en el costado, medio camino de donde estaba la gr\u00faa. Si el tripulante nos hubiese visto, la barcaza podr\u00eda haber virado o detenido\u00bb<\/em>, relat\u00f3 el testigo, seg\u00fan lo le\u00eddo por Candalaft.<\/p>\n<div class=\"mt-box \">\n<h4 class=\"mt-heading\">Mir\u00e1 Tambi\u00e9n<\/h4>\n<p><a href=\"https:\/\/www.paparazzi.com.ar\/videos\/exclusivo-marcelo-polino-hablo-como-nunca-de-su-vida-intima-y-conto-cuando-fue-la-ultima-vez-que-tuvo-sexo-con-una-mujer\/\"><\/p>\n<div class=\"mt-content\">\n<div class=\"mt-image-container\"><img decoding=\"async\" src=\"https:\/\/www.paparazzi.com.ar\/wp-content\/uploads\/2025\/09\/IMG_5980-359x226.jpg\" alt=\"\u00a1Exclusivo! Marcelo Polino habl\u00f3 como nunca de su vida \u00edntima y cont\u00f3 cu\u00e1ndo fue la \u00faltima vez que tuvo sexo con una mujer\u00a0\" class=\"mt-image\" loading=\"lazy\" \/><\/div>\n<h5 class=\"mt-title\">\u00a1Exclusivo! Marcelo Polino habl\u00f3 como nunca de su vida \u00edntima y cont\u00f3 cu\u00e1ndo fue la \u00faltima vez que tuvo sexo con una mujer\u00a0<\/h5>\n<\/div>\n<p><\/a><\/div>\n<p>Pero no fue el \u00fanico alrededor de la tragedia de <strong><a href=\"https:\/\/www.paparazzi.com.ar\/teve\/el-desgarrador-video-de-cris-morena-recordando-a-romina-yan-y-mila-yankelevich-en-su-aniversario\/\">Mila<\/a><\/strong>. Tambi\u00e9n se dieron a conocer los dichos de Aldo Belgar, que se encontraba en la propia embarcaci\u00f3n involucrada en el accidente. Su relato describe los segundos previos al choque, un momento de desesperaci\u00f3n en el que intentaron frenar lo inevitable.<\/p>\n<h2 class=\"wp-block-heading\">EL TRAUM\u00c1TICO RELATO DE UNO DE LOS TESTIGOS QUE PRESENCI\u00d3 LA TRAGEDIA DE MILA YANKELEVICH<\/h2>\n<p>Seg\u00fan Belgar, al ver el peque\u00f1o bote con ni\u00f1os -entre esos peque\u00f1os estaba la nieta de <strong><a href=\"https:\/\/www.paparazzi.com.ar\/teve\/el-dolor-de-cris-morena-por-la-tragica-muerte-de-su-nieta-mila-yankelevich-el-corazon-se-me-puso\/\">Cris Morena<\/a><\/strong>-, corri\u00f3 hacia la parte trasera y le grit\u00f3 al capit\u00e1n para que detuviera la marcha. Sin embargo, la embarcaci\u00f3n ya estaba demasiado cerca. <em>\u00abAproximadamente 30 segundos despu\u00e9s de que empezamos a gritar y saltar, el tripulante de la barcaza vio el velero lleno de campistas del Miami Yacht Club. O\u00edmos a los ni\u00f1os y al consejero gritar y hacer se\u00f1as para que se detuviera\u00bb<\/em>, afirm\u00f3.<\/p>\n<p>El testimonio sigui\u00f3 con una imagen estremecedora sobre el accidente de <strong>Mila<\/strong>: <em>\u00abSon\u00f3 como un trueno en el momento en que la barcaza impact\u00f3 con el peque\u00f1o bote. Empec\u00e9 a gritar: &#8216;Los mat\u00f3, los mat\u00f3&#8217;. Me sent\u00ed fatal al ver esto, asustado, y fue peor porque hab\u00edamos estado gritando y no nos o\u00edan\u00bb<\/em>.<\/p>\n<div class=\"mt-box \">\n<h4 class=\"mt-heading\">Mir\u00e1 Tambi\u00e9n<\/h4>\n<p><a href=\"https:\/\/www.paparazzi.com.ar\/teve\/el-dolor-de-cris-morena-por-la-tragica-muerte-de-su-nieta-mila-yankelevich-el-corazon-se-me-puso\/\"><\/p>\n<div class=\"mt-content\">\n<div class=\"mt-image-container\"><img decoding=\"async\" src=\"https:\/\/www.paparazzi.com.ar\/wp-content\/uploads\/2025\/09\/El-dolor-de-Cris-Morena-por-la-tragica-muerte-de-su-nieta-Mila-Yankelevich-22El-corazon-se-me-puso.22-359x226.jpg\" alt=\"El dolor de Cris Morena por la tr\u00e1gica muerte de su nieta Mila Yankelevich: &quot;El coraz\u00f3n se me puso...&quot;\" class=\"mt-image\" loading=\"lazy\" \/><\/div>\n<h5 class=\"mt-title\">El dolor de Cris Morena por la tr\u00e1gica muerte de su nieta Mila Yankelevich: \u00abEl coraz\u00f3n se me puso&#8230;\u00bb<\/h5>\n<\/div>\n<p><\/a><\/div>\n<p>A pesar de la crudeza de los relatos, la investigaci\u00f3n en la Justicia estadounidense todav\u00eda no tiene detenidos ni imputados. Lo cierto es que las versiones de los testigos abren nuevas preguntas sobre c\u00f3mo se produjo realmente el accidente que termin\u00f3 con la vida de la peque\u00f1a <strong>Mila<\/strong>, de tan solo 7 a\u00f1os.<\/p>\n<p>En medio del dolor y la conmoci\u00f3n, la familia y los seguidores de <strong>Cris Morena<\/strong> esperan respuestas. Los testimonios divulgados no hacen m\u00e1s que profundizar el misterio alrededor de una tragedia que marc\u00f3 a fuego a todos.<\/p>\n<div class=\"mt-box \">\n<h4 class=\"mt-heading\">Mir\u00e1 Tambi\u00e9n<\/h4>\n<p><a href=\"https:\/\/www.paparazzi.com.ar\/teve\/el-desgarrador-video-de-cris-morena-recordando-a-romina-yan-y-mila-yankelevich-en-su-aniversario\/\"><\/p>\n<div class=\"mt-content\">\n<div class=\"mt-image-container\"><img decoding=\"async\" src=\"https:\/\/www.paparazzi.com.ar\/wp-content\/uploads\/2025\/09\/Cris-Morena-Romina-Yan-Mila-Yankelevich-359x226.jpg\" alt=\"El desgarrador video de Cris Morena recordando a Romina Yan y Mila Yankelevich en su aniversario\" class=\"mt-image\" loading=\"lazy\" \/><\/div>\n<h5 class=\"mt-title\">El desgarrador video de Cris Morena recordando a Romina Yan y Mila Yankelevich en su aniversario<\/h5>\n<\/div>\n<p><\/a><\/div>\n<div class=\"mt-box \">\n<h4 class=\"mt-heading\">Mir\u00e1 Tambi\u00e9n<\/h4>\n<p><a href=\"https:\/\/www.paparazzi.com.ar\/teve\/gustavo-yankelevich-reaparecio-tras-la-tragica-muerte-de-su-nieta-y-emociono-a-todos\/\"><\/p>\n<div class=\"mt-content\">\n<div class=\"mt-image-container\"><img decoding=\"async\" src=\"https:\/\/www.paparazzi.com.ar\/wp-content\/uploads\/2025\/09\/Gustavo-Yankelevich-359x226.jpg\" alt=\"Gustavo Yankelevich reapareci\u00f3 tras la tr\u00e1gica muerte de su nieta y emocion\u00f3 a todos\" class=\"mt-image\" loading=\"lazy\" \/><\/div>\n<h5 class=\"mt-title\">Gustavo Yankelevich reapareci\u00f3 tras la tr\u00e1gica muerte de su nieta y emocion\u00f3 a todos<\/h5>\n<\/div>\n<p><\/a><\/div>\n<p>The post <a href=\"https:\/\/www.paparazzi.com.ar\/teve\/el-escalofriante-testimonio-de-la-muerte-de-mila-yankelevich-la-nieta-de-cris-morena-escuchamos-a-los-ninos-gritar-y\/\">El escalofriante testimonio de la muerte de Mila Yankelevich, la nieta de Cris Morena: \u201cEscuchamos a los ni\u00f1os gritar y\u2026\u201d<\/a> appeared first on <a href=\"https:\/\/www.paparazzi.com.ar\">Revista Paparazzi<\/a>.<\/p>\n","protected":false},"excerpt":{"rendered":"<p>La muerte de Mila Yankelevich, la nieta de Cris Morena, contin\u00faa siendo un golpe doloroso<\/p>\n","protected":false},"author":0,"featured_media":5988,"comment_status":"","ping_status":"","sticky":false,"template":"","format":"standard","meta":{"footnotes":""},"categories":[11],"tags":[],"class_list":["post-5987","post","type-post","status-publish","format-standard","has-post-thumbnail","hentry","category-destacadas"],"yoast_head":"<!-- This site is optimized with the Yoast SEO plugin v27.4 - https:\/\/yoast.com\/product\/yoast-seo-wordpress\/ -->\n<title>El escalofriante testimonio de la muerte de Mila Yankelevich, la nieta de Cris Morena: \u201cEscuchamos a los ni\u00f1os gritar y\u2026\u201d - Fm Gente<\/title>\n<meta name=\"robots\" content=\"index, follow, max-snippet:-1, max-image-preview:large, max-video-preview:-1\" \/>\n<link rel=\"canonical\" href=\"https:\/\/fmgente.com.ar\/web\/el-escalofriante-testimonio-de-la-muerte-de-mila-yankelevich-la-nieta-de-cris-morena-escuchamos-a-los-ninos-gritar-y\/\" \/>\n<meta property=\"og:locale\" content=\"es_ES\" \/>\n<meta property=\"og:type\" content=\"article\" \/>\n<meta property=\"og:title\" content=\"El escalofriante testimonio de la muerte de Mila Yankelevich, la nieta de Cris Morena: \u201cEscuchamos a los ni\u00f1os gritar y\u2026\u201d - Fm Gente\" \/>\n<meta property=\"og:description\" content=\"La muerte de Mila Yankelevich, la nieta de Cris Morena, contin\u00faa siendo un golpe doloroso\" \/>\n<meta property=\"og:url\" content=\"https:\/\/fmgente.com.ar\/web\/el-escalofriante-testimonio-de-la-muerte-de-mila-yankelevich-la-nieta-de-cris-morena-escuchamos-a-los-ninos-gritar-y\/\" \/>\n<meta property=\"og:site_name\" content=\"Fm Gente\" \/>\n<meta property=\"article:published_time\" content=\"2025-10-03T21:05:20+00:00\" \/>\n<meta property=\"og:image\" content=\"https:\/\/fmgente.com.ar\/web\/wp-content\/uploads\/2025\/10\/IMG_5980-359x226-1.jpg\" \/>\n\t<meta property=\"og:image:width\" content=\"359\" \/>\n\t<meta property=\"og:image:height\" content=\"226\" \/>\n\t<meta property=\"og:image:type\" content=\"image\/jpeg\" \/>\n<meta name=\"twitter:card\" content=\"summary_large_image\" \/>\n<meta name=\"twitter:label1\" content=\"Tiempo de lectura\" \/>\n\t<meta name=\"twitter:data1\" content=\"3 minutos\" \/>\n<script type=\"application\/ld+json\" class=\"yoast-schema-graph\">{\"@context\":\"https:\\\/\\\/schema.org\",\"@graph\":[{\"@type\":\"Article\",\"@id\":\"https:\\\/\\\/fmgente.com.ar\\\/web\\\/el-escalofriante-testimonio-de-la-muerte-de-mila-yankelevich-la-nieta-de-cris-morena-escuchamos-a-los-ninos-gritar-y\\\/#article\",\"isPartOf\":{\"@id\":\"https:\\\/\\\/fmgente.com.ar\\\/web\\\/el-escalofriante-testimonio-de-la-muerte-de-mila-yankelevich-la-nieta-de-cris-morena-escuchamos-a-los-ninos-gritar-y\\\/\"},\"author\":{\"name\":\"\",\"@id\":\"\"},\"headline\":\"El escalofriante testimonio de la muerte de Mila Yankelevich, la nieta de Cris Morena: \u201cEscuchamos a los ni\u00f1os gritar y\u2026\u201d\",\"datePublished\":\"2025-10-03T21:05:20+00:00\",\"mainEntityOfPage\":{\"@id\":\"https:\\\/\\\/fmgente.com.ar\\\/web\\\/el-escalofriante-testimonio-de-la-muerte-de-mila-yankelevich-la-nieta-de-cris-morena-escuchamos-a-los-ninos-gritar-y\\\/\"},\"wordCount\":677,\"publisher\":{\"@id\":\"https:\\\/\\\/fmgente.com.ar\\\/web\\\/#organization\"},\"image\":{\"@id\":\"https:\\\/\\\/fmgente.com.ar\\\/web\\\/el-escalofriante-testimonio-de-la-muerte-de-mila-yankelevich-la-nieta-de-cris-morena-escuchamos-a-los-ninos-gritar-y\\\/#primaryimage\"},\"thumbnailUrl\":\"https:\\\/\\\/fmgente.com.ar\\\/web\\\/wp-content\\\/uploads\\\/2025\\\/10\\\/IMG_5980-359x226-1.jpg\",\"articleSection\":[\"DESTACADAS\"],\"inLanguage\":\"es\"},{\"@type\":\"WebPage\",\"@id\":\"https:\\\/\\\/fmgente.com.ar\\\/web\\\/el-escalofriante-testimonio-de-la-muerte-de-mila-yankelevich-la-nieta-de-cris-morena-escuchamos-a-los-ninos-gritar-y\\\/\",\"url\":\"https:\\\/\\\/fmgente.com.ar\\\/web\\\/el-escalofriante-testimonio-de-la-muerte-de-mila-yankelevich-la-nieta-de-cris-morena-escuchamos-a-los-ninos-gritar-y\\\/\",\"name\":\"El escalofriante testimonio de la muerte de Mila Yankelevich, la nieta de Cris Morena: \u201cEscuchamos a los ni\u00f1os gritar y\u2026\u201d - Fm Gente\",\"isPartOf\":{\"@id\":\"https:\\\/\\\/fmgente.com.ar\\\/web\\\/#website\"},\"primaryImageOfPage\":{\"@id\":\"https:\\\/\\\/fmgente.com.ar\\\/web\\\/el-escalofriante-testimonio-de-la-muerte-de-mila-yankelevich-la-nieta-de-cris-morena-escuchamos-a-los-ninos-gritar-y\\\/#primaryimage\"},\"image\":{\"@id\":\"https:\\\/\\\/fmgente.com.ar\\\/web\\\/el-escalofriante-testimonio-de-la-muerte-de-mila-yankelevich-la-nieta-de-cris-morena-escuchamos-a-los-ninos-gritar-y\\\/#primaryimage\"},\"thumbnailUrl\":\"https:\\\/\\\/fmgente.com.ar\\\/web\\\/wp-content\\\/uploads\\\/2025\\\/10\\\/IMG_5980-359x226-1.jpg\",\"datePublished\":\"2025-10-03T21:05:20+00:00\",\"inLanguage\":\"es\",\"potentialAction\":[{\"@type\":\"ReadAction\",\"target\":[\"https:\\\/\\\/fmgente.com.ar\\\/web\\\/el-escalofriante-testimonio-de-la-muerte-de-mila-yankelevich-la-nieta-de-cris-morena-escuchamos-a-los-ninos-gritar-y\\\/\"]}]},{\"@type\":\"ImageObject\",\"inLanguage\":\"es\",\"@id\":\"https:\\\/\\\/fmgente.com.ar\\\/web\\\/el-escalofriante-testimonio-de-la-muerte-de-mila-yankelevich-la-nieta-de-cris-morena-escuchamos-a-los-ninos-gritar-y\\\/#primaryimage\",\"url\":\"https:\\\/\\\/fmgente.com.ar\\\/web\\\/wp-content\\\/uploads\\\/2025\\\/10\\\/IMG_5980-359x226-1.jpg\",\"contentUrl\":\"https:\\\/\\\/fmgente.com.ar\\\/web\\\/wp-content\\\/uploads\\\/2025\\\/10\\\/IMG_5980-359x226-1.jpg\",\"width\":359,\"height\":226},{\"@type\":\"WebSite\",\"@id\":\"https:\\\/\\\/fmgente.com.ar\\\/web\\\/#website\",\"url\":\"https:\\\/\\\/fmgente.com.ar\\\/web\\\/\",\"name\":\"Fm Gente\",\"description\":\"- Jes\u00fas Mar\u00eda\",\"publisher\":{\"@id\":\"https:\\\/\\\/fmgente.com.ar\\\/web\\\/#organization\"},\"potentialAction\":[{\"@type\":\"SearchAction\",\"target\":{\"@type\":\"EntryPoint\",\"urlTemplate\":\"https:\\\/\\\/fmgente.com.ar\\\/web\\\/?s={search_term_string}\"},\"query-input\":{\"@type\":\"PropertyValueSpecification\",\"valueRequired\":true,\"valueName\":\"search_term_string\"}}],\"inLanguage\":\"es\"},{\"@type\":\"Organization\",\"@id\":\"https:\\\/\\\/fmgente.com.ar\\\/web\\\/#organization\",\"name\":\"Fm Gente\",\"url\":\"https:\\\/\\\/fmgente.com.ar\\\/web\\\/\",\"logo\":{\"@type\":\"ImageObject\",\"inLanguage\":\"es\",\"@id\":\"https:\\\/\\\/fmgente.com.ar\\\/web\\\/#\\\/schema\\\/logo\\\/image\\\/\",\"url\":\"https:\\\/\\\/fmgente.com.ar\\\/web\\\/wp-content\\\/uploads\\\/2023\\\/07\\\/cropped-cropped-logo-sombra2.png\",\"contentUrl\":\"https:\\\/\\\/fmgente.com.ar\\\/web\\\/wp-content\\\/uploads\\\/2023\\\/07\\\/cropped-cropped-logo-sombra2.png\",\"width\":1782,\"height\":1782,\"caption\":\"Fm Gente\"},\"image\":{\"@id\":\"https:\\\/\\\/fmgente.com.ar\\\/web\\\/#\\\/schema\\\/logo\\\/image\\\/\"}}]}<\/script>\n<!-- \/ Yoast SEO plugin. -->","yoast_head_json":{"title":"El escalofriante testimonio de la muerte de Mila Yankelevich, la nieta de Cris Morena: \u201cEscuchamos a los ni\u00f1os gritar y\u2026\u201d - Fm Gente","robots":{"index":"index","follow":"follow","max-snippet":"max-snippet:-1","max-image-preview":"max-image-preview:large","max-video-preview":"max-video-preview:-1"},"canonical":"https:\/\/fmgente.com.ar\/web\/el-escalofriante-testimonio-de-la-muerte-de-mila-yankelevich-la-nieta-de-cris-morena-escuchamos-a-los-ninos-gritar-y\/","og_locale":"es_ES","og_type":"article","og_title":"El escalofriante testimonio de la muerte de Mila Yankelevich, la nieta de Cris Morena: \u201cEscuchamos a los ni\u00f1os gritar y\u2026\u201d - Fm Gente","og_description":"La muerte de Mila Yankelevich, la nieta de Cris Morena, contin\u00faa siendo un golpe doloroso","og_url":"https:\/\/fmgente.com.ar\/web\/el-escalofriante-testimonio-de-la-muerte-de-mila-yankelevich-la-nieta-de-cris-morena-escuchamos-a-los-ninos-gritar-y\/","og_site_name":"Fm Gente","article_published_time":"2025-10-03T21:05:20+00:00","og_image":[{"width":359,"height":226,"url":"https:\/\/fmgente.com.ar\/web\/wp-content\/uploads\/2025\/10\/IMG_5980-359x226-1.jpg","type":"image\/jpeg"}],"twitter_card":"summary_large_image","twitter_misc":{"Tiempo de lectura":"3 minutos"},"schema":{"@context":"https:\/\/schema.org","@graph":[{"@type":"Article","@id":"https:\/\/fmgente.com.ar\/web\/el-escalofriante-testimonio-de-la-muerte-de-mila-yankelevich-la-nieta-de-cris-morena-escuchamos-a-los-ninos-gritar-y\/#article","isPartOf":{"@id":"https:\/\/fmgente.com.ar\/web\/el-escalofriante-testimonio-de-la-muerte-de-mila-yankelevich-la-nieta-de-cris-morena-escuchamos-a-los-ninos-gritar-y\/"},"author":{"name":"","@id":""},"headline":"El escalofriante testimonio de la muerte de Mila Yankelevich, la nieta de Cris Morena: \u201cEscuchamos a los ni\u00f1os gritar y\u2026\u201d","datePublished":"2025-10-03T21:05:20+00:00","mainEntityOfPage":{"@id":"https:\/\/fmgente.com.ar\/web\/el-escalofriante-testimonio-de-la-muerte-de-mila-yankelevich-la-nieta-de-cris-morena-escuchamos-a-los-ninos-gritar-y\/"},"wordCount":677,"publisher":{"@id":"https:\/\/fmgente.com.ar\/web\/#organization"},"image":{"@id":"https:\/\/fmgente.com.ar\/web\/el-escalofriante-testimonio-de-la-muerte-de-mila-yankelevich-la-nieta-de-cris-morena-escuchamos-a-los-ninos-gritar-y\/#primaryimage"},"thumbnailUrl":"https:\/\/fmgente.com.ar\/web\/wp-content\/uploads\/2025\/10\/IMG_5980-359x226-1.jpg","articleSection":["DESTACADAS"],"inLanguage":"es"},{"@type":"WebPage","@id":"https:\/\/fmgente.com.ar\/web\/el-escalofriante-testimonio-de-la-muerte-de-mila-yankelevich-la-nieta-de-cris-morena-escuchamos-a-los-ninos-gritar-y\/","url":"https:\/\/fmgente.com.ar\/web\/el-escalofriante-testimonio-de-la-muerte-de-mila-yankelevich-la-nieta-de-cris-morena-escuchamos-a-los-ninos-gritar-y\/","name":"El escalofriante testimonio de la muerte de Mila Yankelevich, la nieta de Cris Morena: \u201cEscuchamos a los ni\u00f1os gritar y\u2026\u201d - Fm Gente","isPartOf":{"@id":"https:\/\/fmgente.com.ar\/web\/#website"},"primaryImageOfPage":{"@id":"https:\/\/fmgente.com.ar\/web\/el-escalofriante-testimonio-de-la-muerte-de-mila-yankelevich-la-nieta-de-cris-morena-escuchamos-a-los-ninos-gritar-y\/#primaryimage"},"image":{"@id":"https:\/\/fmgente.com.ar\/web\/el-escalofriante-testimonio-de-la-muerte-de-mila-yankelevich-la-nieta-de-cris-morena-escuchamos-a-los-ninos-gritar-y\/#primaryimage"},"thumbnailUrl":"https:\/\/fmgente.com.ar\/web\/wp-content\/uploads\/2025\/10\/IMG_5980-359x226-1.jpg","datePublished":"2025-10-03T21:05:20+00:00","inLanguage":"es","potentialAction":[{"@type":"ReadAction","target":["https:\/\/fmgente.com.ar\/web\/el-escalofriante-testimonio-de-la-muerte-de-mila-yankelevich-la-nieta-de-cris-morena-escuchamos-a-los-ninos-gritar-y\/"]}]},{"@type":"ImageObject","inLanguage":"es","@id":"https:\/\/fmgente.com.ar\/web\/el-escalofriante-testimonio-de-la-muerte-de-mila-yankelevich-la-nieta-de-cris-morena-escuchamos-a-los-ninos-gritar-y\/#primaryimage","url":"https:\/\/fmgente.com.ar\/web\/wp-content\/uploads\/2025\/10\/IMG_5980-359x226-1.jpg","contentUrl":"https:\/\/fmgente.com.ar\/web\/wp-content\/uploads\/2025\/10\/IMG_5980-359x226-1.jpg","width":359,"height":226},{"@type":"WebSite","@id":"https:\/\/fmgente.com.ar\/web\/#website","url":"https:\/\/fmgente.com.ar\/web\/","name":"Fm Gente","description":"- Jes\u00fas Mar\u00eda","publisher":{"@id":"https:\/\/fmgente.com.ar\/web\/#organization"},"potentialAction":[{"@type":"SearchAction","target":{"@type":"EntryPoint","urlTemplate":"https:\/\/fmgente.com.ar\/web\/?s={search_term_string}"},"query-input":{"@type":"PropertyValueSpecification","valueRequired":true,"valueName":"search_term_string"}}],"inLanguage":"es"},{"@type":"Organization","@id":"https:\/\/fmgente.com.ar\/web\/#organization","name":"Fm Gente","url":"https:\/\/fmgente.com.ar\/web\/","logo":{"@type":"ImageObject","inLanguage":"es","@id":"https:\/\/fmgente.com.ar\/web\/#\/schema\/logo\/image\/","url":"https:\/\/fmgente.com.ar\/web\/wp-content\/uploads\/2023\/07\/cropped-cropped-logo-sombra2.png","contentUrl":"https:\/\/fmgente.com.ar\/web\/wp-content\/uploads\/2023\/07\/cropped-cropped-logo-sombra2.png","width":1782,"height":1782,"caption":"Fm Gente"},"image":{"@id":"https:\/\/fmgente.com.ar\/web\/#\/schema\/logo\/image\/"}}]}},"_links":{"self":[{"href":"https:\/\/fmgente.com.ar\/web\/wp-json\/wp\/v2\/posts\/5987","targetHints":{"allow":["GET"]}}],"collection":[{"href":"https:\/\/fmgente.com.ar\/web\/wp-json\/wp\/v2\/posts"}],"about":[{"href":"https:\/\/fmgente.com.ar\/web\/wp-json\/wp\/v2\/types\/post"}],"replies":[{"embeddable":true,"href":"https:\/\/fmgente.com.ar\/web\/wp-json\/wp\/v2\/comments?post=5987"}],"version-history":[{"count":0,"href":"https:\/\/fmgente.com.ar\/web\/wp-json\/wp\/v2\/posts\/5987\/revisions"}],"wp:featuredmedia":[{"embeddable":true,"href":"https:\/\/fmgente.com.ar\/web\/wp-json\/wp\/v2\/media\/5988"}],"wp:attachment":[{"href":"https:\/\/fmgente.com.ar\/web\/wp-json\/wp\/v2\/media?parent=5987"}],"wp:term":[{"taxonomy":"category","embeddable":true,"href":"https:\/\/fmgente.com.ar\/web\/wp-json\/wp\/v2\/categories?post=5987"},{"taxonomy":"post_tag","embeddable":true,"href":"https:\/\/fmgente.com.ar\/web\/wp-json\/wp\/v2\/tags?post=5987"}],"curies":[{"name":"wp","href":"https:\/\/api.w.org\/{rel}","templated":true}]}}