{"id":4845,"date":"2025-02-21T08:21:35","date_gmt":"2025-02-21T11:21:35","guid":{"rendered":"https:\/\/fmgente.com.ar\/?p=4845"},"modified":"2025-02-21T08:21:35","modified_gmt":"2025-02-21T11:21:35","slug":"la-provincia-continuara-con-la-repavimentacion-de-la-ruta-provincial-6","status":"publish","type":"post","link":"https:\/\/fmgente.com.ar\/web\/la-provincia-continuara-con-la-repavimentacion-de-la-ruta-provincial-6\/","title":{"rendered":"La Provincia continuar\u00e1 con la repavimentaci\u00f3n de la Ruta Provincial 6"},"content":{"rendered":"<article id=\"post-614447\" class=\"post-614447 post type-post status-publish format-standard has-post-thumbnail hentry category-informacion-general ast-article-single\">\n<div class=\"ast-post-format- single-layout-1\">\n<div class=\"entry-content clear\">\n<p class=\" eplus-wrapper\">Con un presupuesto oficial de 17.016.338.798 pesos, el Ministerio de Infraestructura y Servicios P\u00fablicos, licit\u00f3 la repavimentaci\u00f3n de un tramo m\u00e1s de la Ruta Provincial 6.<\/p>\n<p class=\" eplus-wrapper\">En esta oportunidad se trata del tramo Inriville RP 12 (Norte) RP 12 (Sur) \u2013 Los Surgentes \u2013 KM 253 hacia Cruz Alta, en el departamento Marcos Ju\u00e1rez.<\/p>\n<p class=\" eplus-wrapper\">La obra contempla la rehabilitaci\u00f3n integral de 19 km de la RP 6 y el bacheo de rutas de la zona.<\/p>\n<p class=\" eplus-wrapper\">Esta v\u00eda tiene un significativo tr\u00e1nsito de veh\u00edculos de gran porte por lo que se ha previsto una estructura semirr\u00edgida, fresado de la carpeta, reciclado de la capa granular existente con incorporaci\u00f3n de cemento, la posterior ejecuci\u00f3n de una base granular cementada y la reposici\u00f3n de la carpeta asf\u00e1ltica con la correspondiente se\u00f1alizaci\u00f3n vertical y horizontal.<\/p>\n<p class=\" eplus-wrapper\">El acto licitatorio estuvo encabezado por el director de Vialidad Provincial, Mart\u00edn Guti\u00e9rrez. Participaron el legislador provincial Carlos Carignano, el intendente de Cruz Alta, Agust\u00edn Gonz\u00e1lez, y su par de Los Surgentes, Gabriel Pellizz\u00f3n.<br \/>\nPresentaron ofertas, las empresas BORCOM S.A. y LAROMET S.A.<br \/>\nCabe recordar que la Provincia est\u00e1 ejecutando la rehabilitaci\u00f3n integral de la RP 6 con distintos frentes de obras.<\/p>\n<p class=\" eplus-wrapper\">Actualmente, se encuentran en marcha las tareas de rehabilitaci\u00f3n integral entre Tancacha y R\u00edo Tercero, en la zona urbana de Inriville y en el tramo comprendido entre Ordo\u00f1ez y la Ruta Provincial 3.<\/p>\n<p class=\" eplus-wrapper\">Recientemente fue licitada la repavimentaci\u00f3n de los 13 km que unen las localidades de La Laguna y Pasco, departamento General San Mart\u00edn.<\/p>\n<p><img loading=\"lazy\" decoding=\"async\" class=\"alignnone size-full wp-image-4846\" src=\"https:\/\/fmgente.com.ar\/wp-content\/uploads\/2025\/02\/n6-5.jpeg\" alt=\"\" width=\"990\" height=\"660\" srcset=\"https:\/\/fmgente.com.ar\/web\/wp-content\/uploads\/2025\/02\/n6-5.jpeg 990w, https:\/\/fmgente.com.ar\/web\/wp-content\/uploads\/2025\/02\/n6-5-300x200.jpeg 300w, https:\/\/fmgente.com.ar\/web\/wp-content\/uploads\/2025\/02\/n6-5-768x512.jpeg 768w, https:\/\/fmgente.com.ar\/web\/wp-content\/uploads\/2025\/02\/n6-5-600x400.jpeg 600w\" sizes=\"auto, (max-width: 990px) 100vw, 990px\" \/><\/p>\n<\/div>\n<\/div>\n<\/article>\n<p><script async src=\"https:\/\/pagead2.googlesyndication.com\/pagead\/js\/adsbygoogle.js?client=ca-pub-6190387823963118\" crossorigin=\"anonymous\"><\/script><br \/>\n<!-- publi horizontal --><br \/>\n<ins class=\"adsbygoogle\" style=\"display: block;\" data-ad-client=\"ca-pub-6190387823963118\" data-ad-slot=\"1318105772\" data-ad-format=\"auto\" data-full-width-responsive=\"true\"><\/ins><br \/>\n<script>\n     (adsbygoogle = window.adsbygoogle || []).push({});\n<\/script><\/p>\n","protected":false},"excerpt":{"rendered":"<p>Con un presupuesto oficial de 17.016.338.798 pesos, el Ministerio de Infraestructura y Servicios P\u00fablicos, licit\u00f3<\/p>\n","protected":false},"author":2,"featured_media":4846,"comment_status":"closed","ping_status":"closed","sticky":false,"template":"","format":"standard","meta":{"footnotes":""},"categories":[1],"tags":[573,610,457,1745,290,103,120,23,216,283,165,249,130,1765,899,41,47,1763,1682,1764,1746,1671,99,1697,1762,1672,1744,26,1596,612,1754],"class_list":["post-4845","post","type-post","status-publish","format-standard","has-post-thumbnail","hentry","category-regionales","tag-agro","tag-alerta","tag-bomberos","tag-cadena-norte","tag-campo","tag-ciudad","tag-clima","tag-cordoba","tag-deportes","tag-drogas","tag-economia","tag-fpa","tag-fuego","tag-fuerza","tag-gobierno-de-cordoba","tag-incendios","tag-llaryora","tag-meteorologico","tag-mpf","tag-negocios","tag-norte","tag-noticias","tag-obras","tag-policiales","tag-politica","tag-programas","tag-radio-fm","tag-salud","tag-seguridad","tag-turismo","tag-ultimo-momento"],"yoast_head":"<!-- This site is optimized with the Yoast SEO plugin v27.4 - https:\/\/yoast.com\/product\/yoast-seo-wordpress\/ -->\n<title>La Provincia continuar\u00e1 con la repavimentaci\u00f3n de la Ruta Provincial 6 - Fm Gente<\/title>\n<meta name=\"robots\" content=\"index, follow, max-snippet:-1, max-image-preview:large, max-video-preview:-1\" \/>\n<link rel=\"canonical\" href=\"https:\/\/fmgente.com.ar\/web\/la-provincia-continuara-con-la-repavimentacion-de-la-ruta-provincial-6\/\" \/>\n<meta property=\"og:locale\" content=\"es_ES\" \/>\n<meta property=\"og:type\" content=\"article\" \/>\n<meta property=\"og:title\" content=\"La Provincia continuar\u00e1 con la repavimentaci\u00f3n de la Ruta Provincial 6 - Fm Gente\" \/>\n<meta property=\"og:description\" content=\"Con un presupuesto oficial de 17.016.338.798 pesos, el Ministerio de Infraestructura y Servicios P\u00fablicos, licit\u00f3\" \/>\n<meta property=\"og:url\" content=\"https:\/\/fmgente.com.ar\/web\/la-provincia-continuara-con-la-repavimentacion-de-la-ruta-provincial-6\/\" \/>\n<meta property=\"og:site_name\" content=\"Fm Gente\" \/>\n<meta property=\"article:published_time\" content=\"2025-02-21T11:21:35+00:00\" \/>\n<meta property=\"og:image\" content=\"https:\/\/fmgente.com.ar\/web\/wp-content\/uploads\/2025\/02\/n6-5.jpeg\" \/>\n\t<meta property=\"og:image:width\" content=\"990\" \/>\n\t<meta property=\"og:image:height\" content=\"660\" \/>\n\t<meta property=\"og:image:type\" content=\"image\/jpeg\" \/>\n<meta name=\"author\" content=\"Adri\u00e1n Hern\u00e1ndez\" \/>\n<meta name=\"twitter:card\" content=\"summary_large_image\" \/>\n<meta name=\"twitter:label1\" content=\"Escrito por\" \/>\n\t<meta name=\"twitter:data1\" content=\"Adri\u00e1n Hern\u00e1ndez\" \/>\n\t<meta name=\"twitter:label2\" content=\"Tiempo de lectura\" \/>\n\t<meta name=\"twitter:data2\" content=\"2 minutos\" \/>\n<script type=\"application\/ld+json\" class=\"yoast-schema-graph\">{\"@context\":\"https:\\\/\\\/schema.org\",\"@graph\":[{\"@type\":\"Article\",\"@id\":\"https:\\\/\\\/fmgente.com.ar\\\/web\\\/la-provincia-continuara-con-la-repavimentacion-de-la-ruta-provincial-6\\\/#article\",\"isPartOf\":{\"@id\":\"https:\\\/\\\/fmgente.com.ar\\\/web\\\/la-provincia-continuara-con-la-repavimentacion-de-la-ruta-provincial-6\\\/\"},\"author\":{\"name\":\"Adri\u00e1n Hern\u00e1ndez\",\"@id\":\"https:\\\/\\\/fmgente.com.ar\\\/web\\\/#\\\/schema\\\/person\\\/ba03fa75c17effdaafbd6daa1d78c508\"},\"headline\":\"La Provincia continuar\u00e1 con la repavimentaci\u00f3n de la Ruta Provincial 6\",\"datePublished\":\"2025-02-21T11:21:35+00:00\",\"mainEntityOfPage\":{\"@id\":\"https:\\\/\\\/fmgente.com.ar\\\/web\\\/la-provincia-continuara-con-la-repavimentacion-de-la-ruta-provincial-6\\\/\"},\"wordCount\":275,\"publisher\":{\"@id\":\"https:\\\/\\\/fmgente.com.ar\\\/web\\\/#organization\"},\"image\":{\"@id\":\"https:\\\/\\\/fmgente.com.ar\\\/web\\\/la-provincia-continuara-con-la-repavimentacion-de-la-ruta-provincial-6\\\/#primaryimage\"},\"thumbnailUrl\":\"https:\\\/\\\/fmgente.com.ar\\\/web\\\/wp-content\\\/uploads\\\/2025\\\/02\\\/n6-5.jpeg\",\"keywords\":[\"agro\",\"alerta\",\"Bomberos\",\"cadena norte\",\"campo\",\"ciudad\",\"clima\",\"C\u00f3rdoba\",\"deportes\",\"drogas\",\"econom\u00eda\",\"fpa\",\"fuego\",\"fuerza\",\"Gobierno de C\u00f3rdoba\",\"incendios\",\"Llaryora\",\"meteorol\u00f3gico\",\"MPF\",\"negocios\",\"Norte\",\"noticias\",\"obras\",\"policiales\",\"pol\u00edtica\",\"programas\",\"radio fm\",\"salud\",\"seguridad\",\"turismo\",\"\u00faltimo momento\"],\"articleSection\":[\"REGIONALES\"],\"inLanguage\":\"es\"},{\"@type\":\"WebPage\",\"@id\":\"https:\\\/\\\/fmgente.com.ar\\\/web\\\/la-provincia-continuara-con-la-repavimentacion-de-la-ruta-provincial-6\\\/\",\"url\":\"https:\\\/\\\/fmgente.com.ar\\\/web\\\/la-provincia-continuara-con-la-repavimentacion-de-la-ruta-provincial-6\\\/\",\"name\":\"La Provincia continuar\u00e1 con la repavimentaci\u00f3n de la Ruta Provincial 6 - Fm Gente\",\"isPartOf\":{\"@id\":\"https:\\\/\\\/fmgente.com.ar\\\/web\\\/#website\"},\"primaryImageOfPage\":{\"@id\":\"https:\\\/\\\/fmgente.com.ar\\\/web\\\/la-provincia-continuara-con-la-repavimentacion-de-la-ruta-provincial-6\\\/#primaryimage\"},\"image\":{\"@id\":\"https:\\\/\\\/fmgente.com.ar\\\/web\\\/la-provincia-continuara-con-la-repavimentacion-de-la-ruta-provincial-6\\\/#primaryimage\"},\"thumbnailUrl\":\"https:\\\/\\\/fmgente.com.ar\\\/web\\\/wp-content\\\/uploads\\\/2025\\\/02\\\/n6-5.jpeg\",\"datePublished\":\"2025-02-21T11:21:35+00:00\",\"inLanguage\":\"es\",\"potentialAction\":[{\"@type\":\"ReadAction\",\"target\":[\"https:\\\/\\\/fmgente.com.ar\\\/web\\\/la-provincia-continuara-con-la-repavimentacion-de-la-ruta-provincial-6\\\/\"]}]},{\"@type\":\"ImageObject\",\"inLanguage\":\"es\",\"@id\":\"https:\\\/\\\/fmgente.com.ar\\\/web\\\/la-provincia-continuara-con-la-repavimentacion-de-la-ruta-provincial-6\\\/#primaryimage\",\"url\":\"https:\\\/\\\/fmgente.com.ar\\\/web\\\/wp-content\\\/uploads\\\/2025\\\/02\\\/n6-5.jpeg\",\"contentUrl\":\"https:\\\/\\\/fmgente.com.ar\\\/web\\\/wp-content\\\/uploads\\\/2025\\\/02\\\/n6-5.jpeg\",\"width\":990,\"height\":660},{\"@type\":\"WebSite\",\"@id\":\"https:\\\/\\\/fmgente.com.ar\\\/web\\\/#website\",\"url\":\"https:\\\/\\\/fmgente.com.ar\\\/web\\\/\",\"name\":\"Fm Gente\",\"description\":\"- Jes\u00fas Mar\u00eda\",\"publisher\":{\"@id\":\"https:\\\/\\\/fmgente.com.ar\\\/web\\\/#organization\"},\"potentialAction\":[{\"@type\":\"SearchAction\",\"target\":{\"@type\":\"EntryPoint\",\"urlTemplate\":\"https:\\\/\\\/fmgente.com.ar\\\/web\\\/?s={search_term_string}\"},\"query-input\":{\"@type\":\"PropertyValueSpecification\",\"valueRequired\":true,\"valueName\":\"search_term_string\"}}],\"inLanguage\":\"es\"},{\"@type\":\"Organization\",\"@id\":\"https:\\\/\\\/fmgente.com.ar\\\/web\\\/#organization\",\"name\":\"Fm Gente\",\"url\":\"https:\\\/\\\/fmgente.com.ar\\\/web\\\/\",\"logo\":{\"@type\":\"ImageObject\",\"inLanguage\":\"es\",\"@id\":\"https:\\\/\\\/fmgente.com.ar\\\/web\\\/#\\\/schema\\\/logo\\\/image\\\/\",\"url\":\"https:\\\/\\\/fmgente.com.ar\\\/web\\\/wp-content\\\/uploads\\\/2023\\\/07\\\/cropped-cropped-logo-sombra2.png\",\"contentUrl\":\"https:\\\/\\\/fmgente.com.ar\\\/web\\\/wp-content\\\/uploads\\\/2023\\\/07\\\/cropped-cropped-logo-sombra2.png\",\"width\":1782,\"height\":1782,\"caption\":\"Fm Gente\"},\"image\":{\"@id\":\"https:\\\/\\\/fmgente.com.ar\\\/web\\\/#\\\/schema\\\/logo\\\/image\\\/\"}},{\"@type\":\"Person\",\"@id\":\"https:\\\/\\\/fmgente.com.ar\\\/web\\\/#\\\/schema\\\/person\\\/ba03fa75c17effdaafbd6daa1d78c508\",\"name\":\"Adri\u00e1n Hern\u00e1ndez\",\"url\":\"https:\\\/\\\/fmgente.com.ar\\\/web\\\/author\\\/c1601891\\\/\"}]}<\/script>\n<!-- \/ Yoast SEO plugin. -->","yoast_head_json":{"title":"La Provincia continuar\u00e1 con la repavimentaci\u00f3n de la Ruta Provincial 6 - Fm Gente","robots":{"index":"index","follow":"follow","max-snippet":"max-snippet:-1","max-image-preview":"max-image-preview:large","max-video-preview":"max-video-preview:-1"},"canonical":"https:\/\/fmgente.com.ar\/web\/la-provincia-continuara-con-la-repavimentacion-de-la-ruta-provincial-6\/","og_locale":"es_ES","og_type":"article","og_title":"La Provincia continuar\u00e1 con la repavimentaci\u00f3n de la Ruta Provincial 6 - Fm Gente","og_description":"Con un presupuesto oficial de 17.016.338.798 pesos, el Ministerio de Infraestructura y Servicios P\u00fablicos, licit\u00f3","og_url":"https:\/\/fmgente.com.ar\/web\/la-provincia-continuara-con-la-repavimentacion-de-la-ruta-provincial-6\/","og_site_name":"Fm Gente","article_published_time":"2025-02-21T11:21:35+00:00","og_image":[{"width":990,"height":660,"url":"https:\/\/fmgente.com.ar\/web\/wp-content\/uploads\/2025\/02\/n6-5.jpeg","type":"image\/jpeg"}],"author":"Adri\u00e1n Hern\u00e1ndez","twitter_card":"summary_large_image","twitter_misc":{"Escrito por":"Adri\u00e1n Hern\u00e1ndez","Tiempo de lectura":"2 minutos"},"schema":{"@context":"https:\/\/schema.org","@graph":[{"@type":"Article","@id":"https:\/\/fmgente.com.ar\/web\/la-provincia-continuara-con-la-repavimentacion-de-la-ruta-provincial-6\/#article","isPartOf":{"@id":"https:\/\/fmgente.com.ar\/web\/la-provincia-continuara-con-la-repavimentacion-de-la-ruta-provincial-6\/"},"author":{"name":"Adri\u00e1n Hern\u00e1ndez","@id":"https:\/\/fmgente.com.ar\/web\/#\/schema\/person\/ba03fa75c17effdaafbd6daa1d78c508"},"headline":"La Provincia continuar\u00e1 con la repavimentaci\u00f3n de la Ruta Provincial 6","datePublished":"2025-02-21T11:21:35+00:00","mainEntityOfPage":{"@id":"https:\/\/fmgente.com.ar\/web\/la-provincia-continuara-con-la-repavimentacion-de-la-ruta-provincial-6\/"},"wordCount":275,"publisher":{"@id":"https:\/\/fmgente.com.ar\/web\/#organization"},"image":{"@id":"https:\/\/fmgente.com.ar\/web\/la-provincia-continuara-con-la-repavimentacion-de-la-ruta-provincial-6\/#primaryimage"},"thumbnailUrl":"https:\/\/fmgente.com.ar\/web\/wp-content\/uploads\/2025\/02\/n6-5.jpeg","keywords":["agro","alerta","Bomberos","cadena norte","campo","ciudad","clima","C\u00f3rdoba","deportes","drogas","econom\u00eda","fpa","fuego","fuerza","Gobierno de C\u00f3rdoba","incendios","Llaryora","meteorol\u00f3gico","MPF","negocios","Norte","noticias","obras","policiales","pol\u00edtica","programas","radio fm","salud","seguridad","turismo","\u00faltimo momento"],"articleSection":["REGIONALES"],"inLanguage":"es"},{"@type":"WebPage","@id":"https:\/\/fmgente.com.ar\/web\/la-provincia-continuara-con-la-repavimentacion-de-la-ruta-provincial-6\/","url":"https:\/\/fmgente.com.ar\/web\/la-provincia-continuara-con-la-repavimentacion-de-la-ruta-provincial-6\/","name":"La Provincia continuar\u00e1 con la repavimentaci\u00f3n de la Ruta Provincial 6 - Fm Gente","isPartOf":{"@id":"https:\/\/fmgente.com.ar\/web\/#website"},"primaryImageOfPage":{"@id":"https:\/\/fmgente.com.ar\/web\/la-provincia-continuara-con-la-repavimentacion-de-la-ruta-provincial-6\/#primaryimage"},"image":{"@id":"https:\/\/fmgente.com.ar\/web\/la-provincia-continuara-con-la-repavimentacion-de-la-ruta-provincial-6\/#primaryimage"},"thumbnailUrl":"https:\/\/fmgente.com.ar\/web\/wp-content\/uploads\/2025\/02\/n6-5.jpeg","datePublished":"2025-02-21T11:21:35+00:00","inLanguage":"es","potentialAction":[{"@type":"ReadAction","target":["https:\/\/fmgente.com.ar\/web\/la-provincia-continuara-con-la-repavimentacion-de-la-ruta-provincial-6\/"]}]},{"@type":"ImageObject","inLanguage":"es","@id":"https:\/\/fmgente.com.ar\/web\/la-provincia-continuara-con-la-repavimentacion-de-la-ruta-provincial-6\/#primaryimage","url":"https:\/\/fmgente.com.ar\/web\/wp-content\/uploads\/2025\/02\/n6-5.jpeg","contentUrl":"https:\/\/fmgente.com.ar\/web\/wp-content\/uploads\/2025\/02\/n6-5.jpeg","width":990,"height":660},{"@type":"WebSite","@id":"https:\/\/fmgente.com.ar\/web\/#website","url":"https:\/\/fmgente.com.ar\/web\/","name":"Fm Gente","description":"- Jes\u00fas Mar\u00eda","publisher":{"@id":"https:\/\/fmgente.com.ar\/web\/#organization"},"potentialAction":[{"@type":"SearchAction","target":{"@type":"EntryPoint","urlTemplate":"https:\/\/fmgente.com.ar\/web\/?s={search_term_string}"},"query-input":{"@type":"PropertyValueSpecification","valueRequired":true,"valueName":"search_term_string"}}],"inLanguage":"es"},{"@type":"Organization","@id":"https:\/\/fmgente.com.ar\/web\/#organization","name":"Fm Gente","url":"https:\/\/fmgente.com.ar\/web\/","logo":{"@type":"ImageObject","inLanguage":"es","@id":"https:\/\/fmgente.com.ar\/web\/#\/schema\/logo\/image\/","url":"https:\/\/fmgente.com.ar\/web\/wp-content\/uploads\/2023\/07\/cropped-cropped-logo-sombra2.png","contentUrl":"https:\/\/fmgente.com.ar\/web\/wp-content\/uploads\/2023\/07\/cropped-cropped-logo-sombra2.png","width":1782,"height":1782,"caption":"Fm Gente"},"image":{"@id":"https:\/\/fmgente.com.ar\/web\/#\/schema\/logo\/image\/"}},{"@type":"Person","@id":"https:\/\/fmgente.com.ar\/web\/#\/schema\/person\/ba03fa75c17effdaafbd6daa1d78c508","name":"Adri\u00e1n Hern\u00e1ndez","url":"https:\/\/fmgente.com.ar\/web\/author\/c1601891\/"}]}},"_links":{"self":[{"href":"https:\/\/fmgente.com.ar\/web\/wp-json\/wp\/v2\/posts\/4845","targetHints":{"allow":["GET"]}}],"collection":[{"href":"https:\/\/fmgente.com.ar\/web\/wp-json\/wp\/v2\/posts"}],"about":[{"href":"https:\/\/fmgente.com.ar\/web\/wp-json\/wp\/v2\/types\/post"}],"author":[{"embeddable":true,"href":"https:\/\/fmgente.com.ar\/web\/wp-json\/wp\/v2\/users\/2"}],"replies":[{"embeddable":true,"href":"https:\/\/fmgente.com.ar\/web\/wp-json\/wp\/v2\/comments?post=4845"}],"version-history":[{"count":1,"href":"https:\/\/fmgente.com.ar\/web\/wp-json\/wp\/v2\/posts\/4845\/revisions"}],"predecessor-version":[{"id":4847,"href":"https:\/\/fmgente.com.ar\/web\/wp-json\/wp\/v2\/posts\/4845\/revisions\/4847"}],"wp:featuredmedia":[{"embeddable":true,"href":"https:\/\/fmgente.com.ar\/web\/wp-json\/wp\/v2\/media\/4846"}],"wp:attachment":[{"href":"https:\/\/fmgente.com.ar\/web\/wp-json\/wp\/v2\/media?parent=4845"}],"wp:term":[{"taxonomy":"category","embeddable":true,"href":"https:\/\/fmgente.com.ar\/web\/wp-json\/wp\/v2\/categories?post=4845"},{"taxonomy":"post_tag","embeddable":true,"href":"https:\/\/fmgente.com.ar\/web\/wp-json\/wp\/v2\/tags?post=4845"}],"curies":[{"name":"wp","href":"https:\/\/api.w.org\/{rel}","templated":true}]}}