{"id":468,"date":"2023-07-24T09:39:08","date_gmt":"2023-07-24T12:39:08","guid":{"rendered":"https:\/\/fmgente.com.ar\/?p=468"},"modified":"2023-07-24T09:39:08","modified_gmt":"2023-07-24T12:39:08","slug":"el-registro-civil-lanza-su-portal-de-transparencia","status":"publish","type":"post","link":"https:\/\/fmgente.com.ar\/web\/el-registro-civil-lanza-su-portal-de-transparencia\/","title":{"rendered":"El Registro Civil lanza su portal de transparencia"},"content":{"rendered":"<article id=\"post-560810\" class=\"post-560810 post type-post status-publish format-standard has-post-thumbnail hentry category-informacion-general category-no-home ast-article-single\">\n<div class=\"ast-post-format- single-layout-1\">\n<div class=\"entry-content clear\">\n<p>\u00bfCu\u00e1ntos cordobeses nacen cada a\u00f1o? \u00bfCada mes? \u00bfC\u00f3mo se llaman? \u00bfSon muchos o pocos los que festejan su cumplea\u00f1os el mismo d\u00eda? \u00bfCu\u00e1ntos se casan? \u00bfcu\u00e1les son las fechas preferidas?<\/p>\n<p>Esas y muchas otras preguntas tienen su respuesta en el nuevo Portal de Transparencia del Registro Civil de la Provincia donde se encuentran en un formato simple y accesible estad\u00edsticas sobre nacimientos, matrimonios, divorcios, defunciones y cambios de g\u00e9nero desde 2019 hasta hoy, entre otros muchos datos. Se puede ingresar en\u00a0<a href=\"https:\/\/registrocivil.cba.gov.ar\/portal-de-transparencia\/\" target=\"_blank\" rel=\"noreferrer noopener\">https:\/\/registrocivil.cba.gov.ar\/portal-de-transparencia\/<\/a><\/p>\n<p>El portal fue desarrollado por el Registro Civil, organismo dependiente del Ministerio de Finanzas a cargo de Osvaldo Giordano, y pone al alcance de los ciudadanos la informaci\u00f3n reunida por los mecanismos online de captura de datos que se introdujeron en un proceso de modernizaci\u00f3n, simplificaci\u00f3n e incorporaci\u00f3n de nuevos servicios. Es as\u00ed como no s\u00f3lo es m\u00e1s r\u00e1pido registrar cualquier novedad o cambio de estado civil o que la emisi\u00f3n de partidas se haya agilizado, sino que adem\u00e1s se dispone de un c\u00famulo de datos a un par de clics de distancia.<\/p>\n<p>El Portal de Transparencia dispone de un sencillo mecanismo para ajustar par\u00e1metros de b\u00fasqueda y as\u00ed seleccionar a\u00f1os, meses, d\u00edas, edades y g\u00e9neros espec\u00edficos ente otros criterios. Esto permite en pocos segundos contestar preguntas c\u00f3mo cu\u00e1ntos matrimonios, nacimientos, divorcios o defunciones se registraron un determinado d\u00eda de cualquier mes entre 2019 y el presente.<\/p>\n<p>Al respecto, el ministro Giordano expres\u00f3:\u00a0<em>\u201cDesde 2017 trabajamos conjuntamente con todas las localidades que cuentan con su registro civil. Esto primero beneficia a los ciudadanos en sus gestiones y nos permite mejorar la gesti\u00f3n interna. Pero adem\u00e1s es una oportunidad para generar informaci\u00f3n que resulte \u00fatil a los fines de promover la transparencia, fortalecer el control social, discutir con mejores fundamentos las pol\u00edticas p\u00fablicas y mejorar la toma decisiones<\/em>\u00ab.<\/p>\n<p><em>\u201cLa gesti\u00f3n coordinada con 356 oficinas en toda la provincia a trav\u00e9s del Registro Civil Digital es un hito que pone a C\u00f3rdoba como ejemplo en materia de innovaci\u00f3n. Cuando una buena pol\u00edtica trasciende partidos pol\u00edticos, territorio y el paso del tiempo, se convierte en una pol\u00edtica de Estado\u201d<\/em>, concluy\u00f3 Giordano.<\/p>\n<p>Toda esa informaci\u00f3n constituye una fuente de consulta para trabajos estad\u00edsticos, investigaciones sociales y hasta simple curiosidad en el caso de que alguien quiera saber, por ejemplo, qu\u00e9 tan com\u00fan es su nombre; su fecha de nacimiento, de casamiento o de divorcio.<\/p>\n<p>El Portal de Transparencia ofrece, en s\u00edntesis, m\u00e1s y mejor informaci\u00f3n sobre hitos fundamentales de la vida de los cordobeses.<\/p>\n<p>&nbsp;<\/p>\n<\/div>\n<\/div>\n<\/article>\n","protected":false},"excerpt":{"rendered":"<p>\u00bfCu\u00e1ntos cordobeses nacen cada a\u00f1o? \u00bfCada mes? \u00bfC\u00f3mo se llaman? \u00bfSon muchos o pocos los<\/p>\n","protected":false},"author":2,"featured_media":469,"comment_status":"closed","ping_status":"closed","sticky":false,"template":"","format":"standard","meta":{"footnotes":""},"categories":[11],"tags":[397,398,396],"class_list":["post-468","post","type-post","status-publish","format-standard","has-post-thumbnail","hentry","category-destacadas","tag-lanzo","tag-portal-de-trasparencia","tag-registro-civil"],"yoast_head":"<!-- This site is optimized with the Yoast SEO plugin v27.4 - https:\/\/yoast.com\/product\/yoast-seo-wordpress\/ -->\n<title>El Registro Civil lanza su portal de transparencia - Fm Gente<\/title>\n<meta name=\"robots\" content=\"index, follow, max-snippet:-1, max-image-preview:large, max-video-preview:-1\" \/>\n<link rel=\"canonical\" href=\"https:\/\/fmgente.com.ar\/web\/el-registro-civil-lanza-su-portal-de-transparencia\/\" \/>\n<meta property=\"og:locale\" content=\"es_ES\" \/>\n<meta property=\"og:type\" content=\"article\" \/>\n<meta property=\"og:title\" content=\"El Registro Civil lanza su portal de transparencia - Fm Gente\" \/>\n<meta property=\"og:description\" content=\"\u00bfCu\u00e1ntos cordobeses nacen cada a\u00f1o? \u00bfCada mes? \u00bfC\u00f3mo se llaman? \u00bfSon muchos o pocos los\" \/>\n<meta property=\"og:url\" content=\"https:\/\/fmgente.com.ar\/web\/el-registro-civil-lanza-su-portal-de-transparencia\/\" \/>\n<meta property=\"og:site_name\" content=\"Fm Gente\" \/>\n<meta property=\"article:published_time\" content=\"2023-07-24T12:39:08+00:00\" \/>\n<meta property=\"og:image\" content=\"https:\/\/fmgente.com.ar\/web\/wp-content\/uploads\/2023\/07\/7-20-PDT-Mockup.png\" \/>\n\t<meta property=\"og:image:width\" content=\"993\" \/>\n\t<meta property=\"og:image:height\" content=\"660\" \/>\n\t<meta property=\"og:image:type\" content=\"image\/png\" \/>\n<meta name=\"author\" content=\"Adri\u00e1n Hern\u00e1ndez\" \/>\n<meta name=\"twitter:card\" content=\"summary_large_image\" \/>\n<meta name=\"twitter:label1\" content=\"Escrito por\" \/>\n\t<meta name=\"twitter:data1\" content=\"Adri\u00e1n Hern\u00e1ndez\" \/>\n\t<meta name=\"twitter:label2\" content=\"Tiempo de lectura\" \/>\n\t<meta name=\"twitter:data2\" content=\"2 minutos\" \/>\n<script type=\"application\/ld+json\" class=\"yoast-schema-graph\">{\"@context\":\"https:\\\/\\\/schema.org\",\"@graph\":[{\"@type\":\"Article\",\"@id\":\"https:\\\/\\\/fmgente.com.ar\\\/web\\\/el-registro-civil-lanza-su-portal-de-transparencia\\\/#article\",\"isPartOf\":{\"@id\":\"https:\\\/\\\/fmgente.com.ar\\\/web\\\/el-registro-civil-lanza-su-portal-de-transparencia\\\/\"},\"author\":{\"name\":\"Adri\u00e1n Hern\u00e1ndez\",\"@id\":\"https:\\\/\\\/fmgente.com.ar\\\/web\\\/#\\\/schema\\\/person\\\/ba03fa75c17effdaafbd6daa1d78c508\"},\"headline\":\"El Registro Civil lanza su portal de transparencia\",\"datePublished\":\"2023-07-24T12:39:08+00:00\",\"mainEntityOfPage\":{\"@id\":\"https:\\\/\\\/fmgente.com.ar\\\/web\\\/el-registro-civil-lanza-su-portal-de-transparencia\\\/\"},\"wordCount\":468,\"publisher\":{\"@id\":\"https:\\\/\\\/fmgente.com.ar\\\/web\\\/#organization\"},\"image\":{\"@id\":\"https:\\\/\\\/fmgente.com.ar\\\/web\\\/el-registro-civil-lanza-su-portal-de-transparencia\\\/#primaryimage\"},\"thumbnailUrl\":\"https:\\\/\\\/fmgente.com.ar\\\/web\\\/wp-content\\\/uploads\\\/2023\\\/07\\\/7-20-PDT-Mockup.png\",\"keywords\":[\"lanz\u00f3\",\"portal de trasparencia\",\"registro civil\"],\"articleSection\":[\"DESTACADAS\"],\"inLanguage\":\"es\"},{\"@type\":\"WebPage\",\"@id\":\"https:\\\/\\\/fmgente.com.ar\\\/web\\\/el-registro-civil-lanza-su-portal-de-transparencia\\\/\",\"url\":\"https:\\\/\\\/fmgente.com.ar\\\/web\\\/el-registro-civil-lanza-su-portal-de-transparencia\\\/\",\"name\":\"El Registro Civil lanza su portal de transparencia - Fm Gente\",\"isPartOf\":{\"@id\":\"https:\\\/\\\/fmgente.com.ar\\\/web\\\/#website\"},\"primaryImageOfPage\":{\"@id\":\"https:\\\/\\\/fmgente.com.ar\\\/web\\\/el-registro-civil-lanza-su-portal-de-transparencia\\\/#primaryimage\"},\"image\":{\"@id\":\"https:\\\/\\\/fmgente.com.ar\\\/web\\\/el-registro-civil-lanza-su-portal-de-transparencia\\\/#primaryimage\"},\"thumbnailUrl\":\"https:\\\/\\\/fmgente.com.ar\\\/web\\\/wp-content\\\/uploads\\\/2023\\\/07\\\/7-20-PDT-Mockup.png\",\"datePublished\":\"2023-07-24T12:39:08+00:00\",\"inLanguage\":\"es\",\"potentialAction\":[{\"@type\":\"ReadAction\",\"target\":[\"https:\\\/\\\/fmgente.com.ar\\\/web\\\/el-registro-civil-lanza-su-portal-de-transparencia\\\/\"]}]},{\"@type\":\"ImageObject\",\"inLanguage\":\"es\",\"@id\":\"https:\\\/\\\/fmgente.com.ar\\\/web\\\/el-registro-civil-lanza-su-portal-de-transparencia\\\/#primaryimage\",\"url\":\"https:\\\/\\\/fmgente.com.ar\\\/web\\\/wp-content\\\/uploads\\\/2023\\\/07\\\/7-20-PDT-Mockup.png\",\"contentUrl\":\"https:\\\/\\\/fmgente.com.ar\\\/web\\\/wp-content\\\/uploads\\\/2023\\\/07\\\/7-20-PDT-Mockup.png\",\"width\":993,\"height\":660},{\"@type\":\"WebSite\",\"@id\":\"https:\\\/\\\/fmgente.com.ar\\\/web\\\/#website\",\"url\":\"https:\\\/\\\/fmgente.com.ar\\\/web\\\/\",\"name\":\"Fm Gente\",\"description\":\"- Jes\u00fas Mar\u00eda\",\"publisher\":{\"@id\":\"https:\\\/\\\/fmgente.com.ar\\\/web\\\/#organization\"},\"potentialAction\":[{\"@type\":\"SearchAction\",\"target\":{\"@type\":\"EntryPoint\",\"urlTemplate\":\"https:\\\/\\\/fmgente.com.ar\\\/web\\\/?s={search_term_string}\"},\"query-input\":{\"@type\":\"PropertyValueSpecification\",\"valueRequired\":true,\"valueName\":\"search_term_string\"}}],\"inLanguage\":\"es\"},{\"@type\":\"Organization\",\"@id\":\"https:\\\/\\\/fmgente.com.ar\\\/web\\\/#organization\",\"name\":\"Fm Gente\",\"url\":\"https:\\\/\\\/fmgente.com.ar\\\/web\\\/\",\"logo\":{\"@type\":\"ImageObject\",\"inLanguage\":\"es\",\"@id\":\"https:\\\/\\\/fmgente.com.ar\\\/web\\\/#\\\/schema\\\/logo\\\/image\\\/\",\"url\":\"https:\\\/\\\/fmgente.com.ar\\\/web\\\/wp-content\\\/uploads\\\/2023\\\/07\\\/cropped-cropped-logo-sombra2.png\",\"contentUrl\":\"https:\\\/\\\/fmgente.com.ar\\\/web\\\/wp-content\\\/uploads\\\/2023\\\/07\\\/cropped-cropped-logo-sombra2.png\",\"width\":1782,\"height\":1782,\"caption\":\"Fm Gente\"},\"image\":{\"@id\":\"https:\\\/\\\/fmgente.com.ar\\\/web\\\/#\\\/schema\\\/logo\\\/image\\\/\"}},{\"@type\":\"Person\",\"@id\":\"https:\\\/\\\/fmgente.com.ar\\\/web\\\/#\\\/schema\\\/person\\\/ba03fa75c17effdaafbd6daa1d78c508\",\"name\":\"Adri\u00e1n Hern\u00e1ndez\",\"url\":\"https:\\\/\\\/fmgente.com.ar\\\/web\\\/author\\\/c1601891\\\/\"}]}<\/script>\n<!-- \/ Yoast SEO plugin. -->","yoast_head_json":{"title":"El Registro Civil lanza su portal de transparencia - Fm Gente","robots":{"index":"index","follow":"follow","max-snippet":"max-snippet:-1","max-image-preview":"max-image-preview:large","max-video-preview":"max-video-preview:-1"},"canonical":"https:\/\/fmgente.com.ar\/web\/el-registro-civil-lanza-su-portal-de-transparencia\/","og_locale":"es_ES","og_type":"article","og_title":"El Registro Civil lanza su portal de transparencia - Fm Gente","og_description":"\u00bfCu\u00e1ntos cordobeses nacen cada a\u00f1o? \u00bfCada mes? \u00bfC\u00f3mo se llaman? \u00bfSon muchos o pocos los","og_url":"https:\/\/fmgente.com.ar\/web\/el-registro-civil-lanza-su-portal-de-transparencia\/","og_site_name":"Fm Gente","article_published_time":"2023-07-24T12:39:08+00:00","og_image":[{"width":993,"height":660,"url":"https:\/\/fmgente.com.ar\/web\/wp-content\/uploads\/2023\/07\/7-20-PDT-Mockup.png","type":"image\/png"}],"author":"Adri\u00e1n Hern\u00e1ndez","twitter_card":"summary_large_image","twitter_misc":{"Escrito por":"Adri\u00e1n Hern\u00e1ndez","Tiempo de lectura":"2 minutos"},"schema":{"@context":"https:\/\/schema.org","@graph":[{"@type":"Article","@id":"https:\/\/fmgente.com.ar\/web\/el-registro-civil-lanza-su-portal-de-transparencia\/#article","isPartOf":{"@id":"https:\/\/fmgente.com.ar\/web\/el-registro-civil-lanza-su-portal-de-transparencia\/"},"author":{"name":"Adri\u00e1n Hern\u00e1ndez","@id":"https:\/\/fmgente.com.ar\/web\/#\/schema\/person\/ba03fa75c17effdaafbd6daa1d78c508"},"headline":"El Registro Civil lanza su portal de transparencia","datePublished":"2023-07-24T12:39:08+00:00","mainEntityOfPage":{"@id":"https:\/\/fmgente.com.ar\/web\/el-registro-civil-lanza-su-portal-de-transparencia\/"},"wordCount":468,"publisher":{"@id":"https:\/\/fmgente.com.ar\/web\/#organization"},"image":{"@id":"https:\/\/fmgente.com.ar\/web\/el-registro-civil-lanza-su-portal-de-transparencia\/#primaryimage"},"thumbnailUrl":"https:\/\/fmgente.com.ar\/web\/wp-content\/uploads\/2023\/07\/7-20-PDT-Mockup.png","keywords":["lanz\u00f3","portal de trasparencia","registro civil"],"articleSection":["DESTACADAS"],"inLanguage":"es"},{"@type":"WebPage","@id":"https:\/\/fmgente.com.ar\/web\/el-registro-civil-lanza-su-portal-de-transparencia\/","url":"https:\/\/fmgente.com.ar\/web\/el-registro-civil-lanza-su-portal-de-transparencia\/","name":"El Registro Civil lanza su portal de transparencia - Fm Gente","isPartOf":{"@id":"https:\/\/fmgente.com.ar\/web\/#website"},"primaryImageOfPage":{"@id":"https:\/\/fmgente.com.ar\/web\/el-registro-civil-lanza-su-portal-de-transparencia\/#primaryimage"},"image":{"@id":"https:\/\/fmgente.com.ar\/web\/el-registro-civil-lanza-su-portal-de-transparencia\/#primaryimage"},"thumbnailUrl":"https:\/\/fmgente.com.ar\/web\/wp-content\/uploads\/2023\/07\/7-20-PDT-Mockup.png","datePublished":"2023-07-24T12:39:08+00:00","inLanguage":"es","potentialAction":[{"@type":"ReadAction","target":["https:\/\/fmgente.com.ar\/web\/el-registro-civil-lanza-su-portal-de-transparencia\/"]}]},{"@type":"ImageObject","inLanguage":"es","@id":"https:\/\/fmgente.com.ar\/web\/el-registro-civil-lanza-su-portal-de-transparencia\/#primaryimage","url":"https:\/\/fmgente.com.ar\/web\/wp-content\/uploads\/2023\/07\/7-20-PDT-Mockup.png","contentUrl":"https:\/\/fmgente.com.ar\/web\/wp-content\/uploads\/2023\/07\/7-20-PDT-Mockup.png","width":993,"height":660},{"@type":"WebSite","@id":"https:\/\/fmgente.com.ar\/web\/#website","url":"https:\/\/fmgente.com.ar\/web\/","name":"Fm Gente","description":"- Jes\u00fas Mar\u00eda","publisher":{"@id":"https:\/\/fmgente.com.ar\/web\/#organization"},"potentialAction":[{"@type":"SearchAction","target":{"@type":"EntryPoint","urlTemplate":"https:\/\/fmgente.com.ar\/web\/?s={search_term_string}"},"query-input":{"@type":"PropertyValueSpecification","valueRequired":true,"valueName":"search_term_string"}}],"inLanguage":"es"},{"@type":"Organization","@id":"https:\/\/fmgente.com.ar\/web\/#organization","name":"Fm Gente","url":"https:\/\/fmgente.com.ar\/web\/","logo":{"@type":"ImageObject","inLanguage":"es","@id":"https:\/\/fmgente.com.ar\/web\/#\/schema\/logo\/image\/","url":"https:\/\/fmgente.com.ar\/web\/wp-content\/uploads\/2023\/07\/cropped-cropped-logo-sombra2.png","contentUrl":"https:\/\/fmgente.com.ar\/web\/wp-content\/uploads\/2023\/07\/cropped-cropped-logo-sombra2.png","width":1782,"height":1782,"caption":"Fm Gente"},"image":{"@id":"https:\/\/fmgente.com.ar\/web\/#\/schema\/logo\/image\/"}},{"@type":"Person","@id":"https:\/\/fmgente.com.ar\/web\/#\/schema\/person\/ba03fa75c17effdaafbd6daa1d78c508","name":"Adri\u00e1n Hern\u00e1ndez","url":"https:\/\/fmgente.com.ar\/web\/author\/c1601891\/"}]}},"_links":{"self":[{"href":"https:\/\/fmgente.com.ar\/web\/wp-json\/wp\/v2\/posts\/468","targetHints":{"allow":["GET"]}}],"collection":[{"href":"https:\/\/fmgente.com.ar\/web\/wp-json\/wp\/v2\/posts"}],"about":[{"href":"https:\/\/fmgente.com.ar\/web\/wp-json\/wp\/v2\/types\/post"}],"author":[{"embeddable":true,"href":"https:\/\/fmgente.com.ar\/web\/wp-json\/wp\/v2\/users\/2"}],"replies":[{"embeddable":true,"href":"https:\/\/fmgente.com.ar\/web\/wp-json\/wp\/v2\/comments?post=468"}],"version-history":[{"count":1,"href":"https:\/\/fmgente.com.ar\/web\/wp-json\/wp\/v2\/posts\/468\/revisions"}],"predecessor-version":[{"id":470,"href":"https:\/\/fmgente.com.ar\/web\/wp-json\/wp\/v2\/posts\/468\/revisions\/470"}],"wp:featuredmedia":[{"embeddable":true,"href":"https:\/\/fmgente.com.ar\/web\/wp-json\/wp\/v2\/media\/469"}],"wp:attachment":[{"href":"https:\/\/fmgente.com.ar\/web\/wp-json\/wp\/v2\/media?parent=468"}],"wp:term":[{"taxonomy":"category","embeddable":true,"href":"https:\/\/fmgente.com.ar\/web\/wp-json\/wp\/v2\/categories?post=468"},{"taxonomy":"post_tag","embeddable":true,"href":"https:\/\/fmgente.com.ar\/web\/wp-json\/wp\/v2\/tags?post=468"}],"curies":[{"name":"wp","href":"https:\/\/api.w.org\/{rel}","templated":true}]}}