{"id":465,"date":"2023-07-24T09:35:19","date_gmt":"2023-07-24T12:35:19","guid":{"rendered":"https:\/\/fmgente.com.ar\/?p=465"},"modified":"2023-07-24T09:35:19","modified_gmt":"2023-07-24T12:35:19","slug":"agenda-cultural-de-eventos-del-24-al-30-de-julio","status":"publish","type":"post","link":"https:\/\/fmgente.com.ar\/web\/agenda-cultural-de-eventos-del-24-al-30-de-julio\/","title":{"rendered":"Agenda cultural de eventos del 24 al 30 de julio"},"content":{"rendered":"<p>La grilla de actividades de la Agencia C\u00f3rdoba Cultura propone diversos eventos para disfrutar de los artistas locales. Cada semana se presenta una nutrida programaci\u00f3n que puede consultarse tambi\u00e9n en\u00a0<a href=\"http:\/\/cultura.cba.gov.ar\/\" target=\"_blank\" rel=\"noreferrer noopener\">cultura.cba.gov.ar<\/a>.<\/p>\n<p>Esta semana se destaca el inicio de la\u00a0XVI\u00a0edici\u00f3n del<strong>\u00a0Festival Pensar con Humor.\u00a0<\/strong>Las actividades centrales se desarrollar\u00e1n entre el 27 de julio y el 6 de agosto, sin embargo, los focos de humor comenzaron con la presentaci\u00f3n de artistas de la risa como Juampi Gonz\u00e1lez en el Teatro Real, Marcelo el Coto, Cherca Prietto y Picarito Correa en distintos barrios de la ciudad.<\/p>\n<p>Alrededor de 50 artistas son parte del mes del humor que ya se est\u00e1 palpitando en distintos escenarios, salas oficiales e independientes, espacios culturales y centros vecinales de nuestra ciudad, c\u00e1rceles y localidades de la provincia.<\/p>\n<p>Por otra parte, el jueves 27 a las 18, en un nuevo aniversario, se pone en funcionamiento la renovada sala del\u00a0<strong>Cine Arte C\u00f3rdoba,\u00a0<\/strong>ubicada en\u00a0 27 de Abril 275.\u00a0En el regreso al circuito cinematogr\u00e1fico alternativo cordob\u00e9s, se llevar\u00e1 adelante un homenaje a Daniel Hidalgo, proyectista hist\u00f3rico y miembro fundador. Luego se proyectar\u00e1 la pel\u00edcula\u00a0<strong>Los inoportunos<\/strong>.<\/p>\n<p>Por \u00faltimo, el viernes 28 a\u00a0las 20 en el\u00a0<strong>Teatro del Libertador San Mart\u00edn,\u00a0<\/strong>la destacada\u00a0bailarina, core\u00f3grafa y docente Emilia Montagnoli, figura central de la danza contempor\u00e1nea, vuelve a las tablas del teatro para celebrar 45 a\u00f1os de trayectoria, con\u00a0<strong>El pr\u00f3ximo invierno<\/strong>, una creaci\u00f3n realizada junto al compositor Jos\u00e9 Halac.<\/p>\n<div class=\"wp-block-coblocks-gallery-carousel alignfull\" aria-label=\"Carousel Gallery\">\n<div class=\"coblocks-gallery-carousel-swiper-container is-cropped coblocks-gallery has-caption-style-dark\">\n<div id=\"12345\" class=\"has-carousel has-carousel-xlrg swiper-container has-aligned-cells has-nav-74b4a7de\" data-swiper=\"{&quot;alignCells&quot;:true,&quot;autoPlay&quot;:false,&quot;autoPlaySpeed&quot;:3000,&quot;draggable&quot;:false,&quot;freeMode&quot;:false,&quot;loop&quot;:false,&quot;navigation&quot;:false,&quot;pageDots&quot;:false,&quot;pauseHover&quot;:false,&quot;responsiveHeight&quot;:false,&quot;slidesPerView&quot;:1,&quot;thumbnails&quot;:true,&quot;uuid&quot;:&quot;12345&quot;}\">\n<div class=\"swiper-wrapper\">\n<div class=\"swiper-slide swiper-slide-active\" data-slider=\"0\">\n<div class=\"coblocks-gallery--item\" tabindex=\"0\" role=\"button\">\n<figure class=\"coblocks-gallery--figure\"><img loading=\"lazy\" decoding=\"async\" class=\"wp-image-560636\" src=\"https:\/\/prensa.cba.gov.ar\/wp-content\/uploads\/2023\/07\/Horacio-Lavandera-y-Virginia-Tola-Libertador.jpg\" alt=\"\" width=\"669\" height=\"446\" data-id=\"560636\" data-link=\"https:\/\/prensa.cba.gov.ar\/?attachment_id=560636\" \/><\/figure>\n<\/div>\n<\/div>\n<div class=\"swiper-slide swiper-slide-next\" data-slider=\"1\">\n<div class=\"coblocks-gallery--item\" tabindex=\"1\" role=\"button\">\n<figure class=\"coblocks-gallery--figure\"><img loading=\"lazy\" decoding=\"async\" class=\"wp-image-560630\" src=\"https:\/\/prensa.cba.gov.ar\/wp-content\/uploads\/2023\/07\/Aspromonte-Rio-Cuarto.jpg\" alt=\"\" width=\"748\" height=\"422\" data-id=\"560630\" data-link=\"https:\/\/prensa.cba.gov.ar\/?attachment_id=560630\" \/><\/figure>\n<\/div>\n<\/div>\n<div class=\"swiper-slide\" data-slider=\"2\">\n<div class=\"coblocks-gallery--item\" tabindex=\"2\" role=\"button\">\n<figure class=\"coblocks-gallery--figure\"><img loading=\"lazy\" decoding=\"async\" class=\"wp-image-560631\" src=\"https:\/\/prensa.cba.gov.ar\/wp-content\/uploads\/2023\/07\/Candilera-luminarias-payasas-CAC.jpg\" alt=\"\" width=\"574\" height=\"376\" data-id=\"560631\" data-link=\"https:\/\/prensa.cba.gov.ar\/?attachment_id=560631\" \/><\/figure>\n<\/div>\n<\/div>\n<div class=\"swiper-slide\" data-slider=\"3\">\n<div class=\"coblocks-gallery--item\" tabindex=\"3\" role=\"button\">\n<figure class=\"coblocks-gallery--figure\"><img loading=\"lazy\" decoding=\"async\" class=\"wp-image-560632\" src=\"https:\/\/prensa.cba.gov.ar\/wp-content\/uploads\/2023\/07\/Condena-brutal-Rio-Cuarto.jpg\" alt=\"\" width=\"280\" height=\"180\" data-id=\"560632\" data-link=\"https:\/\/prensa.cba.gov.ar\/?attachment_id=560632\" \/><\/figure>\n<\/div>\n<\/div>\n<div class=\"swiper-slide\" data-slider=\"4\">\n<div class=\"coblocks-gallery--item\" tabindex=\"4\" role=\"button\">\n<figure class=\"coblocks-gallery--figure\"><img loading=\"lazy\" decoding=\"async\" class=\"wp-image-560633\" src=\"https:\/\/prensa.cba.gov.ar\/wp-content\/uploads\/2023\/07\/El-hombre-que-vendio-su-piel-Cine-Arte-Cba.jpg\" alt=\"\" width=\"935\" height=\"624\" data-id=\"560633\" data-link=\"https:\/\/prensa.cba.gov.ar\/?attachment_id=560633\" \/><\/figure>\n<\/div>\n<\/div>\n<div class=\"swiper-slide\" data-slider=\"5\">\n<div class=\"coblocks-gallery--item\" tabindex=\"5\" role=\"button\">\n<figure class=\"coblocks-gallery--figure\"><img loading=\"lazy\" decoding=\"async\" class=\"wp-image-560634\" src=\"https:\/\/prensa.cba.gov.ar\/wp-content\/uploads\/2023\/07\/El-triunfo-Cine-Arte-Cba.jpg\" alt=\"\" width=\"669\" height=\"446\" data-id=\"560634\" data-link=\"https:\/\/prensa.cba.gov.ar\/?attachment_id=560634\" \/><\/figure>\n<\/div>\n<\/div>\n<div class=\"swiper-slide\" data-slider=\"6\">\n<div class=\"coblocks-gallery--item\" tabindex=\"6\" role=\"button\">\n<figure class=\"coblocks-gallery--figure\"><img loading=\"lazy\" decoding=\"async\" class=\"wp-image-560640\" src=\"https:\/\/prensa.cba.gov.ar\/wp-content\/uploads\/2023\/07\/Yo-mate-a-mi-madre-Rio-Cuarto.jpg\" alt=\"\" width=\"285\" height=\"177\" data-id=\"560640\" data-link=\"https:\/\/prensa.cba.gov.ar\/?attachment_id=560640\" \/><\/figure>\n<\/div>\n<\/div>\n<div class=\"swiper-slide\" data-slider=\"7\">\n<div class=\"coblocks-gallery--item\" tabindex=\"7\" role=\"button\">\n<figure class=\"coblocks-gallery--figure\"><img loading=\"lazy\" decoding=\"async\" class=\"wp-image-560639\" src=\"https:\/\/prensa.cba.gov.ar\/wp-content\/uploads\/2023\/07\/Maria-Goso-Libertador.jpg\" alt=\"\" width=\"669\" height=\"496\" data-id=\"560639\" data-link=\"https:\/\/prensa.cba.gov.ar\/?attachment_id=560639\" \/><\/figure>\n<\/div>\n<\/div>\n<div class=\"swiper-slide\" data-slider=\"8\">\n<div class=\"coblocks-gallery--item\" tabindex=\"8\" role=\"button\">\n<figure class=\"coblocks-gallery--figure\"><img loading=\"lazy\" decoding=\"async\" class=\"wp-image-560638\" src=\"https:\/\/prensa.cba.gov.ar\/wp-content\/uploads\/2023\/07\/Los-inoportunos-Cine-Arte-Cba.jpg\" alt=\"\" width=\"669\" height=\"330\" data-id=\"560638\" data-link=\"https:\/\/prensa.cba.gov.ar\/?attachment_id=560638\" \/><\/figure>\n<\/div>\n<\/div>\n<div class=\"swiper-slide\" data-slider=\"9\">\n<div class=\"coblocks-gallery--item\" tabindex=\"9\" role=\"button\">\n<figure class=\"coblocks-gallery--figure\"><img loading=\"lazy\" decoding=\"async\" class=\"wp-image-560637\" src=\"https:\/\/prensa.cba.gov.ar\/wp-content\/uploads\/2023\/07\/Lo-que-hacemos-en-las-sombras-CCC.png\" alt=\"\" width=\"1280\" height=\"690\" data-id=\"560637\" data-link=\"https:\/\/prensa.cba.gov.ar\/?attachment_id=560637\" \/><\/figure>\n<\/div>\n<\/div>\n<\/div>\n<\/div>\n<div class=\"wp-block-coblocks-gallery-carousel-thumbnail-pagination\"><button class=\"wp-block-coblocks-gallery-carousel-thumbnail wp-block-coblocks-gallery-carousel-thumbnail-0 is-active\" tabindex=\"0\" aria-label=\"gallery thumbnail\"><img decoding=\"async\" src=\"https:\/\/prensa.cba.gov.ar\/wp-content\/uploads\/2023\/07\/Horacio-Lavandera-y-Virginia-Tola-Libertador.jpg\" alt=\"\" data-id=\"560636\" data-link=\"https:\/\/prensa.cba.gov.ar\/?attachment_id=560636\" \/><\/button><button class=\"wp-block-coblocks-gallery-carousel-thumbnail wp-block-coblocks-gallery-carousel-thumbnail-1\" tabindex=\"0\" aria-label=\"gallery thumbnail\"><img decoding=\"async\" src=\"https:\/\/prensa.cba.gov.ar\/wp-content\/uploads\/2023\/07\/Aspromonte-Rio-Cuarto.jpg\" alt=\"\" data-id=\"560630\" data-link=\"https:\/\/prensa.cba.gov.ar\/?attachment_id=560630\" \/><\/button><button class=\"wp-block-coblocks-gallery-carousel-thumbnail wp-block-coblocks-gallery-carousel-thumbnail-2\" tabindex=\"0\" aria-label=\"gallery thumbnail\"><img decoding=\"async\" src=\"https:\/\/prensa.cba.gov.ar\/wp-content\/uploads\/2023\/07\/Candilera-luminarias-payasas-CAC.jpg\" alt=\"\" data-id=\"560631\" data-link=\"https:\/\/prensa.cba.gov.ar\/?attachment_id=560631\" \/><\/button><button class=\"wp-block-coblocks-gallery-carousel-thumbnail wp-block-coblocks-gallery-carousel-thumbnail-3\" tabindex=\"0\" aria-label=\"gallery thumbnail\"><img decoding=\"async\" src=\"https:\/\/prensa.cba.gov.ar\/wp-content\/uploads\/2023\/07\/Condena-brutal-Rio-Cuarto.jpg\" alt=\"\" data-id=\"560632\" data-link=\"https:\/\/prensa.cba.gov.ar\/?attachment_id=560632\" \/><\/button><button class=\"wp-block-coblocks-gallery-carousel-thumbnail wp-block-coblocks-gallery-carousel-thumbnail-4\" tabindex=\"0\" aria-label=\"gallery thumbnail\"><img decoding=\"async\" src=\"https:\/\/prensa.cba.gov.ar\/wp-content\/uploads\/2023\/07\/El-hombre-que-vendio-su-piel-Cine-Arte-Cba.jpg\" alt=\"\" data-id=\"560633\" data-link=\"https:\/\/prensa.cba.gov.ar\/?attachment_id=560633\" \/><\/button><button class=\"wp-block-coblocks-gallery-carousel-thumbnail wp-block-coblocks-gallery-carousel-thumbnail-5\" tabindex=\"0\" aria-label=\"gallery thumbnail\"><img decoding=\"async\" src=\"https:\/\/prensa.cba.gov.ar\/wp-content\/uploads\/2023\/07\/El-triunfo-Cine-Arte-Cba.jpg\" alt=\"\" data-id=\"560634\" data-link=\"https:\/\/prensa.cba.gov.ar\/?attachment_id=560634\" \/><\/button><button class=\"wp-block-coblocks-gallery-carousel-thumbnail wp-block-coblocks-gallery-carousel-thumbnail-6\" tabindex=\"0\" aria-label=\"gallery thumbnail\"><img decoding=\"async\" src=\"https:\/\/prensa.cba.gov.ar\/wp-content\/uploads\/2023\/07\/Yo-mate-a-mi-madre-Rio-Cuarto.jpg\" alt=\"\" data-id=\"560640\" data-link=\"https:\/\/prensa.cba.gov.ar\/?attachment_id=560640\" \/><\/button><\/div>\n<\/div>\n<\/div>\n","protected":false},"excerpt":{"rendered":"<p>La grilla de actividades de la Agencia C\u00f3rdoba Cultura propone diversos eventos para disfrutar de<\/p>\n","protected":false},"author":2,"featured_media":466,"comment_status":"closed","ping_status":"closed","sticky":false,"template":"","format":"standard","meta":{"footnotes":""},"categories":[11],"tags":[19,394,91,395,21,331],"class_list":["post-465","post","type-post","status-publish","format-standard","has-post-thumbnail","hentry","category-destacadas","tag-agenda","tag-cultural","tag-festival","tag-humor","tag-julio","tag-teatro"],"yoast_head":"<!-- This site is optimized with the Yoast SEO plugin v27.4 - https:\/\/yoast.com\/product\/yoast-seo-wordpress\/ -->\n<title>Agenda cultural de eventos del 24 al 30 de julio - Fm Gente<\/title>\n<meta name=\"robots\" content=\"index, follow, max-snippet:-1, max-image-preview:large, max-video-preview:-1\" \/>\n<link rel=\"canonical\" href=\"https:\/\/fmgente.com.ar\/web\/agenda-cultural-de-eventos-del-24-al-30-de-julio\/\" \/>\n<meta property=\"og:locale\" content=\"es_ES\" \/>\n<meta property=\"og:type\" content=\"article\" \/>\n<meta property=\"og:title\" content=\"Agenda cultural de eventos del 24 al 30 de julio - Fm Gente\" \/>\n<meta property=\"og:description\" content=\"La grilla de actividades de la Agencia C\u00f3rdoba Cultura propone diversos eventos para disfrutar de\" \/>\n<meta property=\"og:url\" content=\"https:\/\/fmgente.com.ar\/web\/agenda-cultural-de-eventos-del-24-al-30-de-julio\/\" \/>\n<meta property=\"og:site_name\" content=\"Fm Gente\" \/>\n<meta property=\"article:published_time\" content=\"2023-07-24T12:35:19+00:00\" \/>\n<meta property=\"og:image\" content=\"https:\/\/fmgente.com.ar\/web\/wp-content\/uploads\/2023\/07\/Emilia-Montagnoli-Libertador.jpg\" \/>\n\t<meta property=\"og:image:width\" content=\"990\" \/>\n\t<meta property=\"og:image:height\" content=\"660\" \/>\n\t<meta property=\"og:image:type\" content=\"image\/jpeg\" \/>\n<meta name=\"author\" content=\"Adri\u00e1n Hern\u00e1ndez\" \/>\n<meta name=\"twitter:card\" content=\"summary_large_image\" \/>\n<meta name=\"twitter:label1\" content=\"Escrito por\" \/>\n\t<meta name=\"twitter:data1\" content=\"Adri\u00e1n Hern\u00e1ndez\" \/>\n\t<meta name=\"twitter:label2\" content=\"Tiempo de lectura\" \/>\n\t<meta name=\"twitter:data2\" content=\"5 minutos\" \/>\n<script type=\"application\/ld+json\" class=\"yoast-schema-graph\">{\"@context\":\"https:\\\/\\\/schema.org\",\"@graph\":[{\"@type\":\"Article\",\"@id\":\"https:\\\/\\\/fmgente.com.ar\\\/web\\\/agenda-cultural-de-eventos-del-24-al-30-de-julio\\\/#article\",\"isPartOf\":{\"@id\":\"https:\\\/\\\/fmgente.com.ar\\\/web\\\/agenda-cultural-de-eventos-del-24-al-30-de-julio\\\/\"},\"author\":{\"name\":\"Adri\u00e1n Hern\u00e1ndez\",\"@id\":\"https:\\\/\\\/fmgente.com.ar\\\/web\\\/#\\\/schema\\\/person\\\/ba03fa75c17effdaafbd6daa1d78c508\"},\"headline\":\"Agenda cultural de eventos del 24 al 30 de julio\",\"datePublished\":\"2023-07-24T12:35:19+00:00\",\"mainEntityOfPage\":{\"@id\":\"https:\\\/\\\/fmgente.com.ar\\\/web\\\/agenda-cultural-de-eventos-del-24-al-30-de-julio\\\/\"},\"wordCount\":264,\"publisher\":{\"@id\":\"https:\\\/\\\/fmgente.com.ar\\\/web\\\/#organization\"},\"image\":{\"@id\":\"https:\\\/\\\/fmgente.com.ar\\\/web\\\/agenda-cultural-de-eventos-del-24-al-30-de-julio\\\/#primaryimage\"},\"thumbnailUrl\":\"https:\\\/\\\/fmgente.com.ar\\\/web\\\/wp-content\\\/uploads\\\/2023\\\/07\\\/Emilia-Montagnoli-Libertador.jpg\",\"keywords\":[\"agenda\",\"cultural\",\"festival\",\"humor\",\"julio\",\"teatro\"],\"articleSection\":[\"DESTACADAS\"],\"inLanguage\":\"es\"},{\"@type\":\"WebPage\",\"@id\":\"https:\\\/\\\/fmgente.com.ar\\\/web\\\/agenda-cultural-de-eventos-del-24-al-30-de-julio\\\/\",\"url\":\"https:\\\/\\\/fmgente.com.ar\\\/web\\\/agenda-cultural-de-eventos-del-24-al-30-de-julio\\\/\",\"name\":\"Agenda cultural de eventos del 24 al 30 de julio - Fm Gente\",\"isPartOf\":{\"@id\":\"https:\\\/\\\/fmgente.com.ar\\\/web\\\/#website\"},\"primaryImageOfPage\":{\"@id\":\"https:\\\/\\\/fmgente.com.ar\\\/web\\\/agenda-cultural-de-eventos-del-24-al-30-de-julio\\\/#primaryimage\"},\"image\":{\"@id\":\"https:\\\/\\\/fmgente.com.ar\\\/web\\\/agenda-cultural-de-eventos-del-24-al-30-de-julio\\\/#primaryimage\"},\"thumbnailUrl\":\"https:\\\/\\\/fmgente.com.ar\\\/web\\\/wp-content\\\/uploads\\\/2023\\\/07\\\/Emilia-Montagnoli-Libertador.jpg\",\"datePublished\":\"2023-07-24T12:35:19+00:00\",\"inLanguage\":\"es\",\"potentialAction\":[{\"@type\":\"ReadAction\",\"target\":[\"https:\\\/\\\/fmgente.com.ar\\\/web\\\/agenda-cultural-de-eventos-del-24-al-30-de-julio\\\/\"]}]},{\"@type\":\"ImageObject\",\"inLanguage\":\"es\",\"@id\":\"https:\\\/\\\/fmgente.com.ar\\\/web\\\/agenda-cultural-de-eventos-del-24-al-30-de-julio\\\/#primaryimage\",\"url\":\"https:\\\/\\\/fmgente.com.ar\\\/web\\\/wp-content\\\/uploads\\\/2023\\\/07\\\/Emilia-Montagnoli-Libertador.jpg\",\"contentUrl\":\"https:\\\/\\\/fmgente.com.ar\\\/web\\\/wp-content\\\/uploads\\\/2023\\\/07\\\/Emilia-Montagnoli-Libertador.jpg\",\"width\":990,\"height\":660},{\"@type\":\"WebSite\",\"@id\":\"https:\\\/\\\/fmgente.com.ar\\\/web\\\/#website\",\"url\":\"https:\\\/\\\/fmgente.com.ar\\\/web\\\/\",\"name\":\"Fm Gente\",\"description\":\"- Jes\u00fas Mar\u00eda\",\"publisher\":{\"@id\":\"https:\\\/\\\/fmgente.com.ar\\\/web\\\/#organization\"},\"potentialAction\":[{\"@type\":\"SearchAction\",\"target\":{\"@type\":\"EntryPoint\",\"urlTemplate\":\"https:\\\/\\\/fmgente.com.ar\\\/web\\\/?s={search_term_string}\"},\"query-input\":{\"@type\":\"PropertyValueSpecification\",\"valueRequired\":true,\"valueName\":\"search_term_string\"}}],\"inLanguage\":\"es\"},{\"@type\":\"Organization\",\"@id\":\"https:\\\/\\\/fmgente.com.ar\\\/web\\\/#organization\",\"name\":\"Fm Gente\",\"url\":\"https:\\\/\\\/fmgente.com.ar\\\/web\\\/\",\"logo\":{\"@type\":\"ImageObject\",\"inLanguage\":\"es\",\"@id\":\"https:\\\/\\\/fmgente.com.ar\\\/web\\\/#\\\/schema\\\/logo\\\/image\\\/\",\"url\":\"https:\\\/\\\/fmgente.com.ar\\\/web\\\/wp-content\\\/uploads\\\/2023\\\/07\\\/cropped-cropped-logo-sombra2.png\",\"contentUrl\":\"https:\\\/\\\/fmgente.com.ar\\\/web\\\/wp-content\\\/uploads\\\/2023\\\/07\\\/cropped-cropped-logo-sombra2.png\",\"width\":1782,\"height\":1782,\"caption\":\"Fm Gente\"},\"image\":{\"@id\":\"https:\\\/\\\/fmgente.com.ar\\\/web\\\/#\\\/schema\\\/logo\\\/image\\\/\"}},{\"@type\":\"Person\",\"@id\":\"https:\\\/\\\/fmgente.com.ar\\\/web\\\/#\\\/schema\\\/person\\\/ba03fa75c17effdaafbd6daa1d78c508\",\"name\":\"Adri\u00e1n Hern\u00e1ndez\",\"url\":\"https:\\\/\\\/fmgente.com.ar\\\/web\\\/author\\\/c1601891\\\/\"}]}<\/script>\n<!-- \/ Yoast SEO plugin. -->","yoast_head_json":{"title":"Agenda cultural de eventos del 24 al 30 de julio - Fm Gente","robots":{"index":"index","follow":"follow","max-snippet":"max-snippet:-1","max-image-preview":"max-image-preview:large","max-video-preview":"max-video-preview:-1"},"canonical":"https:\/\/fmgente.com.ar\/web\/agenda-cultural-de-eventos-del-24-al-30-de-julio\/","og_locale":"es_ES","og_type":"article","og_title":"Agenda cultural de eventos del 24 al 30 de julio - Fm Gente","og_description":"La grilla de actividades de la Agencia C\u00f3rdoba Cultura propone diversos eventos para disfrutar de","og_url":"https:\/\/fmgente.com.ar\/web\/agenda-cultural-de-eventos-del-24-al-30-de-julio\/","og_site_name":"Fm Gente","article_published_time":"2023-07-24T12:35:19+00:00","og_image":[{"width":990,"height":660,"url":"https:\/\/fmgente.com.ar\/web\/wp-content\/uploads\/2023\/07\/Emilia-Montagnoli-Libertador.jpg","type":"image\/jpeg"}],"author":"Adri\u00e1n Hern\u00e1ndez","twitter_card":"summary_large_image","twitter_misc":{"Escrito por":"Adri\u00e1n Hern\u00e1ndez","Tiempo de lectura":"5 minutos"},"schema":{"@context":"https:\/\/schema.org","@graph":[{"@type":"Article","@id":"https:\/\/fmgente.com.ar\/web\/agenda-cultural-de-eventos-del-24-al-30-de-julio\/#article","isPartOf":{"@id":"https:\/\/fmgente.com.ar\/web\/agenda-cultural-de-eventos-del-24-al-30-de-julio\/"},"author":{"name":"Adri\u00e1n Hern\u00e1ndez","@id":"https:\/\/fmgente.com.ar\/web\/#\/schema\/person\/ba03fa75c17effdaafbd6daa1d78c508"},"headline":"Agenda cultural de eventos del 24 al 30 de julio","datePublished":"2023-07-24T12:35:19+00:00","mainEntityOfPage":{"@id":"https:\/\/fmgente.com.ar\/web\/agenda-cultural-de-eventos-del-24-al-30-de-julio\/"},"wordCount":264,"publisher":{"@id":"https:\/\/fmgente.com.ar\/web\/#organization"},"image":{"@id":"https:\/\/fmgente.com.ar\/web\/agenda-cultural-de-eventos-del-24-al-30-de-julio\/#primaryimage"},"thumbnailUrl":"https:\/\/fmgente.com.ar\/web\/wp-content\/uploads\/2023\/07\/Emilia-Montagnoli-Libertador.jpg","keywords":["agenda","cultural","festival","humor","julio","teatro"],"articleSection":["DESTACADAS"],"inLanguage":"es"},{"@type":"WebPage","@id":"https:\/\/fmgente.com.ar\/web\/agenda-cultural-de-eventos-del-24-al-30-de-julio\/","url":"https:\/\/fmgente.com.ar\/web\/agenda-cultural-de-eventos-del-24-al-30-de-julio\/","name":"Agenda cultural de eventos del 24 al 30 de julio - Fm Gente","isPartOf":{"@id":"https:\/\/fmgente.com.ar\/web\/#website"},"primaryImageOfPage":{"@id":"https:\/\/fmgente.com.ar\/web\/agenda-cultural-de-eventos-del-24-al-30-de-julio\/#primaryimage"},"image":{"@id":"https:\/\/fmgente.com.ar\/web\/agenda-cultural-de-eventos-del-24-al-30-de-julio\/#primaryimage"},"thumbnailUrl":"https:\/\/fmgente.com.ar\/web\/wp-content\/uploads\/2023\/07\/Emilia-Montagnoli-Libertador.jpg","datePublished":"2023-07-24T12:35:19+00:00","inLanguage":"es","potentialAction":[{"@type":"ReadAction","target":["https:\/\/fmgente.com.ar\/web\/agenda-cultural-de-eventos-del-24-al-30-de-julio\/"]}]},{"@type":"ImageObject","inLanguage":"es","@id":"https:\/\/fmgente.com.ar\/web\/agenda-cultural-de-eventos-del-24-al-30-de-julio\/#primaryimage","url":"https:\/\/fmgente.com.ar\/web\/wp-content\/uploads\/2023\/07\/Emilia-Montagnoli-Libertador.jpg","contentUrl":"https:\/\/fmgente.com.ar\/web\/wp-content\/uploads\/2023\/07\/Emilia-Montagnoli-Libertador.jpg","width":990,"height":660},{"@type":"WebSite","@id":"https:\/\/fmgente.com.ar\/web\/#website","url":"https:\/\/fmgente.com.ar\/web\/","name":"Fm Gente","description":"- Jes\u00fas Mar\u00eda","publisher":{"@id":"https:\/\/fmgente.com.ar\/web\/#organization"},"potentialAction":[{"@type":"SearchAction","target":{"@type":"EntryPoint","urlTemplate":"https:\/\/fmgente.com.ar\/web\/?s={search_term_string}"},"query-input":{"@type":"PropertyValueSpecification","valueRequired":true,"valueName":"search_term_string"}}],"inLanguage":"es"},{"@type":"Organization","@id":"https:\/\/fmgente.com.ar\/web\/#organization","name":"Fm Gente","url":"https:\/\/fmgente.com.ar\/web\/","logo":{"@type":"ImageObject","inLanguage":"es","@id":"https:\/\/fmgente.com.ar\/web\/#\/schema\/logo\/image\/","url":"https:\/\/fmgente.com.ar\/web\/wp-content\/uploads\/2023\/07\/cropped-cropped-logo-sombra2.png","contentUrl":"https:\/\/fmgente.com.ar\/web\/wp-content\/uploads\/2023\/07\/cropped-cropped-logo-sombra2.png","width":1782,"height":1782,"caption":"Fm Gente"},"image":{"@id":"https:\/\/fmgente.com.ar\/web\/#\/schema\/logo\/image\/"}},{"@type":"Person","@id":"https:\/\/fmgente.com.ar\/web\/#\/schema\/person\/ba03fa75c17effdaafbd6daa1d78c508","name":"Adri\u00e1n Hern\u00e1ndez","url":"https:\/\/fmgente.com.ar\/web\/author\/c1601891\/"}]}},"_links":{"self":[{"href":"https:\/\/fmgente.com.ar\/web\/wp-json\/wp\/v2\/posts\/465","targetHints":{"allow":["GET"]}}],"collection":[{"href":"https:\/\/fmgente.com.ar\/web\/wp-json\/wp\/v2\/posts"}],"about":[{"href":"https:\/\/fmgente.com.ar\/web\/wp-json\/wp\/v2\/types\/post"}],"author":[{"embeddable":true,"href":"https:\/\/fmgente.com.ar\/web\/wp-json\/wp\/v2\/users\/2"}],"replies":[{"embeddable":true,"href":"https:\/\/fmgente.com.ar\/web\/wp-json\/wp\/v2\/comments?post=465"}],"version-history":[{"count":1,"href":"https:\/\/fmgente.com.ar\/web\/wp-json\/wp\/v2\/posts\/465\/revisions"}],"predecessor-version":[{"id":467,"href":"https:\/\/fmgente.com.ar\/web\/wp-json\/wp\/v2\/posts\/465\/revisions\/467"}],"wp:featuredmedia":[{"embeddable":true,"href":"https:\/\/fmgente.com.ar\/web\/wp-json\/wp\/v2\/media\/466"}],"wp:attachment":[{"href":"https:\/\/fmgente.com.ar\/web\/wp-json\/wp\/v2\/media?parent=465"}],"wp:term":[{"taxonomy":"category","embeddable":true,"href":"https:\/\/fmgente.com.ar\/web\/wp-json\/wp\/v2\/categories?post=465"},{"taxonomy":"post_tag","embeddable":true,"href":"https:\/\/fmgente.com.ar\/web\/wp-json\/wp\/v2\/tags?post=465"}],"curies":[{"name":"wp","href":"https:\/\/api.w.org\/{rel}","templated":true}]}}