{"id":4460,"date":"2025-02-11T08:23:54","date_gmt":"2025-02-11T11:23:54","guid":{"rendered":"https:\/\/fmgente.com.ar\/?p=4460"},"modified":"2025-02-11T08:23:54","modified_gmt":"2025-02-11T11:23:54","slug":"comienzan-las-jornadas-pedagogicas-2025-transformarcba","status":"publish","type":"post","link":"https:\/\/fmgente.com.ar\/web\/comienzan-las-jornadas-pedagogicas-2025-transformarcba\/","title":{"rendered":"Comienzan las Jornadas Pedag\u00f3gicas 2025 \u2013 TransFORMAR@Cba"},"content":{"rendered":"<article id=\"post-613914\" class=\"post-613914 post type-post status-publish format-standard has-post-thumbnail hentry category-educacion-3 ast-article-single\">\n<div class=\"ast-post-format- single-layout-1\">\n<div class=\"entry-content clear\">\n<p class=\" eplus-wrapper\">Ma\u00f1ana martes 11 de febrero, en el marco\u00a0<strong>Programa TransFORMAR@Cba 2025<\/strong>, comienzan las\u00a0<strong>Jornadas Pedag\u00f3gicas 2025<\/strong>. Se trata de una actividad organizada por el Ministerio de Educaci\u00f3n, a trav\u00e9s de las Secretar\u00eda de Innovaci\u00f3n, Desarrollo Profesional y Tecnolog\u00edas en Educaci\u00f3n, que tiene como finalidad pensar la Escuela Posible en el proceso de renovaci\u00f3n curricular y did\u00e1ctica que asume el Programa TransFORMAR@Cba.<\/p>\n<p class=\" eplus-wrapper\">Las jornadas formativas se llevar\u00e1n a cabo los pr\u00f3ximos 11 y 12 de febrero en modalidad sincr\u00f3nica virtual, con una duraci\u00f3n aproximada de 30 y 60 minutos por conferencia. All\u00ed estar\u00e1n presentes especialistas del campo de la educaci\u00f3n y sus conferencias ser\u00e1n transmitidas a trav\u00e9s del canal de\u00a0<a href=\"https:\/\/www.youtube.com\/@EducacionCba\" target=\"_blank\" rel=\"noreferrer noopener\">YouTube del Ministerio Educaci\u00f3n<\/a>\u00a0de la provincia con alcance a todo el Sistema Educativo Provincial.<\/p>\n<p class=\" eplus-wrapper\">En relaci\u00f3n a esto, el ministro de Educaci\u00f3n, Horacio Ferreyra, destac\u00f3\u00a0<em>\u201cestas jornadas pedag\u00f3gicas representan una oportunidad para seguir avanzando en la consolidaci\u00f3n de una escuela posible, donde la innovaci\u00f3n y la inclusi\u00f3n sean pilares fundamentales del proceso educativo. l compromiso de las escuelas precursoras con el Programa TransFORMAR@Cba es una muestra concreta de que la transformaci\u00f3n educativa es posible cuando se construye de manera participativa. Estas instituciones est\u00e1n marcando el camino hacia una escuela innovadora, inclusiva y con propuestas pedag\u00f3gicas que responden a los desaf\u00edos del presente y el futuro\u201d.<\/em><\/p>\n<p class=\" eplus-wrapper\">A su vez, la secretaria de Innovaci\u00f3n, Desarrollo Profesional y Tecnolog\u00edas en Educaci\u00f3n, Gabriela C. Peretti, enfatiz\u00f3:\u00a0<em>\u201cEl \u201cPrograma TransFORMAR@Cba\u201d, de renovaci\u00f3n curricular y did\u00e1ctica, implica la ejecuci\u00f3n de un Plan de apoyo que contemple, entre otros componentes, el desarrollo profesional docente. Estas Jornadas pedag\u00f3gicas de febrero inauguran el trabajo en ese sentido. Es as\u00ed que los y las docentes que lo deseen, podr\u00e1n acceder a propuestas de calidad y gratuitas, que pretenden el di\u00e1logo institucional y traccionar hacia un trabajo colectivo de mejora\u201d.<\/em><\/p>\n<p class=\" eplus-wrapper\">La participaci\u00f3n es libre y gratuita, con la posibilidad de acceder a certificaci\u00f3n mediante una instancia de acreditaci\u00f3n individual, con dos opciones de realizaci\u00f3n:<\/p>\n<ul class=\" wp-block-list eplus-wrapper eplus-styles-uid-e94629\">\n<li class=\" eplus-wrapper\"><strong>Actividad sincr\u00f3nica<\/strong>. Al finalizar la transmisi\u00f3n de la \u00faltima conferencia de la Jornada 2 se habilitar\u00e1 el formulario de acreditaci\u00f3n con la consigna de resoluci\u00f3n virtual. El formulario permanecer\u00e1 abierto hasta el viernes 14 de febrero del 2025 (23.59 h.). Se debe considerar que una vez que se cierra el formulario no hay posibilidades de que se reabra.<\/li>\n<li class=\" eplus-wrapper\"><strong>Actividad asincr\u00f3nica<\/strong>. Quienes deseen visionar las conferencias en diferido, a partir del lunes 17 de febrero se podr\u00e1 acceder a las grabaciones a trav\u00e9s del canal de YouTube del Ministerio (@EducacionCba). El formulario de acreditaci\u00f3n correspondiente a esta opci\u00f3n estar\u00e1 disponible en el mismo canal desde el lunes 17 de febrero hasta el lunes 31 de marzo (23.59 h.).<\/li>\n<\/ul>\n<p class=\" eplus-wrapper\"><strong>AGENDA Jornadas Pedag\u00f3gicas 2025 TransFORMAR@Cba<\/strong><\/p>\n<figure class=\" wp-block-table eplus-wrapper\">\n<table class=\"has-fixed-layout\">\n<tbody>\n<tr>\n<td><strong>Fecha<\/strong><\/td>\n<td><strong>Presentaci\u00f3n<\/strong><\/td>\n<td><strong>Streaming<\/strong><\/td>\n<\/tr>\n<tr>\n<td rowspan=\"2\">Martes 11 de febrero<\/td>\n<td><strong>14.30 a 15.30 h. Lila Pinto<\/strong>\u00a0\u2013 Redise\u00f1ar la escuela en el marco del TransFORMAR@Cba<\/td>\n<td><a href=\"https:\/\/youtube.com\/live\/ORznJjK3l7s?feature=share\" target=\"_blank\" rel=\"noreferrer noopener\">Enlace<\/a><\/td>\n<\/tr>\n<tr>\n<td><strong>17.00 a 17.45 h. Juan Jos\u00e9 Castellano<\/strong>\u00a0\u2013 Pr\u00e1cticas de bienestar educativo en el marco del TransFORMAR@Cba<\/td>\n<td><a href=\"https:\/\/youtube.com\/live\/AjVldzK2MXQ?feature=share\" target=\"_blank\" rel=\"noreferrer noopener\">Enlace<\/a><\/td>\n<\/tr>\n<tr>\n<td rowspan=\"4\">Mi\u00e9rcoles 12 de febrero<\/td>\n<td><strong>9.00 a 9.40 h. Bernardo Blejmar<\/strong>\u00a0\u2013 La gesti\u00f3n en el marco del TransFORMAR@Cba<\/td>\n<td rowspan=\"2\"><a href=\"https:\/\/youtube.com\/live\/XUvjkLk2Rjc?feature=share\" target=\"_blank\" rel=\"noreferrer noopener\">Enlace<\/a><\/td>\n<\/tr>\n<tr>\n<td><strong>9.40 a 10.20 h. Graciela Cappelletti<\/strong>\u00a0\u2013 El dise\u00f1o did\u00e1ctico en el marco del TransFORMAR@Cba<\/td>\n<\/tr>\n<tr>\n<td><strong>14.00 a 14.30 h. Natalia Gonz\u00e1lez<\/strong>\u00a0\u2013 Explorar, indagar y crear: experiencias de integraci\u00f3n curricular en el marco del TransFORMAR@Cba<\/td>\n<td><a href=\"https:\/\/youtube.com\/live\/b_UVFuSOzDU?feature=share\" target=\"_blank\" rel=\"noreferrer noopener\">Enlac<\/a><a href=\"https:\/\/youtube.com\/live\/b_UVFuSOzDU?feature=share\">e<\/a><\/td>\n<\/tr>\n<tr>\n<td><strong>17.00 a 17.30hs. Gabriel Scarano<\/strong>\u00a0\u2013 La Tecnolog\u00eda en la Educaci\u00f3n en el marco del TransFORMAR@Cba<\/td>\n<td><a href=\"https:\/\/youtube.com\/live\/i0_i2VVAO98?feature=share\" target=\"_blank\" rel=\"noreferrer noopener\">Enlace<\/a><\/td>\n<\/tr>\n<\/tbody>\n<\/table>\n<\/figure>\n<p class=\" eplus-wrapper\">\n<\/div>\n<\/div>\n<\/article>\n<p><script async src=\"https:\/\/pagead2.googlesyndication.com\/pagead\/js\/adsbygoogle.js?client=ca-pub-6190387823963118\" crossorigin=\"anonymous\"><\/script><br \/>\n<!-- publi horizontal --><br \/>\n<ins class=\"adsbygoogle\" style=\"display: block;\" data-ad-client=\"ca-pub-6190387823963118\" data-ad-slot=\"1318105772\" data-ad-format=\"auto\" data-full-width-responsive=\"true\"><\/ins><br \/>\n<script>\n     (adsbygoogle = window.adsbygoogle || []).push({});\n<\/script><\/p>\n","protected":false},"excerpt":{"rendered":"<p>Ma\u00f1ana martes 11 de febrero, en el marco\u00a0Programa TransFORMAR@Cba 2025, comienzan las\u00a0Jornadas Pedag\u00f3gicas 2025. Se<\/p>\n","protected":false},"author":2,"featured_media":4461,"comment_status":"closed","ping_status":"closed","sticky":false,"template":"","format":"standard","meta":{"footnotes":""},"categories":[1],"tags":[573,610,457,1745,290,103,120,23,216,283,165,249,130,1765,899,41,47,1763,1682,1764,1746,1671,99,1697,1762,1672,1744,26,1596,612,1754],"class_list":["post-4460","post","type-post","status-publish","format-standard","has-post-thumbnail","hentry","category-regionales","tag-agro","tag-alerta","tag-bomberos","tag-cadena-norte","tag-campo","tag-ciudad","tag-clima","tag-cordoba","tag-deportes","tag-drogas","tag-economia","tag-fpa","tag-fuego","tag-fuerza","tag-gobierno-de-cordoba","tag-incendios","tag-llaryora","tag-meteorologico","tag-mpf","tag-negocios","tag-norte","tag-noticias","tag-obras","tag-policiales","tag-politica","tag-programas","tag-radio-fm","tag-salud","tag-seguridad","tag-turismo","tag-ultimo-momento"],"yoast_head":"<!-- This site is optimized with the Yoast SEO plugin v27.4 - https:\/\/yoast.com\/product\/yoast-seo-wordpress\/ -->\n<title>Comienzan las Jornadas Pedag\u00f3gicas 2025 \u2013 TransFORMAR@Cba - Fm Gente<\/title>\n<meta name=\"robots\" content=\"index, follow, max-snippet:-1, max-image-preview:large, max-video-preview:-1\" \/>\n<link rel=\"canonical\" href=\"https:\/\/fmgente.com.ar\/web\/comienzan-las-jornadas-pedagogicas-2025-transformarcba\/\" \/>\n<meta property=\"og:locale\" content=\"es_ES\" \/>\n<meta property=\"og:type\" content=\"article\" \/>\n<meta property=\"og:title\" content=\"Comienzan las Jornadas Pedag\u00f3gicas 2025 \u2013 TransFORMAR@Cba - Fm Gente\" \/>\n<meta property=\"og:description\" content=\"Ma\u00f1ana martes 11 de febrero, en el marco\u00a0Programa TransFORMAR@Cba 2025, comienzan las\u00a0Jornadas Pedag\u00f3gicas 2025. Se\" \/>\n<meta property=\"og:url\" content=\"https:\/\/fmgente.com.ar\/web\/comienzan-las-jornadas-pedagogicas-2025-transformarcba\/\" \/>\n<meta property=\"og:site_name\" content=\"Fm Gente\" \/>\n<meta property=\"article:published_time\" content=\"2025-02-11T11:23:54+00:00\" \/>\n<meta property=\"og:image\" content=\"https:\/\/fmgente.com.ar\/web\/wp-content\/uploads\/2025\/02\/p5.png\" \/>\n\t<meta property=\"og:image:width\" content=\"990\" \/>\n\t<meta property=\"og:image:height\" content=\"660\" \/>\n\t<meta property=\"og:image:type\" content=\"image\/png\" \/>\n<meta name=\"author\" content=\"Adri\u00e1n Hern\u00e1ndez\" \/>\n<meta name=\"twitter:card\" content=\"summary_large_image\" \/>\n<meta name=\"twitter:label1\" content=\"Escrito por\" \/>\n\t<meta name=\"twitter:data1\" content=\"Adri\u00e1n Hern\u00e1ndez\" \/>\n\t<meta name=\"twitter:label2\" content=\"Tiempo de lectura\" \/>\n\t<meta name=\"twitter:data2\" content=\"3 minutos\" \/>\n<script type=\"application\/ld+json\" class=\"yoast-schema-graph\">{\"@context\":\"https:\\\/\\\/schema.org\",\"@graph\":[{\"@type\":\"Article\",\"@id\":\"https:\\\/\\\/fmgente.com.ar\\\/web\\\/comienzan-las-jornadas-pedagogicas-2025-transformarcba\\\/#article\",\"isPartOf\":{\"@id\":\"https:\\\/\\\/fmgente.com.ar\\\/web\\\/comienzan-las-jornadas-pedagogicas-2025-transformarcba\\\/\"},\"author\":{\"name\":\"Adri\u00e1n Hern\u00e1ndez\",\"@id\":\"https:\\\/\\\/fmgente.com.ar\\\/web\\\/#\\\/schema\\\/person\\\/ba03fa75c17effdaafbd6daa1d78c508\"},\"headline\":\"Comienzan las Jornadas Pedag\u00f3gicas 2025 \u2013 TransFORMAR@Cba\",\"datePublished\":\"2025-02-11T11:23:54+00:00\",\"mainEntityOfPage\":{\"@id\":\"https:\\\/\\\/fmgente.com.ar\\\/web\\\/comienzan-las-jornadas-pedagogicas-2025-transformarcba\\\/\"},\"wordCount\":604,\"publisher\":{\"@id\":\"https:\\\/\\\/fmgente.com.ar\\\/web\\\/#organization\"},\"image\":{\"@id\":\"https:\\\/\\\/fmgente.com.ar\\\/web\\\/comienzan-las-jornadas-pedagogicas-2025-transformarcba\\\/#primaryimage\"},\"thumbnailUrl\":\"https:\\\/\\\/fmgente.com.ar\\\/web\\\/wp-content\\\/uploads\\\/2025\\\/02\\\/p5.png\",\"keywords\":[\"agro\",\"alerta\",\"Bomberos\",\"cadena norte\",\"campo\",\"ciudad\",\"clima\",\"C\u00f3rdoba\",\"deportes\",\"drogas\",\"econom\u00eda\",\"fpa\",\"fuego\",\"fuerza\",\"Gobierno de C\u00f3rdoba\",\"incendios\",\"Llaryora\",\"meteorol\u00f3gico\",\"MPF\",\"negocios\",\"Norte\",\"noticias\",\"obras\",\"policiales\",\"pol\u00edtica\",\"programas\",\"radio fm\",\"salud\",\"seguridad\",\"turismo\",\"\u00faltimo momento\"],\"articleSection\":[\"REGIONALES\"],\"inLanguage\":\"es\"},{\"@type\":\"WebPage\",\"@id\":\"https:\\\/\\\/fmgente.com.ar\\\/web\\\/comienzan-las-jornadas-pedagogicas-2025-transformarcba\\\/\",\"url\":\"https:\\\/\\\/fmgente.com.ar\\\/web\\\/comienzan-las-jornadas-pedagogicas-2025-transformarcba\\\/\",\"name\":\"Comienzan las Jornadas Pedag\u00f3gicas 2025 \u2013 TransFORMAR@Cba - Fm Gente\",\"isPartOf\":{\"@id\":\"https:\\\/\\\/fmgente.com.ar\\\/web\\\/#website\"},\"primaryImageOfPage\":{\"@id\":\"https:\\\/\\\/fmgente.com.ar\\\/web\\\/comienzan-las-jornadas-pedagogicas-2025-transformarcba\\\/#primaryimage\"},\"image\":{\"@id\":\"https:\\\/\\\/fmgente.com.ar\\\/web\\\/comienzan-las-jornadas-pedagogicas-2025-transformarcba\\\/#primaryimage\"},\"thumbnailUrl\":\"https:\\\/\\\/fmgente.com.ar\\\/web\\\/wp-content\\\/uploads\\\/2025\\\/02\\\/p5.png\",\"datePublished\":\"2025-02-11T11:23:54+00:00\",\"inLanguage\":\"es\",\"potentialAction\":[{\"@type\":\"ReadAction\",\"target\":[\"https:\\\/\\\/fmgente.com.ar\\\/web\\\/comienzan-las-jornadas-pedagogicas-2025-transformarcba\\\/\"]}]},{\"@type\":\"ImageObject\",\"inLanguage\":\"es\",\"@id\":\"https:\\\/\\\/fmgente.com.ar\\\/web\\\/comienzan-las-jornadas-pedagogicas-2025-transformarcba\\\/#primaryimage\",\"url\":\"https:\\\/\\\/fmgente.com.ar\\\/web\\\/wp-content\\\/uploads\\\/2025\\\/02\\\/p5.png\",\"contentUrl\":\"https:\\\/\\\/fmgente.com.ar\\\/web\\\/wp-content\\\/uploads\\\/2025\\\/02\\\/p5.png\",\"width\":990,\"height\":660},{\"@type\":\"WebSite\",\"@id\":\"https:\\\/\\\/fmgente.com.ar\\\/web\\\/#website\",\"url\":\"https:\\\/\\\/fmgente.com.ar\\\/web\\\/\",\"name\":\"Fm Gente\",\"description\":\"- Jes\u00fas Mar\u00eda\",\"publisher\":{\"@id\":\"https:\\\/\\\/fmgente.com.ar\\\/web\\\/#organization\"},\"potentialAction\":[{\"@type\":\"SearchAction\",\"target\":{\"@type\":\"EntryPoint\",\"urlTemplate\":\"https:\\\/\\\/fmgente.com.ar\\\/web\\\/?s={search_term_string}\"},\"query-input\":{\"@type\":\"PropertyValueSpecification\",\"valueRequired\":true,\"valueName\":\"search_term_string\"}}],\"inLanguage\":\"es\"},{\"@type\":\"Organization\",\"@id\":\"https:\\\/\\\/fmgente.com.ar\\\/web\\\/#organization\",\"name\":\"Fm Gente\",\"url\":\"https:\\\/\\\/fmgente.com.ar\\\/web\\\/\",\"logo\":{\"@type\":\"ImageObject\",\"inLanguage\":\"es\",\"@id\":\"https:\\\/\\\/fmgente.com.ar\\\/web\\\/#\\\/schema\\\/logo\\\/image\\\/\",\"url\":\"https:\\\/\\\/fmgente.com.ar\\\/web\\\/wp-content\\\/uploads\\\/2023\\\/07\\\/cropped-cropped-logo-sombra2.png\",\"contentUrl\":\"https:\\\/\\\/fmgente.com.ar\\\/web\\\/wp-content\\\/uploads\\\/2023\\\/07\\\/cropped-cropped-logo-sombra2.png\",\"width\":1782,\"height\":1782,\"caption\":\"Fm Gente\"},\"image\":{\"@id\":\"https:\\\/\\\/fmgente.com.ar\\\/web\\\/#\\\/schema\\\/logo\\\/image\\\/\"}},{\"@type\":\"Person\",\"@id\":\"https:\\\/\\\/fmgente.com.ar\\\/web\\\/#\\\/schema\\\/person\\\/ba03fa75c17effdaafbd6daa1d78c508\",\"name\":\"Adri\u00e1n Hern\u00e1ndez\",\"url\":\"https:\\\/\\\/fmgente.com.ar\\\/web\\\/author\\\/c1601891\\\/\"}]}<\/script>\n<!-- \/ Yoast SEO plugin. -->","yoast_head_json":{"title":"Comienzan las Jornadas Pedag\u00f3gicas 2025 \u2013 TransFORMAR@Cba - Fm Gente","robots":{"index":"index","follow":"follow","max-snippet":"max-snippet:-1","max-image-preview":"max-image-preview:large","max-video-preview":"max-video-preview:-1"},"canonical":"https:\/\/fmgente.com.ar\/web\/comienzan-las-jornadas-pedagogicas-2025-transformarcba\/","og_locale":"es_ES","og_type":"article","og_title":"Comienzan las Jornadas Pedag\u00f3gicas 2025 \u2013 TransFORMAR@Cba - Fm Gente","og_description":"Ma\u00f1ana martes 11 de febrero, en el marco\u00a0Programa TransFORMAR@Cba 2025, comienzan las\u00a0Jornadas Pedag\u00f3gicas 2025. Se","og_url":"https:\/\/fmgente.com.ar\/web\/comienzan-las-jornadas-pedagogicas-2025-transformarcba\/","og_site_name":"Fm Gente","article_published_time":"2025-02-11T11:23:54+00:00","og_image":[{"width":990,"height":660,"url":"https:\/\/fmgente.com.ar\/web\/wp-content\/uploads\/2025\/02\/p5.png","type":"image\/png"}],"author":"Adri\u00e1n Hern\u00e1ndez","twitter_card":"summary_large_image","twitter_misc":{"Escrito por":"Adri\u00e1n Hern\u00e1ndez","Tiempo de lectura":"3 minutos"},"schema":{"@context":"https:\/\/schema.org","@graph":[{"@type":"Article","@id":"https:\/\/fmgente.com.ar\/web\/comienzan-las-jornadas-pedagogicas-2025-transformarcba\/#article","isPartOf":{"@id":"https:\/\/fmgente.com.ar\/web\/comienzan-las-jornadas-pedagogicas-2025-transformarcba\/"},"author":{"name":"Adri\u00e1n Hern\u00e1ndez","@id":"https:\/\/fmgente.com.ar\/web\/#\/schema\/person\/ba03fa75c17effdaafbd6daa1d78c508"},"headline":"Comienzan las Jornadas Pedag\u00f3gicas 2025 \u2013 TransFORMAR@Cba","datePublished":"2025-02-11T11:23:54+00:00","mainEntityOfPage":{"@id":"https:\/\/fmgente.com.ar\/web\/comienzan-las-jornadas-pedagogicas-2025-transformarcba\/"},"wordCount":604,"publisher":{"@id":"https:\/\/fmgente.com.ar\/web\/#organization"},"image":{"@id":"https:\/\/fmgente.com.ar\/web\/comienzan-las-jornadas-pedagogicas-2025-transformarcba\/#primaryimage"},"thumbnailUrl":"https:\/\/fmgente.com.ar\/web\/wp-content\/uploads\/2025\/02\/p5.png","keywords":["agro","alerta","Bomberos","cadena norte","campo","ciudad","clima","C\u00f3rdoba","deportes","drogas","econom\u00eda","fpa","fuego","fuerza","Gobierno de C\u00f3rdoba","incendios","Llaryora","meteorol\u00f3gico","MPF","negocios","Norte","noticias","obras","policiales","pol\u00edtica","programas","radio fm","salud","seguridad","turismo","\u00faltimo momento"],"articleSection":["REGIONALES"],"inLanguage":"es"},{"@type":"WebPage","@id":"https:\/\/fmgente.com.ar\/web\/comienzan-las-jornadas-pedagogicas-2025-transformarcba\/","url":"https:\/\/fmgente.com.ar\/web\/comienzan-las-jornadas-pedagogicas-2025-transformarcba\/","name":"Comienzan las Jornadas Pedag\u00f3gicas 2025 \u2013 TransFORMAR@Cba - Fm Gente","isPartOf":{"@id":"https:\/\/fmgente.com.ar\/web\/#website"},"primaryImageOfPage":{"@id":"https:\/\/fmgente.com.ar\/web\/comienzan-las-jornadas-pedagogicas-2025-transformarcba\/#primaryimage"},"image":{"@id":"https:\/\/fmgente.com.ar\/web\/comienzan-las-jornadas-pedagogicas-2025-transformarcba\/#primaryimage"},"thumbnailUrl":"https:\/\/fmgente.com.ar\/web\/wp-content\/uploads\/2025\/02\/p5.png","datePublished":"2025-02-11T11:23:54+00:00","inLanguage":"es","potentialAction":[{"@type":"ReadAction","target":["https:\/\/fmgente.com.ar\/web\/comienzan-las-jornadas-pedagogicas-2025-transformarcba\/"]}]},{"@type":"ImageObject","inLanguage":"es","@id":"https:\/\/fmgente.com.ar\/web\/comienzan-las-jornadas-pedagogicas-2025-transformarcba\/#primaryimage","url":"https:\/\/fmgente.com.ar\/web\/wp-content\/uploads\/2025\/02\/p5.png","contentUrl":"https:\/\/fmgente.com.ar\/web\/wp-content\/uploads\/2025\/02\/p5.png","width":990,"height":660},{"@type":"WebSite","@id":"https:\/\/fmgente.com.ar\/web\/#website","url":"https:\/\/fmgente.com.ar\/web\/","name":"Fm Gente","description":"- Jes\u00fas Mar\u00eda","publisher":{"@id":"https:\/\/fmgente.com.ar\/web\/#organization"},"potentialAction":[{"@type":"SearchAction","target":{"@type":"EntryPoint","urlTemplate":"https:\/\/fmgente.com.ar\/web\/?s={search_term_string}"},"query-input":{"@type":"PropertyValueSpecification","valueRequired":true,"valueName":"search_term_string"}}],"inLanguage":"es"},{"@type":"Organization","@id":"https:\/\/fmgente.com.ar\/web\/#organization","name":"Fm Gente","url":"https:\/\/fmgente.com.ar\/web\/","logo":{"@type":"ImageObject","inLanguage":"es","@id":"https:\/\/fmgente.com.ar\/web\/#\/schema\/logo\/image\/","url":"https:\/\/fmgente.com.ar\/web\/wp-content\/uploads\/2023\/07\/cropped-cropped-logo-sombra2.png","contentUrl":"https:\/\/fmgente.com.ar\/web\/wp-content\/uploads\/2023\/07\/cropped-cropped-logo-sombra2.png","width":1782,"height":1782,"caption":"Fm Gente"},"image":{"@id":"https:\/\/fmgente.com.ar\/web\/#\/schema\/logo\/image\/"}},{"@type":"Person","@id":"https:\/\/fmgente.com.ar\/web\/#\/schema\/person\/ba03fa75c17effdaafbd6daa1d78c508","name":"Adri\u00e1n Hern\u00e1ndez","url":"https:\/\/fmgente.com.ar\/web\/author\/c1601891\/"}]}},"_links":{"self":[{"href":"https:\/\/fmgente.com.ar\/web\/wp-json\/wp\/v2\/posts\/4460","targetHints":{"allow":["GET"]}}],"collection":[{"href":"https:\/\/fmgente.com.ar\/web\/wp-json\/wp\/v2\/posts"}],"about":[{"href":"https:\/\/fmgente.com.ar\/web\/wp-json\/wp\/v2\/types\/post"}],"author":[{"embeddable":true,"href":"https:\/\/fmgente.com.ar\/web\/wp-json\/wp\/v2\/users\/2"}],"replies":[{"embeddable":true,"href":"https:\/\/fmgente.com.ar\/web\/wp-json\/wp\/v2\/comments?post=4460"}],"version-history":[{"count":1,"href":"https:\/\/fmgente.com.ar\/web\/wp-json\/wp\/v2\/posts\/4460\/revisions"}],"predecessor-version":[{"id":4462,"href":"https:\/\/fmgente.com.ar\/web\/wp-json\/wp\/v2\/posts\/4460\/revisions\/4462"}],"wp:featuredmedia":[{"embeddable":true,"href":"https:\/\/fmgente.com.ar\/web\/wp-json\/wp\/v2\/media\/4461"}],"wp:attachment":[{"href":"https:\/\/fmgente.com.ar\/web\/wp-json\/wp\/v2\/media?parent=4460"}],"wp:term":[{"taxonomy":"category","embeddable":true,"href":"https:\/\/fmgente.com.ar\/web\/wp-json\/wp\/v2\/categories?post=4460"},{"taxonomy":"post_tag","embeddable":true,"href":"https:\/\/fmgente.com.ar\/web\/wp-json\/wp\/v2\/tags?post=4460"}],"curies":[{"name":"wp","href":"https:\/\/api.w.org\/{rel}","templated":true}]}}