{"id":4390,"date":"2025-02-10T08:38:23","date_gmt":"2025-02-10T11:38:23","guid":{"rendered":"https:\/\/fmgente.com.ar\/?p=4390"},"modified":"2025-02-10T08:38:23","modified_gmt":"2025-02-10T11:38:23","slug":"energia-llaryora-y-pullaro-piden-a-la-nacion-dos-obras-clave-para-el-sector-productivo","status":"publish","type":"post","link":"https:\/\/fmgente.com.ar\/web\/energia-llaryora-y-pullaro-piden-a-la-nacion-dos-obras-clave-para-el-sector-productivo\/","title":{"rendered":"Energ\u00eda: Llaryora y Pullaro piden a la Naci\u00f3n dos obras clave para el sector productivo"},"content":{"rendered":"<article id=\"post-613883\" class=\"post-613883 post type-post status-publish format-standard has-post-thumbnail hentry category-gobernador category-informacion-general category-no-home category-obra-publica ast-article-single\">\n<div class=\"ast-post-format- single-layout-1\">\n<div class=\"entry-content clear\">\n<p class=\" eplus-wrapper\">Los gobiernos de C\u00f3rdoba y Santa Fe, encabezados por Mart\u00edn Llaryora y Maximiliano Pullaro respectivamente, enviaron una nota dirigida al jefe de Gabinete de la Naci\u00f3n, Guillermo Francos, manifestando la necesidad y conveniencia de llevar adelante un conjunto de obras en el Sistema de Transporte en Extra Alta Tensi\u00f3n de 500 kV en el Sistema Argentino de Interconexi\u00f3n -SADI-, que adem\u00e1s de resultar de importancia para\u00a0 el conjunto de actores del SADI, tienen relevancia para para ambas provincias integrantes de la Regi\u00f3n Centro.<\/p>\n<p class=\" eplus-wrapper\">En la misiva, ambos mandatarios ratificaron la necesidad que desde el Sistema Argentino de Interconexi\u00f3n en su conjunto se d\u00e9 curso a la ejecuci\u00f3n de las obras para poder asegurar un crecimiento federal, coordinado y arm\u00f3nico del Sistema de Transporte en 500 kV, permitiendo as\u00ed hacer frente al d\u00e9ficit que presenta la capacidad de transporte el\u00e9ctrico en la actualidad y fortalecer el crecimiento econ\u00f3mico y social de todo nuestro pa\u00eds.<\/p>\n<p class=\" eplus-wrapper\">Fundamentan que la ejecuci\u00f3n de estas obras permitir\u00e1 \u201c<em>mayor seguridad en la operaci\u00f3n del sistema el\u00e9ctrico nacional que se encuentra en estado cr\u00edtico, el desarrollo de nuevas inversiones en generaci\u00f3n de energ\u00eda en otras regiones del pa\u00eds que contar\u00e1n con mayor capacidad para transportar su producci\u00f3n y afianzar el abastecimiento de energ\u00eda a los usuarios de nuestro pa\u00eds<\/em>\u201d.<\/p>\n<p class=\" eplus-wrapper\">Adem\u00e1s, remarcaron que las obras \u201c<em>han sido objeto de presentaciones, solicitudes y an\u00e1lisis previos en m\u00faltiples instancias por parte de las autoridades sectoriales y nacionales que intervienen en el estudio y definici\u00f3n de las obras a desarrollarse para la expansi\u00f3n del sistema de transporte el\u00e9ctrico en nuestro pa\u00eds, que tal como es de vuestro conocimiento se encuentra en un estado cr\u00edtico que afecta tanto a la demanda como a la oferta de energ\u00eda del sistema en general<\/em>\u201d.<\/p>\n<h4 class=\" wp-block-heading eplus-wrapper\">Detalle de las obras<\/h4>\n<p class=\" eplus-wrapper\">El reclamo de los gobernadores est\u00e1 destinado a la ejecuci\u00f3n del Proyecto Diamante-Charlone 500 kV y del Proyecto Santo Tom\u00e9-San Francisco Malvinas 500 kV, que tienen un importante efecto sobre el sistema el\u00e9ctrico nacional, en tanto permiten incrementar la oferta de energ\u00eda en cuanto a proyectos renovables como as\u00ed tambi\u00e9n t\u00e9rmicos.<\/p>\n<p class=\" eplus-wrapper\">Estos posibilitar\u00e1n desarrollar inversiones para captar y aprovechar el recurso renovable e incrementar la capacidad de transporte que dispone en el pa\u00eds, como as\u00ed tambi\u00e9n disminuir el riesgo de colapso que el sistema muestra actualmente en m\u00faltiples nodos.<\/p>\n<p class=\" eplus-wrapper\">De esa manera se dar\u00e1 mayor robustez a la capacidad de abastecimiento de energ\u00eda el\u00e9ctrica al permitir el cierre de anillos en el sistema de transporte, generando circuitos alternativos para vincular la oferta con la demanda y garantizando condiciones de operaci\u00f3n m\u00e1s vers\u00e1til y confiable.<\/p>\n<p class=\" eplus-wrapper\">1) Proyecto Diamante-Charlone 500 kV, el cual contempla la ejecuci\u00f3n de:<\/p>\n<ul class=\" wp-block-list eplus-wrapper eplus-styles-uid-adcd74\">\n<li class=\" eplus-wrapper\">L\u00ednea Extra Alta Tensi\u00f3n 500 kV entre R\u00edo Diamante (Mendoza) y Charlone (Bs.As.) con una longitud de 490 km.<\/li>\n<li class=\" eplus-wrapper\">Estaci\u00f3n Transformadora de 500\/132 kV en la localidad de Charlone (Bs.As.) con una potencia de transformaci\u00f3n de 600 MVA<\/li>\n<li class=\" eplus-wrapper\">Correspondientes L\u00edneas de Alta Tensi\u00f3n en 132 kV a Rufino (Santa Fe), a General Villegas (Bs.As.), a Laboulaye (C\u00f3rdoba), a Realic\u00f3 y General Pico (La Pampa).<\/li>\n<li class=\" eplus-wrapper\">Repotenciaci\u00f3n de las Estaciones Transformadoras de 132 kV de Rufino, General Villegas, Laboulaye, Realic\u00f3 y General Pico.<\/li>\n<\/ul>\n<p class=\" eplus-wrapper\">2) Proyecto Santo Tom\u00e9-San Francisco-Malvinas 500 kV, con la ejecuci\u00f3n de:<\/p>\n<ul class=\" wp-block-list eplus-wrapper eplus-styles-uid-051d91\">\n<li class=\" eplus-wrapper\">L\u00ednea Extra Alta Tensi\u00f3n 500 kV entre Santo Tom\u00e9 (Santa Fe), San Francisco (C\u00f3rdoba) y\u00a0 Malvinas Argentinas (C\u00f3rdoba) con una longitud de 300 km.<\/li>\n<li class=\" eplus-wrapper\">Estaci\u00f3n Transformadora de 500\/132 kV en la localidad de San Francisco (C\u00f3rdoba) con una potencia de transformaci\u00f3n de 450 MVA.<\/li>\n<li class=\" eplus-wrapper\">Estaci\u00f3n Transformadora de 132 kV en San Francisco (C\u00f3rdoba).<\/li>\n<\/ul>\n<p class=\" eplus-wrapper\">\n<\/div>\n<\/div>\n<\/article>\n<p><script async src=\"https:\/\/pagead2.googlesyndication.com\/pagead\/js\/adsbygoogle.js?client=ca-pub-6190387823963118\" crossorigin=\"anonymous\"><\/script><br \/>\n<!-- publi horizontal --><br \/>\n<ins class=\"adsbygoogle\" style=\"display: block;\" data-ad-client=\"ca-pub-6190387823963118\" data-ad-slot=\"1318105772\" data-ad-format=\"auto\" data-full-width-responsive=\"true\"><\/ins><br \/>\n<script>\n     (adsbygoogle = window.adsbygoogle || []).push({});\n<\/script><\/p>\n","protected":false},"excerpt":{"rendered":"<p>Los gobiernos de C\u00f3rdoba y Santa Fe, encabezados por Mart\u00edn Llaryora y Maximiliano Pullaro respectivamente,<\/p>\n","protected":false},"author":2,"featured_media":4391,"comment_status":"closed","ping_status":"closed","sticky":false,"template":"","format":"standard","meta":{"footnotes":""},"categories":[1],"tags":[573,610,457,1745,290,103,120,23,216,283,165,249,130,1765,899,41,47,1763,1682,1764,1746,1671,99,1697,1762,1672,1744,26,1596,612,1754],"class_list":["post-4390","post","type-post","status-publish","format-standard","has-post-thumbnail","hentry","category-regionales","tag-agro","tag-alerta","tag-bomberos","tag-cadena-norte","tag-campo","tag-ciudad","tag-clima","tag-cordoba","tag-deportes","tag-drogas","tag-economia","tag-fpa","tag-fuego","tag-fuerza","tag-gobierno-de-cordoba","tag-incendios","tag-llaryora","tag-meteorologico","tag-mpf","tag-negocios","tag-norte","tag-noticias","tag-obras","tag-policiales","tag-politica","tag-programas","tag-radio-fm","tag-salud","tag-seguridad","tag-turismo","tag-ultimo-momento"],"yoast_head":"<!-- This site is optimized with the Yoast SEO plugin v27.4 - https:\/\/yoast.com\/product\/yoast-seo-wordpress\/ -->\n<title>Energ\u00eda: Llaryora y Pullaro piden a la Naci\u00f3n dos obras clave para el sector productivo - Fm Gente<\/title>\n<meta name=\"robots\" content=\"index, follow, max-snippet:-1, max-image-preview:large, max-video-preview:-1\" \/>\n<link rel=\"canonical\" href=\"https:\/\/fmgente.com.ar\/web\/energia-llaryora-y-pullaro-piden-a-la-nacion-dos-obras-clave-para-el-sector-productivo\/\" \/>\n<meta property=\"og:locale\" content=\"es_ES\" \/>\n<meta property=\"og:type\" content=\"article\" \/>\n<meta property=\"og:title\" content=\"Energ\u00eda: Llaryora y Pullaro piden a la Naci\u00f3n dos obras clave para el sector productivo - Fm Gente\" \/>\n<meta property=\"og:description\" content=\"Los gobiernos de C\u00f3rdoba y Santa Fe, encabezados por Mart\u00edn Llaryora y Maximiliano Pullaro respectivamente,\" \/>\n<meta property=\"og:url\" content=\"https:\/\/fmgente.com.ar\/web\/energia-llaryora-y-pullaro-piden-a-la-nacion-dos-obras-clave-para-el-sector-productivo\/\" \/>\n<meta property=\"og:site_name\" content=\"Fm Gente\" \/>\n<meta property=\"article:published_time\" content=\"2025-02-10T11:38:23+00:00\" \/>\n<meta property=\"og:image\" content=\"https:\/\/fmgente.com.ar\/web\/wp-content\/uploads\/2025\/02\/p3.jpeg\" \/>\n\t<meta property=\"og:image:width\" content=\"1024\" \/>\n\t<meta property=\"og:image:height\" content=\"681\" \/>\n\t<meta property=\"og:image:type\" content=\"image\/jpeg\" \/>\n<meta name=\"author\" content=\"Adri\u00e1n Hern\u00e1ndez\" \/>\n<meta name=\"twitter:card\" content=\"summary_large_image\" \/>\n<meta name=\"twitter:label1\" content=\"Escrito por\" \/>\n\t<meta name=\"twitter:data1\" content=\"Adri\u00e1n Hern\u00e1ndez\" \/>\n\t<meta name=\"twitter:label2\" content=\"Tiempo de lectura\" \/>\n\t<meta name=\"twitter:data2\" content=\"3 minutos\" \/>\n<script type=\"application\/ld+json\" class=\"yoast-schema-graph\">{\"@context\":\"https:\\\/\\\/schema.org\",\"@graph\":[{\"@type\":\"Article\",\"@id\":\"https:\\\/\\\/fmgente.com.ar\\\/web\\\/energia-llaryora-y-pullaro-piden-a-la-nacion-dos-obras-clave-para-el-sector-productivo\\\/#article\",\"isPartOf\":{\"@id\":\"https:\\\/\\\/fmgente.com.ar\\\/web\\\/energia-llaryora-y-pullaro-piden-a-la-nacion-dos-obras-clave-para-el-sector-productivo\\\/\"},\"author\":{\"name\":\"Adri\u00e1n Hern\u00e1ndez\",\"@id\":\"https:\\\/\\\/fmgente.com.ar\\\/web\\\/#\\\/schema\\\/person\\\/ba03fa75c17effdaafbd6daa1d78c508\"},\"headline\":\"Energ\u00eda: Llaryora y Pullaro piden a la Naci\u00f3n dos obras clave para el sector productivo\",\"datePublished\":\"2025-02-10T11:38:23+00:00\",\"mainEntityOfPage\":{\"@id\":\"https:\\\/\\\/fmgente.com.ar\\\/web\\\/energia-llaryora-y-pullaro-piden-a-la-nacion-dos-obras-clave-para-el-sector-productivo\\\/\"},\"wordCount\":653,\"publisher\":{\"@id\":\"https:\\\/\\\/fmgente.com.ar\\\/web\\\/#organization\"},\"image\":{\"@id\":\"https:\\\/\\\/fmgente.com.ar\\\/web\\\/energia-llaryora-y-pullaro-piden-a-la-nacion-dos-obras-clave-para-el-sector-productivo\\\/#primaryimage\"},\"thumbnailUrl\":\"https:\\\/\\\/fmgente.com.ar\\\/web\\\/wp-content\\\/uploads\\\/2025\\\/02\\\/p3.jpeg\",\"keywords\":[\"agro\",\"alerta\",\"Bomberos\",\"cadena norte\",\"campo\",\"ciudad\",\"clima\",\"C\u00f3rdoba\",\"deportes\",\"drogas\",\"econom\u00eda\",\"fpa\",\"fuego\",\"fuerza\",\"Gobierno de C\u00f3rdoba\",\"incendios\",\"Llaryora\",\"meteorol\u00f3gico\",\"MPF\",\"negocios\",\"Norte\",\"noticias\",\"obras\",\"policiales\",\"pol\u00edtica\",\"programas\",\"radio fm\",\"salud\",\"seguridad\",\"turismo\",\"\u00faltimo momento\"],\"articleSection\":[\"REGIONALES\"],\"inLanguage\":\"es\"},{\"@type\":\"WebPage\",\"@id\":\"https:\\\/\\\/fmgente.com.ar\\\/web\\\/energia-llaryora-y-pullaro-piden-a-la-nacion-dos-obras-clave-para-el-sector-productivo\\\/\",\"url\":\"https:\\\/\\\/fmgente.com.ar\\\/web\\\/energia-llaryora-y-pullaro-piden-a-la-nacion-dos-obras-clave-para-el-sector-productivo\\\/\",\"name\":\"Energ\u00eda: Llaryora y Pullaro piden a la Naci\u00f3n dos obras clave para el sector productivo - Fm Gente\",\"isPartOf\":{\"@id\":\"https:\\\/\\\/fmgente.com.ar\\\/web\\\/#website\"},\"primaryImageOfPage\":{\"@id\":\"https:\\\/\\\/fmgente.com.ar\\\/web\\\/energia-llaryora-y-pullaro-piden-a-la-nacion-dos-obras-clave-para-el-sector-productivo\\\/#primaryimage\"},\"image\":{\"@id\":\"https:\\\/\\\/fmgente.com.ar\\\/web\\\/energia-llaryora-y-pullaro-piden-a-la-nacion-dos-obras-clave-para-el-sector-productivo\\\/#primaryimage\"},\"thumbnailUrl\":\"https:\\\/\\\/fmgente.com.ar\\\/web\\\/wp-content\\\/uploads\\\/2025\\\/02\\\/p3.jpeg\",\"datePublished\":\"2025-02-10T11:38:23+00:00\",\"inLanguage\":\"es\",\"potentialAction\":[{\"@type\":\"ReadAction\",\"target\":[\"https:\\\/\\\/fmgente.com.ar\\\/web\\\/energia-llaryora-y-pullaro-piden-a-la-nacion-dos-obras-clave-para-el-sector-productivo\\\/\"]}]},{\"@type\":\"ImageObject\",\"inLanguage\":\"es\",\"@id\":\"https:\\\/\\\/fmgente.com.ar\\\/web\\\/energia-llaryora-y-pullaro-piden-a-la-nacion-dos-obras-clave-para-el-sector-productivo\\\/#primaryimage\",\"url\":\"https:\\\/\\\/fmgente.com.ar\\\/web\\\/wp-content\\\/uploads\\\/2025\\\/02\\\/p3.jpeg\",\"contentUrl\":\"https:\\\/\\\/fmgente.com.ar\\\/web\\\/wp-content\\\/uploads\\\/2025\\\/02\\\/p3.jpeg\",\"width\":1024,\"height\":681},{\"@type\":\"WebSite\",\"@id\":\"https:\\\/\\\/fmgente.com.ar\\\/web\\\/#website\",\"url\":\"https:\\\/\\\/fmgente.com.ar\\\/web\\\/\",\"name\":\"Fm Gente\",\"description\":\"- Jes\u00fas Mar\u00eda\",\"publisher\":{\"@id\":\"https:\\\/\\\/fmgente.com.ar\\\/web\\\/#organization\"},\"potentialAction\":[{\"@type\":\"SearchAction\",\"target\":{\"@type\":\"EntryPoint\",\"urlTemplate\":\"https:\\\/\\\/fmgente.com.ar\\\/web\\\/?s={search_term_string}\"},\"query-input\":{\"@type\":\"PropertyValueSpecification\",\"valueRequired\":true,\"valueName\":\"search_term_string\"}}],\"inLanguage\":\"es\"},{\"@type\":\"Organization\",\"@id\":\"https:\\\/\\\/fmgente.com.ar\\\/web\\\/#organization\",\"name\":\"Fm Gente\",\"url\":\"https:\\\/\\\/fmgente.com.ar\\\/web\\\/\",\"logo\":{\"@type\":\"ImageObject\",\"inLanguage\":\"es\",\"@id\":\"https:\\\/\\\/fmgente.com.ar\\\/web\\\/#\\\/schema\\\/logo\\\/image\\\/\",\"url\":\"https:\\\/\\\/fmgente.com.ar\\\/web\\\/wp-content\\\/uploads\\\/2023\\\/07\\\/cropped-cropped-logo-sombra2.png\",\"contentUrl\":\"https:\\\/\\\/fmgente.com.ar\\\/web\\\/wp-content\\\/uploads\\\/2023\\\/07\\\/cropped-cropped-logo-sombra2.png\",\"width\":1782,\"height\":1782,\"caption\":\"Fm Gente\"},\"image\":{\"@id\":\"https:\\\/\\\/fmgente.com.ar\\\/web\\\/#\\\/schema\\\/logo\\\/image\\\/\"}},{\"@type\":\"Person\",\"@id\":\"https:\\\/\\\/fmgente.com.ar\\\/web\\\/#\\\/schema\\\/person\\\/ba03fa75c17effdaafbd6daa1d78c508\",\"name\":\"Adri\u00e1n Hern\u00e1ndez\",\"url\":\"https:\\\/\\\/fmgente.com.ar\\\/web\\\/author\\\/c1601891\\\/\"}]}<\/script>\n<!-- \/ Yoast SEO plugin. -->","yoast_head_json":{"title":"Energ\u00eda: Llaryora y Pullaro piden a la Naci\u00f3n dos obras clave para el sector productivo - Fm Gente","robots":{"index":"index","follow":"follow","max-snippet":"max-snippet:-1","max-image-preview":"max-image-preview:large","max-video-preview":"max-video-preview:-1"},"canonical":"https:\/\/fmgente.com.ar\/web\/energia-llaryora-y-pullaro-piden-a-la-nacion-dos-obras-clave-para-el-sector-productivo\/","og_locale":"es_ES","og_type":"article","og_title":"Energ\u00eda: Llaryora y Pullaro piden a la Naci\u00f3n dos obras clave para el sector productivo - Fm Gente","og_description":"Los gobiernos de C\u00f3rdoba y Santa Fe, encabezados por Mart\u00edn Llaryora y Maximiliano Pullaro respectivamente,","og_url":"https:\/\/fmgente.com.ar\/web\/energia-llaryora-y-pullaro-piden-a-la-nacion-dos-obras-clave-para-el-sector-productivo\/","og_site_name":"Fm Gente","article_published_time":"2025-02-10T11:38:23+00:00","og_image":[{"width":1024,"height":681,"url":"https:\/\/fmgente.com.ar\/web\/wp-content\/uploads\/2025\/02\/p3.jpeg","type":"image\/jpeg"}],"author":"Adri\u00e1n Hern\u00e1ndez","twitter_card":"summary_large_image","twitter_misc":{"Escrito por":"Adri\u00e1n Hern\u00e1ndez","Tiempo de lectura":"3 minutos"},"schema":{"@context":"https:\/\/schema.org","@graph":[{"@type":"Article","@id":"https:\/\/fmgente.com.ar\/web\/energia-llaryora-y-pullaro-piden-a-la-nacion-dos-obras-clave-para-el-sector-productivo\/#article","isPartOf":{"@id":"https:\/\/fmgente.com.ar\/web\/energia-llaryora-y-pullaro-piden-a-la-nacion-dos-obras-clave-para-el-sector-productivo\/"},"author":{"name":"Adri\u00e1n Hern\u00e1ndez","@id":"https:\/\/fmgente.com.ar\/web\/#\/schema\/person\/ba03fa75c17effdaafbd6daa1d78c508"},"headline":"Energ\u00eda: Llaryora y Pullaro piden a la Naci\u00f3n dos obras clave para el sector productivo","datePublished":"2025-02-10T11:38:23+00:00","mainEntityOfPage":{"@id":"https:\/\/fmgente.com.ar\/web\/energia-llaryora-y-pullaro-piden-a-la-nacion-dos-obras-clave-para-el-sector-productivo\/"},"wordCount":653,"publisher":{"@id":"https:\/\/fmgente.com.ar\/web\/#organization"},"image":{"@id":"https:\/\/fmgente.com.ar\/web\/energia-llaryora-y-pullaro-piden-a-la-nacion-dos-obras-clave-para-el-sector-productivo\/#primaryimage"},"thumbnailUrl":"https:\/\/fmgente.com.ar\/web\/wp-content\/uploads\/2025\/02\/p3.jpeg","keywords":["agro","alerta","Bomberos","cadena norte","campo","ciudad","clima","C\u00f3rdoba","deportes","drogas","econom\u00eda","fpa","fuego","fuerza","Gobierno de C\u00f3rdoba","incendios","Llaryora","meteorol\u00f3gico","MPF","negocios","Norte","noticias","obras","policiales","pol\u00edtica","programas","radio fm","salud","seguridad","turismo","\u00faltimo momento"],"articleSection":["REGIONALES"],"inLanguage":"es"},{"@type":"WebPage","@id":"https:\/\/fmgente.com.ar\/web\/energia-llaryora-y-pullaro-piden-a-la-nacion-dos-obras-clave-para-el-sector-productivo\/","url":"https:\/\/fmgente.com.ar\/web\/energia-llaryora-y-pullaro-piden-a-la-nacion-dos-obras-clave-para-el-sector-productivo\/","name":"Energ\u00eda: Llaryora y Pullaro piden a la Naci\u00f3n dos obras clave para el sector productivo - Fm Gente","isPartOf":{"@id":"https:\/\/fmgente.com.ar\/web\/#website"},"primaryImageOfPage":{"@id":"https:\/\/fmgente.com.ar\/web\/energia-llaryora-y-pullaro-piden-a-la-nacion-dos-obras-clave-para-el-sector-productivo\/#primaryimage"},"image":{"@id":"https:\/\/fmgente.com.ar\/web\/energia-llaryora-y-pullaro-piden-a-la-nacion-dos-obras-clave-para-el-sector-productivo\/#primaryimage"},"thumbnailUrl":"https:\/\/fmgente.com.ar\/web\/wp-content\/uploads\/2025\/02\/p3.jpeg","datePublished":"2025-02-10T11:38:23+00:00","inLanguage":"es","potentialAction":[{"@type":"ReadAction","target":["https:\/\/fmgente.com.ar\/web\/energia-llaryora-y-pullaro-piden-a-la-nacion-dos-obras-clave-para-el-sector-productivo\/"]}]},{"@type":"ImageObject","inLanguage":"es","@id":"https:\/\/fmgente.com.ar\/web\/energia-llaryora-y-pullaro-piden-a-la-nacion-dos-obras-clave-para-el-sector-productivo\/#primaryimage","url":"https:\/\/fmgente.com.ar\/web\/wp-content\/uploads\/2025\/02\/p3.jpeg","contentUrl":"https:\/\/fmgente.com.ar\/web\/wp-content\/uploads\/2025\/02\/p3.jpeg","width":1024,"height":681},{"@type":"WebSite","@id":"https:\/\/fmgente.com.ar\/web\/#website","url":"https:\/\/fmgente.com.ar\/web\/","name":"Fm Gente","description":"- Jes\u00fas Mar\u00eda","publisher":{"@id":"https:\/\/fmgente.com.ar\/web\/#organization"},"potentialAction":[{"@type":"SearchAction","target":{"@type":"EntryPoint","urlTemplate":"https:\/\/fmgente.com.ar\/web\/?s={search_term_string}"},"query-input":{"@type":"PropertyValueSpecification","valueRequired":true,"valueName":"search_term_string"}}],"inLanguage":"es"},{"@type":"Organization","@id":"https:\/\/fmgente.com.ar\/web\/#organization","name":"Fm Gente","url":"https:\/\/fmgente.com.ar\/web\/","logo":{"@type":"ImageObject","inLanguage":"es","@id":"https:\/\/fmgente.com.ar\/web\/#\/schema\/logo\/image\/","url":"https:\/\/fmgente.com.ar\/web\/wp-content\/uploads\/2023\/07\/cropped-cropped-logo-sombra2.png","contentUrl":"https:\/\/fmgente.com.ar\/web\/wp-content\/uploads\/2023\/07\/cropped-cropped-logo-sombra2.png","width":1782,"height":1782,"caption":"Fm Gente"},"image":{"@id":"https:\/\/fmgente.com.ar\/web\/#\/schema\/logo\/image\/"}},{"@type":"Person","@id":"https:\/\/fmgente.com.ar\/web\/#\/schema\/person\/ba03fa75c17effdaafbd6daa1d78c508","name":"Adri\u00e1n Hern\u00e1ndez","url":"https:\/\/fmgente.com.ar\/web\/author\/c1601891\/"}]}},"_links":{"self":[{"href":"https:\/\/fmgente.com.ar\/web\/wp-json\/wp\/v2\/posts\/4390","targetHints":{"allow":["GET"]}}],"collection":[{"href":"https:\/\/fmgente.com.ar\/web\/wp-json\/wp\/v2\/posts"}],"about":[{"href":"https:\/\/fmgente.com.ar\/web\/wp-json\/wp\/v2\/types\/post"}],"author":[{"embeddable":true,"href":"https:\/\/fmgente.com.ar\/web\/wp-json\/wp\/v2\/users\/2"}],"replies":[{"embeddable":true,"href":"https:\/\/fmgente.com.ar\/web\/wp-json\/wp\/v2\/comments?post=4390"}],"version-history":[{"count":1,"href":"https:\/\/fmgente.com.ar\/web\/wp-json\/wp\/v2\/posts\/4390\/revisions"}],"predecessor-version":[{"id":4392,"href":"https:\/\/fmgente.com.ar\/web\/wp-json\/wp\/v2\/posts\/4390\/revisions\/4392"}],"wp:featuredmedia":[{"embeddable":true,"href":"https:\/\/fmgente.com.ar\/web\/wp-json\/wp\/v2\/media\/4391"}],"wp:attachment":[{"href":"https:\/\/fmgente.com.ar\/web\/wp-json\/wp\/v2\/media?parent=4390"}],"wp:term":[{"taxonomy":"category","embeddable":true,"href":"https:\/\/fmgente.com.ar\/web\/wp-json\/wp\/v2\/categories?post=4390"},{"taxonomy":"post_tag","embeddable":true,"href":"https:\/\/fmgente.com.ar\/web\/wp-json\/wp\/v2\/tags?post=4390"}],"curies":[{"name":"wp","href":"https:\/\/api.w.org\/{rel}","templated":true}]}}