{"id":4387,"date":"2025-02-10T08:36:58","date_gmt":"2025-02-10T11:36:58","guid":{"rendered":"https:\/\/fmgente.com.ar\/?p=4387"},"modified":"2025-02-10T08:36:58","modified_gmt":"2025-02-10T11:36:58","slug":"banado-de-soto-llaryora-entrego-fondos-al-festival-del-lechon-y-anuncio-obras-de-infraestructura","status":"publish","type":"post","link":"https:\/\/fmgente.com.ar\/web\/banado-de-soto-llaryora-entrego-fondos-al-festival-del-lechon-y-anuncio-obras-de-infraestructura\/","title":{"rendered":"Ba\u00f1ado de Soto: Llaryora entreg\u00f3 fondos al Festival del Lech\u00f3n y anunci\u00f3 obras de infraestructura"},"content":{"rendered":"<article id=\"post-613876\" class=\"post-613876 post type-post status-publish format-standard has-post-thumbnail hentry category-gobernador category-informacion-general category-no-home ast-article-single\">\n<div class=\"ast-post-format- single-layout-1\">\n<div class=\"entry-content clear\">\n<p class=\" eplus-wrapper\">El gobernador Mart\u00edn Llaryora visit\u00f3 la localidad de Ba\u00f1ado de Soto en el marco del 20\u00b0 Festival Provincial del Lech\u00f3n y anunci\u00f3 nuevas inversiones en infraestructura.<\/p>\n<p class=\" eplus-wrapper\">Este evento es una celebraci\u00f3n de la tradici\u00f3n y la gastronom\u00eda local, donde durante las jornadas del viernes y el s\u00e1bado se puedieron disfrutar de lechones asados y otros platos t\u00edpicos.<\/p>\n<p class=\" eplus-wrapper\">En el lugar, el mandatario cordob\u00e9s firm\u00f3 un convenio con el intendente Fabricio Ruiz para la ejecuci\u00f3n de 2.000 metros de adoquinado en el acceso a la escuela Mariano Moreno y el barrio Dominguito, con una inversi\u00f3n de 200 millones de pesos.<\/p>\n<p class=\" eplus-wrapper\">Al mismo tiempo, el gobernador otorg\u00f3 un aporte de 11.400.000 pesos destinados a la realizaci\u00f3n del tradicional Festival Provincial del Lech\u00f3n, un evento que a\u00f1o tras a\u00f1o convoca a miles de personas y fortalece la identidad cultural y gastron\u00f3mica de la regi\u00f3n.<\/p>\n<p class=\" eplus-wrapper\">En ese sentido, Llaryora sostuvo que \u201c<em>los cordobeses vinculamos la alegr\u00eda con el trabajo. Estos festivales dan trabajo.\u00a0Y cuando termine la temporada de verano se ver\u00e1 el \u00e9xito de la capacidad hotelera de C\u00f3rdoba. Y eso est\u00e1 vinculado a los festivales y las ferias\u201d<\/em>.<\/p>\n<p class=\" eplus-wrapper\">\u201c<em>Este es uno de los festivales m\u00e1s grandes del interior de la Argentina, no solo de C\u00f3rdoba. Y acompa\u00f1ar estos festivales no es solo acompa\u00f1ar la cultura, sino que acompa\u00f1amos el trabajo. Y para nosotros gobernar es generar trabajo, y el turismo genera trabajo<\/em>\u201d, agreg\u00f3 el gobernador.<\/p>\n<figure class=\" wp-block-audio eplus-wrapper\"><audio src=\"https:\/\/prensa.cba.gov.ar\/wp-content\/uploads\/2025\/02\/Llaryora-rueda-de-prensa-Banado-del-Soto.mp3\" controls=\"controls\" data-mce-fragment=\"1\"><\/audio><figcaption class=\"wp-element-caption\"><strong><em>Audio gobernador Mart\u00edn Llaryora.<\/em><\/strong><\/figcaption><\/figure>\n<p class=\" eplus-wrapper\">El mandatario record\u00f3 que para fomentar el turismo se hicieron importantes obras viales, como las autov\u00edas Punilla y Calamuchita; al tiempo que repas\u00f3 el recientemente anunciado Plan de Igualdad Territorial del Noroeste y el Sur Sur C\u00f3rdob\u00e9s, que busca dotar de m\u00e1s oportunidades a estas regiones a trav\u00e9s de infraestructura e incentivos fiscales para atraer inversiones.<\/p>\n<p class=\" eplus-wrapper\">\u201c<em>Con inversi\u00f3n, con obras, con infraestructura y con educaci\u00f3n, iremos transformando el Noroeste y Sur Sur cordob\u00e9s, para poder crecer y progresar, y que cada vez haya m\u00e1s trabajo<\/em>\u201d, concluy\u00f3 el mandatario.<\/p>\n<p class=\" eplus-wrapper\">Por otro lado, en materia habitacional, dos familias de Ba\u00f1ado de Soto cumplieron el sue\u00f1o de la casa propia, al recibir las llaves de sus Viviendas Semilla, con una inversi\u00f3n provincial que super\u00f3 los 48 millones de pesos.<\/p>\n<figure class=\"wp-block-gallery has-nested-images columns-default is-cropped eplus-wrapper wp-block-gallery-1\">\n<figure class=\"wp-block-image size-full eplus-wrapper\"><img loading=\"lazy\" decoding=\"async\" class=\"wp-image-613880\" src=\"https:\/\/prensa.cba.gov.ar\/wp-content\/uploads\/2025\/02\/banado-de-soto-2.jpeg\" sizes=\"auto, (max-width: 1563px) 100vw, 1563px\" srcset=\"https:\/\/prensa.cba.gov.ar\/wp-content\/uploads\/2025\/02\/banado-de-soto-2.jpeg 1563w, https:\/\/prensa.cba.gov.ar\/wp-content\/uploads\/2025\/02\/banado-de-soto-2-300x200.jpeg 300w, https:\/\/prensa.cba.gov.ar\/wp-content\/uploads\/2025\/02\/banado-de-soto-2-1024x683.jpeg 1024w, https:\/\/prensa.cba.gov.ar\/wp-content\/uploads\/2025\/02\/banado-de-soto-2-768x512.jpeg 768w, https:\/\/prensa.cba.gov.ar\/wp-content\/uploads\/2025\/02\/banado-de-soto-2-1536x1024.jpeg 1536w\" alt=\"\" width=\"1563\" height=\"1042\" data-id=\"613880\" \/><\/figure>\n<figure class=\"wp-block-image size-full eplus-wrapper\"><img loading=\"lazy\" decoding=\"async\" class=\"wp-image-613878\" src=\"https:\/\/prensa.cba.gov.ar\/wp-content\/uploads\/2025\/02\/banado-de-soto-1.jpeg\" sizes=\"auto, (max-width: 1600px) 100vw, 1600px\" srcset=\"https:\/\/prensa.cba.gov.ar\/wp-content\/uploads\/2025\/02\/banado-de-soto-1.jpeg 1600w, https:\/\/prensa.cba.gov.ar\/wp-content\/uploads\/2025\/02\/banado-de-soto-1-300x200.jpeg 300w, https:\/\/prensa.cba.gov.ar\/wp-content\/uploads\/2025\/02\/banado-de-soto-1-1024x682.jpeg 1024w, https:\/\/prensa.cba.gov.ar\/wp-content\/uploads\/2025\/02\/banado-de-soto-1-768x512.jpeg 768w, https:\/\/prensa.cba.gov.ar\/wp-content\/uploads\/2025\/02\/banado-de-soto-1-1536x1023.jpeg 1536w\" alt=\"\" width=\"1600\" height=\"1066\" data-id=\"613878\" \/><\/figure>\n<\/figure>\n<h4 class=\" wp-block-heading eplus-wrapper\">Ba\u00f1ado de Soto<\/h4>\n<p class=\" eplus-wrapper\">El Ba\u00f1ado de Soto es una localidad del Departamento Cruz del Eje, en el noroeste de la provincia de C\u00f3rdoba.<\/p>\n<p class=\" eplus-wrapper\">Se encuentra ubicada en la planicie que se extiende al norte del cord\u00f3n Occidental de las Sierras de C\u00f3rdoba, con declive hacia las Salinas Grandes.<\/p>\n<p class=\" eplus-wrapper\">Ba\u00f1ado de Soto se encuentra a orillas del r\u00edo Soto, a 10 km al noroeste de la localidad de Villa de Soto, por camino de tierra.<\/p>\n<p class=\" eplus-wrapper\">El r\u00edo Soto es una de las principales atracciones tur\u00edsticas de la regi\u00f3n, ofreciendo un hermoso entorno natural para disfrutar.<\/p>\n<p class=\" eplus-wrapper\">Adem\u00e1s, la zona es propicia para el turismo alternativo, actividades al aire libre, deportes, trekking y avistaje de flora y fauna.<\/p>\n<\/div>\n<\/div>\n<\/article>\n<p><script async src=\"https:\/\/pagead2.googlesyndication.com\/pagead\/js\/adsbygoogle.js?client=ca-pub-6190387823963118\" crossorigin=\"anonymous\"><\/script><br \/>\n<!-- publi horizontal --><br \/>\n<ins class=\"adsbygoogle\" style=\"display: block;\" data-ad-client=\"ca-pub-6190387823963118\" data-ad-slot=\"1318105772\" data-ad-format=\"auto\" data-full-width-responsive=\"true\"><\/ins><br \/>\n<script>\n     (adsbygoogle = window.adsbygoogle || []).push({});\n<\/script><\/p>\n","protected":false},"excerpt":{"rendered":"<p>El gobernador Mart\u00edn Llaryora visit\u00f3 la localidad de Ba\u00f1ado de Soto en el marco del<\/p>\n","protected":false},"author":2,"featured_media":4388,"comment_status":"closed","ping_status":"closed","sticky":false,"template":"","format":"standard","meta":{"footnotes":""},"categories":[1],"tags":[573,610,457,1745,290,103,120,23,216,283,165,249,130,1765,899,41,47,1763,1682,1764,1746,1671,99,1697,1762,1672,1744,26,1596,612,1754],"class_list":["post-4387","post","type-post","status-publish","format-standard","has-post-thumbnail","hentry","category-regionales","tag-agro","tag-alerta","tag-bomberos","tag-cadena-norte","tag-campo","tag-ciudad","tag-clima","tag-cordoba","tag-deportes","tag-drogas","tag-economia","tag-fpa","tag-fuego","tag-fuerza","tag-gobierno-de-cordoba","tag-incendios","tag-llaryora","tag-meteorologico","tag-mpf","tag-negocios","tag-norte","tag-noticias","tag-obras","tag-policiales","tag-politica","tag-programas","tag-radio-fm","tag-salud","tag-seguridad","tag-turismo","tag-ultimo-momento"],"yoast_head":"<!-- This site is optimized with the Yoast SEO plugin v27.4 - https:\/\/yoast.com\/product\/yoast-seo-wordpress\/ -->\n<title>Ba\u00f1ado de Soto: Llaryora entreg\u00f3 fondos al Festival del Lech\u00f3n y anunci\u00f3 obras de infraestructura - Fm Gente<\/title>\n<meta name=\"robots\" content=\"index, follow, max-snippet:-1, max-image-preview:large, max-video-preview:-1\" \/>\n<link rel=\"canonical\" href=\"https:\/\/fmgente.com.ar\/web\/banado-de-soto-llaryora-entrego-fondos-al-festival-del-lechon-y-anuncio-obras-de-infraestructura\/\" \/>\n<meta property=\"og:locale\" content=\"es_ES\" \/>\n<meta property=\"og:type\" content=\"article\" \/>\n<meta property=\"og:title\" content=\"Ba\u00f1ado de Soto: Llaryora entreg\u00f3 fondos al Festival del Lech\u00f3n y anunci\u00f3 obras de infraestructura - Fm Gente\" \/>\n<meta property=\"og:description\" content=\"El gobernador Mart\u00edn Llaryora visit\u00f3 la localidad de Ba\u00f1ado de Soto en el marco del\" \/>\n<meta property=\"og:url\" content=\"https:\/\/fmgente.com.ar\/web\/banado-de-soto-llaryora-entrego-fondos-al-festival-del-lechon-y-anuncio-obras-de-infraestructura\/\" \/>\n<meta property=\"og:site_name\" content=\"Fm Gente\" \/>\n<meta property=\"article:published_time\" content=\"2025-02-10T11:36:58+00:00\" \/>\n<meta property=\"og:image\" content=\"https:\/\/fmgente.com.ar\/web\/wp-content\/uploads\/2025\/02\/p2-1.jpeg\" \/>\n\t<meta property=\"og:image:width\" content=\"1024\" \/>\n\t<meta property=\"og:image:height\" content=\"682\" \/>\n\t<meta property=\"og:image:type\" content=\"image\/jpeg\" \/>\n<meta name=\"author\" content=\"Adri\u00e1n Hern\u00e1ndez\" \/>\n<meta name=\"twitter:card\" content=\"summary_large_image\" \/>\n<meta name=\"twitter:label1\" content=\"Escrito por\" \/>\n\t<meta name=\"twitter:data1\" content=\"Adri\u00e1n Hern\u00e1ndez\" \/>\n\t<meta name=\"twitter:label2\" content=\"Tiempo de lectura\" \/>\n\t<meta name=\"twitter:data2\" content=\"3 minutos\" \/>\n<script type=\"application\/ld+json\" class=\"yoast-schema-graph\">{\"@context\":\"https:\\\/\\\/schema.org\",\"@graph\":[{\"@type\":\"Article\",\"@id\":\"https:\\\/\\\/fmgente.com.ar\\\/web\\\/banado-de-soto-llaryora-entrego-fondos-al-festival-del-lechon-y-anuncio-obras-de-infraestructura\\\/#article\",\"isPartOf\":{\"@id\":\"https:\\\/\\\/fmgente.com.ar\\\/web\\\/banado-de-soto-llaryora-entrego-fondos-al-festival-del-lechon-y-anuncio-obras-de-infraestructura\\\/\"},\"author\":{\"name\":\"Adri\u00e1n Hern\u00e1ndez\",\"@id\":\"https:\\\/\\\/fmgente.com.ar\\\/web\\\/#\\\/schema\\\/person\\\/ba03fa75c17effdaafbd6daa1d78c508\"},\"headline\":\"Ba\u00f1ado de Soto: Llaryora entreg\u00f3 fondos al Festival del Lech\u00f3n y anunci\u00f3 obras de infraestructura\",\"datePublished\":\"2025-02-10T11:36:58+00:00\",\"mainEntityOfPage\":{\"@id\":\"https:\\\/\\\/fmgente.com.ar\\\/web\\\/banado-de-soto-llaryora-entrego-fondos-al-festival-del-lechon-y-anuncio-obras-de-infraestructura\\\/\"},\"wordCount\":537,\"publisher\":{\"@id\":\"https:\\\/\\\/fmgente.com.ar\\\/web\\\/#organization\"},\"image\":{\"@id\":\"https:\\\/\\\/fmgente.com.ar\\\/web\\\/banado-de-soto-llaryora-entrego-fondos-al-festival-del-lechon-y-anuncio-obras-de-infraestructura\\\/#primaryimage\"},\"thumbnailUrl\":\"https:\\\/\\\/fmgente.com.ar\\\/web\\\/wp-content\\\/uploads\\\/2025\\\/02\\\/p2-1.jpeg\",\"keywords\":[\"agro\",\"alerta\",\"Bomberos\",\"cadena norte\",\"campo\",\"ciudad\",\"clima\",\"C\u00f3rdoba\",\"deportes\",\"drogas\",\"econom\u00eda\",\"fpa\",\"fuego\",\"fuerza\",\"Gobierno de C\u00f3rdoba\",\"incendios\",\"Llaryora\",\"meteorol\u00f3gico\",\"MPF\",\"negocios\",\"Norte\",\"noticias\",\"obras\",\"policiales\",\"pol\u00edtica\",\"programas\",\"radio fm\",\"salud\",\"seguridad\",\"turismo\",\"\u00faltimo momento\"],\"articleSection\":[\"REGIONALES\"],\"inLanguage\":\"es\"},{\"@type\":\"WebPage\",\"@id\":\"https:\\\/\\\/fmgente.com.ar\\\/web\\\/banado-de-soto-llaryora-entrego-fondos-al-festival-del-lechon-y-anuncio-obras-de-infraestructura\\\/\",\"url\":\"https:\\\/\\\/fmgente.com.ar\\\/web\\\/banado-de-soto-llaryora-entrego-fondos-al-festival-del-lechon-y-anuncio-obras-de-infraestructura\\\/\",\"name\":\"Ba\u00f1ado de Soto: Llaryora entreg\u00f3 fondos al Festival del Lech\u00f3n y anunci\u00f3 obras de infraestructura - Fm Gente\",\"isPartOf\":{\"@id\":\"https:\\\/\\\/fmgente.com.ar\\\/web\\\/#website\"},\"primaryImageOfPage\":{\"@id\":\"https:\\\/\\\/fmgente.com.ar\\\/web\\\/banado-de-soto-llaryora-entrego-fondos-al-festival-del-lechon-y-anuncio-obras-de-infraestructura\\\/#primaryimage\"},\"image\":{\"@id\":\"https:\\\/\\\/fmgente.com.ar\\\/web\\\/banado-de-soto-llaryora-entrego-fondos-al-festival-del-lechon-y-anuncio-obras-de-infraestructura\\\/#primaryimage\"},\"thumbnailUrl\":\"https:\\\/\\\/fmgente.com.ar\\\/web\\\/wp-content\\\/uploads\\\/2025\\\/02\\\/p2-1.jpeg\",\"datePublished\":\"2025-02-10T11:36:58+00:00\",\"inLanguage\":\"es\",\"potentialAction\":[{\"@type\":\"ReadAction\",\"target\":[\"https:\\\/\\\/fmgente.com.ar\\\/web\\\/banado-de-soto-llaryora-entrego-fondos-al-festival-del-lechon-y-anuncio-obras-de-infraestructura\\\/\"]}]},{\"@type\":\"ImageObject\",\"inLanguage\":\"es\",\"@id\":\"https:\\\/\\\/fmgente.com.ar\\\/web\\\/banado-de-soto-llaryora-entrego-fondos-al-festival-del-lechon-y-anuncio-obras-de-infraestructura\\\/#primaryimage\",\"url\":\"https:\\\/\\\/fmgente.com.ar\\\/web\\\/wp-content\\\/uploads\\\/2025\\\/02\\\/p2-1.jpeg\",\"contentUrl\":\"https:\\\/\\\/fmgente.com.ar\\\/web\\\/wp-content\\\/uploads\\\/2025\\\/02\\\/p2-1.jpeg\",\"width\":1024,\"height\":682},{\"@type\":\"WebSite\",\"@id\":\"https:\\\/\\\/fmgente.com.ar\\\/web\\\/#website\",\"url\":\"https:\\\/\\\/fmgente.com.ar\\\/web\\\/\",\"name\":\"Fm Gente\",\"description\":\"- Jes\u00fas Mar\u00eda\",\"publisher\":{\"@id\":\"https:\\\/\\\/fmgente.com.ar\\\/web\\\/#organization\"},\"potentialAction\":[{\"@type\":\"SearchAction\",\"target\":{\"@type\":\"EntryPoint\",\"urlTemplate\":\"https:\\\/\\\/fmgente.com.ar\\\/web\\\/?s={search_term_string}\"},\"query-input\":{\"@type\":\"PropertyValueSpecification\",\"valueRequired\":true,\"valueName\":\"search_term_string\"}}],\"inLanguage\":\"es\"},{\"@type\":\"Organization\",\"@id\":\"https:\\\/\\\/fmgente.com.ar\\\/web\\\/#organization\",\"name\":\"Fm Gente\",\"url\":\"https:\\\/\\\/fmgente.com.ar\\\/web\\\/\",\"logo\":{\"@type\":\"ImageObject\",\"inLanguage\":\"es\",\"@id\":\"https:\\\/\\\/fmgente.com.ar\\\/web\\\/#\\\/schema\\\/logo\\\/image\\\/\",\"url\":\"https:\\\/\\\/fmgente.com.ar\\\/web\\\/wp-content\\\/uploads\\\/2023\\\/07\\\/cropped-cropped-logo-sombra2.png\",\"contentUrl\":\"https:\\\/\\\/fmgente.com.ar\\\/web\\\/wp-content\\\/uploads\\\/2023\\\/07\\\/cropped-cropped-logo-sombra2.png\",\"width\":1782,\"height\":1782,\"caption\":\"Fm Gente\"},\"image\":{\"@id\":\"https:\\\/\\\/fmgente.com.ar\\\/web\\\/#\\\/schema\\\/logo\\\/image\\\/\"}},{\"@type\":\"Person\",\"@id\":\"https:\\\/\\\/fmgente.com.ar\\\/web\\\/#\\\/schema\\\/person\\\/ba03fa75c17effdaafbd6daa1d78c508\",\"name\":\"Adri\u00e1n Hern\u00e1ndez\",\"url\":\"https:\\\/\\\/fmgente.com.ar\\\/web\\\/author\\\/c1601891\\\/\"}]}<\/script>\n<!-- \/ Yoast SEO plugin. -->","yoast_head_json":{"title":"Ba\u00f1ado de Soto: Llaryora entreg\u00f3 fondos al Festival del Lech\u00f3n y anunci\u00f3 obras de infraestructura - Fm Gente","robots":{"index":"index","follow":"follow","max-snippet":"max-snippet:-1","max-image-preview":"max-image-preview:large","max-video-preview":"max-video-preview:-1"},"canonical":"https:\/\/fmgente.com.ar\/web\/banado-de-soto-llaryora-entrego-fondos-al-festival-del-lechon-y-anuncio-obras-de-infraestructura\/","og_locale":"es_ES","og_type":"article","og_title":"Ba\u00f1ado de Soto: Llaryora entreg\u00f3 fondos al Festival del Lech\u00f3n y anunci\u00f3 obras de infraestructura - Fm Gente","og_description":"El gobernador Mart\u00edn Llaryora visit\u00f3 la localidad de Ba\u00f1ado de Soto en el marco del","og_url":"https:\/\/fmgente.com.ar\/web\/banado-de-soto-llaryora-entrego-fondos-al-festival-del-lechon-y-anuncio-obras-de-infraestructura\/","og_site_name":"Fm Gente","article_published_time":"2025-02-10T11:36:58+00:00","og_image":[{"width":1024,"height":682,"url":"https:\/\/fmgente.com.ar\/web\/wp-content\/uploads\/2025\/02\/p2-1.jpeg","type":"image\/jpeg"}],"author":"Adri\u00e1n Hern\u00e1ndez","twitter_card":"summary_large_image","twitter_misc":{"Escrito por":"Adri\u00e1n Hern\u00e1ndez","Tiempo de lectura":"3 minutos"},"schema":{"@context":"https:\/\/schema.org","@graph":[{"@type":"Article","@id":"https:\/\/fmgente.com.ar\/web\/banado-de-soto-llaryora-entrego-fondos-al-festival-del-lechon-y-anuncio-obras-de-infraestructura\/#article","isPartOf":{"@id":"https:\/\/fmgente.com.ar\/web\/banado-de-soto-llaryora-entrego-fondos-al-festival-del-lechon-y-anuncio-obras-de-infraestructura\/"},"author":{"name":"Adri\u00e1n Hern\u00e1ndez","@id":"https:\/\/fmgente.com.ar\/web\/#\/schema\/person\/ba03fa75c17effdaafbd6daa1d78c508"},"headline":"Ba\u00f1ado de Soto: Llaryora entreg\u00f3 fondos al Festival del Lech\u00f3n y anunci\u00f3 obras de infraestructura","datePublished":"2025-02-10T11:36:58+00:00","mainEntityOfPage":{"@id":"https:\/\/fmgente.com.ar\/web\/banado-de-soto-llaryora-entrego-fondos-al-festival-del-lechon-y-anuncio-obras-de-infraestructura\/"},"wordCount":537,"publisher":{"@id":"https:\/\/fmgente.com.ar\/web\/#organization"},"image":{"@id":"https:\/\/fmgente.com.ar\/web\/banado-de-soto-llaryora-entrego-fondos-al-festival-del-lechon-y-anuncio-obras-de-infraestructura\/#primaryimage"},"thumbnailUrl":"https:\/\/fmgente.com.ar\/web\/wp-content\/uploads\/2025\/02\/p2-1.jpeg","keywords":["agro","alerta","Bomberos","cadena norte","campo","ciudad","clima","C\u00f3rdoba","deportes","drogas","econom\u00eda","fpa","fuego","fuerza","Gobierno de C\u00f3rdoba","incendios","Llaryora","meteorol\u00f3gico","MPF","negocios","Norte","noticias","obras","policiales","pol\u00edtica","programas","radio fm","salud","seguridad","turismo","\u00faltimo momento"],"articleSection":["REGIONALES"],"inLanguage":"es"},{"@type":"WebPage","@id":"https:\/\/fmgente.com.ar\/web\/banado-de-soto-llaryora-entrego-fondos-al-festival-del-lechon-y-anuncio-obras-de-infraestructura\/","url":"https:\/\/fmgente.com.ar\/web\/banado-de-soto-llaryora-entrego-fondos-al-festival-del-lechon-y-anuncio-obras-de-infraestructura\/","name":"Ba\u00f1ado de Soto: Llaryora entreg\u00f3 fondos al Festival del Lech\u00f3n y anunci\u00f3 obras de infraestructura - Fm Gente","isPartOf":{"@id":"https:\/\/fmgente.com.ar\/web\/#website"},"primaryImageOfPage":{"@id":"https:\/\/fmgente.com.ar\/web\/banado-de-soto-llaryora-entrego-fondos-al-festival-del-lechon-y-anuncio-obras-de-infraestructura\/#primaryimage"},"image":{"@id":"https:\/\/fmgente.com.ar\/web\/banado-de-soto-llaryora-entrego-fondos-al-festival-del-lechon-y-anuncio-obras-de-infraestructura\/#primaryimage"},"thumbnailUrl":"https:\/\/fmgente.com.ar\/web\/wp-content\/uploads\/2025\/02\/p2-1.jpeg","datePublished":"2025-02-10T11:36:58+00:00","inLanguage":"es","potentialAction":[{"@type":"ReadAction","target":["https:\/\/fmgente.com.ar\/web\/banado-de-soto-llaryora-entrego-fondos-al-festival-del-lechon-y-anuncio-obras-de-infraestructura\/"]}]},{"@type":"ImageObject","inLanguage":"es","@id":"https:\/\/fmgente.com.ar\/web\/banado-de-soto-llaryora-entrego-fondos-al-festival-del-lechon-y-anuncio-obras-de-infraestructura\/#primaryimage","url":"https:\/\/fmgente.com.ar\/web\/wp-content\/uploads\/2025\/02\/p2-1.jpeg","contentUrl":"https:\/\/fmgente.com.ar\/web\/wp-content\/uploads\/2025\/02\/p2-1.jpeg","width":1024,"height":682},{"@type":"WebSite","@id":"https:\/\/fmgente.com.ar\/web\/#website","url":"https:\/\/fmgente.com.ar\/web\/","name":"Fm Gente","description":"- Jes\u00fas Mar\u00eda","publisher":{"@id":"https:\/\/fmgente.com.ar\/web\/#organization"},"potentialAction":[{"@type":"SearchAction","target":{"@type":"EntryPoint","urlTemplate":"https:\/\/fmgente.com.ar\/web\/?s={search_term_string}"},"query-input":{"@type":"PropertyValueSpecification","valueRequired":true,"valueName":"search_term_string"}}],"inLanguage":"es"},{"@type":"Organization","@id":"https:\/\/fmgente.com.ar\/web\/#organization","name":"Fm Gente","url":"https:\/\/fmgente.com.ar\/web\/","logo":{"@type":"ImageObject","inLanguage":"es","@id":"https:\/\/fmgente.com.ar\/web\/#\/schema\/logo\/image\/","url":"https:\/\/fmgente.com.ar\/web\/wp-content\/uploads\/2023\/07\/cropped-cropped-logo-sombra2.png","contentUrl":"https:\/\/fmgente.com.ar\/web\/wp-content\/uploads\/2023\/07\/cropped-cropped-logo-sombra2.png","width":1782,"height":1782,"caption":"Fm Gente"},"image":{"@id":"https:\/\/fmgente.com.ar\/web\/#\/schema\/logo\/image\/"}},{"@type":"Person","@id":"https:\/\/fmgente.com.ar\/web\/#\/schema\/person\/ba03fa75c17effdaafbd6daa1d78c508","name":"Adri\u00e1n Hern\u00e1ndez","url":"https:\/\/fmgente.com.ar\/web\/author\/c1601891\/"}]}},"_links":{"self":[{"href":"https:\/\/fmgente.com.ar\/web\/wp-json\/wp\/v2\/posts\/4387","targetHints":{"allow":["GET"]}}],"collection":[{"href":"https:\/\/fmgente.com.ar\/web\/wp-json\/wp\/v2\/posts"}],"about":[{"href":"https:\/\/fmgente.com.ar\/web\/wp-json\/wp\/v2\/types\/post"}],"author":[{"embeddable":true,"href":"https:\/\/fmgente.com.ar\/web\/wp-json\/wp\/v2\/users\/2"}],"replies":[{"embeddable":true,"href":"https:\/\/fmgente.com.ar\/web\/wp-json\/wp\/v2\/comments?post=4387"}],"version-history":[{"count":1,"href":"https:\/\/fmgente.com.ar\/web\/wp-json\/wp\/v2\/posts\/4387\/revisions"}],"predecessor-version":[{"id":4389,"href":"https:\/\/fmgente.com.ar\/web\/wp-json\/wp\/v2\/posts\/4387\/revisions\/4389"}],"wp:featuredmedia":[{"embeddable":true,"href":"https:\/\/fmgente.com.ar\/web\/wp-json\/wp\/v2\/media\/4388"}],"wp:attachment":[{"href":"https:\/\/fmgente.com.ar\/web\/wp-json\/wp\/v2\/media?parent=4387"}],"wp:term":[{"taxonomy":"category","embeddable":true,"href":"https:\/\/fmgente.com.ar\/web\/wp-json\/wp\/v2\/categories?post=4387"},{"taxonomy":"post_tag","embeddable":true,"href":"https:\/\/fmgente.com.ar\/web\/wp-json\/wp\/v2\/tags?post=4387"}],"curies":[{"name":"wp","href":"https:\/\/api.w.org\/{rel}","templated":true}]}}