{"id":4381,"date":"2025-02-10T08:32:46","date_gmt":"2025-02-10T11:32:46","guid":{"rendered":"https:\/\/fmgente.com.ar\/?p=4381"},"modified":"2025-02-10T08:32:46","modified_gmt":"2025-02-10T11:32:46","slug":"jesus-maria-se-extiende-el-vencimiento-de-la-tasa-de-la-propiedad-y-automotor","status":"publish","type":"post","link":"https:\/\/fmgente.com.ar\/web\/jesus-maria-se-extiende-el-vencimiento-de-la-tasa-de-la-propiedad-y-automotor\/","title":{"rendered":"Jes\u00fas Mar\u00eda: se extiende el vencimiento de la Tasa de la Propiedad y Automotor"},"content":{"rendered":"<p class=\"highlight-detail__description\">Hasta el 28 de febrero se podr\u00e1 abonar con el beneficio de pago \u00fanico, conservando la posibilidad de obtener hasta un 20 por ciento de descuento en las tasas, si no se registra deuda.<\/p>\n<figure><img loading=\"lazy\" decoding=\"async\" class=\"img-fluid\" src=\"https:\/\/www.jesusmaria.gov.ar\/uploads\/cache\/default_whatsapp-image-2025-02-07-at-14-13-25-8514.jpeg\" alt=\"Jes\u00fas Mar\u00eda: se extiende el vencimiento de la Tasa de la Propiedad y Automotor\" width=\"352\" height=\"227\" \/><\/figure>\n<p>La Municipalidad de Jes\u00fas Mar\u00eda extendi\u00f3 el plazo para abonar la cuota anual de la Tasa de la Propiedad y Automotor, otorgando a los vecinos un plazo adicional para su cumplimiento.<\/p>\n<p>La pr\u00f3rroga aplica para la 1\u00b0 cuota bimestral 2025 y\u00a0 para el pago anual\u00a0 de la tasa por servicios a la Propiedad y Automotor. Con esta modificaci\u00f3n,\u00a0<strong>el pr\u00f3ximo vencimiento ser\u00e1 el 28 de febrero de 2025.<\/strong><\/p>\n<p>\u00bfC\u00f3mo abonar?<\/p>\n<ul>\n<li>Pagando online, a trav\u00e9s de la web de la Muni &#x1f449;\u00a0<a href=\"http:\/\/www.jesusmaria.gov.ar\/\">http:\/\/www.jesusmaria.gov.ar\/<\/a><\/li>\n<li>\u2060En las cajas municipales, Rapipago o Pago F\u00e1cil.<\/li>\n<\/ul>\n<p>Formas de pago:<\/p>\n<ul>\n<li>\u00a0Hay promociones de 4 cuotas sin inter\u00e9s con BANCOR y 3 cuotas con banco MACRO.<\/li>\n<li>En efectivo o con tarjeta de d\u00e9bito\/cr\u00e9dito en las cajas municipales, Rapipago o Pago F\u00e1cil.<\/li>\n<\/ul>\n<p><script async src=\"https:\/\/pagead2.googlesyndication.com\/pagead\/js\/adsbygoogle.js?client=ca-pub-6190387823963118\" crossorigin=\"anonymous\"><\/script><br \/>\n<!-- publi horizontal --><br \/>\n<ins class=\"adsbygoogle\" style=\"display: block;\" data-ad-client=\"ca-pub-6190387823963118\" data-ad-slot=\"1318105772\" data-ad-format=\"auto\" data-full-width-responsive=\"true\"><\/ins><br \/>\n<script>\n     (adsbygoogle = window.adsbygoogle || []).push({});\n<\/script><\/p>\n","protected":false},"excerpt":{"rendered":"<p>Hasta el 28 de febrero se podr\u00e1 abonar con el beneficio de pago \u00fanico, conservando<\/p>\n","protected":false},"author":2,"featured_media":4382,"comment_status":"closed","ping_status":"closed","sticky":false,"template":"","format":"standard","meta":{"footnotes":""},"categories":[11],"tags":[573,1745,290,1750,1748,1753,303,1758,1621,23,1630,644,216,1757,897,249,1751,265,92,1760,1718,1756,793,1747,1746,1671,1749,1752,1697,1761,1744,1759,791,1683,782,1754,1755,1255],"class_list":["post-4381","post","type-post","status-publish","format-standard","has-post-thumbnail","hentry","category-destacadas","tag-agro","tag-cadena-norte","tag-campo","tag-carlos-ciprian","tag-ciprian","tag-coe","tag-colonia-caroya","tag-comuna","tag-cooperativa","tag-cordoba","tag-covid-19","tag-dean-funes","tag-deportes","tag-doctor","tag-federico-zarate","tag-fpa","tag-gustavo-brandan","tag-hospital","tag-jesus-maria","tag-la-dormida","tag-las-penas","tag-medico","tag-municipalidad","tag-news","tag-norte","tag-noticias","tag-nuevo-dia","tag-paola-nanini","tag-policiales","tag-quilino","tag-radio-fm","tag-rio-seco","tag-sinsacate","tag-sociedad-rural","tag-srjm","tag-ultimo-momento","tag-urgente","tag-villa-del-totoral"],"yoast_head":"<!-- This site is optimized with the Yoast SEO plugin v27.4 - https:\/\/yoast.com\/product\/yoast-seo-wordpress\/ -->\n<title>Jes\u00fas Mar\u00eda: se extiende el vencimiento de la Tasa de la Propiedad y Automotor - Fm Gente<\/title>\n<meta name=\"robots\" content=\"index, follow, max-snippet:-1, max-image-preview:large, max-video-preview:-1\" \/>\n<link rel=\"canonical\" href=\"https:\/\/fmgente.com.ar\/web\/jesus-maria-se-extiende-el-vencimiento-de-la-tasa-de-la-propiedad-y-automotor\/\" \/>\n<meta property=\"og:locale\" content=\"es_ES\" \/>\n<meta property=\"og:type\" content=\"article\" \/>\n<meta property=\"og:title\" content=\"Jes\u00fas Mar\u00eda: se extiende el vencimiento de la Tasa de la Propiedad y Automotor - Fm Gente\" \/>\n<meta property=\"og:description\" content=\"Hasta el 28 de febrero se podr\u00e1 abonar con el beneficio de pago \u00fanico, conservando\" \/>\n<meta property=\"og:url\" content=\"https:\/\/fmgente.com.ar\/web\/jesus-maria-se-extiende-el-vencimiento-de-la-tasa-de-la-propiedad-y-automotor\/\" \/>\n<meta property=\"og:site_name\" content=\"Fm Gente\" \/>\n<meta property=\"article:published_time\" content=\"2025-02-10T11:32:46+00:00\" \/>\n<meta property=\"og:image\" content=\"https:\/\/fmgente.com.ar\/web\/wp-content\/uploads\/2025\/02\/d3-4.jpeg\" \/>\n\t<meta property=\"og:image:width\" content=\"900\" \/>\n\t<meta property=\"og:image:height\" content=\"580\" \/>\n\t<meta property=\"og:image:type\" content=\"image\/jpeg\" \/>\n<meta name=\"author\" content=\"Adri\u00e1n Hern\u00e1ndez\" \/>\n<meta name=\"twitter:card\" content=\"summary_large_image\" \/>\n<meta name=\"twitter:label1\" content=\"Escrito por\" \/>\n\t<meta name=\"twitter:data1\" content=\"Adri\u00e1n Hern\u00e1ndez\" \/>\n\t<meta name=\"twitter:label2\" content=\"Tiempo de lectura\" \/>\n\t<meta name=\"twitter:data2\" content=\"2 minutos\" \/>\n<script type=\"application\/ld+json\" class=\"yoast-schema-graph\">{\"@context\":\"https:\\\/\\\/schema.org\",\"@graph\":[{\"@type\":\"Article\",\"@id\":\"https:\\\/\\\/fmgente.com.ar\\\/web\\\/jesus-maria-se-extiende-el-vencimiento-de-la-tasa-de-la-propiedad-y-automotor\\\/#article\",\"isPartOf\":{\"@id\":\"https:\\\/\\\/fmgente.com.ar\\\/web\\\/jesus-maria-se-extiende-el-vencimiento-de-la-tasa-de-la-propiedad-y-automotor\\\/\"},\"author\":{\"name\":\"Adri\u00e1n Hern\u00e1ndez\",\"@id\":\"https:\\\/\\\/fmgente.com.ar\\\/web\\\/#\\\/schema\\\/person\\\/ba03fa75c17effdaafbd6daa1d78c508\"},\"headline\":\"Jes\u00fas Mar\u00eda: se extiende el vencimiento de la Tasa de la Propiedad y Automotor\",\"datePublished\":\"2025-02-10T11:32:46+00:00\",\"mainEntityOfPage\":{\"@id\":\"https:\\\/\\\/fmgente.com.ar\\\/web\\\/jesus-maria-se-extiende-el-vencimiento-de-la-tasa-de-la-propiedad-y-automotor\\\/\"},\"wordCount\":183,\"publisher\":{\"@id\":\"https:\\\/\\\/fmgente.com.ar\\\/web\\\/#organization\"},\"image\":{\"@id\":\"https:\\\/\\\/fmgente.com.ar\\\/web\\\/jesus-maria-se-extiende-el-vencimiento-de-la-tasa-de-la-propiedad-y-automotor\\\/#primaryimage\"},\"thumbnailUrl\":\"https:\\\/\\\/fmgente.com.ar\\\/web\\\/wp-content\\\/uploads\\\/2025\\\/02\\\/d3-4.jpeg\",\"keywords\":[\"agro\",\"cadena norte\",\"campo\",\"Carlos Ciprian\",\"Ciprian\",\"COE\",\"Colonia Caroya\",\"comuna\",\"cooperativa\",\"C\u00f3rdoba\",\"covid 19\",\"Dean Funes\",\"deportes\",\"doctor\",\"Federico Z\u00e1rate\",\"fpa\",\"Gustavo Brand\u00e1n\",\"hospital\",\"Jes\u00fas Mar\u00eda\",\"La Dormida\",\"las pe\u00f1as\",\"m\u00e9dico\",\"Municipalidad\",\"news\",\"Norte\",\"noticias\",\"Nuevo D\u00eda\",\"Paola Nanini\",\"policiales\",\"Quilino\",\"radio fm\",\"Rio Seco\",\"Sinsacate\",\"Sociedad Rural\",\"srjm\",\"\u00faltimo momento\",\"urgente\",\"Villa del Totoral\"],\"articleSection\":[\"DESTACADAS\"],\"inLanguage\":\"es\"},{\"@type\":\"WebPage\",\"@id\":\"https:\\\/\\\/fmgente.com.ar\\\/web\\\/jesus-maria-se-extiende-el-vencimiento-de-la-tasa-de-la-propiedad-y-automotor\\\/\",\"url\":\"https:\\\/\\\/fmgente.com.ar\\\/web\\\/jesus-maria-se-extiende-el-vencimiento-de-la-tasa-de-la-propiedad-y-automotor\\\/\",\"name\":\"Jes\u00fas Mar\u00eda: se extiende el vencimiento de la Tasa de la Propiedad y Automotor - Fm Gente\",\"isPartOf\":{\"@id\":\"https:\\\/\\\/fmgente.com.ar\\\/web\\\/#website\"},\"primaryImageOfPage\":{\"@id\":\"https:\\\/\\\/fmgente.com.ar\\\/web\\\/jesus-maria-se-extiende-el-vencimiento-de-la-tasa-de-la-propiedad-y-automotor\\\/#primaryimage\"},\"image\":{\"@id\":\"https:\\\/\\\/fmgente.com.ar\\\/web\\\/jesus-maria-se-extiende-el-vencimiento-de-la-tasa-de-la-propiedad-y-automotor\\\/#primaryimage\"},\"thumbnailUrl\":\"https:\\\/\\\/fmgente.com.ar\\\/web\\\/wp-content\\\/uploads\\\/2025\\\/02\\\/d3-4.jpeg\",\"datePublished\":\"2025-02-10T11:32:46+00:00\",\"inLanguage\":\"es\",\"potentialAction\":[{\"@type\":\"ReadAction\",\"target\":[\"https:\\\/\\\/fmgente.com.ar\\\/web\\\/jesus-maria-se-extiende-el-vencimiento-de-la-tasa-de-la-propiedad-y-automotor\\\/\"]}]},{\"@type\":\"ImageObject\",\"inLanguage\":\"es\",\"@id\":\"https:\\\/\\\/fmgente.com.ar\\\/web\\\/jesus-maria-se-extiende-el-vencimiento-de-la-tasa-de-la-propiedad-y-automotor\\\/#primaryimage\",\"url\":\"https:\\\/\\\/fmgente.com.ar\\\/web\\\/wp-content\\\/uploads\\\/2025\\\/02\\\/d3-4.jpeg\",\"contentUrl\":\"https:\\\/\\\/fmgente.com.ar\\\/web\\\/wp-content\\\/uploads\\\/2025\\\/02\\\/d3-4.jpeg\",\"width\":900,\"height\":580},{\"@type\":\"WebSite\",\"@id\":\"https:\\\/\\\/fmgente.com.ar\\\/web\\\/#website\",\"url\":\"https:\\\/\\\/fmgente.com.ar\\\/web\\\/\",\"name\":\"Fm Gente\",\"description\":\"- Jes\u00fas Mar\u00eda\",\"publisher\":{\"@id\":\"https:\\\/\\\/fmgente.com.ar\\\/web\\\/#organization\"},\"potentialAction\":[{\"@type\":\"SearchAction\",\"target\":{\"@type\":\"EntryPoint\",\"urlTemplate\":\"https:\\\/\\\/fmgente.com.ar\\\/web\\\/?s={search_term_string}\"},\"query-input\":{\"@type\":\"PropertyValueSpecification\",\"valueRequired\":true,\"valueName\":\"search_term_string\"}}],\"inLanguage\":\"es\"},{\"@type\":\"Organization\",\"@id\":\"https:\\\/\\\/fmgente.com.ar\\\/web\\\/#organization\",\"name\":\"Fm Gente\",\"url\":\"https:\\\/\\\/fmgente.com.ar\\\/web\\\/\",\"logo\":{\"@type\":\"ImageObject\",\"inLanguage\":\"es\",\"@id\":\"https:\\\/\\\/fmgente.com.ar\\\/web\\\/#\\\/schema\\\/logo\\\/image\\\/\",\"url\":\"https:\\\/\\\/fmgente.com.ar\\\/web\\\/wp-content\\\/uploads\\\/2023\\\/07\\\/cropped-cropped-logo-sombra2.png\",\"contentUrl\":\"https:\\\/\\\/fmgente.com.ar\\\/web\\\/wp-content\\\/uploads\\\/2023\\\/07\\\/cropped-cropped-logo-sombra2.png\",\"width\":1782,\"height\":1782,\"caption\":\"Fm Gente\"},\"image\":{\"@id\":\"https:\\\/\\\/fmgente.com.ar\\\/web\\\/#\\\/schema\\\/logo\\\/image\\\/\"}},{\"@type\":\"Person\",\"@id\":\"https:\\\/\\\/fmgente.com.ar\\\/web\\\/#\\\/schema\\\/person\\\/ba03fa75c17effdaafbd6daa1d78c508\",\"name\":\"Adri\u00e1n Hern\u00e1ndez\",\"url\":\"https:\\\/\\\/fmgente.com.ar\\\/web\\\/author\\\/c1601891\\\/\"}]}<\/script>\n<!-- \/ Yoast SEO plugin. -->","yoast_head_json":{"title":"Jes\u00fas Mar\u00eda: se extiende el vencimiento de la Tasa de la Propiedad y Automotor - Fm Gente","robots":{"index":"index","follow":"follow","max-snippet":"max-snippet:-1","max-image-preview":"max-image-preview:large","max-video-preview":"max-video-preview:-1"},"canonical":"https:\/\/fmgente.com.ar\/web\/jesus-maria-se-extiende-el-vencimiento-de-la-tasa-de-la-propiedad-y-automotor\/","og_locale":"es_ES","og_type":"article","og_title":"Jes\u00fas Mar\u00eda: se extiende el vencimiento de la Tasa de la Propiedad y Automotor - Fm Gente","og_description":"Hasta el 28 de febrero se podr\u00e1 abonar con el beneficio de pago \u00fanico, conservando","og_url":"https:\/\/fmgente.com.ar\/web\/jesus-maria-se-extiende-el-vencimiento-de-la-tasa-de-la-propiedad-y-automotor\/","og_site_name":"Fm Gente","article_published_time":"2025-02-10T11:32:46+00:00","og_image":[{"width":900,"height":580,"url":"https:\/\/fmgente.com.ar\/web\/wp-content\/uploads\/2025\/02\/d3-4.jpeg","type":"image\/jpeg"}],"author":"Adri\u00e1n Hern\u00e1ndez","twitter_card":"summary_large_image","twitter_misc":{"Escrito por":"Adri\u00e1n Hern\u00e1ndez","Tiempo de lectura":"2 minutos"},"schema":{"@context":"https:\/\/schema.org","@graph":[{"@type":"Article","@id":"https:\/\/fmgente.com.ar\/web\/jesus-maria-se-extiende-el-vencimiento-de-la-tasa-de-la-propiedad-y-automotor\/#article","isPartOf":{"@id":"https:\/\/fmgente.com.ar\/web\/jesus-maria-se-extiende-el-vencimiento-de-la-tasa-de-la-propiedad-y-automotor\/"},"author":{"name":"Adri\u00e1n Hern\u00e1ndez","@id":"https:\/\/fmgente.com.ar\/web\/#\/schema\/person\/ba03fa75c17effdaafbd6daa1d78c508"},"headline":"Jes\u00fas Mar\u00eda: se extiende el vencimiento de la Tasa de la Propiedad y Automotor","datePublished":"2025-02-10T11:32:46+00:00","mainEntityOfPage":{"@id":"https:\/\/fmgente.com.ar\/web\/jesus-maria-se-extiende-el-vencimiento-de-la-tasa-de-la-propiedad-y-automotor\/"},"wordCount":183,"publisher":{"@id":"https:\/\/fmgente.com.ar\/web\/#organization"},"image":{"@id":"https:\/\/fmgente.com.ar\/web\/jesus-maria-se-extiende-el-vencimiento-de-la-tasa-de-la-propiedad-y-automotor\/#primaryimage"},"thumbnailUrl":"https:\/\/fmgente.com.ar\/web\/wp-content\/uploads\/2025\/02\/d3-4.jpeg","keywords":["agro","cadena norte","campo","Carlos Ciprian","Ciprian","COE","Colonia Caroya","comuna","cooperativa","C\u00f3rdoba","covid 19","Dean Funes","deportes","doctor","Federico Z\u00e1rate","fpa","Gustavo Brand\u00e1n","hospital","Jes\u00fas Mar\u00eda","La Dormida","las pe\u00f1as","m\u00e9dico","Municipalidad","news","Norte","noticias","Nuevo D\u00eda","Paola Nanini","policiales","Quilino","radio fm","Rio Seco","Sinsacate","Sociedad Rural","srjm","\u00faltimo momento","urgente","Villa del Totoral"],"articleSection":["DESTACADAS"],"inLanguage":"es"},{"@type":"WebPage","@id":"https:\/\/fmgente.com.ar\/web\/jesus-maria-se-extiende-el-vencimiento-de-la-tasa-de-la-propiedad-y-automotor\/","url":"https:\/\/fmgente.com.ar\/web\/jesus-maria-se-extiende-el-vencimiento-de-la-tasa-de-la-propiedad-y-automotor\/","name":"Jes\u00fas Mar\u00eda: se extiende el vencimiento de la Tasa de la Propiedad y Automotor - Fm Gente","isPartOf":{"@id":"https:\/\/fmgente.com.ar\/web\/#website"},"primaryImageOfPage":{"@id":"https:\/\/fmgente.com.ar\/web\/jesus-maria-se-extiende-el-vencimiento-de-la-tasa-de-la-propiedad-y-automotor\/#primaryimage"},"image":{"@id":"https:\/\/fmgente.com.ar\/web\/jesus-maria-se-extiende-el-vencimiento-de-la-tasa-de-la-propiedad-y-automotor\/#primaryimage"},"thumbnailUrl":"https:\/\/fmgente.com.ar\/web\/wp-content\/uploads\/2025\/02\/d3-4.jpeg","datePublished":"2025-02-10T11:32:46+00:00","inLanguage":"es","potentialAction":[{"@type":"ReadAction","target":["https:\/\/fmgente.com.ar\/web\/jesus-maria-se-extiende-el-vencimiento-de-la-tasa-de-la-propiedad-y-automotor\/"]}]},{"@type":"ImageObject","inLanguage":"es","@id":"https:\/\/fmgente.com.ar\/web\/jesus-maria-se-extiende-el-vencimiento-de-la-tasa-de-la-propiedad-y-automotor\/#primaryimage","url":"https:\/\/fmgente.com.ar\/web\/wp-content\/uploads\/2025\/02\/d3-4.jpeg","contentUrl":"https:\/\/fmgente.com.ar\/web\/wp-content\/uploads\/2025\/02\/d3-4.jpeg","width":900,"height":580},{"@type":"WebSite","@id":"https:\/\/fmgente.com.ar\/web\/#website","url":"https:\/\/fmgente.com.ar\/web\/","name":"Fm Gente","description":"- Jes\u00fas Mar\u00eda","publisher":{"@id":"https:\/\/fmgente.com.ar\/web\/#organization"},"potentialAction":[{"@type":"SearchAction","target":{"@type":"EntryPoint","urlTemplate":"https:\/\/fmgente.com.ar\/web\/?s={search_term_string}"},"query-input":{"@type":"PropertyValueSpecification","valueRequired":true,"valueName":"search_term_string"}}],"inLanguage":"es"},{"@type":"Organization","@id":"https:\/\/fmgente.com.ar\/web\/#organization","name":"Fm Gente","url":"https:\/\/fmgente.com.ar\/web\/","logo":{"@type":"ImageObject","inLanguage":"es","@id":"https:\/\/fmgente.com.ar\/web\/#\/schema\/logo\/image\/","url":"https:\/\/fmgente.com.ar\/web\/wp-content\/uploads\/2023\/07\/cropped-cropped-logo-sombra2.png","contentUrl":"https:\/\/fmgente.com.ar\/web\/wp-content\/uploads\/2023\/07\/cropped-cropped-logo-sombra2.png","width":1782,"height":1782,"caption":"Fm Gente"},"image":{"@id":"https:\/\/fmgente.com.ar\/web\/#\/schema\/logo\/image\/"}},{"@type":"Person","@id":"https:\/\/fmgente.com.ar\/web\/#\/schema\/person\/ba03fa75c17effdaafbd6daa1d78c508","name":"Adri\u00e1n Hern\u00e1ndez","url":"https:\/\/fmgente.com.ar\/web\/author\/c1601891\/"}]}},"_links":{"self":[{"href":"https:\/\/fmgente.com.ar\/web\/wp-json\/wp\/v2\/posts\/4381","targetHints":{"allow":["GET"]}}],"collection":[{"href":"https:\/\/fmgente.com.ar\/web\/wp-json\/wp\/v2\/posts"}],"about":[{"href":"https:\/\/fmgente.com.ar\/web\/wp-json\/wp\/v2\/types\/post"}],"author":[{"embeddable":true,"href":"https:\/\/fmgente.com.ar\/web\/wp-json\/wp\/v2\/users\/2"}],"replies":[{"embeddable":true,"href":"https:\/\/fmgente.com.ar\/web\/wp-json\/wp\/v2\/comments?post=4381"}],"version-history":[{"count":1,"href":"https:\/\/fmgente.com.ar\/web\/wp-json\/wp\/v2\/posts\/4381\/revisions"}],"predecessor-version":[{"id":4383,"href":"https:\/\/fmgente.com.ar\/web\/wp-json\/wp\/v2\/posts\/4381\/revisions\/4383"}],"wp:featuredmedia":[{"embeddable":true,"href":"https:\/\/fmgente.com.ar\/web\/wp-json\/wp\/v2\/media\/4382"}],"wp:attachment":[{"href":"https:\/\/fmgente.com.ar\/web\/wp-json\/wp\/v2\/media?parent=4381"}],"wp:term":[{"taxonomy":"category","embeddable":true,"href":"https:\/\/fmgente.com.ar\/web\/wp-json\/wp\/v2\/categories?post=4381"},{"taxonomy":"post_tag","embeddable":true,"href":"https:\/\/fmgente.com.ar\/web\/wp-json\/wp\/v2\/tags?post=4381"}],"curies":[{"name":"wp","href":"https:\/\/api.w.org\/{rel}","templated":true}]}}