{"id":428,"date":"2023-07-20T07:49:00","date_gmt":"2023-07-20T10:49:00","guid":{"rendered":"https:\/\/fmgente.com.ar\/?p=428"},"modified":"2023-07-20T07:49:00","modified_gmt":"2023-07-20T10:49:00","slug":"dos-nuevos-casos-autoctonos-de-chikungunya-en-la-provincia","status":"publish","type":"post","link":"https:\/\/fmgente.com.ar\/web\/dos-nuevos-casos-autoctonos-de-chikungunya-en-la-provincia\/","title":{"rendered":"Dos nuevos casos aut\u00f3ctonos de chikungunya en la provincia"},"content":{"rendered":"<article id=\"post-560364\" class=\"post-560364 post type-post status-publish format-standard has-post-thumbnail hentry category-informacion-general category-no-home category-salud-2 tag-chikungunya tag-dengue tag-zoonosis ast-article-single\">\n<div class=\"ast-post-format- single-layout-1\">\n<div class=\"entry-content clear\">\n<p>La Direcci\u00f3n de Epidemiolog\u00eda del Ministerio de Salud de la Provincia informa que\u00a0<strong>en las \u00faltimas dos semanas se notificaron dos nuevos casos aut\u00f3ctonos de chikungunya y un caso importado de dengue,<\/strong>\u00a0oriundo de la provincia de Chaco.<\/p>\n<p>&nbsp;<\/p>\n<p>Respecto a chikungunya, las nuevas notificaciones corresponden a dos casos de la localidad de\u00a0<strong>Morteros,<\/strong>\u00a0que fueron atendidos de manera ambulatoria por el centro de salud de ese municipio.<\/p>\n<p>Es importante remarcar que, en las condiciones clim\u00e1ticas actuales, es factible la transmisi\u00f3n de esta enfermedad\u00a0<strong>dentro de las viviendas<\/strong>, ya que el vector posee all\u00ed condiciones de temperatura favorables para su desarrollo.<\/p>\n<p>Por tal motivo, se recuerda que\u00a0se deben\u00a0<strong>continuar las actividades de prevenci\u00f3n, eliminando los potenciales criaderos de mosquitos dentro del hogar<\/strong>; y, adem\u00e1s, sostener las medidas para\u00a0<strong>evitar las picaduras de estos insectos.<\/strong><\/p>\n<p>En lo que va de la temporada, la provincia alcanz\u00f3 los\u00a0<strong>220 casos de<\/strong>\u00a0<strong>chikungunya<\/strong>, 17 importados y 203 aut\u00f3ctonos.<\/p>\n<p>Los Departamentos Col\u00f3n (100), San Justo (85) y Capital (15) reportaron la mayor cantidad de casos aut\u00f3ctonos, y\u00a0<strong>solo en las localidades de La Calera (Col\u00f3n) y Morteros (San Justo) hubo circulaci\u00f3n de este virus.<\/strong>\u00a0<strong>No se registraron fallecimientos por esta enfermedad<\/strong>.<\/p>\n<p>En relaci\u00f3n a la\u00a0<strong>situaci\u00f3n provincial de dengue<\/strong>,\u00a0<strong>el n\u00famero total de casos en esta temporada es de 8.526 (*)<\/strong>, de los cuales 8.288 son aut\u00f3ctonos y 238 importados. Respecto al total de importados, 57 residentes de C\u00f3rdoba fueron notificados por otras provincias y otros 52, con domicilio en otras provincias, fueron registrados en C\u00f3rdoba.<\/p>\n<p>Vale mencionar que el 57 por ciento (4737) de los casos aut\u00f3ctonos corresponden al grupo etario entre 15 y 44 a\u00f1os. Con respecto a la atenci\u00f3n recibida,\u00a0<strong>el 93 por ciento requiri\u00f3 atenci\u00f3n ambulatoria (7.701)<\/strong>\u00a0y solo 2,7 por ciento de los casos aut\u00f3ctonos necesit\u00f3 internaci\u00f3n (222).\u00a0<strong>Se registraron tres fallecidos en toda la temporada.<\/strong><\/p>\n<p>En relaci\u00f3n al lugar de residencia de los casos aut\u00f3ctonos, el 76 por ciento corresponde a Capital (6.267) y el 24 por ciento al interior (2.013). No se reportaron nuevos barrios o localidades con casos respecto a la semana anterior.<\/p>\n<p><em>(*) Cabe aclarar que, debido al car\u00e1cter din\u00e1mico de la vigilancia epidemiol\u00f3gica y a la continua actualizaci\u00f3n de los registros, el total incluye casos correspondientes a semanas anteriores.<\/em><\/p>\n<p><strong>Situaci\u00f3n nacional<\/strong><\/p>\n<p>Acerca de la situaci\u00f3n nacional, hasta la semanada epidemiol\u00f3gica 26 se registraron 126.431 casos de dengue, de los cuales son 118.089 aut\u00f3ctonos, 1.398 importados y 6.944 se encuentran en investigaci\u00f3n.<\/p>\n<p>En relaci\u00f3n con la tendencia temporal por provincia, puede observarse en todas las jurisdicciones un descenso en el n\u00famero de casos durante las \u00faltimas semanas.<\/p>\n<p><strong>La circulaci\u00f3n viral aut\u00f3ctona de dengue se ha identificado en 18 jurisdicciones<\/strong>\u00a0correspondientes a las regiones: Centro (Buenos Aires; Ciudad Aut\u00f3noma de Buenos Aires \u2013C.A.B.A.-; C\u00f3rdoba; Entre R\u00edos; Santa Fe); regi\u00f3n NEA (Corrientes; Formosa; Chaco; Misiones), regi\u00f3n NOA (Catamarca; Jujuy; La Rioja; Salta; Santiago del Estero; Tucum\u00e1n) y Regi\u00f3n Cuyo (San Luis y Mendoza) y la Pampa en la regi\u00f3n Sur.<\/p>\n<p>En lo que refiere a\u00a0<strong>fiebre chikungunya<\/strong>,\u00a0<strong>hasta el momento<\/strong>\u00a0se registraron en Argentina 2.209 casos de fiebre chikungunya de los cuales son 1.593 aut\u00f3ctonos, 328 son importados y 288 se encuentran en investigaci\u00f3n.<\/p>\n<p>Hasta el momento, 9 jurisdicciones han informado la circulaci\u00f3n viral aut\u00f3ctona de fiebre Chikungunya en su territorio: Buenos Aires, CABA, C\u00f3rdoba, Chaco, Corrientes, Formosa, Misiones, Salta y Santa Fe. Se suman un caso en Entre R\u00edos, un caso en Mendoza, dos casos en Santiago del Estero, y un caso en Jujuy en investigaci\u00f3n. Por \u00faltimo, 12 jurisdicciones notificaron casos importados.<\/p>\n<\/div>\n<\/div>\n<\/article>\n","protected":false},"excerpt":{"rendered":"<p>La Direcci\u00f3n de Epidemiolog\u00eda del Ministerio de Salud de la Provincia informa que\u00a0en las \u00faltimas<\/p>\n","protected":false},"author":2,"featured_media":429,"comment_status":"closed","ping_status":"closed","sticky":false,"template":"","format":"standard","meta":{"footnotes":""},"categories":[11],"tags":[364,365,23,366,46],"class_list":["post-428","post","type-post","status-publish","format-standard","has-post-thumbnail","hentry","category-destacadas","tag-casos","tag-chikungunya","tag-cordoba","tag-mosquito","tag-provincia"],"yoast_head":"<!-- This site is optimized with the Yoast SEO plugin v27.4 - https:\/\/yoast.com\/product\/yoast-seo-wordpress\/ -->\n<title>Dos nuevos casos aut\u00f3ctonos de chikungunya en la provincia - Fm Gente<\/title>\n<meta name=\"robots\" content=\"index, follow, max-snippet:-1, max-image-preview:large, max-video-preview:-1\" \/>\n<link rel=\"canonical\" href=\"https:\/\/fmgente.com.ar\/web\/dos-nuevos-casos-autoctonos-de-chikungunya-en-la-provincia\/\" \/>\n<meta property=\"og:locale\" content=\"es_ES\" \/>\n<meta property=\"og:type\" content=\"article\" \/>\n<meta property=\"og:title\" content=\"Dos nuevos casos aut\u00f3ctonos de chikungunya en la provincia - Fm Gente\" \/>\n<meta property=\"og:description\" content=\"La Direcci\u00f3n de Epidemiolog\u00eda del Ministerio de Salud de la Provincia informa que\u00a0en las \u00faltimas\" \/>\n<meta property=\"og:url\" content=\"https:\/\/fmgente.com.ar\/web\/dos-nuevos-casos-autoctonos-de-chikungunya-en-la-provincia\/\" \/>\n<meta property=\"og:site_name\" content=\"Fm Gente\" \/>\n<meta property=\"article:published_time\" content=\"2023-07-20T10:49:00+00:00\" \/>\n<meta property=\"og:image\" content=\"https:\/\/fmgente.com.ar\/web\/wp-content\/uploads\/2023\/07\/dengue.jpg\" \/>\n\t<meta property=\"og:image:width\" content=\"990\" \/>\n\t<meta property=\"og:image:height\" content=\"660\" \/>\n\t<meta property=\"og:image:type\" content=\"image\/jpeg\" \/>\n<meta name=\"author\" content=\"Adri\u00e1n Hern\u00e1ndez\" \/>\n<meta name=\"twitter:card\" content=\"summary_large_image\" \/>\n<meta name=\"twitter:label1\" content=\"Escrito por\" \/>\n\t<meta name=\"twitter:data1\" content=\"Adri\u00e1n Hern\u00e1ndez\" \/>\n\t<meta name=\"twitter:label2\" content=\"Tiempo de lectura\" \/>\n\t<meta name=\"twitter:data2\" content=\"3 minutos\" \/>\n<script type=\"application\/ld+json\" class=\"yoast-schema-graph\">{\"@context\":\"https:\\\/\\\/schema.org\",\"@graph\":[{\"@type\":\"Article\",\"@id\":\"https:\\\/\\\/fmgente.com.ar\\\/web\\\/dos-nuevos-casos-autoctonos-de-chikungunya-en-la-provincia\\\/#article\",\"isPartOf\":{\"@id\":\"https:\\\/\\\/fmgente.com.ar\\\/web\\\/dos-nuevos-casos-autoctonos-de-chikungunya-en-la-provincia\\\/\"},\"author\":{\"name\":\"Adri\u00e1n Hern\u00e1ndez\",\"@id\":\"https:\\\/\\\/fmgente.com.ar\\\/web\\\/#\\\/schema\\\/person\\\/ba03fa75c17effdaafbd6daa1d78c508\"},\"headline\":\"Dos nuevos casos aut\u00f3ctonos de chikungunya en la provincia\",\"datePublished\":\"2023-07-20T10:49:00+00:00\",\"mainEntityOfPage\":{\"@id\":\"https:\\\/\\\/fmgente.com.ar\\\/web\\\/dos-nuevos-casos-autoctonos-de-chikungunya-en-la-provincia\\\/\"},\"wordCount\":618,\"publisher\":{\"@id\":\"https:\\\/\\\/fmgente.com.ar\\\/web\\\/#organization\"},\"image\":{\"@id\":\"https:\\\/\\\/fmgente.com.ar\\\/web\\\/dos-nuevos-casos-autoctonos-de-chikungunya-en-la-provincia\\\/#primaryimage\"},\"thumbnailUrl\":\"https:\\\/\\\/fmgente.com.ar\\\/web\\\/wp-content\\\/uploads\\\/2023\\\/07\\\/dengue.jpg\",\"keywords\":[\"casos\",\"chikungunya\",\"C\u00f3rdoba\",\"mosquito\",\"provincia\"],\"articleSection\":[\"DESTACADAS\"],\"inLanguage\":\"es\"},{\"@type\":\"WebPage\",\"@id\":\"https:\\\/\\\/fmgente.com.ar\\\/web\\\/dos-nuevos-casos-autoctonos-de-chikungunya-en-la-provincia\\\/\",\"url\":\"https:\\\/\\\/fmgente.com.ar\\\/web\\\/dos-nuevos-casos-autoctonos-de-chikungunya-en-la-provincia\\\/\",\"name\":\"Dos nuevos casos aut\u00f3ctonos de chikungunya en la provincia - Fm Gente\",\"isPartOf\":{\"@id\":\"https:\\\/\\\/fmgente.com.ar\\\/web\\\/#website\"},\"primaryImageOfPage\":{\"@id\":\"https:\\\/\\\/fmgente.com.ar\\\/web\\\/dos-nuevos-casos-autoctonos-de-chikungunya-en-la-provincia\\\/#primaryimage\"},\"image\":{\"@id\":\"https:\\\/\\\/fmgente.com.ar\\\/web\\\/dos-nuevos-casos-autoctonos-de-chikungunya-en-la-provincia\\\/#primaryimage\"},\"thumbnailUrl\":\"https:\\\/\\\/fmgente.com.ar\\\/web\\\/wp-content\\\/uploads\\\/2023\\\/07\\\/dengue.jpg\",\"datePublished\":\"2023-07-20T10:49:00+00:00\",\"inLanguage\":\"es\",\"potentialAction\":[{\"@type\":\"ReadAction\",\"target\":[\"https:\\\/\\\/fmgente.com.ar\\\/web\\\/dos-nuevos-casos-autoctonos-de-chikungunya-en-la-provincia\\\/\"]}]},{\"@type\":\"ImageObject\",\"inLanguage\":\"es\",\"@id\":\"https:\\\/\\\/fmgente.com.ar\\\/web\\\/dos-nuevos-casos-autoctonos-de-chikungunya-en-la-provincia\\\/#primaryimage\",\"url\":\"https:\\\/\\\/fmgente.com.ar\\\/web\\\/wp-content\\\/uploads\\\/2023\\\/07\\\/dengue.jpg\",\"contentUrl\":\"https:\\\/\\\/fmgente.com.ar\\\/web\\\/wp-content\\\/uploads\\\/2023\\\/07\\\/dengue.jpg\",\"width\":990,\"height\":660,\"caption\":\", Cordoba, C\u00f3rdoba, Argentina, 6 de Octubre de 2023, Foto: Agustin Ottonelli\"},{\"@type\":\"WebSite\",\"@id\":\"https:\\\/\\\/fmgente.com.ar\\\/web\\\/#website\",\"url\":\"https:\\\/\\\/fmgente.com.ar\\\/web\\\/\",\"name\":\"Fm Gente\",\"description\":\"- Jes\u00fas Mar\u00eda\",\"publisher\":{\"@id\":\"https:\\\/\\\/fmgente.com.ar\\\/web\\\/#organization\"},\"potentialAction\":[{\"@type\":\"SearchAction\",\"target\":{\"@type\":\"EntryPoint\",\"urlTemplate\":\"https:\\\/\\\/fmgente.com.ar\\\/web\\\/?s={search_term_string}\"},\"query-input\":{\"@type\":\"PropertyValueSpecification\",\"valueRequired\":true,\"valueName\":\"search_term_string\"}}],\"inLanguage\":\"es\"},{\"@type\":\"Organization\",\"@id\":\"https:\\\/\\\/fmgente.com.ar\\\/web\\\/#organization\",\"name\":\"Fm Gente\",\"url\":\"https:\\\/\\\/fmgente.com.ar\\\/web\\\/\",\"logo\":{\"@type\":\"ImageObject\",\"inLanguage\":\"es\",\"@id\":\"https:\\\/\\\/fmgente.com.ar\\\/web\\\/#\\\/schema\\\/logo\\\/image\\\/\",\"url\":\"https:\\\/\\\/fmgente.com.ar\\\/web\\\/wp-content\\\/uploads\\\/2023\\\/07\\\/cropped-cropped-logo-sombra2.png\",\"contentUrl\":\"https:\\\/\\\/fmgente.com.ar\\\/web\\\/wp-content\\\/uploads\\\/2023\\\/07\\\/cropped-cropped-logo-sombra2.png\",\"width\":1782,\"height\":1782,\"caption\":\"Fm Gente\"},\"image\":{\"@id\":\"https:\\\/\\\/fmgente.com.ar\\\/web\\\/#\\\/schema\\\/logo\\\/image\\\/\"}},{\"@type\":\"Person\",\"@id\":\"https:\\\/\\\/fmgente.com.ar\\\/web\\\/#\\\/schema\\\/person\\\/ba03fa75c17effdaafbd6daa1d78c508\",\"name\":\"Adri\u00e1n Hern\u00e1ndez\",\"url\":\"https:\\\/\\\/fmgente.com.ar\\\/web\\\/author\\\/c1601891\\\/\"}]}<\/script>\n<!-- \/ Yoast SEO plugin. -->","yoast_head_json":{"title":"Dos nuevos casos aut\u00f3ctonos de chikungunya en la provincia - Fm Gente","robots":{"index":"index","follow":"follow","max-snippet":"max-snippet:-1","max-image-preview":"max-image-preview:large","max-video-preview":"max-video-preview:-1"},"canonical":"https:\/\/fmgente.com.ar\/web\/dos-nuevos-casos-autoctonos-de-chikungunya-en-la-provincia\/","og_locale":"es_ES","og_type":"article","og_title":"Dos nuevos casos aut\u00f3ctonos de chikungunya en la provincia - Fm Gente","og_description":"La Direcci\u00f3n de Epidemiolog\u00eda del Ministerio de Salud de la Provincia informa que\u00a0en las \u00faltimas","og_url":"https:\/\/fmgente.com.ar\/web\/dos-nuevos-casos-autoctonos-de-chikungunya-en-la-provincia\/","og_site_name":"Fm Gente","article_published_time":"2023-07-20T10:49:00+00:00","og_image":[{"width":990,"height":660,"url":"https:\/\/fmgente.com.ar\/web\/wp-content\/uploads\/2023\/07\/dengue.jpg","type":"image\/jpeg"}],"author":"Adri\u00e1n Hern\u00e1ndez","twitter_card":"summary_large_image","twitter_misc":{"Escrito por":"Adri\u00e1n Hern\u00e1ndez","Tiempo de lectura":"3 minutos"},"schema":{"@context":"https:\/\/schema.org","@graph":[{"@type":"Article","@id":"https:\/\/fmgente.com.ar\/web\/dos-nuevos-casos-autoctonos-de-chikungunya-en-la-provincia\/#article","isPartOf":{"@id":"https:\/\/fmgente.com.ar\/web\/dos-nuevos-casos-autoctonos-de-chikungunya-en-la-provincia\/"},"author":{"name":"Adri\u00e1n Hern\u00e1ndez","@id":"https:\/\/fmgente.com.ar\/web\/#\/schema\/person\/ba03fa75c17effdaafbd6daa1d78c508"},"headline":"Dos nuevos casos aut\u00f3ctonos de chikungunya en la provincia","datePublished":"2023-07-20T10:49:00+00:00","mainEntityOfPage":{"@id":"https:\/\/fmgente.com.ar\/web\/dos-nuevos-casos-autoctonos-de-chikungunya-en-la-provincia\/"},"wordCount":618,"publisher":{"@id":"https:\/\/fmgente.com.ar\/web\/#organization"},"image":{"@id":"https:\/\/fmgente.com.ar\/web\/dos-nuevos-casos-autoctonos-de-chikungunya-en-la-provincia\/#primaryimage"},"thumbnailUrl":"https:\/\/fmgente.com.ar\/web\/wp-content\/uploads\/2023\/07\/dengue.jpg","keywords":["casos","chikungunya","C\u00f3rdoba","mosquito","provincia"],"articleSection":["DESTACADAS"],"inLanguage":"es"},{"@type":"WebPage","@id":"https:\/\/fmgente.com.ar\/web\/dos-nuevos-casos-autoctonos-de-chikungunya-en-la-provincia\/","url":"https:\/\/fmgente.com.ar\/web\/dos-nuevos-casos-autoctonos-de-chikungunya-en-la-provincia\/","name":"Dos nuevos casos aut\u00f3ctonos de chikungunya en la provincia - Fm Gente","isPartOf":{"@id":"https:\/\/fmgente.com.ar\/web\/#website"},"primaryImageOfPage":{"@id":"https:\/\/fmgente.com.ar\/web\/dos-nuevos-casos-autoctonos-de-chikungunya-en-la-provincia\/#primaryimage"},"image":{"@id":"https:\/\/fmgente.com.ar\/web\/dos-nuevos-casos-autoctonos-de-chikungunya-en-la-provincia\/#primaryimage"},"thumbnailUrl":"https:\/\/fmgente.com.ar\/web\/wp-content\/uploads\/2023\/07\/dengue.jpg","datePublished":"2023-07-20T10:49:00+00:00","inLanguage":"es","potentialAction":[{"@type":"ReadAction","target":["https:\/\/fmgente.com.ar\/web\/dos-nuevos-casos-autoctonos-de-chikungunya-en-la-provincia\/"]}]},{"@type":"ImageObject","inLanguage":"es","@id":"https:\/\/fmgente.com.ar\/web\/dos-nuevos-casos-autoctonos-de-chikungunya-en-la-provincia\/#primaryimage","url":"https:\/\/fmgente.com.ar\/web\/wp-content\/uploads\/2023\/07\/dengue.jpg","contentUrl":"https:\/\/fmgente.com.ar\/web\/wp-content\/uploads\/2023\/07\/dengue.jpg","width":990,"height":660,"caption":", Cordoba, C\u00f3rdoba, Argentina, 6 de Octubre de 2023, Foto: Agustin Ottonelli"},{"@type":"WebSite","@id":"https:\/\/fmgente.com.ar\/web\/#website","url":"https:\/\/fmgente.com.ar\/web\/","name":"Fm Gente","description":"- Jes\u00fas Mar\u00eda","publisher":{"@id":"https:\/\/fmgente.com.ar\/web\/#organization"},"potentialAction":[{"@type":"SearchAction","target":{"@type":"EntryPoint","urlTemplate":"https:\/\/fmgente.com.ar\/web\/?s={search_term_string}"},"query-input":{"@type":"PropertyValueSpecification","valueRequired":true,"valueName":"search_term_string"}}],"inLanguage":"es"},{"@type":"Organization","@id":"https:\/\/fmgente.com.ar\/web\/#organization","name":"Fm Gente","url":"https:\/\/fmgente.com.ar\/web\/","logo":{"@type":"ImageObject","inLanguage":"es","@id":"https:\/\/fmgente.com.ar\/web\/#\/schema\/logo\/image\/","url":"https:\/\/fmgente.com.ar\/web\/wp-content\/uploads\/2023\/07\/cropped-cropped-logo-sombra2.png","contentUrl":"https:\/\/fmgente.com.ar\/web\/wp-content\/uploads\/2023\/07\/cropped-cropped-logo-sombra2.png","width":1782,"height":1782,"caption":"Fm Gente"},"image":{"@id":"https:\/\/fmgente.com.ar\/web\/#\/schema\/logo\/image\/"}},{"@type":"Person","@id":"https:\/\/fmgente.com.ar\/web\/#\/schema\/person\/ba03fa75c17effdaafbd6daa1d78c508","name":"Adri\u00e1n Hern\u00e1ndez","url":"https:\/\/fmgente.com.ar\/web\/author\/c1601891\/"}]}},"_links":{"self":[{"href":"https:\/\/fmgente.com.ar\/web\/wp-json\/wp\/v2\/posts\/428","targetHints":{"allow":["GET"]}}],"collection":[{"href":"https:\/\/fmgente.com.ar\/web\/wp-json\/wp\/v2\/posts"}],"about":[{"href":"https:\/\/fmgente.com.ar\/web\/wp-json\/wp\/v2\/types\/post"}],"author":[{"embeddable":true,"href":"https:\/\/fmgente.com.ar\/web\/wp-json\/wp\/v2\/users\/2"}],"replies":[{"embeddable":true,"href":"https:\/\/fmgente.com.ar\/web\/wp-json\/wp\/v2\/comments?post=428"}],"version-history":[{"count":1,"href":"https:\/\/fmgente.com.ar\/web\/wp-json\/wp\/v2\/posts\/428\/revisions"}],"predecessor-version":[{"id":430,"href":"https:\/\/fmgente.com.ar\/web\/wp-json\/wp\/v2\/posts\/428\/revisions\/430"}],"wp:featuredmedia":[{"embeddable":true,"href":"https:\/\/fmgente.com.ar\/web\/wp-json\/wp\/v2\/media\/429"}],"wp:attachment":[{"href":"https:\/\/fmgente.com.ar\/web\/wp-json\/wp\/v2\/media?parent=428"}],"wp:term":[{"taxonomy":"category","embeddable":true,"href":"https:\/\/fmgente.com.ar\/web\/wp-json\/wp\/v2\/categories?post=428"},{"taxonomy":"post_tag","embeddable":true,"href":"https:\/\/fmgente.com.ar\/web\/wp-json\/wp\/v2\/tags?post=428"}],"curies":[{"name":"wp","href":"https:\/\/api.w.org\/{rel}","templated":true}]}}